{"id":6644,"date":"2026-09-03T19:47:20","date_gmt":"2026-09-03T17:47:20","guid":{"rendered":"https:\/\/nosrevolutions.fr\/?p=6644"},"modified":"2026-09-03T19:55:10","modified_gmt":"2026-09-03T17:55:10","slug":"communistes-ne-baissez-pas-les-yeux","status":"publish","type":"post","link":"https:\/\/nosrevolutions.fr\/en\/2026\/09\/03\/communistes-ne-baissez-pas-les-yeux\/","title":{"rendered":"Communistes, ne baissez pas les yeux !"},"content":{"rendered":"<p class=\"wp-block-paragraph\">Le fait est d\u00e9sormais bien connu : proposer que le PCF se tourne vers la gauche radicale, donne davantage d&rsquo;importance au marxisme ou cesse simplement d&rsquo;\u00e9voluer vers le centre-gauche provoque chez certains groupes militants <strong>des r\u00e9actions haineuses sur les r\u00e9seaux sociaux, qui vont de l&rsquo;injure \u00e0 la menace en passant par l&rsquo;appel \u00e0 l&rsquo;exclusion.<\/strong><\/p>\n\n\n\n<p class=\"wp-block-paragraph\">Pour ce qui nous concerne, nous y avons \u00e9t\u00e9 confront\u00e9s \u00e0 diff\u00e9rents moments : \u00ab\u00a0gauche des allocations\u00a0\u00bb, guerres en Ukraine ou en Palestine, mouvements sociaux en Kanaky, sortie de la NUPES&#8230; \u00c0 chaque fois, nous avons critiqu\u00e9 le glissement id\u00e9ologique de la direction du parti, dans la clart\u00e9, mais de mani\u00e8re argument\u00e9e et constructive. <strong>\u00c0 chaque fois, nous avons essuy\u00e9 un tir de barrage.<\/strong><\/p>\n\n\n\n<p class=\"wp-block-paragraph\">Aujourd&rsquo;hui, les m\u00eames r\u00e9actions reviennent avec les d\u00e9bats relatifs \u00e0 l&rsquo;\u00e9lection pr\u00e9sidentielle de 2027. Ce n\u2019est pas un secret, nous prenons position pour une coalition radicale autour de la candidature de Jean-Luc M\u00e9lenchon, et donc, contre la candidature solitaire de Fabien Roussel. Nous recevons <a href=\"https:\/\/www.instagram.com\/p\/DctpRzAu9jO\/\">des milliers de r\u00e9actions positives<\/a>, mots d\u2019encouragements, prises de contact de militant\u00b7es qui souhaitent participer \u00e0 la bataille\u2026 Et, en parall\u00e8le, des mises en cause violentes, parfois personnelles, de la part de ceux qui pr\u00e9f\u00e8rent le \u201cd\u00e9bat d\u00e9mocratique\u201d quand il a lieu en silence. <strong>Il s&rsquo;agit toujours du m\u00eame r\u00e9seau de quelques centaines de comptes X et Facebook, peu nombreux dans l&rsquo;absolu, mais suffisamment pour pourrir la journ\u00e9e d&rsquo;un\u00b7e camarade.<\/strong><\/p>\n\n\n\n<p class=\"wp-block-paragraph\">Dans les derniers jours, ces individus ont essay\u00e9 de s&rsquo;en prendre \u00e0 notre camarade Ana\u00efs Fley. La raison de leur col\u00e8re : <a href=\"https:\/\/www.instagram.com\/p\/DctpRzAu9jO\/\">une vid\u00e9o, publi\u00e9e sur les r\u00e9seaux so<\/a>c<a href=\"https:\/\/www.instagram.com\/p\/DctpRzAu9jO\/\">iaux<\/a>, dans laquelle Ana\u00efs montre (avec talent) comment les communistes pourraient agir pour cr\u00e9er une situation r\u00e9volutionnaire en 2027. Le succ\u00e8s du clip, \u00e0 lui seul, permet de relativiser les comportements consternants de ces quelques internautes. Ana\u00efs en a vu d&rsquo;autres, et il faudra davantage pour la faire taire. <strong>Quant \u00e0 nous, nous sommes tr\u00e8s fier\u00b7es du travail militant qu&rsquo;elle accomplit avec Nos r\u00e9volutions, et la furie qu&rsquo;elle suscite parmi ces individus montre bien qu&rsquo;elle touche juste.<\/strong><\/p>\n\n\n\n<p class=\"wp-block-paragraph\">Bien s\u00fbr, nous ne sommes ni les seul\u00b7es, ni les premier\u00b7es \u00e0 recevoir ce genre d&rsquo;attaque. R\u00e9cemment, c&rsquo;est Sofia Boutrih, la directrice de la F\u00eate de l&rsquo;Humanit\u00e9, <a href=\"https:\/\/nosrevolutions.fr\/en\/2025\/12\/08\/soutien-a-sofia-boutrih-et-aux-communistes-du-93\/\">qui en a fait les frais<\/a>. De fait, le journal et ses animateurs sont r\u00e9guli\u00e8rement pris pour cible. Avant cela, les porteurs des textes de congr\u00e8s Ambition Communiste (en 2016) et Printemps du Communisme (en 2018) ont subi les m\u00eames m\u00e9thodes. <strong>Ce regain d\u2019agressivit\u00e9 dans les rapports militants a accompagn\u00e9 le changement de direction du parti, avec la prise de fonctions de l\u2019\u00e9quipe de Fabien Roussel en 2018, et la consolidation de la nouvelle \u00e9quipe, en 2023.<\/strong><\/p>\n\n\n\n<p class=\"wp-block-paragraph\">Sur le fond, la signification du ph\u00e9nom\u00e8ne n&rsquo;est pas myst\u00e9rieuse. Les militant\u00b7es les plus attach\u00e9\u00b7es \u00e0 la direction connaissent une dissonance cognitive importante, car <strong>le d\u00e9calage entre la politique du PCF et les principes dont il se revendique est de plus en plus important.<\/strong> L&rsquo;organisation consacre des heures \u00e0 imaginer la soci\u00e9t\u00e9 socialiste ou communiste de l&rsquo;avenir (\u00ab\u00a0dans 15 ou 20 ans\u00a0\u00bb, selon Fabien Roussel), et dans le m\u00eame temps, rejette toute initiative politique qui permettrait d&rsquo;avancer vers cet objectif, de le <em>mat\u00e9rialiser<\/em>.&nbsp;<\/p>\n\n\n\n<p class=\"wp-block-paragraph\">Beaucoup sont donc tent\u00e9s d&rsquo;\u00e9chapper \u00e0 ces injonctions contradictoires en imaginant des trahisons et des complots ourdis depuis des d\u00e9cennies. La fantasmagorie et l&rsquo;id\u00e9ologie sont le refuge habituel de la conscience lorsqu&rsquo;elle renonce \u00e0 comprendre le monde : <strong>il faut que chaque probl\u00e8me, chaque obstacle, chaque difficult\u00e9 soit le fait de petits diables tirant les ficelles en coulisse.<\/strong><\/p>\n\n\n\n<p class=\"wp-block-paragraph\"><strong>\u00c0 en croire celles et ceux qui les imaginent<\/strong>, les complots infiltrant le PCF pour le d\u00e9truire seraient, pour l&rsquo;essentiel, au nombre de 6 :<\/p>\n\n\n\n<ol class=\"wp-block-list\">\n<li><strong>Le complot trotskiste<\/strong>, du nom de L\u00e9on Trotsky, ancien pr\u00e9sident du <em>soviet<\/em> de Saint-P\u00e9tersbourg, commissaire \u00e0 la guerre de l&rsquo;Union Sovi\u00e9tique de 1918 \u00e0 1925 et fondateur de la 4e Internationale, connu pour son opposition \u00e0 Staline. La scission entre les partis communistes et les partis trotskistes date des ann\u00e9es 30.<\/li>\n\n\n\n<li><strong>Le complot refondateur<\/strong>, du nom du mouvement de contestation interne initi\u00e9 apr\u00e8s les \u00e9lections europ\u00e9ennes de 1984, dont les revendications principales sont la formation d&rsquo;un \u00ab\u00a0p\u00f4le de radicalit\u00e9\u00a0\u00bb \u00e0 gauche et le d\u00e9passement de la \u00ab\u00a0matrice bolch\u00e9vique\u00a0\u00bb du communisme. Plusieurs animateurs historiques de ce courant (notamment Roger Martelli et Lucien S\u00e8ve) ont quitt\u00e9 le PCF en 2009.<\/li>\n\n\n\n<li><strong>Le complot des \u00e9lus communistes<\/strong>, visant \u00e0 d\u00e9savouer l&rsquo;orientation nationale du parti pour obtenir l&rsquo;implantation de baronnies locales permettant \u00e0 leurs titulaires de b\u00e9n\u00e9ficier d&rsquo;une rente \u00e0 vie.<\/li>\n\n\n\n<li><strong>Le complot \u00ab\u00a0huiste\u00a0\u00bb<\/strong>, du nom de Robert Hue, ancien maire de Montigny-les-Cormeilles, parlementaire et secr\u00e9taire national puis pr\u00e9sident du PCF (1994-2003), connu pour sa politique de rapprochement avec les sociaux-lib\u00e9raux. Robert Hue lui-m\u00eame n&rsquo;est plus au PCF depuis une vingtaine d&rsquo;ann\u00e9es.<\/li>\n\n\n\n<li><strong>Le complot m\u00e9lenchoniste ou \u00ab\u00a0LFIste\u00a0\u00bb<\/strong>, du nom de Jean-Luc M\u00e9lenchon, ancien alli\u00e9 du PCF et candidat de la France Insoumise \u00e0 l&rsquo;\u00e9lection pr\u00e9sidentielle, avec lequel les rapports se sont consid\u00e9rablement d\u00e9grad\u00e9s entre 2014 (\u00e9lections municipales) et 2017\/2018 (\u00e9lection pr\u00e9sidentielle puis \u00e9lections l\u00e9gislatives).<\/li>\n\n\n\n<li><strong>Le complot \u00ab\u00a0liquidateur\u00a0\u00bb<\/strong>, coalisant d&rsquo;une mani\u00e8re ou d&rsquo;une autre les 5 complots pr\u00e9c\u00e9dents dans un objectif plus directement malveillant et visant \u00e0 d\u00e9truire des structures du parti ou \u00e0 dissoudre le parti lui-m\u00eame.<\/li>\n<\/ol>\n\n\n\n<p class=\"wp-block-paragraph\">Cette lecture de la situation pourrait pr\u00eater \u00e0 sourire, et surtout, serait ais\u00e9ment d\u00e9passable dans la discussion, si elle ne s&rsquo;exprimait pas sous une forme aussi agressive et herm\u00e9tique aux faits. Il est urgent de tourner cette page et de r\u00e9tablir une v\u00e9ritable culture du dialogue. Cela implique de r\u00e9apprendre \u00e0 confronter les propositions, les id\u00e9es et les projets, au grand jour, en permanence, sur tous les sujets qui int\u00e9ressent le mouvement social.<\/p>\n\n\n\n<p class=\"wp-block-paragraph\">Malheureusement, la culture du huis-clos p\u00e8se encore lourd sur nos traditions militantes. C\u2019est l\u2019id\u00e9e, au fond, que les points de vue exprim\u00e9s \u00e0 l\u2019ext\u00e9rieur de l\u2019organisation sont ill\u00e9gitimes ou nuisibles ; il faudrait r\u00e9server son opinion aux r\u00e9unions internes, et le reste du temps, \u201ctenir la ligne\u201d ou parler d\u2019autre chose. Cela doit changer. <strong>Les militant\u00b7es qui adoptent cette attitude ab\u00eement leurs liens avec les populations.<\/strong> Ces derni\u00e8res, en effet, d\u00e9testent la dissimulation. Pour accorder leur confiance, elles exigent que l\u2019\u00e9change soit sinc\u00e8re et transparent, et au fond, elles ont bien raison.&nbsp;<\/p>\n\n\n\n<p class=\"wp-block-paragraph\">L&rsquo;objet de cet article n&rsquo;est donc pas de se plaindre. Nous savons que, dans toute lutte politique, il y a des d\u00e9ceptions, des situations d\u00e9sagr\u00e9ables, et des comportements (auto-)destructeurs. Nous y sommes pr\u00e9par\u00e9\u00b7es. M\u00eame dans les moments inconfortables, <strong>nous nous effor\u00e7ons de faire vivre les m\u00e9thodes auxquelles nous sommes attach\u00e9\u00b7es, celles de Marx, Luxemburg ou L\u00e9nine, qui consistent \u00e0 exposer ouvertement les id\u00e9es que l\u2019on d\u00e9fend, sans faux-semblants ni double langage.<\/strong><\/p>\n\n\n\n<p class=\"wp-block-paragraph\">Nous savons \u00e9galement que les r\u00e9seaux sociaux \u00e9tablissent un interm\u00e9diaire virtuel entre les gens, et ce faisant, facilitent les comportements individualistes, l\u2019agressivit\u00e9, le manque de respect. Tout ceci est le reflet d\u2019une soci\u00e9t\u00e9 o\u00f9 l\u2019on s\u2019isole volontiers derri\u00e8re l\u2019\u00e9cran de son ordinateur ou de son t\u00e9l\u00e9phone au lieu de prendre le temps d\u2019\u00e9couter et d\u2019\u00e9changer. Les forces n\u00e9o-lib\u00e9rales n\u2019ont certes pas gagn\u00e9, mais au fil des ann\u00e9es, elles ont r\u00e9ussi \u00e0 fragmenter tr\u00e8s profond\u00e9ment les habitudes sociales. Nous avons pu le constater, car les m\u00eames personnes, crois\u00e9es dans un local de section ou \u00e0 la F\u00eate de l\u2019Huma, peuvent interagir tout \u00e0 fait normalement. <strong>C\u2019est pourquoi nous sommes attach\u00e9\u00b7es \u00e0 \u201cla forme-parti\u201d, aux collectifs structur\u00e9s, au militantisme de terrain, aux lieux o\u00f9 l\u2019on se croise et o\u00f9 l\u2019on se confronte.<\/strong><\/p>\n\n\n\n<p class=\"wp-block-paragraph\"><strong>Il ne s&rsquo;agit pas non plus de demander \u00e0 la direction du PCF de r\u00e9tablir des rapports fraternels entre les communistes.<\/strong> De toute \u00e9vidence, elle se satisfait largement de la situation. Ce climat m\u00e8ne d\u2019ailleurs \u00e0 des exclusions en bonne et due forme, <a href=\"https:\/\/www.facebook.com\/story.php?story_fbid=10164809489488545&amp;id=792573544\">comme \u00e0 Nice<\/a>, fragilisant des organisations militantes (cellules, sections\u2026) qui sont d\u00e9j\u00e0 en grande difficult\u00e9.<\/p>\n\n\n\n<p class=\"wp-block-paragraph\">Nous \u00e9crivons aujourd&rsquo;hui pour adresser deux messages aux communistes qui s&rsquo;attachent sinc\u00e8rement \u00e0 b\u00e2tir l&rsquo;organisation r\u00e9volutionnaire de l&rsquo;avenir :<\/p>\n\n\n\n<ol class=\"wp-block-list\">\n<li><strong>Ne baissez pas les yeux.<\/strong> Bien s\u00fbr, ce genre d&rsquo;interaction blesse et attriste, surtout venant de la part de camarades de parti. Mais il n&rsquo;y a aucune camaraderie, aucune fraternit\u00e9 l\u00e0-dedans : ceux qui s\u2019adressent \u00e0 vous de cette mani\u00e8re esp\u00e8rent vous faire taire, vous \u00e9c\u0153urer, vous mettre \u00e0 la porte\u2026 en d&rsquo;autres termes, supprimer votre point de vue du d\u00e9bat. Ce faisant, ils se mettent en difficult\u00e9, car personne n&rsquo;aime les petits chefs haineux. Au contraire, garder le cap, d\u00e9fendre son opinion, tourner un regard positif sur les choses vous permettra de rassembler autour des id\u00e9es qui vous tiennent \u00e0 c\u0153ur.<\/li>\n\n\n\n<li><strong>Ne les imitez pas.<\/strong> La destruction des liens de camaraderie est l&rsquo;un des coups les plus terribles que l&rsquo;on peut porter \u00e0 l&rsquo;organisation r\u00e9volutionnaire. Il faut r\u00e9pondre, oui, fermement, durement si besoin, mais s&rsquo;interdire le registre de l&rsquo;injure, du proc\u00e8s d&rsquo;intention ou de la menace. Nous savons, nous, qu&rsquo;un collectif communiste est toujours fait de trajectoires plurielles, et que cette pluralit\u00e9 est le socle m\u00eame qui rend l&rsquo;organisation possible ; la d\u00e9truire, c&rsquo;est an\u00e9antir la possibilit\u00e9 d&rsquo;agir ensemble et d&rsquo;\u00e9laborer l&rsquo;action dans l&rsquo;\u00e9change, c&rsquo;est s\u00e9parer durablement les individus qui forment le groupe, empoisonner leurs relations, disloquer ce que l&rsquo;on pr\u00e9tendait agr\u00e9ger.<\/li>\n<\/ol>\n\n\n\n<p class=\"wp-block-paragraph\"><strong>Ce positionnement dit aussi ce que nous avons l&rsquo;intention de construire.<\/strong> Nous voulons que les id\u00e9es marxistes, l&rsquo;internationalisme, le souci de rassembler les classes populaires et de lutter jusqu&rsquo;au bout contre les classes dominantes redeviennent la colonne vert\u00e9brale de l&rsquo;organisation communiste. C\u2019est une lutte difficile. Pour autant, nous ne voulons pas d\u2019un marxisme de caserne, qui offrirait un soutien automatique, m\u00e9canique aux positions radicales. Il faut convaincre et organiser, c\u2019est-\u00e0-dire convaincre pour organiser et organiser pour convaincre. Le d\u00e9bat contradictoire et la libert\u00e9 de parole ont toujours \u00e9t\u00e9 essentiels pour faire avancer l\u2019action et la th\u00e9orie du prol\u00e9tariat.<\/p>\n\n\n\n<p class=\"wp-block-paragraph\">Nous appliquerons le m\u00eame principe lorsque l\u2019orientation majoritaire du parti aura chang\u00e9. Comme chacun sait, nous y travaillons activement. <strong>Si nous y parvenons, nous ne combattrons pas ces groupes en utilisant leurs propres m\u00e9thodes.<\/strong> Malgr\u00e9 le d\u00e9saccord fondamental que nous avons avec eux, ceux qui ont parl\u00e9 de \u00ab\u00a0gauche des allocations\u00a0\u00bb, qui ont refus\u00e9 de signer les appels \u00e0 manifester contre le g\u00e9nocide \u00e0 Gaza ou qui se sont syst\u00e9matiquement alli\u00e9s aux sociaux-lib\u00e9raux contre la gauche radicale pourront d\u00e9fendre librement leurs points de vue, et le faire sans subir de mesures vexatoires. Dans les rangs du mouvement social, nous sommes tous \u00e9gaux et tous libres. C&rsquo;est bien tout ce que nous avons pour faire face \u00e0 la bourgeoisie et \u00e0 ses alli\u00e9s.<\/p>\n\n\n\n<p class=\"wp-block-paragraph\"><\/p>","protected":false},"excerpt":{"rendered":"<p>Le fait est d\u00e9sormais bien connu : proposer que le PCF se tourne vers la gauche radicale, donne davantage d&rsquo;importance au marxisme ou cesse simplement d&rsquo;\u00e9voluer vers le centre-gauche provoque [&hellip;]<\/p>\n","protected":false},"author":13,"featured_media":6647,"comment_status":"closed","ping_status":"closed","sticky":false,"template":"","format":"standard","meta":{"_EventAllDay":false,"_EventTimezone":"","_EventStartDate":"","_EventEndDate":"","_EventStartDateUTC":"","_EventEndDateUTC":"","_EventShowMap":false,"_EventShowMapLink":false,"_EventURL":"","_EventCost":"","_EventCostDescription":"","_EventCurrencySymbol":"","_EventCurrencyCode":"","_EventCurrencyPosition":"","_EventDateTimeSeparator":"","_EventTimeRangeSeparator":"","_EventOrganizerID":[],"_EventVenueID":[],"_OrganizerEmail":"","_OrganizerPhone":"","_OrganizerWebsite":"","_VenueAddress":"","_VenueCity":"","_VenueCountry":"","_VenueProvince":"","_VenueState":"","_VenueZip":"","_VenuePhone":"","_VenueURL":"","_VenueStateProvince":"","_VenueLat":"","_VenueLng":"","_VenueShowMap":false,"_VenueShowMapLink":false,"footnotes":""},"categories":[13],"tags":[],"class_list":["post-6644","post","type-post","status-publish","format-standard","has-post-thumbnail","hentry","category-articles"],"yoast_head":"<!-- This site is optimized with the Yoast SEO plugin v28.4 - https:\/\/yoast.com\/product\/yoast-seo-wordpress\/ -->\n<title>Communistes, ne baissez pas les yeux ! - Nos R\u00e9volutions<\/title>\n<meta name=\"robots\" content=\"index, follow, max-snippet:-1, max-image-preview:large, max-video-preview:-1\" \/>\n<link rel=\"canonical\" href=\"https:\/\/nosrevolutions.fr\/en\/2026\/09\/03\/communistes-ne-baissez-pas-les-yeux\/\" \/>\n<meta property=\"og:locale\" content=\"en_GB\" \/>\n<meta property=\"og:type\" content=\"article\" \/>\n<meta property=\"og:title\" content=\"Communistes, ne baissez pas les yeux ! - Nos R\u00e9volutions\" \/>\n<meta property=\"og:description\" content=\"Le fait est d\u00e9sormais bien connu : proposer que le PCF se tourne vers la gauche radicale, donne davantage d&rsquo;importance au marxisme ou cesse simplement d&rsquo;\u00e9voluer vers le centre-gauche provoque [&hellip;]\" \/>\n<meta property=\"og:url\" content=\"https:\/\/nosrevolutions.fr\/en\/2026\/09\/03\/communistes-ne-baissez-pas-les-yeux\/\" \/>\n<meta property=\"og:site_name\" content=\"Nos R\u00e9volutions\" \/>\n<meta property=\"article:published_time\" content=\"2026-09-03T17:47:20+00:00\" \/>\n<meta property=\"article:modified_time\" content=\"2026-09-03T17:55:10+00:00\" \/>\n<meta property=\"og:image\" content=\"https:\/\/nosrevolutions.fr\/wp-content\/uploads\/2026\/09\/5823306553765859104.jpg.png\" \/>\n\t<meta property=\"og:image:width\" content=\"1351\" \/>\n\t<meta property=\"og:image:height\" content=\"981\" \/>\n\t<meta property=\"og:image:type\" content=\"image\/png\" \/>\n<meta name=\"author\" content=\"Nos R\u00e9volutions\" \/>\n<meta name=\"twitter:card\" content=\"summary_large_image\" \/>\n<meta name=\"twitter:creator\" content=\"@NosRevolutions\" \/>\n<meta name=\"twitter:site\" content=\"@NosRevolutions\" \/>\n<meta name=\"twitter:label1\" content=\"Written by\" \/>\n\t<meta name=\"twitter:data1\" content=\"Nos R\u00e9volutions\" \/>\n\t<meta name=\"twitter:label2\" content=\"Estimated reading time\" \/>\n\t<meta name=\"twitter:data2\" content=\"10 minutes\" \/>\n<script type=\"application\/ld+json\" class=\"yoast-schema-graph\">{\"@context\":\"https:\\\/\\\/schema.org\",\"@graph\":[{\"@type\":\"Article\",\"@id\":\"https:\\\/\\\/nosrevolutions.fr\\\/2026\\\/09\\\/03\\\/communistes-ne-baissez-pas-les-yeux\\\/#article\",\"isPartOf\":{\"@id\":\"https:\\\/\\\/nosrevolutions.fr\\\/2026\\\/09\\\/03\\\/communistes-ne-baissez-pas-les-yeux\\\/\"},\"author\":{\"name\":\"Nos R\u00e9volutions\",\"@id\":\"https:\\\/\\\/nosrevolutions.fr\\\/#\\\/schema\\\/person\\\/c3aea8da5e2e56199c182dc7951c86ae\"},\"headline\":\"Communistes, ne baissez pas les yeux !\",\"datePublished\":\"2026-09-03T17:47:20+00:00\",\"dateModified\":\"2026-09-03T17:55:10+00:00\",\"mainEntityOfPage\":{\"@id\":\"https:\\\/\\\/nosrevolutions.fr\\\/2026\\\/09\\\/03\\\/communistes-ne-baissez-pas-les-yeux\\\/\"},\"wordCount\":1943,\"publisher\":{\"@id\":\"https:\\\/\\\/nosrevolutions.fr\\\/#organization\"},\"image\":{\"@id\":\"https:\\\/\\\/nosrevolutions.fr\\\/2026\\\/09\\\/03\\\/communistes-ne-baissez-pas-les-yeux\\\/#primaryimage\"},\"thumbnailUrl\":\"https:\\\/\\\/nosrevolutions.fr\\\/wp-content\\\/uploads\\\/2026\\\/09\\\/5823306553765859104.jpg.png\",\"articleSection\":[\"Articles\"],\"inLanguage\":\"en-GB\"},{\"@type\":\"WebPage\",\"@id\":\"https:\\\/\\\/nosrevolutions.fr\\\/2026\\\/09\\\/03\\\/communistes-ne-baissez-pas-les-yeux\\\/\",\"url\":\"https:\\\/\\\/nosrevolutions.fr\\\/2026\\\/09\\\/03\\\/communistes-ne-baissez-pas-les-yeux\\\/\",\"name\":\"Communistes, ne baissez pas les yeux ! - Nos R\u00e9volutions\",\"isPartOf\":{\"@id\":\"https:\\\/\\\/nosrevolutions.fr\\\/#website\"},\"primaryImageOfPage\":{\"@id\":\"https:\\\/\\\/nosrevolutions.fr\\\/2026\\\/09\\\/03\\\/communistes-ne-baissez-pas-les-yeux\\\/#primaryimage\"},\"image\":{\"@id\":\"https:\\\/\\\/nosrevolutions.fr\\\/2026\\\/09\\\/03\\\/communistes-ne-baissez-pas-les-yeux\\\/#primaryimage\"},\"thumbnailUrl\":\"https:\\\/\\\/nosrevolutions.fr\\\/wp-content\\\/uploads\\\/2026\\\/09\\\/5823306553765859104.jpg.png\",\"datePublished\":\"2026-09-03T17:47:20+00:00\",\"dateModified\":\"2026-09-03T17:55:10+00:00\",\"breadcrumb\":{\"@id\":\"https:\\\/\\\/nosrevolutions.fr\\\/2026\\\/09\\\/03\\\/communistes-ne-baissez-pas-les-yeux\\\/#breadcrumb\"},\"inLanguage\":\"en-GB\",\"potentialAction\":[{\"@type\":\"ReadAction\",\"target\":[\"https:\\\/\\\/nosrevolutions.fr\\\/2026\\\/09\\\/03\\\/communistes-ne-baissez-pas-les-yeux\\\/\"]}]},{\"@type\":\"ImageObject\",\"inLanguage\":\"en-GB\",\"@id\":\"https:\\\/\\\/nosrevolutions.fr\\\/2026\\\/09\\\/03\\\/communistes-ne-baissez-pas-les-yeux\\\/#primaryimage\",\"url\":\"https:\\\/\\\/nosrevolutions.fr\\\/wp-content\\\/uploads\\\/2026\\\/09\\\/5823306553765859104.jpg.png\",\"contentUrl\":\"https:\\\/\\\/nosrevolutions.fr\\\/wp-content\\\/uploads\\\/2026\\\/09\\\/5823306553765859104.jpg.png\",\"width\":1351,\"height\":981},{\"@type\":\"BreadcrumbList\",\"@id\":\"https:\\\/\\\/nosrevolutions.fr\\\/2026\\\/09\\\/03\\\/communistes-ne-baissez-pas-les-yeux\\\/#breadcrumb\",\"itemListElement\":[{\"@type\":\"ListItem\",\"position\":1,\"name\":\"Accueil\",\"item\":\"https:\\\/\\\/nosrevolutions.fr\\\/\"},{\"@type\":\"ListItem\",\"position\":2,\"name\":\"Communistes, ne baissez pas les yeux !\"}]},{\"@type\":\"WebSite\",\"@id\":\"https:\\\/\\\/nosrevolutions.fr\\\/#website\",\"url\":\"https:\\\/\\\/nosrevolutions.fr\\\/\",\"name\":\"Nos R\u00e9volutions\",\"description\":\"Communisme et mouvement social\",\"publisher\":{\"@id\":\"https:\\\/\\\/nosrevolutions.fr\\\/#organization\"},\"potentialAction\":[{\"@type\":\"SearchAction\",\"target\":{\"@type\":\"EntryPoint\",\"urlTemplate\":\"https:\\\/\\\/nosrevolutions.fr\\\/?s={search_term_string}\"},\"query-input\":{\"@type\":\"PropertyValueSpecification\",\"valueRequired\":true,\"valueName\":\"search_term_string\"}}],\"inLanguage\":\"en-GB\"},{\"@type\":\"Organization\",\"@id\":\"https:\\\/\\\/nosrevolutions.fr\\\/#organization\",\"name\":\"Nos R\u00e9volutions\",\"url\":\"https:\\\/\\\/nosrevolutions.fr\\\/\",\"logo\":{\"@type\":\"ImageObject\",\"inLanguage\":\"en-GB\",\"@id\":\"https:\\\/\\\/nosrevolutions.fr\\\/#\\\/schema\\\/logo\\\/image\\\/\",\"url\":\"https:\\\/\\\/nosrevolutions.fr\\\/wp-content\\\/uploads\\\/2022\\\/09\\\/nrs_logo_noir.png\",\"contentUrl\":\"https:\\\/\\\/nosrevolutions.fr\\\/wp-content\\\/uploads\\\/2022\\\/09\\\/nrs_logo_noir.png\",\"width\":2000,\"height\":501,\"caption\":\"Nos R\u00e9volutions\"},\"image\":{\"@id\":\"https:\\\/\\\/nosrevolutions.fr\\\/#\\\/schema\\\/logo\\\/image\\\/\"},\"sameAs\":[\"https:\\\/\\\/x.com\\\/NosRevolutions\"]},{\"@type\":\"Person\",\"@id\":\"https:\\\/\\\/nosrevolutions.fr\\\/#\\\/schema\\\/person\\\/c3aea8da5e2e56199c182dc7951c86ae\",\"name\":\"Nos R\u00e9volutions\",\"image\":{\"@type\":\"ImageObject\",\"inLanguage\":\"en-GB\",\"@id\":\"https:\\\/\\\/secure.gravatar.com\\\/avatar\\\/5b66aafc1d1954751b98548707685d2ee279f9752222f603485edff47f544d57?s=96&d=mm&r=g\",\"url\":\"https:\\\/\\\/secure.gravatar.com\\\/avatar\\\/5b66aafc1d1954751b98548707685d2ee279f9752222f603485edff47f544d57?s=96&d=mm&r=g\",\"contentUrl\":\"https:\\\/\\\/secure.gravatar.com\\\/avatar\\\/5b66aafc1d1954751b98548707685d2ee279f9752222f603485edff47f544d57?s=96&d=mm&r=g\",\"caption\":\"Nos R\u00e9volutions\"},\"url\":\"https:\\\/\\\/nosrevolutions.fr\\\/en\\\/author\\\/nosrevolutions\\\/\"}]}<\/script>\n<!-- \/ Yoast SEO plugin. -->","yoast_head_json":{"title":"Communistes, ne baissez pas les yeux ! - Nos R\u00e9volutions","robots":{"index":"index","follow":"follow","max-snippet":"max-snippet:-1","max-image-preview":"max-image-preview:large","max-video-preview":"max-video-preview:-1"},"canonical":"https:\/\/nosrevolutions.fr\/en\/2026\/09\/03\/communistes-ne-baissez-pas-les-yeux\/","og_locale":"en_GB","og_type":"article","og_title":"Communistes, ne baissez pas les yeux ! - Nos R\u00e9volutions","og_description":"Le fait est d\u00e9sormais bien connu : proposer que le PCF se tourne vers la gauche radicale, donne davantage d&rsquo;importance au marxisme ou cesse simplement d&rsquo;\u00e9voluer vers le centre-gauche provoque [&hellip;]","og_url":"https:\/\/nosrevolutions.fr\/en\/2026\/09\/03\/communistes-ne-baissez-pas-les-yeux\/","og_site_name":"Nos R\u00e9volutions","article_published_time":"2026-09-03T17:47:20+00:00","article_modified_time":"2026-09-03T17:55:10+00:00","og_image":[{"width":1351,"height":981,"url":"https:\/\/nosrevolutions.fr\/wp-content\/uploads\/2026\/09\/5823306553765859104.jpg.png","type":"image\/png"}],"author":"Nos R\u00e9volutions","twitter_card":"summary_large_image","twitter_creator":"@NosRevolutions","twitter_site":"@NosRevolutions","twitter_misc":{"Written by":"Nos R\u00e9volutions","Estimated reading time":"10 minutes"},"schema":{"@context":"https:\/\/schema.org","@graph":[{"@type":"Article","@id":"https:\/\/nosrevolutions.fr\/2026\/09\/03\/communistes-ne-baissez-pas-les-yeux\/#article","isPartOf":{"@id":"https:\/\/nosrevolutions.fr\/2026\/09\/03\/communistes-ne-baissez-pas-les-yeux\/"},"author":{"name":"Nos R\u00e9volutions","@id":"https:\/\/nosrevolutions.fr\/#\/schema\/person\/c3aea8da5e2e56199c182dc7951c86ae"},"headline":"Communistes, ne baissez pas les yeux !","datePublished":"2026-09-03T17:47:20+00:00","dateModified":"2026-09-03T17:55:10+00:00","mainEntityOfPage":{"@id":"https:\/\/nosrevolutions.fr\/2026\/09\/03\/communistes-ne-baissez-pas-les-yeux\/"},"wordCount":1943,"publisher":{"@id":"https:\/\/nosrevolutions.fr\/#organization"},"image":{"@id":"https:\/\/nosrevolutions.fr\/2026\/09\/03\/communistes-ne-baissez-pas-les-yeux\/#primaryimage"},"thumbnailUrl":"https:\/\/nosrevolutions.fr\/wp-content\/uploads\/2026\/09\/5823306553765859104.jpg.png","articleSection":["Articles"],"inLanguage":"en-GB"},{"@type":"WebPage","@id":"https:\/\/nosrevolutions.fr\/2026\/09\/03\/communistes-ne-baissez-pas-les-yeux\/","url":"https:\/\/nosrevolutions.fr\/2026\/09\/03\/communistes-ne-baissez-pas-les-yeux\/","name":"Communistes, ne baissez pas les yeux ! - Nos R\u00e9volutions","isPartOf":{"@id":"https:\/\/nosrevolutions.fr\/#website"},"primaryImageOfPage":{"@id":"https:\/\/nosrevolutions.fr\/2026\/09\/03\/communistes-ne-baissez-pas-les-yeux\/#primaryimage"},"image":{"@id":"https:\/\/nosrevolutions.fr\/2026\/09\/03\/communistes-ne-baissez-pas-les-yeux\/#primaryimage"},"thumbnailUrl":"https:\/\/nosrevolutions.fr\/wp-content\/uploads\/2026\/09\/5823306553765859104.jpg.png","datePublished":"2026-09-03T17:47:20+00:00","dateModified":"2026-09-03T17:55:10+00:00","breadcrumb":{"@id":"https:\/\/nosrevolutions.fr\/2026\/09\/03\/communistes-ne-baissez-pas-les-yeux\/#breadcrumb"},"inLanguage":"en-GB","potentialAction":[{"@type":"ReadAction","target":["https:\/\/nosrevolutions.fr\/2026\/09\/03\/communistes-ne-baissez-pas-les-yeux\/"]}]},{"@type":"ImageObject","inLanguage":"en-GB","@id":"https:\/\/nosrevolutions.fr\/2026\/09\/03\/communistes-ne-baissez-pas-les-yeux\/#primaryimage","url":"https:\/\/nosrevolutions.fr\/wp-content\/uploads\/2026\/09\/5823306553765859104.jpg.png","contentUrl":"https:\/\/nosrevolutions.fr\/wp-content\/uploads\/2026\/09\/5823306553765859104.jpg.png","width":1351,"height":981},{"@type":"BreadcrumbList","@id":"https:\/\/nosrevolutions.fr\/2026\/09\/03\/communistes-ne-baissez-pas-les-yeux\/#breadcrumb","itemListElement":[{"@type":"ListItem","position":1,"name":"Accueil","item":"https:\/\/nosrevolutions.fr\/"},{"@type":"ListItem","position":2,"name":"Communistes, ne baissez pas les yeux !"}]},{"@type":"WebSite","@id":"https:\/\/nosrevolutions.fr\/#website","url":"https:\/\/nosrevolutions.fr\/","name":"Nos R\u00e9volutions","description":"Communisme et mouvement social","publisher":{"@id":"https:\/\/nosrevolutions.fr\/#organization"},"potentialAction":[{"@type":"SearchAction","target":{"@type":"EntryPoint","urlTemplate":"https:\/\/nosrevolutions.fr\/?s={search_term_string}"},"query-input":{"@type":"PropertyValueSpecification","valueRequired":true,"valueName":"search_term_string"}}],"inLanguage":"en-GB"},{"@type":"Organization","@id":"https:\/\/nosrevolutions.fr\/#organization","name":"Nos R\u00e9volutions","url":"https:\/\/nosrevolutions.fr\/","logo":{"@type":"ImageObject","inLanguage":"en-GB","@id":"https:\/\/nosrevolutions.fr\/#\/schema\/logo\/image\/","url":"https:\/\/nosrevolutions.fr\/wp-content\/uploads\/2022\/09\/nrs_logo_noir.png","contentUrl":"https:\/\/nosrevolutions.fr\/wp-content\/uploads\/2022\/09\/nrs_logo_noir.png","width":2000,"height":501,"caption":"Nos R\u00e9volutions"},"image":{"@id":"https:\/\/nosrevolutions.fr\/#\/schema\/logo\/image\/"},"sameAs":["https:\/\/x.com\/NosRevolutions"]},{"@type":"Person","@id":"https:\/\/nosrevolutions.fr\/#\/schema\/person\/c3aea8da5e2e56199c182dc7951c86ae","name":"Nos R\u00e9volutions","image":{"@type":"ImageObject","inLanguage":"en-GB","@id":"https:\/\/secure.gravatar.com\/avatar\/5b66aafc1d1954751b98548707685d2ee279f9752222f603485edff47f544d57?s=96&d=mm&r=g","url":"https:\/\/secure.gravatar.com\/avatar\/5b66aafc1d1954751b98548707685d2ee279f9752222f603485edff47f544d57?s=96&d=mm&r=g","contentUrl":"https:\/\/secure.gravatar.com\/avatar\/5b66aafc1d1954751b98548707685d2ee279f9752222f603485edff47f544d57?s=96&d=mm&r=g","caption":"Nos R\u00e9volutions"},"url":"https:\/\/nosrevolutions.fr\/en\/author\/nosrevolutions\/"}]}},"_links":{"self":[{"href":"https:\/\/nosrevolutions.fr\/en\/wp-json\/wp\/v2\/posts\/6644","targetHints":{"allow":["GET"]}}],"collection":[{"href":"https:\/\/nosrevolutions.fr\/en\/wp-json\/wp\/v2\/posts"}],"about":[{"href":"https:\/\/nosrevolutions.fr\/en\/wp-json\/wp\/v2\/types\/post"}],"author":[{"embeddable":true,"href":"https:\/\/nosrevolutions.fr\/en\/wp-json\/wp\/v2\/users\/13"}],"replies":[{"embeddable":true,"href":"https:\/\/nosrevolutions.fr\/en\/wp-json\/wp\/v2\/comments?post=6644"}],"version-history":[{"count":1,"href":"https:\/\/nosrevolutions.fr\/en\/wp-json\/wp\/v2\/posts\/6644\/revisions"}],"predecessor-version":[{"id":6646,"href":"https:\/\/nosrevolutions.fr\/en\/wp-json\/wp\/v2\/posts\/6644\/revisions\/6646"}],"wp:featuredmedia":[{"embeddable":true,"href":"https:\/\/nosrevolutions.fr\/en\/wp-json\/wp\/v2\/media\/6647"}],"wp:attachment":[{"href":"https:\/\/nosrevolutions.fr\/en\/wp-json\/wp\/v2\/media?parent=6644"}],"wp:term":[{"taxonomy":"category","embeddable":true,"href":"https:\/\/nosrevolutions.fr\/en\/wp-json\/wp\/v2\/categories?post=6644"},{"taxonomy":"post_tag","embeddable":true,"href":"https:\/\/nosrevolutions.fr\/en\/wp-json\/wp\/v2\/tags?post=6644"}],"curies":[{"name":"wp","href":"https:\/\/api.w.org\/{rel}","templated":true}]}}