{"id":6639,"date":"2026-09-02T18:56:34","date_gmt":"2026-09-02T16:56:34","guid":{"rendered":"https:\/\/nosrevolutions.fr\/?p=6639"},"modified":"2026-09-02T18:56:35","modified_gmt":"2026-09-02T16:56:35","slug":"amfis-2026-france-insoumise-la-gauche-qui-croit-a-la-victoire","status":"publish","type":"post","link":"https:\/\/nosrevolutions.fr\/en\/2026\/09\/02\/amfis-2026-france-insoumise-la-gauche-qui-croit-a-la-victoire\/","title":{"rendered":"AMFIS 2026. France insoumise, la gauche qui croit \u00e0 la victoire\u00a0?"},"content":{"rendered":"<p class=\"wp-block-paragraph\"><em>Nos R\u00e9volutions, m\u00e9dia communiste, \u0153uvre \u00e0 documenter les initiatives de la gauche radicale et du mouvement social. Il y a quelques jours, notre correspondant Mateo Crespo Garcia a pu couvrir l\u2019universit\u00e9 d\u2019\u00e9t\u00e9 2026 de la France insoumise.<\/em><\/p>\n\n\n\n<p class=\"wp-block-paragraph\">Du 20 au 23 ao\u00fbt, l\u2019universit\u00e9 d&rsquo;\u00e9t\u00e9 de La France insoumise a constitu\u00e9 une impressionnante d\u00e9monstration de force pour le mouvement de gauche qui appara\u00eet aujourd&rsquo;hui le mieux plac\u00e9 pour acc\u00e9der au second tour de la pr\u00e9sidentielle. <strong>Pr\u00e8s de 8 000 personnes \u00e9taient inscrites d\u00e8s l&rsquo;ouverture des \u00ab&nbsp;AMFIS&nbsp;\u00bb, \u00e0 Ch\u00e2teauneuf-sur-Is\u00e8re, pr\u00e8s de Valence, soit plus du double de l&rsquo;ann\u00e9e pr\u00e9c\u00e9dente<\/strong>. Une affluence record qui t\u00e9moigne de la dynamique croissante autour du programme des Insoumis en vue de 2027.<\/p>\n\n\n\n<p class=\"wp-block-paragraph\">Il suffisait d&rsquo;ailleurs de parcourir les all\u00e9es de l\u2019\u00e9v\u00e8nement pour le comprendre. <strong>Les salles d\u00e9bordaient de militant\u00b7es, jeunes et moins jeunes, souvent contraint\u00b7es, faute de place, de s&rsquo;asseoir \u00e0 m\u00eame le sol pour assister aux conf\u00e9rences<\/strong>. Entre deux d\u00e9bats r\u00e9sonnaient des \u00ab <em>M\u00e9lenchon ballon d&rsquo;or<\/em> \u00bb, des \u00ab <em>Siamo tutti antifascisti<\/em> \u00bb, mais surtout des \u00ab <em>On va gagner<\/em> \u00bb, v\u00e9ritable refrain du week-end, tandis que nombre de participant\u00b7es arboraient fi\u00e8rement leur maillot \u00ab M\u00e9lenchon 27&nbsp;\u00bb. C&rsquo;est sans doute aussi ce que racontaient, \u00e0 leur mani\u00e8re, ces milliers de personnes entass\u00e9es dans ces salles de conf\u00e9rence. La force actuelle de La France insoumise ne r\u00e9side pas seulement dans les sondages sur Jean-Luc M\u00e9lenchon ou dans la faiblesse de ses concurrents, mais dans la capacit\u00e9 \u00e0 convaincre que la politique peut encore transformer radicalement nos existences.<\/p>\n\n\n\n<p class=\"wp-block-paragraph\"><strong>D\u00e8s lors, difficile lorsqu&rsquo;on est militant de gauche \u2013 <em>a fortiori<\/em> marxiste \u2013 de ne pas \u00eatre frapp\u00e9 par l&rsquo;\u00e9vidence : le dynamisme politique, militant et intellectuel de la gauche fran\u00e7aise se trouve aujourd&rsquo;hui largement du c\u00f4t\u00e9 de la France Insoumise<\/strong>. Le programme \u00e9tait, \u00e0 cet \u00e9gard, impressionnant : 23 formations, 79 conf\u00e9rences, sept temps forts, huit grands entretiens, auxquels s&rsquo;ajoutaient projections, spectacles et concerts.<\/p>\n\n\n\n<p class=\"wp-block-paragraph\"><strong>On peut avoir des d\u00e9saccords avec ce mouvement, sa strat\u00e9gie ou certaines de ses orientations, par exemple sur le nucl\u00e9aire. Mais on aurait tort de ne pas regarder la r\u00e9alit\u00e9 en face.<\/strong> Ni Rapha\u00ebl Glucksmann, ni Fran\u00e7ois Ruffin ni encore Marine Tondelier ne semblent aujourd&rsquo;hui capables de produire une mobilisation comparable, de rassembler plusieurs milliers de personnes autour de dizaines de conf\u00e9rences politiques, de formations et d&rsquo;\u00e9v\u00e9nements culturels et, surtout, de laisser penser qu&rsquo;une victoire est possible.<\/p>\n\n\n\n<p class=\"wp-block-paragraph\">Et au fond, tant mieux que la dynamique soit de ce c\u00f4t\u00e9-l\u00e0, du c\u00f4t\u00e9 d\u2019une force qui continue de d\u00e9fendre le droit international pour tous les peuples, et un programme de rupture avec le lib\u00e9ralisme : redistribution des richesses, hausse des salaires, planification \u00e9cologique, d\u00e9veloppement des services publics, remise en cause du paiement de la dette et extension des droits sociaux\u2026<\/p>\n\n\n\n<h4 class=\"wp-block-heading\"><strong>La culture comme champ de bataille<\/strong><\/h4>\n\n\n\n<p class=\"wp-block-paragraph\"><strong>Ce qui frappe \u00e9galement, c&rsquo;est de constater \u00e0 quel point LFI est devenue non seulement un mouvement de masse, mais aussi une organisation qui cherche \u00e0 investir le domaine culturel.<\/strong> \u00c0 l&rsquo;inverse de plusieurs autres formations de gauche, la culture n&rsquo;est pas apparue lors de ces AMFIS comme un suppl\u00e9ment d&rsquo;\u00e2me ou un sujet p\u00e9riph\u00e9rique, mais comme un v\u00e9ritable champ de bataille politique.<\/p>\n\n\n\n<p class=\"wp-block-paragraph\">De nombreuses conf\u00e9rences \u00e9taient consacr\u00e9es \u00e0 la concentration capitalistique des maisons d&rsquo;\u00e9dition, \u00e0 celle, croissante, du monde du cin\u00e9ma, au soutien \u00e0 la tribune \u00ab&nbsp;Zapper Bollor\u00e9 \u00bb, \u00e0 la concentration des m\u00e9dias ou encore \u00e0 la proposition de cr\u00e9ation d&rsquo;un Centre national du jeu vid\u00e9o. <strong>\u00c0 l&rsquo;issue de ces \u00e9changes revenait une m\u00eame ambition : soustraire la culture \u00e0 la logique du profit et donner aux classes populaires les moyens d\u2019y acc\u00e9der et d&rsquo;en devenir elles-m\u00eames productrices.<\/strong><\/p>\n\n\n\n<p class=\"wp-block-paragraph\"><strong>Il faut dire que le mouvement insoumis dispose d\u00e9sormais de soutiens de poids dans ce domaine<\/strong>. La com\u00e9dienne Anna Mouglalis, le prix Goncourt \u00c9ric Vuillard ou encore Pierre Lemaitre figuraient notamment parmi les invit\u00e9s, aux c\u00f4t\u00e9s de nombreux artistes venus se produire durant les soir\u00e9es.<\/p>\n\n\n\n<h4 class=\"wp-block-heading\"><strong>Gagner les \u00e9lections ne suffira pas<\/strong><\/h4>\n\n\n\n<p class=\"wp-block-paragraph\">Mais l&rsquo;un des aspects les plus int\u00e9ressants de ces AMFIS se trouvait peut-\u00eatre ailleurs. <strong>Au fil de plusieurs conf\u00e9rences consacr\u00e9es \u00e0 l&rsquo;exercice du pouvoir, une id\u00e9e revenait avec insistance : une victoire \u00e9lectorale ne suffira pas.<\/strong><\/p>\n\n\n\n<p class=\"wp-block-paragraph\">La question peut sembler paradoxale dans une universit\u00e9 d&rsquo;\u00e9t\u00e9 fortement tourn\u00e9e vers la pr\u00e9sidentielle. Celle-ci est pourtant fondamentale car <strong>acc\u00e9der au gouvernement avec un programme de rupture signifie imm\u00e9diatement affronter des int\u00e9r\u00eats \u00e9conomiques consid\u00e9rables<\/strong>, les march\u00e9s financiers, une partie du patronat, les institutions europ\u00e9ennes, les grands groupes m\u00e9diatiques, et tous ceux qui disposent de moyens autrement plus importants qu&rsquo;un bulletin de vote ou qu\u2019une gr\u00e8ve pour d\u00e9fendre leurs int\u00e9r\u00eats.<\/p>\n\n\n\n<p class=\"wp-block-paragraph\"><strong>D\u00e8s lors, plusieurs \u00e9lu\u00b7es, chercheur\u00b7ses et artistes insoumis\u00b7es ont insist\u00e9 sur la n\u00e9cessit\u00e9 pour les militants de continuer \u00e0 s\u2019organiser, \u00e0 agr\u00e9ger de nouvelles forces afin de renforcer le mouvement social, y compris une fois la victoire \u00e9lectorale obtenue<\/strong>. Pr\u00e9sent\u00e9e comme la condition <em>sine qua non<\/em> \u00e0 la construction d\u2019un rapport de force indispensable \u00e0 l\u2019application et \u00e0 l\u2019approfondissement d\u2019un programme de rupture, un tel rappel est salutaire, courageux et lucide.<\/p>\n\n\n\n<p class=\"wp-block-paragraph\"><strong>Alors certes, la victoire est \u00e9videmment loin d&rsquo;\u00eatre acquise<\/strong>. Oui, la confiance affich\u00e9e durant ces AMFIS ne doit pas conduire \u00e0 sous-estimer les obstacles immenses qui se dresseront devant toute tentative de rupture.<\/p>\n\n\n\n<p class=\"wp-block-paragraph\"><strong>Mais dans une gauche souvent habitu\u00e9e \u00e0 organiser ses d\u00e9faites, \u00e0 commenter son propre recul ou \u00e0 rechercher d\u00e9sesp\u00e9r\u00e9ment la respectabilit\u00e9 aupr\u00e8s de ceux qu&rsquo;elle pr\u00e9tend combattre, voir plusieurs milliers de camarades r\u00e9p\u00e9ter pendant quatre jours \u00ab <em>on va gagner<\/em> \u00bb est pour le jeune militant communiste qui \u00e9crit ces lignes aussi in\u00e9dit que profond\u00e9ment mobilisateur.<\/strong><\/p>\n\n\n\n<p class=\"wp-block-paragraph\"><strong>\u00c0 nous, communistes, de regarder cette dynamique telle qu\u2019elle est, et d\u2019en tirer toutes les cons\u00e9quences<\/strong>. Contribuons au rassemblement autour de la candidature de gauche de rupture la mieux plac\u00e9e pour gagner, mettons toutes nos forces au service de la construction du mouvement populaire capable de porter cette victoire et, demain, de lui donner toute sa port\u00e9e dans les rues, dans nos lieux de travail et dans nos lieux d\u2019\u00e9tudes&nbsp;!<\/p>\n\n\n\n<hr class=\"wp-block-separator has-alpha-channel-opacity\"\/>\n\n\n\n<p class=\"wp-block-paragraph\">Image d&rsquo;illustration : Photographie par <em>Nos R\u00e9volutions<\/em><\/p>","protected":false},"excerpt":{"rendered":"<p>Nos R\u00e9volutions, m\u00e9dia communiste, \u0153uvre \u00e0 documenter les initiatives de la gauche radicale et du mouvement social. Il y a quelques jours, notre correspondant Mateo Crespo Garcia a pu couvrir [&hellip;]<\/p>\n","protected":false},"author":81,"featured_media":6642,"comment_status":"closed","ping_status":"closed","sticky":false,"template":"","format":"standard","meta":{"_EventAllDay":false,"_EventTimezone":"","_EventStartDate":"","_EventEndDate":"","_EventStartDateUTC":"","_EventEndDateUTC":"","_EventShowMap":false,"_EventShowMapLink":false,"_EventURL":"","_EventCost":"","_EventCostDescription":"","_EventCurrencySymbol":"","_EventCurrencyCode":"","_EventCurrencyPosition":"","_EventDateTimeSeparator":"","_EventTimeRangeSeparator":"","_EventOrganizerID":[],"_EventVenueID":[],"_OrganizerEmail":"","_OrganizerPhone":"","_OrganizerWebsite":"","_VenueAddress":"","_VenueCity":"","_VenueCountry":"","_VenueProvince":"","_VenueState":"","_VenueZip":"","_VenuePhone":"","_VenueURL":"","_VenueStateProvince":"","_VenueLat":"","_VenueLng":"","_VenueShowMap":false,"_VenueShowMapLink":false,"footnotes":""},"categories":[13],"tags":[51],"class_list":["post-6639","post","type-post","status-publish","format-standard","has-post-thumbnail","hentry","category-articles","tag-gauche"],"yoast_head":"<!-- This site is optimized with the Yoast SEO plugin v28.4 - https:\/\/yoast.com\/product\/yoast-seo-wordpress\/ -->\n<title>AMFIS 2026. France insoumise, la gauche qui croit \u00e0 la victoire\u00a0? - Nos R\u00e9volutions<\/title>\n<meta name=\"robots\" content=\"index, follow, max-snippet:-1, max-image-preview:large, max-video-preview:-1\" \/>\n<link rel=\"canonical\" href=\"https:\/\/nosrevolutions.fr\/en\/2026\/09\/02\/amfis-2026-france-insoumise-la-gauche-qui-croit-a-la-victoire\/\" \/>\n<meta property=\"og:locale\" content=\"en_GB\" \/>\n<meta property=\"og:type\" content=\"article\" \/>\n<meta property=\"og:title\" content=\"AMFIS 2026. France insoumise, la gauche qui croit \u00e0 la victoire\u00a0? - Nos R\u00e9volutions\" \/>\n<meta property=\"og:description\" content=\"Nos R\u00e9volutions, m\u00e9dia communiste, \u0153uvre \u00e0 documenter les initiatives de la gauche radicale et du mouvement social. Il y a quelques jours, notre correspondant Mateo Crespo Garcia a pu couvrir [&hellip;]\" \/>\n<meta property=\"og:url\" content=\"https:\/\/nosrevolutions.fr\/en\/2026\/09\/02\/amfis-2026-france-insoumise-la-gauche-qui-croit-a-la-victoire\/\" \/>\n<meta property=\"og:site_name\" content=\"Nos R\u00e9volutions\" \/>\n<meta property=\"article:published_time\" content=\"2026-09-02T16:56:34+00:00\" \/>\n<meta property=\"article:modified_time\" content=\"2026-09-02T16:56:35+00:00\" \/>\n<meta property=\"og:image\" content=\"https:\/\/nosrevolutions.fr\/wp-content\/uploads\/2026\/09\/photo_2026-09-02_18-52-02.jpg\" \/>\n\t<meta property=\"og:image:width\" content=\"1280\" \/>\n\t<meta property=\"og:image:height\" content=\"960\" \/>\n\t<meta property=\"og:image:type\" content=\"image\/jpeg\" \/>\n<meta name=\"author\" content=\"Mateo Crespo Garcia\" \/>\n<meta name=\"twitter:card\" content=\"summary_large_image\" \/>\n<meta name=\"twitter:creator\" content=\"@NosRevolutions\" \/>\n<meta name=\"twitter:site\" content=\"@NosRevolutions\" \/>\n<meta name=\"twitter:label1\" content=\"Written by\" \/>\n\t<meta name=\"twitter:data1\" content=\"Mateo Crespo Garcia\" \/>\n\t<meta name=\"twitter:label2\" content=\"Estimated reading time\" \/>\n\t<meta name=\"twitter:data2\" content=\"6 minutes\" \/>\n<script type=\"application\/ld+json\" class=\"yoast-schema-graph\">{\"@context\":\"https:\\\/\\\/schema.org\",\"@graph\":[{\"@type\":\"Article\",\"@id\":\"https:\\\/\\\/nosrevolutions.fr\\\/2026\\\/09\\\/02\\\/amfis-2026-france-insoumise-la-gauche-qui-croit-a-la-victoire\\\/#article\",\"isPartOf\":{\"@id\":\"https:\\\/\\\/nosrevolutions.fr\\\/2026\\\/09\\\/02\\\/amfis-2026-france-insoumise-la-gauche-qui-croit-a-la-victoire\\\/\"},\"author\":{\"name\":\"Mateo Crespo Garcia\",\"@id\":\"https:\\\/\\\/nosrevolutions.fr\\\/#\\\/schema\\\/person\\\/b5c2311af2c0f6d02ac8315baa8de9bd\"},\"headline\":\"AMFIS 2026. France insoumise, la gauche qui croit \u00e0 la victoire\u00a0?\",\"datePublished\":\"2026-09-02T16:56:34+00:00\",\"dateModified\":\"2026-09-02T16:56:35+00:00\",\"mainEntityOfPage\":{\"@id\":\"https:\\\/\\\/nosrevolutions.fr\\\/2026\\\/09\\\/02\\\/amfis-2026-france-insoumise-la-gauche-qui-croit-a-la-victoire\\\/\"},\"wordCount\":1112,\"publisher\":{\"@id\":\"https:\\\/\\\/nosrevolutions.fr\\\/#organization\"},\"image\":{\"@id\":\"https:\\\/\\\/nosrevolutions.fr\\\/2026\\\/09\\\/02\\\/amfis-2026-france-insoumise-la-gauche-qui-croit-a-la-victoire\\\/#primaryimage\"},\"thumbnailUrl\":\"https:\\\/\\\/nosrevolutions.fr\\\/wp-content\\\/uploads\\\/2026\\\/09\\\/photo_2026-09-02_18-52-02.jpg\",\"keywords\":[\"Gauche\"],\"articleSection\":[\"Articles\"],\"inLanguage\":\"en-GB\"},{\"@type\":\"WebPage\",\"@id\":\"https:\\\/\\\/nosrevolutions.fr\\\/2026\\\/09\\\/02\\\/amfis-2026-france-insoumise-la-gauche-qui-croit-a-la-victoire\\\/\",\"url\":\"https:\\\/\\\/nosrevolutions.fr\\\/2026\\\/09\\\/02\\\/amfis-2026-france-insoumise-la-gauche-qui-croit-a-la-victoire\\\/\",\"name\":\"AMFIS 2026. France insoumise, la gauche qui croit \u00e0 la victoire\u00a0? - Nos R\u00e9volutions\",\"isPartOf\":{\"@id\":\"https:\\\/\\\/nosrevolutions.fr\\\/#website\"},\"primaryImageOfPage\":{\"@id\":\"https:\\\/\\\/nosrevolutions.fr\\\/2026\\\/09\\\/02\\\/amfis-2026-france-insoumise-la-gauche-qui-croit-a-la-victoire\\\/#primaryimage\"},\"image\":{\"@id\":\"https:\\\/\\\/nosrevolutions.fr\\\/2026\\\/09\\\/02\\\/amfis-2026-france-insoumise-la-gauche-qui-croit-a-la-victoire\\\/#primaryimage\"},\"thumbnailUrl\":\"https:\\\/\\\/nosrevolutions.fr\\\/wp-content\\\/uploads\\\/2026\\\/09\\\/photo_2026-09-02_18-52-02.jpg\",\"datePublished\":\"2026-09-02T16:56:34+00:00\",\"dateModified\":\"2026-09-02T16:56:35+00:00\",\"breadcrumb\":{\"@id\":\"https:\\\/\\\/nosrevolutions.fr\\\/2026\\\/09\\\/02\\\/amfis-2026-france-insoumise-la-gauche-qui-croit-a-la-victoire\\\/#breadcrumb\"},\"inLanguage\":\"en-GB\",\"potentialAction\":[{\"@type\":\"ReadAction\",\"target\":[\"https:\\\/\\\/nosrevolutions.fr\\\/2026\\\/09\\\/02\\\/amfis-2026-france-insoumise-la-gauche-qui-croit-a-la-victoire\\\/\"]}]},{\"@type\":\"ImageObject\",\"inLanguage\":\"en-GB\",\"@id\":\"https:\\\/\\\/nosrevolutions.fr\\\/2026\\\/09\\\/02\\\/amfis-2026-france-insoumise-la-gauche-qui-croit-a-la-victoire\\\/#primaryimage\",\"url\":\"https:\\\/\\\/nosrevolutions.fr\\\/wp-content\\\/uploads\\\/2026\\\/09\\\/photo_2026-09-02_18-52-02.jpg\",\"contentUrl\":\"https:\\\/\\\/nosrevolutions.fr\\\/wp-content\\\/uploads\\\/2026\\\/09\\\/photo_2026-09-02_18-52-02.jpg\",\"width\":1280,\"height\":960},{\"@type\":\"BreadcrumbList\",\"@id\":\"https:\\\/\\\/nosrevolutions.fr\\\/2026\\\/09\\\/02\\\/amfis-2026-france-insoumise-la-gauche-qui-croit-a-la-victoire\\\/#breadcrumb\",\"itemListElement\":[{\"@type\":\"ListItem\",\"position\":1,\"name\":\"Accueil\",\"item\":\"https:\\\/\\\/nosrevolutions.fr\\\/\"},{\"@type\":\"ListItem\",\"position\":2,\"name\":\"AMFIS 2026. France insoumise, la gauche qui croit \u00e0 la victoire\u00a0?\"}]},{\"@type\":\"WebSite\",\"@id\":\"https:\\\/\\\/nosrevolutions.fr\\\/#website\",\"url\":\"https:\\\/\\\/nosrevolutions.fr\\\/\",\"name\":\"Nos R\u00e9volutions\",\"description\":\"Communisme et mouvement social\",\"publisher\":{\"@id\":\"https:\\\/\\\/nosrevolutions.fr\\\/#organization\"},\"potentialAction\":[{\"@type\":\"SearchAction\",\"target\":{\"@type\":\"EntryPoint\",\"urlTemplate\":\"https:\\\/\\\/nosrevolutions.fr\\\/?s={search_term_string}\"},\"query-input\":{\"@type\":\"PropertyValueSpecification\",\"valueRequired\":true,\"valueName\":\"search_term_string\"}}],\"inLanguage\":\"en-GB\"},{\"@type\":\"Organization\",\"@id\":\"https:\\\/\\\/nosrevolutions.fr\\\/#organization\",\"name\":\"Nos R\u00e9volutions\",\"url\":\"https:\\\/\\\/nosrevolutions.fr\\\/\",\"logo\":{\"@type\":\"ImageObject\",\"inLanguage\":\"en-GB\",\"@id\":\"https:\\\/\\\/nosrevolutions.fr\\\/#\\\/schema\\\/logo\\\/image\\\/\",\"url\":\"https:\\\/\\\/nosrevolutions.fr\\\/wp-content\\\/uploads\\\/2022\\\/09\\\/nrs_logo_noir.png\",\"contentUrl\":\"https:\\\/\\\/nosrevolutions.fr\\\/wp-content\\\/uploads\\\/2022\\\/09\\\/nrs_logo_noir.png\",\"width\":2000,\"height\":501,\"caption\":\"Nos R\u00e9volutions\"},\"image\":{\"@id\":\"https:\\\/\\\/nosrevolutions.fr\\\/#\\\/schema\\\/logo\\\/image\\\/\"},\"sameAs\":[\"https:\\\/\\\/x.com\\\/NosRevolutions\"]},{\"@type\":\"Person\",\"@id\":\"https:\\\/\\\/nosrevolutions.fr\\\/#\\\/schema\\\/person\\\/b5c2311af2c0f6d02ac8315baa8de9bd\",\"name\":\"Mateo Crespo Garcia\",\"image\":{\"@type\":\"ImageObject\",\"inLanguage\":\"en-GB\",\"@id\":\"https:\\\/\\\/secure.gravatar.com\\\/avatar\\\/c2839eba618c64335c902bead8b9a9363066dd780a59c3daf42672fbf3493731?s=96&d=mm&r=g\",\"url\":\"https:\\\/\\\/secure.gravatar.com\\\/avatar\\\/c2839eba618c64335c902bead8b9a9363066dd780a59c3daf42672fbf3493731?s=96&d=mm&r=g\",\"contentUrl\":\"https:\\\/\\\/secure.gravatar.com\\\/avatar\\\/c2839eba618c64335c902bead8b9a9363066dd780a59c3daf42672fbf3493731?s=96&d=mm&r=g\",\"caption\":\"Mateo Crespo Garcia\"},\"url\":\"https:\\\/\\\/nosrevolutions.fr\\\/en\\\/author\\\/mateocrespogarcia\\\/\"}]}<\/script>\n<!-- \/ Yoast SEO plugin. -->","yoast_head_json":{"title":"AMFIS 2026. France insoumise, la gauche qui croit \u00e0 la victoire\u00a0? - Nos R\u00e9volutions","robots":{"index":"index","follow":"follow","max-snippet":"max-snippet:-1","max-image-preview":"max-image-preview:large","max-video-preview":"max-video-preview:-1"},"canonical":"https:\/\/nosrevolutions.fr\/en\/2026\/09\/02\/amfis-2026-france-insoumise-la-gauche-qui-croit-a-la-victoire\/","og_locale":"en_GB","og_type":"article","og_title":"AMFIS 2026. France insoumise, la gauche qui croit \u00e0 la victoire\u00a0? - Nos R\u00e9volutions","og_description":"Nos R\u00e9volutions, m\u00e9dia communiste, \u0153uvre \u00e0 documenter les initiatives de la gauche radicale et du mouvement social. Il y a quelques jours, notre correspondant Mateo Crespo Garcia a pu couvrir [&hellip;]","og_url":"https:\/\/nosrevolutions.fr\/en\/2026\/09\/02\/amfis-2026-france-insoumise-la-gauche-qui-croit-a-la-victoire\/","og_site_name":"Nos R\u00e9volutions","article_published_time":"2026-09-02T16:56:34+00:00","article_modified_time":"2026-09-02T16:56:35+00:00","og_image":[{"width":1280,"height":960,"url":"https:\/\/nosrevolutions.fr\/wp-content\/uploads\/2026\/09\/photo_2026-09-02_18-52-02.jpg","type":"image\/jpeg"}],"author":"Mateo Crespo Garcia","twitter_card":"summary_large_image","twitter_creator":"@NosRevolutions","twitter_site":"@NosRevolutions","twitter_misc":{"Written by":"Mateo Crespo Garcia","Estimated reading time":"6 minutes"},"schema":{"@context":"https:\/\/schema.org","@graph":[{"@type":"Article","@id":"https:\/\/nosrevolutions.fr\/2026\/09\/02\/amfis-2026-france-insoumise-la-gauche-qui-croit-a-la-victoire\/#article","isPartOf":{"@id":"https:\/\/nosrevolutions.fr\/2026\/09\/02\/amfis-2026-france-insoumise-la-gauche-qui-croit-a-la-victoire\/"},"author":{"name":"Mateo Crespo Garcia","@id":"https:\/\/nosrevolutions.fr\/#\/schema\/person\/b5c2311af2c0f6d02ac8315baa8de9bd"},"headline":"AMFIS 2026. France insoumise, la gauche qui croit \u00e0 la victoire\u00a0?","datePublished":"2026-09-02T16:56:34+00:00","dateModified":"2026-09-02T16:56:35+00:00","mainEntityOfPage":{"@id":"https:\/\/nosrevolutions.fr\/2026\/09\/02\/amfis-2026-france-insoumise-la-gauche-qui-croit-a-la-victoire\/"},"wordCount":1112,"publisher":{"@id":"https:\/\/nosrevolutions.fr\/#organization"},"image":{"@id":"https:\/\/nosrevolutions.fr\/2026\/09\/02\/amfis-2026-france-insoumise-la-gauche-qui-croit-a-la-victoire\/#primaryimage"},"thumbnailUrl":"https:\/\/nosrevolutions.fr\/wp-content\/uploads\/2026\/09\/photo_2026-09-02_18-52-02.jpg","keywords":["Gauche"],"articleSection":["Articles"],"inLanguage":"en-GB"},{"@type":"WebPage","@id":"https:\/\/nosrevolutions.fr\/2026\/09\/02\/amfis-2026-france-insoumise-la-gauche-qui-croit-a-la-victoire\/","url":"https:\/\/nosrevolutions.fr\/2026\/09\/02\/amfis-2026-france-insoumise-la-gauche-qui-croit-a-la-victoire\/","name":"AMFIS 2026. France insoumise, la gauche qui croit \u00e0 la victoire\u00a0? - Nos R\u00e9volutions","isPartOf":{"@id":"https:\/\/nosrevolutions.fr\/#website"},"primaryImageOfPage":{"@id":"https:\/\/nosrevolutions.fr\/2026\/09\/02\/amfis-2026-france-insoumise-la-gauche-qui-croit-a-la-victoire\/#primaryimage"},"image":{"@id":"https:\/\/nosrevolutions.fr\/2026\/09\/02\/amfis-2026-france-insoumise-la-gauche-qui-croit-a-la-victoire\/#primaryimage"},"thumbnailUrl":"https:\/\/nosrevolutions.fr\/wp-content\/uploads\/2026\/09\/photo_2026-09-02_18-52-02.jpg","datePublished":"2026-09-02T16:56:34+00:00","dateModified":"2026-09-02T16:56:35+00:00","breadcrumb":{"@id":"https:\/\/nosrevolutions.fr\/2026\/09\/02\/amfis-2026-france-insoumise-la-gauche-qui-croit-a-la-victoire\/#breadcrumb"},"inLanguage":"en-GB","potentialAction":[{"@type":"ReadAction","target":["https:\/\/nosrevolutions.fr\/2026\/09\/02\/amfis-2026-france-insoumise-la-gauche-qui-croit-a-la-victoire\/"]}]},{"@type":"ImageObject","inLanguage":"en-GB","@id":"https:\/\/nosrevolutions.fr\/2026\/09\/02\/amfis-2026-france-insoumise-la-gauche-qui-croit-a-la-victoire\/#primaryimage","url":"https:\/\/nosrevolutions.fr\/wp-content\/uploads\/2026\/09\/photo_2026-09-02_18-52-02.jpg","contentUrl":"https:\/\/nosrevolutions.fr\/wp-content\/uploads\/2026\/09\/photo_2026-09-02_18-52-02.jpg","width":1280,"height":960},{"@type":"BreadcrumbList","@id":"https:\/\/nosrevolutions.fr\/2026\/09\/02\/amfis-2026-france-insoumise-la-gauche-qui-croit-a-la-victoire\/#breadcrumb","itemListElement":[{"@type":"ListItem","position":1,"name":"Accueil","item":"https:\/\/nosrevolutions.fr\/"},{"@type":"ListItem","position":2,"name":"AMFIS 2026. France insoumise, la gauche qui croit \u00e0 la victoire\u00a0?"}]},{"@type":"WebSite","@id":"https:\/\/nosrevolutions.fr\/#website","url":"https:\/\/nosrevolutions.fr\/","name":"Nos R\u00e9volutions","description":"Communisme et mouvement social","publisher":{"@id":"https:\/\/nosrevolutions.fr\/#organization"},"potentialAction":[{"@type":"SearchAction","target":{"@type":"EntryPoint","urlTemplate":"https:\/\/nosrevolutions.fr\/?s={search_term_string}"},"query-input":{"@type":"PropertyValueSpecification","valueRequired":true,"valueName":"search_term_string"}}],"inLanguage":"en-GB"},{"@type":"Organization","@id":"https:\/\/nosrevolutions.fr\/#organization","name":"Nos R\u00e9volutions","url":"https:\/\/nosrevolutions.fr\/","logo":{"@type":"ImageObject","inLanguage":"en-GB","@id":"https:\/\/nosrevolutions.fr\/#\/schema\/logo\/image\/","url":"https:\/\/nosrevolutions.fr\/wp-content\/uploads\/2022\/09\/nrs_logo_noir.png","contentUrl":"https:\/\/nosrevolutions.fr\/wp-content\/uploads\/2022\/09\/nrs_logo_noir.png","width":2000,"height":501,"caption":"Nos R\u00e9volutions"},"image":{"@id":"https:\/\/nosrevolutions.fr\/#\/schema\/logo\/image\/"},"sameAs":["https:\/\/x.com\/NosRevolutions"]},{"@type":"Person","@id":"https:\/\/nosrevolutions.fr\/#\/schema\/person\/b5c2311af2c0f6d02ac8315baa8de9bd","name":"Mateo Crespo Garcia","image":{"@type":"ImageObject","inLanguage":"en-GB","@id":"https:\/\/secure.gravatar.com\/avatar\/c2839eba618c64335c902bead8b9a9363066dd780a59c3daf42672fbf3493731?s=96&d=mm&r=g","url":"https:\/\/secure.gravatar.com\/avatar\/c2839eba618c64335c902bead8b9a9363066dd780a59c3daf42672fbf3493731?s=96&d=mm&r=g","contentUrl":"https:\/\/secure.gravatar.com\/avatar\/c2839eba618c64335c902bead8b9a9363066dd780a59c3daf42672fbf3493731?s=96&d=mm&r=g","caption":"Mateo Crespo Garcia"},"url":"https:\/\/nosrevolutions.fr\/en\/author\/mateocrespogarcia\/"}]}},"_links":{"self":[{"href":"https:\/\/nosrevolutions.fr\/en\/wp-json\/wp\/v2\/posts\/6639","targetHints":{"allow":["GET"]}}],"collection":[{"href":"https:\/\/nosrevolutions.fr\/en\/wp-json\/wp\/v2\/posts"}],"about":[{"href":"https:\/\/nosrevolutions.fr\/en\/wp-json\/wp\/v2\/types\/post"}],"author":[{"embeddable":true,"href":"https:\/\/nosrevolutions.fr\/en\/wp-json\/wp\/v2\/users\/81"}],"replies":[{"embeddable":true,"href":"https:\/\/nosrevolutions.fr\/en\/wp-json\/wp\/v2\/comments?post=6639"}],"version-history":[{"count":2,"href":"https:\/\/nosrevolutions.fr\/en\/wp-json\/wp\/v2\/posts\/6639\/revisions"}],"predecessor-version":[{"id":6643,"href":"https:\/\/nosrevolutions.fr\/en\/wp-json\/wp\/v2\/posts\/6639\/revisions\/6643"}],"wp:featuredmedia":[{"embeddable":true,"href":"https:\/\/nosrevolutions.fr\/en\/wp-json\/wp\/v2\/media\/6642"}],"wp:attachment":[{"href":"https:\/\/nosrevolutions.fr\/en\/wp-json\/wp\/v2\/media?parent=6639"}],"wp:term":[{"taxonomy":"category","embeddable":true,"href":"https:\/\/nosrevolutions.fr\/en\/wp-json\/wp\/v2\/categories?post=6639"},{"taxonomy":"post_tag","embeddable":true,"href":"https:\/\/nosrevolutions.fr\/en\/wp-json\/wp\/v2\/tags?post=6639"}],"curies":[{"name":"wp","href":"https:\/\/api.w.org\/{rel}","templated":true}]}}