{"id":6633,"date":"2026-09-01T21:07:18","date_gmt":"2026-09-01T19:07:18","guid":{"rendered":"https:\/\/nosrevolutions.fr\/?p=6633"},"modified":"2026-09-01T21:07:18","modified_gmt":"2026-09-01T19:07:18","slug":"une-memoire-militante-temoignage-de-jean-pierre-lasserre","status":"publish","type":"post","link":"https:\/\/nosrevolutions.fr\/en\/2026\/09\/01\/une-memoire-militante-temoignage-de-jean-pierre-lasserre\/","title":{"rendered":"Une m\u00e9moire militante, t\u00e9moignage de Jean-Pierre Lasserre"},"content":{"rendered":"<p class=\"wp-block-paragraph\"><em>Un t\u00e9moignage libre de Jean-Pierre Lasserre, aujourd&rsquo;hui militant insoumis communiste<\/em>,<em> sur sa vie et son parcours politique. Propos recueillis par Nicole Sainz.<\/em><\/p>\n\n\n\n<h4 class=\"wp-block-heading\"><strong>Fid\u00e8le toute une vie<\/strong><\/h4>\n\n\n\n<p class=\"wp-block-paragraph\">\u00ab \u00ab\u00a0<em>Je suis venu au communisme comme on va \u00e0 la fontaine<\/em>\u00a0\u00bb aurait d\u00e9clar\u00e9 le grand peintre Picasso lorsqu\u2019il d\u00e9cida d\u2019adh\u00e9rer, apr\u00e8s-guerre , au Parti Communiste Fran\u00e7ais. Quant \u00e0 moi ce fut plus simple, \u00e9tant donn\u00e9 l&rsquo;adh\u00e9sion, \u00e0 la Lib\u00e9ration, de mes parents. Et ainsi j\u2019\u00e9tais d\u00e9j\u00e0 \u00ab\u00a0\u00e0 la fontaine\u00a0\u00bb&#8230;<\/p>\n\n\n\n<p class=\"wp-block-paragraph\"><strong>En septembre 1956, voici donc pr\u00e9cis\u00e9ment 70 ans, j\u2019adh\u00e9rai \u00e0 l\u2019Union de la la Jeunesse Communiste de France<\/strong>. \u00c0 l\u2019assembl\u00e9e populaire de mon quartier, en janvier 1958, je compl\u00e9tai mon engagement en rejoignant la cellule Danielle-Casanova du Parti Communiste Fran\u00e7ais.<\/p>\n\n\n\n<p class=\"wp-block-paragraph\"><strong>Mon p\u00e8re Jean-Marie avait int\u00e9gr\u00e9 la R\u00e9sistance (FFI) et particip\u00e9 \u00e0 la lib\u00e9ration de notre commune de Ch\u00e2teaudun (28). Mes parents adh\u00e9r\u00e8rent au PCF \u00e0 la Lib\u00e9ration et y rest\u00e8rent toute leur existence<\/strong>. Mes parents \u00e9taient d\u2019actifs militants impliqu\u00e9s \u00e9galement dans des associations locales et \u00e9taient reconnus comme des gens simples, honn\u00eates, g\u00e9n\u00e9reux, tol\u00e9rants et serviables. Mon p\u00e8re \u00e9tait m\u00e9tallurgiste et ma m\u00e8re, au foyer. Notre quartier Saint-Jean \u00e9tait habit\u00e9 de familles ouvri\u00e8res, d\u2019artisans et de commer\u00e7ants, et \u00e9tait dot\u00e9 d\u2019une petite paysannerie num\u00e9riquement non n\u00e9gligeable.<\/p>\n\n\n\n<p class=\"wp-block-paragraph\"><strong>Les influences cumul\u00e9es des socialistes et des communistes pr\u00e9dominaient. Au plan religieux, l\u2019activit\u00e9 des catholiques \u00e9tait intense<\/strong>. Le climat g\u00e9n\u00e9ral \u00e9tait \u00e0 la tol\u00e9rance, \u00e0 l\u2019entraide par-del\u00e0 les convictions. C\u2019est dans ce contexte que j\u2019ai grandi. C\u2019est l\u00e0 que j\u2019ai pu d\u00e9velopper un travail politique intense et passionnant.<\/p>\n\n\n\n<p class=\"wp-block-paragraph\"><strong>Je participai tr\u00e8s t\u00f4t \u00e0 la vente de notre presse et, en particulier, de <em>l\u2019Huma-Dimanche<\/em><\/strong>. Rapidement, nous compr\u00eemes l\u2019importance de la \u00ab\u00a0propagande\u00a0\u00bb, et \u00e9ditions et distribuions dans chaque foyer un bulletin de cellule mensuel, auquel s\u2019ajouta plus tard un mensuel local <em>La Voix du Peuple<\/em>, dont je fus l\u2019un des cofondateurs. Ces organes permirent de faire conna\u00eetre notre juste politique nationale et internationale.<\/p>\n\n\n\n<p class=\"wp-block-paragraph\"><strong>Nous lutt\u00e2mes sans rel\u00e2che pour la paix en Alg\u00e9rie sans omettre la solidarit\u00e9 \u00e0 l\u2019\u00e9gard de nos appel\u00e9s<\/strong>. Puis, m\u00eame objectif de paix pour le Vietnam avec constitution d\u2019un comit\u00e9 fort d\u2019une centaine d\u2019adh\u00e9rents. Une p\u00e9tition largement soutenue par nos concitoyens fut port\u00e9e, par nos soins, \u00e0 l\u2019ambassade des USA \u00e0 Paris.<\/p>\n\n\n\n<p class=\"wp-block-paragraph\"><strong>Nous luttions aussi pour les revendications locales<\/strong>. Ainsi, nous obtenions gain de cause pour l\u2019installation d\u2019une cabine t\u00e9l\u00e9phonique publique dans le quartier. Une d\u00e9l\u00e9gation de nos concitoyens alla remettre une p\u00e9tition sign\u00e9e par la quasi totalit\u00e9 des habitants du quartier au Directeur D\u00e9partemental des PTT Cette action fut d\u00e9terminante.<\/p>\n\n\n\n<p class=\"wp-block-paragraph\"><strong>Plusieurs cercles de la JC se cr\u00e9\u00e8rent dans la ville, porteurs des revendications de la jeunesse<\/strong>. J\u2019aidai les autres cellules \u00e0 se d\u00e9velopper. J\u2019allai tracter aux portes des entreprises, etc&#8230; Je fus \u00e9lu dans les instances de direction de la Section puis au Comit\u00e9 f\u00e9d\u00e9ral (d\u00e9partemental). En mai 1964, dans le contexte de la Conf\u00e9rence f\u00e9d\u00e9rale, je fis la connaissance de Nicole, la plus jeune d\u00e9l\u00e9gu\u00e9e. Nous nous \u00e9pousions en octobre de l\u2019ann\u00e9e suivante.<\/p>\n\n\n\n<p class=\"wp-block-paragraph\"><strong>Entre temps, il y eut la campagne des municipales \u00e0 Ch\u00e2teaudun, en mars 1965<\/strong>. La section du Parti proposa l\u2019union au second tour sur la base des r\u00e9sultats du premier tour. En effet, il y avait 4 listes de gauche, une de droite&#8230; et 27 candidats par liste. Dans notre quartier, notre bon travail fut largement r\u00e9compens\u00e9 puisque je me retrouvais \u00eatre second de tous les candidats !<\/p>\n\n\n\n<p class=\"wp-block-paragraph\"><strong>Notre Parti devenait localement le premier parti de gauche<\/strong>. Toutefois, le maire sortant \u00e9tant radical-socialiste, nous conc\u00e9dions leur maintien \u00e0 ce poste sous r\u00e9serve que nous obtenions la place de 1er adjoint. Notons que plus tard, en 1977, Ch\u00e2teaudun se dotera d\u2019un maire communiste.<\/p>\n\n\n\n<p class=\"wp-block-paragraph\"><strong>Mon objectif de vous conter ce militantisme lointain me permet d\u2019\u00e9tablir quelques le\u00e7ons toujours d\u2019actualit\u00e9<\/strong>. Ainsi, j\u2019ai toujours agi avec humilit\u00e9 et sans ambition personnelle. Je me suis instruit dans les luttes pour la Paix, dans les combats quotidiens, contre les injustices, et toujours, en vue d\u2019une vie meilleure tant individuelle que collective.<\/p>\n\n\n\n<p class=\"wp-block-paragraph\">Cela a appel\u00e9, bien \u00e9videmment, la r\u00e9flexion et la recherche des cl\u00e9s pour parvenir \u00e0 un monde lib\u00e9r\u00e9 de toute exploitation. <strong>J\u2019ai appris dans les livres, certes, mais surtout dans les \u00e9changes avec les gens, ayant \u00e9t\u00e9 vite adepte de l\u2019adage \u00e9non\u00e7ant que toute th\u00e9orie est inutile si elle ne se traduit pas en action<\/strong>. Mais avant l\u2019action, la r\u00e9flexion et l\u2019organisation de celle-ci sont n\u00e9cessaires pour mener au succ\u00e8s.<\/p>\n\n\n\n<p class=\"wp-block-paragraph\">Et toujours en recherche de la v\u00e9rit\u00e9, se poser la question : pourquoi ? Afin de comprendre, d&rsquo;\u00e9tablir un juste constat et de g\u00e9n\u00e9rer les solutions adapt\u00e9es. Cela m\u2019aura permis d\u2019\u00e9viter les \u00e9cueils des d\u00e9cisions h\u00e2tives et scabreuses. <strong>Je n\u2019ai jamais chang\u00e9 de ligne et je pense que l\u2019existence m\u2019aura globalement confirm\u00e9 le bon chemin entrepris<\/strong>. J\u2019ai la sainte horreur de ces politiciens d\u00e9biteurs de beaux langages, corrompus, qui se servent de l\u2019\u00c9tat mais ne le servent en rien, se comportant comme des cam\u00e9l\u00e9ons, s\u2019accrochant \u00e0 leurs si\u00e8ges d\u2019\u00e9lus.<\/p>\n\n\n\n<p class=\"wp-block-paragraph\"><strong>En 2009, le Front de Gauche ouvrait une belle perspective, avec trois courants politiques cumulant leurs exp\u00e9riences<\/strong>. Localement, nous nous r\u00e9unissions r\u00e9guli\u00e8rement. Et puis un Parti communiste, perdant la vision de l\u2019union pour des motifs futiles, rendit impossible de continuer ensemble. Il me fallait poursuivre, pour l\u2019union populaire, dans le cadre du mouvement insoumis.<\/p>\n\n\n\n<p class=\"wp-block-paragraph\">D\u2019ailleurs, avec le recul, quand on consid\u00e8re l&rsquo;\u00e9lection pr\u00e9sidentielle de 2022 lors de laquelle l\u2019apport des communistes aurait permis \u00e0 la gauche d\u2019acc\u00e9der au second tour, le maintien de la candidature de Roussel fut une grave erreur entravant l\u2019avenir de notre pays. Le Parti communiste n\u2019a malheureusement plus rien \u00e0 voir avec son pass\u00e9 glorieux, \u00e9tant aujourd&rsquo;hui dirig\u00e9 par des opportunistes. <strong>Son influence est en constant d\u00e9clin, alors qu\u2019il pourrait tant apporter ! On peut toutefois se f\u00e9liciter qu\u2019un courant r\u00e9siste, notamment parmi les d\u00e9put\u00e9s.<\/strong><\/p>\n\n\n\n<p class=\"wp-block-paragraph\"><strong>D\u00e8s lors, la perspective offerte par les Insoumis m\u2019est apparue comme le chemin le plus s\u00fbr pour sortir d\u2019une situation, aujourd\u2019hui, plus que p\u00e9rilleuse dans tous les domaines<\/strong>. Cette formation, en recherche permanente de r\u00e9pondre aux attentes de notre peuple a con\u00e7u un programme, \u00e9dit\u00e9 en livrets et consultable, en constante mise \u00e0 jour gr\u00e2ce \u00e0 des consultations d\u2019organisations sp\u00e9cialis\u00e9es, de militants et sympathisants, avec le soin d\u2019\u00e9tablir le budget en r\u00e9sultant.<\/p>\n\n\n\n<p class=\"wp-block-paragraph\"><strong>L\u2019organisation interne du mouvement est parfois contest\u00e9e<\/strong>. Rien n\u2019est parfait, mais, l\u00e0 encore les choses \u00e9voluent tr\u00e8s favorablement avec la volont\u00e9 de mettre \u00e0 la port\u00e9e des acteurs de terrain un fonctionnement efficace. L\u2019Institut La Bo\u00e9tie permet la recherche id\u00e9ologique et forme un nombre important de militants.<\/p>\n\n\n\n<p class=\"wp-block-paragraph\">Les jeunes d\u00e9put\u00e9s insoumis sont la parfaite d\u00e9monstration d\u2019un mouvement dynamique, ouvert et en capacit\u00e9 de mettre en place un gouvernement de l\u2019Union Populaire, l\u2019indispensable VI\u00e8me R\u00e9publique , d\u2019animer la consultation nationale pour \u00e9difier une nouvelle Constitution&#8230;<\/p>\n\n\n\n<p class=\"wp-block-paragraph\">Nous devons reconna\u00eetre les qualit\u00e9s exceptionnelles de ce leader que le mouvement et le pays ont la chance de poss\u00e9der, en la personne de Jean-Luc M\u00e9lenchon. Issu de la sociale-d\u00e9mocratie, il en conna\u00eet tous les rouages. <strong>Son cheminement d\u2019\u00e9lu lui aura permis de ma\u00eetriser les fonctionnements (et les dysfonctionnements) de cet \u00c9tat bourgeois.<\/strong> \u00c0 partir de ce descriptif sommaire, une question vient, in\u00e9vitable : alors, pourquoi est-il si malmen\u00e9 par les m\u00e9dias, ses adversaires politiques, et surtout, par tous ceux qui jouissent du syst\u00e8me actuel ? \u00bb<\/p>\n\n\n\n<hr class=\"wp-block-separator has-alpha-channel-opacity\"\/>\n\n\n\n<p class=\"wp-block-paragraph\">Image d&rsquo;illustration : Photographie de Jean-Pierre Lasserre<\/p>","protected":false},"excerpt":{"rendered":"<p>Un t\u00e9moignage libre de Jean-Pierre Lasserre, aujourd&rsquo;hui militant insoumis communiste, sur sa vie et son parcours politique. Propos recueillis par Nicole Sainz. Fid\u00e8le toute une vie \u00ab \u00ab\u00a0Je suis venu [&hellip;]<\/p>\n","protected":false},"author":70,"featured_media":6636,"comment_status":"closed","ping_status":"closed","sticky":false,"template":"","format":"standard","meta":{"_EventAllDay":false,"_EventTimezone":"","_EventStartDate":"","_EventEndDate":"","_EventStartDateUTC":"","_EventEndDateUTC":"","_EventShowMap":false,"_EventShowMapLink":false,"_EventURL":"","_EventCost":"","_EventCostDescription":"","_EventCurrencySymbol":"","_EventCurrencyCode":"","_EventCurrencyPosition":"","_EventDateTimeSeparator":"","_EventTimeRangeSeparator":"","_EventOrganizerID":[],"_EventVenueID":[],"_OrganizerEmail":"","_OrganizerPhone":"","_OrganizerWebsite":"","_VenueAddress":"","_VenueCity":"","_VenueCountry":"","_VenueProvince":"","_VenueState":"","_VenueZip":"","_VenuePhone":"","_VenueURL":"","_VenueStateProvince":"","_VenueLat":"","_VenueLng":"","_VenueShowMap":false,"_VenueShowMapLink":false,"footnotes":""},"categories":[13],"tags":[51,43],"class_list":["post-6633","post","type-post","status-publish","format-standard","has-post-thumbnail","hentry","category-articles","tag-gauche","tag-histoire"],"yoast_head":"<!-- This site is optimized with the Yoast SEO plugin v28.4 - https:\/\/yoast.com\/product\/yoast-seo-wordpress\/ -->\n<title>Une m\u00e9moire militante, t\u00e9moignage de Jean-Pierre Lasserre - Nos R\u00e9volutions<\/title>\n<meta name=\"robots\" content=\"index, follow, max-snippet:-1, max-image-preview:large, max-video-preview:-1\" \/>\n<link rel=\"canonical\" href=\"https:\/\/nosrevolutions.fr\/en\/2026\/09\/01\/une-memoire-militante-temoignage-de-jean-pierre-lasserre\/\" \/>\n<meta property=\"og:locale\" content=\"en_GB\" \/>\n<meta property=\"og:type\" content=\"article\" \/>\n<meta property=\"og:title\" content=\"Une m\u00e9moire militante, t\u00e9moignage de Jean-Pierre Lasserre - Nos R\u00e9volutions\" \/>\n<meta property=\"og:description\" content=\"Un t\u00e9moignage libre de Jean-Pierre Lasserre, aujourd&rsquo;hui militant insoumis communiste, sur sa vie et son parcours politique. Propos recueillis par Nicole Sainz. Fid\u00e8le toute une vie \u00ab \u00ab\u00a0Je suis venu [&hellip;]\" \/>\n<meta property=\"og:url\" content=\"https:\/\/nosrevolutions.fr\/en\/2026\/09\/01\/une-memoire-militante-temoignage-de-jean-pierre-lasserre\/\" \/>\n<meta property=\"og:site_name\" content=\"Nos R\u00e9volutions\" \/>\n<meta property=\"article:published_time\" content=\"2026-09-01T19:07:18+00:00\" \/>\n<meta property=\"og:image\" content=\"https:\/\/nosrevolutions.fr\/wp-content\/uploads\/2026\/09\/IMG_20260110_153026.jpg\" \/>\n\t<meta property=\"og:image:width\" content=\"1344\" \/>\n\t<meta property=\"og:image:height\" content=\"1285\" \/>\n\t<meta property=\"og:image:type\" content=\"image\/jpeg\" \/>\n<meta name=\"author\" content=\"Nicole Sainz\" \/>\n<meta name=\"twitter:card\" content=\"summary_large_image\" \/>\n<meta name=\"twitter:creator\" content=\"@NosRevolutions\" \/>\n<meta name=\"twitter:site\" content=\"@NosRevolutions\" \/>\n<meta name=\"twitter:label1\" content=\"Written by\" \/>\n\t<meta name=\"twitter:data1\" content=\"Nicole Sainz\" \/>\n\t<meta name=\"twitter:label2\" content=\"Estimated reading time\" \/>\n\t<meta name=\"twitter:data2\" content=\"7 minutes\" \/>\n<script type=\"application\/ld+json\" class=\"yoast-schema-graph\">{\"@context\":\"https:\\\/\\\/schema.org\",\"@graph\":[{\"@type\":\"Article\",\"@id\":\"https:\\\/\\\/nosrevolutions.fr\\\/2026\\\/09\\\/01\\\/une-memoire-militante-temoignage-de-jean-pierre-lasserre\\\/#article\",\"isPartOf\":{\"@id\":\"https:\\\/\\\/nosrevolutions.fr\\\/2026\\\/09\\\/01\\\/une-memoire-militante-temoignage-de-jean-pierre-lasserre\\\/\"},\"author\":{\"name\":\"Nicole Sainz\",\"@id\":\"https:\\\/\\\/nosrevolutions.fr\\\/#\\\/schema\\\/person\\\/0130d1b945656cfb87c688578e0ed4ee\"},\"headline\":\"Une m\u00e9moire militante, t\u00e9moignage de Jean-Pierre Lasserre\",\"datePublished\":\"2026-09-01T19:07:18+00:00\",\"mainEntityOfPage\":{\"@id\":\"https:\\\/\\\/nosrevolutions.fr\\\/2026\\\/09\\\/01\\\/une-memoire-militante-temoignage-de-jean-pierre-lasserre\\\/\"},\"wordCount\":1380,\"publisher\":{\"@id\":\"https:\\\/\\\/nosrevolutions.fr\\\/#organization\"},\"image\":{\"@id\":\"https:\\\/\\\/nosrevolutions.fr\\\/2026\\\/09\\\/01\\\/une-memoire-militante-temoignage-de-jean-pierre-lasserre\\\/#primaryimage\"},\"thumbnailUrl\":\"https:\\\/\\\/nosrevolutions.fr\\\/wp-content\\\/uploads\\\/2026\\\/09\\\/IMG_20260110_153026.jpg\",\"keywords\":[\"Gauche\",\"Histoire\"],\"articleSection\":[\"Articles\"],\"inLanguage\":\"en-GB\"},{\"@type\":\"WebPage\",\"@id\":\"https:\\\/\\\/nosrevolutions.fr\\\/2026\\\/09\\\/01\\\/une-memoire-militante-temoignage-de-jean-pierre-lasserre\\\/\",\"url\":\"https:\\\/\\\/nosrevolutions.fr\\\/2026\\\/09\\\/01\\\/une-memoire-militante-temoignage-de-jean-pierre-lasserre\\\/\",\"name\":\"Une m\u00e9moire militante, t\u00e9moignage de Jean-Pierre Lasserre - Nos R\u00e9volutions\",\"isPartOf\":{\"@id\":\"https:\\\/\\\/nosrevolutions.fr\\\/#website\"},\"primaryImageOfPage\":{\"@id\":\"https:\\\/\\\/nosrevolutions.fr\\\/2026\\\/09\\\/01\\\/une-memoire-militante-temoignage-de-jean-pierre-lasserre\\\/#primaryimage\"},\"image\":{\"@id\":\"https:\\\/\\\/nosrevolutions.fr\\\/2026\\\/09\\\/01\\\/une-memoire-militante-temoignage-de-jean-pierre-lasserre\\\/#primaryimage\"},\"thumbnailUrl\":\"https:\\\/\\\/nosrevolutions.fr\\\/wp-content\\\/uploads\\\/2026\\\/09\\\/IMG_20260110_153026.jpg\",\"datePublished\":\"2026-09-01T19:07:18+00:00\",\"breadcrumb\":{\"@id\":\"https:\\\/\\\/nosrevolutions.fr\\\/2026\\\/09\\\/01\\\/une-memoire-militante-temoignage-de-jean-pierre-lasserre\\\/#breadcrumb\"},\"inLanguage\":\"en-GB\",\"potentialAction\":[{\"@type\":\"ReadAction\",\"target\":[\"https:\\\/\\\/nosrevolutions.fr\\\/2026\\\/09\\\/01\\\/une-memoire-militante-temoignage-de-jean-pierre-lasserre\\\/\"]}]},{\"@type\":\"ImageObject\",\"inLanguage\":\"en-GB\",\"@id\":\"https:\\\/\\\/nosrevolutions.fr\\\/2026\\\/09\\\/01\\\/une-memoire-militante-temoignage-de-jean-pierre-lasserre\\\/#primaryimage\",\"url\":\"https:\\\/\\\/nosrevolutions.fr\\\/wp-content\\\/uploads\\\/2026\\\/09\\\/IMG_20260110_153026.jpg\",\"contentUrl\":\"https:\\\/\\\/nosrevolutions.fr\\\/wp-content\\\/uploads\\\/2026\\\/09\\\/IMG_20260110_153026.jpg\",\"width\":1344,\"height\":1285},{\"@type\":\"BreadcrumbList\",\"@id\":\"https:\\\/\\\/nosrevolutions.fr\\\/2026\\\/09\\\/01\\\/une-memoire-militante-temoignage-de-jean-pierre-lasserre\\\/#breadcrumb\",\"itemListElement\":[{\"@type\":\"ListItem\",\"position\":1,\"name\":\"Accueil\",\"item\":\"https:\\\/\\\/nosrevolutions.fr\\\/\"},{\"@type\":\"ListItem\",\"position\":2,\"name\":\"Une m\u00e9moire militante, t\u00e9moignage de Jean-Pierre Lasserre\"}]},{\"@type\":\"WebSite\",\"@id\":\"https:\\\/\\\/nosrevolutions.fr\\\/#website\",\"url\":\"https:\\\/\\\/nosrevolutions.fr\\\/\",\"name\":\"Nos R\u00e9volutions\",\"description\":\"Communisme et mouvement social\",\"publisher\":{\"@id\":\"https:\\\/\\\/nosrevolutions.fr\\\/#organization\"},\"potentialAction\":[{\"@type\":\"SearchAction\",\"target\":{\"@type\":\"EntryPoint\",\"urlTemplate\":\"https:\\\/\\\/nosrevolutions.fr\\\/?s={search_term_string}\"},\"query-input\":{\"@type\":\"PropertyValueSpecification\",\"valueRequired\":true,\"valueName\":\"search_term_string\"}}],\"inLanguage\":\"en-GB\"},{\"@type\":\"Organization\",\"@id\":\"https:\\\/\\\/nosrevolutions.fr\\\/#organization\",\"name\":\"Nos R\u00e9volutions\",\"url\":\"https:\\\/\\\/nosrevolutions.fr\\\/\",\"logo\":{\"@type\":\"ImageObject\",\"inLanguage\":\"en-GB\",\"@id\":\"https:\\\/\\\/nosrevolutions.fr\\\/#\\\/schema\\\/logo\\\/image\\\/\",\"url\":\"https:\\\/\\\/nosrevolutions.fr\\\/wp-content\\\/uploads\\\/2022\\\/09\\\/nrs_logo_noir.png\",\"contentUrl\":\"https:\\\/\\\/nosrevolutions.fr\\\/wp-content\\\/uploads\\\/2022\\\/09\\\/nrs_logo_noir.png\",\"width\":2000,\"height\":501,\"caption\":\"Nos R\u00e9volutions\"},\"image\":{\"@id\":\"https:\\\/\\\/nosrevolutions.fr\\\/#\\\/schema\\\/logo\\\/image\\\/\"},\"sameAs\":[\"https:\\\/\\\/x.com\\\/NosRevolutions\"]},{\"@type\":\"Person\",\"@id\":\"https:\\\/\\\/nosrevolutions.fr\\\/#\\\/schema\\\/person\\\/0130d1b945656cfb87c688578e0ed4ee\",\"name\":\"Nicole Sainz\",\"image\":{\"@type\":\"ImageObject\",\"inLanguage\":\"en-GB\",\"@id\":\"https:\\\/\\\/secure.gravatar.com\\\/avatar\\\/de1e614e3cf886d401df9392cf30b1896f202ba908ad2b939e9655fede4289ef?s=96&d=mm&r=g\",\"url\":\"https:\\\/\\\/secure.gravatar.com\\\/avatar\\\/de1e614e3cf886d401df9392cf30b1896f202ba908ad2b939e9655fede4289ef?s=96&d=mm&r=g\",\"contentUrl\":\"https:\\\/\\\/secure.gravatar.com\\\/avatar\\\/de1e614e3cf886d401df9392cf30b1896f202ba908ad2b939e9655fede4289ef?s=96&d=mm&r=g\",\"caption\":\"Nicole Sainz\"},\"url\":\"https:\\\/\\\/nosrevolutions.fr\\\/en\\\/author\\\/nicolesainz\\\/\"}]}<\/script>\n<!-- \/ Yoast SEO plugin. -->","yoast_head_json":{"title":"Une m\u00e9moire militante, t\u00e9moignage de Jean-Pierre Lasserre - Nos R\u00e9volutions","robots":{"index":"index","follow":"follow","max-snippet":"max-snippet:-1","max-image-preview":"max-image-preview:large","max-video-preview":"max-video-preview:-1"},"canonical":"https:\/\/nosrevolutions.fr\/en\/2026\/09\/01\/une-memoire-militante-temoignage-de-jean-pierre-lasserre\/","og_locale":"en_GB","og_type":"article","og_title":"Une m\u00e9moire militante, t\u00e9moignage de Jean-Pierre Lasserre - Nos R\u00e9volutions","og_description":"Un t\u00e9moignage libre de Jean-Pierre Lasserre, aujourd&rsquo;hui militant insoumis communiste, sur sa vie et son parcours politique. Propos recueillis par Nicole Sainz. Fid\u00e8le toute une vie \u00ab \u00ab\u00a0Je suis venu [&hellip;]","og_url":"https:\/\/nosrevolutions.fr\/en\/2026\/09\/01\/une-memoire-militante-temoignage-de-jean-pierre-lasserre\/","og_site_name":"Nos R\u00e9volutions","article_published_time":"2026-09-01T19:07:18+00:00","og_image":[{"width":1344,"height":1285,"url":"https:\/\/nosrevolutions.fr\/wp-content\/uploads\/2026\/09\/IMG_20260110_153026.jpg","type":"image\/jpeg"}],"author":"Nicole Sainz","twitter_card":"summary_large_image","twitter_creator":"@NosRevolutions","twitter_site":"@NosRevolutions","twitter_misc":{"Written by":"Nicole Sainz","Estimated reading time":"7 minutes"},"schema":{"@context":"https:\/\/schema.org","@graph":[{"@type":"Article","@id":"https:\/\/nosrevolutions.fr\/2026\/09\/01\/une-memoire-militante-temoignage-de-jean-pierre-lasserre\/#article","isPartOf":{"@id":"https:\/\/nosrevolutions.fr\/2026\/09\/01\/une-memoire-militante-temoignage-de-jean-pierre-lasserre\/"},"author":{"name":"Nicole Sainz","@id":"https:\/\/nosrevolutions.fr\/#\/schema\/person\/0130d1b945656cfb87c688578e0ed4ee"},"headline":"Une m\u00e9moire militante, t\u00e9moignage de Jean-Pierre Lasserre","datePublished":"2026-09-01T19:07:18+00:00","mainEntityOfPage":{"@id":"https:\/\/nosrevolutions.fr\/2026\/09\/01\/une-memoire-militante-temoignage-de-jean-pierre-lasserre\/"},"wordCount":1380,"publisher":{"@id":"https:\/\/nosrevolutions.fr\/#organization"},"image":{"@id":"https:\/\/nosrevolutions.fr\/2026\/09\/01\/une-memoire-militante-temoignage-de-jean-pierre-lasserre\/#primaryimage"},"thumbnailUrl":"https:\/\/nosrevolutions.fr\/wp-content\/uploads\/2026\/09\/IMG_20260110_153026.jpg","keywords":["Gauche","Histoire"],"articleSection":["Articles"],"inLanguage":"en-GB"},{"@type":"WebPage","@id":"https:\/\/nosrevolutions.fr\/2026\/09\/01\/une-memoire-militante-temoignage-de-jean-pierre-lasserre\/","url":"https:\/\/nosrevolutions.fr\/2026\/09\/01\/une-memoire-militante-temoignage-de-jean-pierre-lasserre\/","name":"Une m\u00e9moire militante, t\u00e9moignage de Jean-Pierre Lasserre - Nos R\u00e9volutions","isPartOf":{"@id":"https:\/\/nosrevolutions.fr\/#website"},"primaryImageOfPage":{"@id":"https:\/\/nosrevolutions.fr\/2026\/09\/01\/une-memoire-militante-temoignage-de-jean-pierre-lasserre\/#primaryimage"},"image":{"@id":"https:\/\/nosrevolutions.fr\/2026\/09\/01\/une-memoire-militante-temoignage-de-jean-pierre-lasserre\/#primaryimage"},"thumbnailUrl":"https:\/\/nosrevolutions.fr\/wp-content\/uploads\/2026\/09\/IMG_20260110_153026.jpg","datePublished":"2026-09-01T19:07:18+00:00","breadcrumb":{"@id":"https:\/\/nosrevolutions.fr\/2026\/09\/01\/une-memoire-militante-temoignage-de-jean-pierre-lasserre\/#breadcrumb"},"inLanguage":"en-GB","potentialAction":[{"@type":"ReadAction","target":["https:\/\/nosrevolutions.fr\/2026\/09\/01\/une-memoire-militante-temoignage-de-jean-pierre-lasserre\/"]}]},{"@type":"ImageObject","inLanguage":"en-GB","@id":"https:\/\/nosrevolutions.fr\/2026\/09\/01\/une-memoire-militante-temoignage-de-jean-pierre-lasserre\/#primaryimage","url":"https:\/\/nosrevolutions.fr\/wp-content\/uploads\/2026\/09\/IMG_20260110_153026.jpg","contentUrl":"https:\/\/nosrevolutions.fr\/wp-content\/uploads\/2026\/09\/IMG_20260110_153026.jpg","width":1344,"height":1285},{"@type":"BreadcrumbList","@id":"https:\/\/nosrevolutions.fr\/2026\/09\/01\/une-memoire-militante-temoignage-de-jean-pierre-lasserre\/#breadcrumb","itemListElement":[{"@type":"ListItem","position":1,"name":"Accueil","item":"https:\/\/nosrevolutions.fr\/"},{"@type":"ListItem","position":2,"name":"Une m\u00e9moire militante, t\u00e9moignage de Jean-Pierre Lasserre"}]},{"@type":"WebSite","@id":"https:\/\/nosrevolutions.fr\/#website","url":"https:\/\/nosrevolutions.fr\/","name":"Nos R\u00e9volutions","description":"Communisme et mouvement social","publisher":{"@id":"https:\/\/nosrevolutions.fr\/#organization"},"potentialAction":[{"@type":"SearchAction","target":{"@type":"EntryPoint","urlTemplate":"https:\/\/nosrevolutions.fr\/?s={search_term_string}"},"query-input":{"@type":"PropertyValueSpecification","valueRequired":true,"valueName":"search_term_string"}}],"inLanguage":"en-GB"},{"@type":"Organization","@id":"https:\/\/nosrevolutions.fr\/#organization","name":"Nos R\u00e9volutions","url":"https:\/\/nosrevolutions.fr\/","logo":{"@type":"ImageObject","inLanguage":"en-GB","@id":"https:\/\/nosrevolutions.fr\/#\/schema\/logo\/image\/","url":"https:\/\/nosrevolutions.fr\/wp-content\/uploads\/2022\/09\/nrs_logo_noir.png","contentUrl":"https:\/\/nosrevolutions.fr\/wp-content\/uploads\/2022\/09\/nrs_logo_noir.png","width":2000,"height":501,"caption":"Nos R\u00e9volutions"},"image":{"@id":"https:\/\/nosrevolutions.fr\/#\/schema\/logo\/image\/"},"sameAs":["https:\/\/x.com\/NosRevolutions"]},{"@type":"Person","@id":"https:\/\/nosrevolutions.fr\/#\/schema\/person\/0130d1b945656cfb87c688578e0ed4ee","name":"Nicole Sainz","image":{"@type":"ImageObject","inLanguage":"en-GB","@id":"https:\/\/secure.gravatar.com\/avatar\/de1e614e3cf886d401df9392cf30b1896f202ba908ad2b939e9655fede4289ef?s=96&d=mm&r=g","url":"https:\/\/secure.gravatar.com\/avatar\/de1e614e3cf886d401df9392cf30b1896f202ba908ad2b939e9655fede4289ef?s=96&d=mm&r=g","contentUrl":"https:\/\/secure.gravatar.com\/avatar\/de1e614e3cf886d401df9392cf30b1896f202ba908ad2b939e9655fede4289ef?s=96&d=mm&r=g","caption":"Nicole Sainz"},"url":"https:\/\/nosrevolutions.fr\/en\/author\/nicolesainz\/"}]}},"_links":{"self":[{"href":"https:\/\/nosrevolutions.fr\/en\/wp-json\/wp\/v2\/posts\/6633","targetHints":{"allow":["GET"]}}],"collection":[{"href":"https:\/\/nosrevolutions.fr\/en\/wp-json\/wp\/v2\/posts"}],"about":[{"href":"https:\/\/nosrevolutions.fr\/en\/wp-json\/wp\/v2\/types\/post"}],"author":[{"embeddable":true,"href":"https:\/\/nosrevolutions.fr\/en\/wp-json\/wp\/v2\/users\/70"}],"replies":[{"embeddable":true,"href":"https:\/\/nosrevolutions.fr\/en\/wp-json\/wp\/v2\/comments?post=6633"}],"version-history":[{"count":1,"href":"https:\/\/nosrevolutions.fr\/en\/wp-json\/wp\/v2\/posts\/6633\/revisions"}],"predecessor-version":[{"id":6637,"href":"https:\/\/nosrevolutions.fr\/en\/wp-json\/wp\/v2\/posts\/6633\/revisions\/6637"}],"wp:featuredmedia":[{"embeddable":true,"href":"https:\/\/nosrevolutions.fr\/en\/wp-json\/wp\/v2\/media\/6636"}],"wp:attachment":[{"href":"https:\/\/nosrevolutions.fr\/en\/wp-json\/wp\/v2\/media?parent=6633"}],"wp:term":[{"taxonomy":"category","embeddable":true,"href":"https:\/\/nosrevolutions.fr\/en\/wp-json\/wp\/v2\/categories?post=6633"},{"taxonomy":"post_tag","embeddable":true,"href":"https:\/\/nosrevolutions.fr\/en\/wp-json\/wp\/v2\/tags?post=6633"}],"curies":[{"name":"wp","href":"https:\/\/api.w.org\/{rel}","templated":true}]}}