{"id":6629,"date":"2026-08-31T11:28:37","date_gmt":"2026-08-31T09:28:37","guid":{"rendered":"https:\/\/nosrevolutions.fr\/?p=6629"},"modified":"2026-08-31T11:28:38","modified_gmt":"2026-08-31T09:28:38","slug":"sequences-dune-vie-militante-6-a-fond-dans-une-vie-de-section","status":"publish","type":"post","link":"https:\/\/nosrevolutions.fr\/en\/2026\/08\/31\/sequences-dune-vie-militante-6-a-fond-dans-une-vie-de-section\/","title":{"rendered":"S\u00e9quences d\u2019une vie militante (6) &#8211; \u00c0 fond dans une vie de section"},"content":{"rendered":"<p class=\"wp-block-paragraph\">Nos R\u00e9volutions <em>a l\u2019honneur de publier les m\u00e9moires de Michel Duffour. Militant communiste des ann\u00e9es 60 jusqu\u2019\u00e0 aujourd\u2019hui, Michel Duffour<\/em> <em>fut secr\u00e9taire de section<\/em>, <em>\u00e9lu local, s\u00e9nateur<\/em>, <em>ministre\u2026 Un engagement politique ininterrompu, que nous aurons la chance de suivre, chaque semaine, au fil des pages de ses m\u00e9moires.<\/em><\/p>\n\n\n\n<p class=\"wp-block-paragraph\"><em>Retrouvez ici le dernier \u00e9pisode, <\/em><a href=\"https:\/\/nosrevolutions.fr\/en\/2026\/08\/10\/sequences-dune-vie-militante-5-de-lengouement-pour-la-culture-et-le-debat-didees\/\" data-type=\"post\" data-id=\"6541\">S\u00e9quences d\u2019une vie militante (5)<\/a><\/p>\n\n\n\n<h4 class=\"wp-block-heading\"><strong>\u00c0 fond dans une vie de section\u2026.<\/strong><\/h4>\n\n\n\n<p class=\"wp-block-paragraph\">J\u2019ai beaucoup \u00e9voqu\u00e9 la section de Rueil du Parti. Ce furent pour moi des r\u00e9f\u00e9rences incontournables puisque pour l\u2019essentiel le cadre de mes activit\u00e9s politiques. Comment cette section \u00e9voluait ? Quels en \u00e9taient les animateurs? <strong>En 1964, la section de Rueil du Parti a un peu moins de deux cents adh\u00e9rents. Si ma m\u00e9moire est fid\u00e8le, ses adh\u00e9rents se r\u00e9partissent sur six cellules de quartier. Sept cellules d\u2019entreprises compl\u00e9taient notre organisation.<\/strong> Nous \u00e9tions implant\u00e9s \u00e0 l\u2019Arsenal, chez Bernard-Moteurs et au Centre Technique Renault, site de la R\u00e9gie n\u2019ayant alors qu\u2019une concentration modeste de salari\u00e9s. Ces trois entreprises, qui ont toutes \u00e9t\u00e9 ras\u00e9es, se situaient sur le plateau et plus pr\u00e9cis\u00e9ment sur le site o\u00f9 le Grand Paris Express arrivera en 2032. Nous \u00e9tions aussi pr\u00e9sents \u00e0 l\u2019Institut fran\u00e7ais du p\u00e9trole, chez Technip, \u00e0 EDF, et chez Belin, une entreprise situ\u00e9e dans le quartier des Closeaux et qui s\u2019appellera par la suite Schlumberger. La section de Suresnes avait historiquement int\u00e9gr\u00e9 dans ses effectifs Degr\u00e9mont, entreprise pourtant g\u00e9ographiquement rueilloise.\u00a0<\/p>\n\n\n\n<p class=\"wp-block-paragraph\">Quels sont les principaux cadres communistes de la section en cette p\u00e9riode? Le premier responsable, Jean Morlec, est \u00e9lu en 1961. Il est membre du comit\u00e9 f\u00e9d\u00e9ral de Seine-et-Oise. C\u2019est un technicien de l\u2019Institut fran\u00e7ais du P\u00e9trole. Jean avait de solides qualit\u00e9s et s\u2019\u00e9tait impos\u00e9 dans la section \u00e0 la fin des ann\u00e9es cinquante au d\u00e9triment d\u2019une \u00e9quipe plus classique. \u00a0 Son \u00ab\u00a0modernisme\u201d \u00e9tait peu partag\u00e9 par ses camarades de combat. L&rsquo;environnement communiste le comprenait mal. C\u2019\u00e9tait un militant \u00e0 \u00e9clipses, mobilis\u00e9 sur les enjeux au c\u0153ur de la vie de l\u2019entreprise mais qui r\u00e9servait ses week-ends \u00e0 sa vie personnelle et n\u2019\u00e9tait jamais pr\u00e9sent les samedi et dimanche pour les activit\u00e9s de la section. Les critiques allaient donc bon train. Il a d\u00fb officiellement conserver sa responsabilit\u00e9 jusqu\u2019au printemps 65. C\u2019est officiellement le moment o\u00f9 je deviens le premier responsable de la ville. Quels sont ceux qui entourent Morlec et moi-m\u00eame au cours des ann\u00e9es 62-66? <strong>J\u2019ai en m\u00e9moire une \u00e9quipe jeune, peu f\u00e9minine et peu exp\u00e9riment\u00e9e. En dehors de Morlec, personne n\u2019a eu \u00e0 un moment ou un autre une responsabilit\u00e9 f\u00e9d\u00e9rale.\u00a0<\/strong><\/p>\n\n\n\n<p class=\"wp-block-paragraph\"><strong>La f\u00e9d\u00e9ration de Seine-et-Oise veillait au suivi de chaque section par un de ses permanents politiques. C\u2019\u00e9tait une pratique g\u00e9n\u00e9rale. Il en \u00e9tait de m\u00eame partout. La tradition s\u2019est maintenue tant que le parti a dispos\u00e9 des forces n\u00e9cessaires.<\/strong> Il y avait des \u201csuivis\u201d tatillons et bureaucratiques, d\u2019autres se traduisant par une aide enrichissante. La direction d\u00e9partementale d\u00e9signa successivement trois camarades pour nous \u201csuivre\u201d, Colette Jobard-Laurin, Mario Urbanet puis Jean Dr\u00e9an. Je garde un excellent souvenir de ce dernier. Il \u00e9tait d\u2019une fid\u00e9lit\u00e9 totale \u00e0 la \u201cligne\u201d politique d\u00e9finie en haut lieu mais le faisait avec intelligence. Jean Dr\u00e9an a \u00e9t\u00e9 membre du comit\u00e9 central et premier responsable de la CGT en Ile de France.\u00a0<\/p>\n\n\n\n<p class=\"wp-block-paragraph\">A partir de l\u2019ann\u00e9e 66, la confection d\u2019une rubrique locale dans le journal l\u2019Eveil nous occupa beaucoup. <strong>Les \u00e9lections municipales de l\u2019ann\u00e9e pr\u00e9c\u00e9dente avaient mis en valeur notre absence de r\u00e9flexions sp\u00e9cifiques sur la ville. Nous \u00e9tions persuad\u00e9s qu\u2019une rubrique r\u00e9guli\u00e8re dans un hebdomadaire local ferait l\u2019affaire. Nous arrivions bien \u00e0 faire para\u00eetre quelques articles dans l\u2019hebdo \u201cd\u2019informations locales\u201d rayonnant sur Saint-Germain-en-Laye et sa r\u00e9gion, le <em>Courrier R\u00e9publicain,<\/em> mais nous voulions plus et mieux. Nous f\u00eemes notre premi\u00e8re tentative avec\u00a0 <em>la Renaissance de Seine-et-Oise<\/em>, hebdo communiste \u00e9dit\u00e9 \u00e0 Argenteuil, mais c\u2019est avec <em>l\u2019Eveil<\/em> que nous nous m\u00eemes r\u00e9ellement au travail.<\/strong> La date correspond-elle \u00e0 notre arriv\u00e9e dans les Hauts-de-Seine \u00e0 l\u2019automne de la m\u00eame ann\u00e9e? Probablement, mais les archives du journal permettent de le v\u00e9rifier. Nous e\u00fbmes deux pages dans <em>l\u2019Eveil<\/em>. <em>L\u2019Eveil<\/em> rayonnait essentiellement sur Nanterre, son si\u00e8ge \u00e9tait commun \u00e0 celui de la section du parti, mais toutes les villes avoisinantes avaient leur rubrique. Les efforts journalistiques \u00e9taient rares mais les pages de Rueil sortaient parfois de la grisaille r\u00e9dactionnelle. Je glisse dans le r\u00e9cit ce constat apr\u00e8s une relecture r\u00e9cente, pour une \u00e9tude, des num\u00e9ros parus en 1967 et 1968. La plume ac\u00e9r\u00e9e de sa principale r\u00e9dactrice, Ren\u00e9e Pacouret, y \u00e9tait pour beaucoup. R\u00e9diger deux pages hebdomadaires, se rendre \u00e0 l\u2019imprimerie, suivre jusqu\u2019au bout sur le marbre la r\u00e9alisation des pages, \u00e9taient une rude \u00e9preuve. Tout ce travail qui fut tr\u00e8s prenant reposa pour l\u2019essentiel sur les \u00e9paules de Ren\u00e9e Pacouret et de G\u00e9rard Duffour. Il me reste de nombreuses images de mes investissements militants d\u2019alors. Des images \u00e0 vrai dire tr\u00e8s routini\u00e8res et \u00e9reintantes sur la vie de l\u2019organisation, la pr\u00e9paration des f\u00eates, le soutien \u00e0 notre presse en maintenant le maximum de tourn\u00e9es de <em>l\u2019Humanit\u00e9-dimanche<\/em>, l\u2019organisation au moins deux fois par an d\u2019\u00e9coles \u00e9l\u00e9mentaires ouvertes aux nouveaux adh\u00e9rents et aux jeunes sympathisants, les visites au domicile des camarades qu\u2019on voyait peu dans les r\u00e9unions pour conforter leur engagement et leur remettre leur carte. Je suis loin d\u2019avoir tout bien fait, mais il est certain que je n\u2019ai pas alors m\u00e9nag\u00e9 ma peine.\u00a0<\/p>\n\n\n\n<p class=\"wp-block-paragraph\"><strong>Je ne sais pas si on peut parler d\u2019un regain de notre influence au cours des ann\u00e9es durant lesquelles Waldeck Rochet est secr\u00e9taire g\u00e9n\u00e9ral du Parti mais un l\u00e9ger sursaut \u00e9lectoral se profilait.<\/strong> Les r\u00e9sultats \u00e9lectoraux ne sont pas la seule traduction de la place qu\u2019une formation politique occupe dans un pays. C\u2019est n\u00e9anmoins dans le cadre d\u2019une d\u00e9mocratie repr\u00e9sentative un bon barom\u00e8tre. Le Parti a \u00e9t\u00e9 au sommet de son influence aux lendemains de la seconde guerre mondiale avec 28.26% aux \u00e9lections l\u00e9gislatives de 1946. Il y eut ensuite une r\u00e9gression durant la guerre froide mais le Parti s\u2019\u00e9tait maintenu en 1951 \u00e0 25.90% et \u00e0 25.89% aux \u00e9lections de 1956. L\u2019arriv\u00e9e de De Gaulle provoqua une chute sensible amenant le Parti \u00e0 18.90%. Durant ensuite vingt ans, la c\u00f4te s\u2019\u00e9tablit \u00e0 environ 20%, de 21.87% en 1962 \u00e0 20.61 en 1978. Le niveau le plus haut, atteint lors de la cinqui\u00e8me r\u00e9publique, est obtenu en 1967 avec 22.46%. La progression n\u2019\u00e9tait pas consid\u00e9rable mais correspondait assez bien au climat ambiant. A l&rsquo;\u00e9poque, j&rsquo;avais m\u00eame \u00e9t\u00e9 d\u00e9\u00e7u du r\u00e9sultat obtenu. Je m\u2019attendais \u00e0 mieux. En effet l\u2019image de De Gaulle en homme providentiel s\u2019\u00e9tait estomp\u00e9e dans une bonne partie de l\u2019opinion publique. Les \u00e9lections pr\u00e9sidentielles de 1965 avaient \u00e9t\u00e9 un coup de semonce. Beaucoup de commentateurs consid\u00e9raient comme possible l\u2019hypoth\u00e8se d\u2019une perte par le parti gouvernemental de sa majorit\u00e9 absolue \u00e0 l\u2019Assembl\u00e9e nationale. La presse faisait alors grand cas de Lecanuet, homme politique tr\u00e8s t\u00e9l\u00e9g\u00e9nique, le Kennedy fran\u00e7ais disait-on, plac\u00e9 plus au centre de l\u2019\u00e9chiquier politique que ne l\u2019\u00e9tait le jeune ministre des finances Giscard d\u2019Estaing. Lecanuet \u00e9tait tr\u00e8s atlantiste, ce qui ne devait pas d\u00e9plaire aux dirigeants de la SFIO.\u00a0 Il est clair que nous ne faisions localement aucun cadeau ni aux uns, ni aux autres. Le parti gouvernemental passa tr\u00e8s pr\u00e8s de la d\u00e9faite aux l\u00e9gislatives de 1967. La gauche est sortie de cette \u00e9lection renforc\u00e9e. Le centre d\u00e9mocrate de Lecanuet faisait un score honorable mais sans r\u00e9ussir la perc\u00e9e attendue. Il se retrouvait en quatri\u00e8me position. <strong>Le parti communiste et la FGDS, la f\u00e9d\u00e9ration de la gauche d\u00e9mocrate et socialiste qui regroupait la SFIO, les radicaux socialistes et les conventionnels de Fran\u00e7ois Mitterrand, recueillaient ensemble 41.25% des suffrages. Et cela dans une \u00e9lection o\u00f9 pr\u00e8s de 81% des gens vot\u00e8rent. Un score inou\u00ef pour des observateurs d\u2019aujourd\u2019hui. Le parti sortait en t\u00eate de la gauche et son groupe comportait 31 d\u00e9put\u00e9s.<\/strong><\/p>\n\n\n\n<h4 class=\"wp-block-heading\"><strong>Face \u00e0 face avec Jacques Baumel\u2026..<\/strong><\/h4>\n\n\n\n<p class=\"wp-block-paragraph\"><strong>L\u2019\u00e9lection l\u00e9gislative de mars 1967 fut mon bapt\u00eame du feu. Je suis d\u00e9sign\u00e9 candidat titulaire et donc plac\u00e9 aux premi\u00e8res loges. Le rendez-vous fut soigneusement pr\u00e9par\u00e9. Ma d\u00e9signation \u00e9tait venue neuf mois avant la date du scrutin. La concertation des communistes avait \u00e9t\u00e9 formelle. <\/strong>La f\u00e9d\u00e9ration de Seine et Oise co\u00efncidait avec le d\u00e9partement; elle \u00e9tait donc tr\u00e8s \u00e9tendue, ses limites \u00e9taient celles recouvrant \u00e0 peu pr\u00e8s celles des Yvelines, de l\u2019Essonne et du Val d\u2019oise d\u2019aujourd\u2019hui. Bizarrement la d\u00e9cision avait \u00e9t\u00e9 prise aux d\u00e9buts des ann\u00e9es soixante, pour gagner en efficacit\u00e9 militante, de couper la f\u00e9d\u00e9ration en deux, sud et nord, alors que le projet de cr\u00e9er trois unit\u00e9s \u00e9tait dans les cartons du gouvernement ! Deux responsables d\u00e9partementaux, Rueil \u00e9tait dans la partie nord alors que Garches et Saint-Cloud relevaient du sud, \u00e9taient venus \u00e0 la section d\u00e8s juin\u00a0 et avaient sugg\u00e9r\u00e9 mon nom pour \u00eatre candidat. Illico la proposition fut ratifi\u00e9e.<\/p>\n\n\n\n<p class=\"wp-block-paragraph\"><strong>D\u00e8s la f\u00eate de l\u2019Huma en septembre la premi\u00e8re affiche \u00e9tait pr\u00eate. La victoire dans cette circonscription \u00e9lectorale, ses limites n\u2019ont pas boug\u00e9 depuis, \u00e9tait inaccessible \u00e0 nos couleurs. Rueil \u00e9tait la commune la plus peupl\u00e9e. Saint-Cloud et Garches \u00e9taient \u00e9lectoralement plus \u00e0 droite.<\/strong> Saint-Cloud, \u00e0 mi-chemin de l\u2019axe Paris-Versailles, a toujours abrit\u00e9 une population argent\u00e9e d\u2019un certain \u00e2ge. Je n\u2019ai pas de documents permettant de relater le tableau militant de cette campagne \u00e9lectorale. Je sais toutefois que nous \u00e9tions loin en 1967 des niveaux de campagne que le parti sera apte \u00e0 mener dix ans plus tard. La comparaison entre les affiches \u00e9dit\u00e9es serait parlante. Nous en \u00e9tions encore au petit format. Dix ans plus tard, nos affiches auront beaucoup plus d\u2019allure. En revanche nous \u00e9tions friands de r\u00e9unions publiques. Nous avons eu tendance par la suite \u00e0 \u00eatre moins sensibles \u00e0 leur tenue, les estimant de peu d\u2019efficacit\u00e9 en gains de voix. C\u2019\u00e9tait pourtant l\u2019exercice d\u00e9mocratique par excellence. Nous nous \u00e9tions fait le devoir d\u2019en organiser le maximum. Le plus souvent les assistances \u00e9taient maigres mais permettaient le dialogue avec les courageux venus nous \u00e9couter. Quel \u00e9tait le contenu des d\u00e9bats? Sur quoi portaient les propos liminaires? Ces d\u00e9bats ne se limitaient pas au champ purement \u00e9lectif. <strong>Les expos\u00e9s pr\u00e9liminaires devaient y contribuer. Les questions les plus diverses venaient dans le d\u00e9bat. Je me souviens d\u2019un moment difficile dans un pr\u00e9au du bas de Saint-Cloud \u00e0 partir d\u2019une question sur le structuralisme. J\u2019en avais \u00e9t\u00e9 fort d\u00e9sempar\u00e9.<\/strong> Ce d\u00e9tail reste vivace par la pr\u00e9sence d\u2019Anicet Lepors qui habitait la ville et qui ce soir-l\u00e0 me sauva de la panne totale. Je n\u2019ai rien conserv\u00e9 de ces \u00e9changes, ce qui me contraint \u00e0 la prudence dans mon appr\u00e9ciation. Toutefois, je ne pense pas me tromper en affirmant que leur tonalit\u00e9 \u00e9tait avant tout tr\u00e8s d\u00e9nonciatrice. Il faut attendre les pr\u00e9mices du programme commun, la publication de <em>Changer de Cap,<\/em> pour une mise en avant de mesures alternatives de gouvernement. Ce fut dans l\u2019ensemble une belle campagne. La bataille se d\u00e9roula surtout sur Rueil, le rapport de forces \u00e9tant par trop in\u00e9gal dans les deux autres villes. Nous avions recueilli \u00e0 Rueil 7042 voix et 27,6% et au second tour 47,3% apr\u00e8s le d\u00e9sistement du candidat de la FGDS. Nous avions la majorit\u00e9 dans plusieurs bureaux \u00e9lectoraux. Le score \u00e9tait donc prometteur pour le devenir de la ville.<\/p>\n\n\n\n<p class=\"wp-block-paragraph\">Notre implantation militante sur Rueil \u00e9tait encore modeste. Nous avions sur le plateau de Rueil un r\u00e9seau de militants ayant une r\u00e9elle audience. C\u2019\u00e9taient des gens populaires, connus de leurs voisins, b\u00e9n\u00e9ficiant d\u2019une r\u00e9elle implantation. Mais le rayonnement des id\u00e9es n\u2019est pas qu\u2019une affaire de&nbsp; militantisme. L\u2019influence obtenue, surtout lors d\u2019une \u00e9lection de port\u00e9e nationale, d\u00e9coule d\u2019abord de la&nbsp; sociologie de la ville. Les ouvriers et les employ\u00e9s \u00e9taient encore majoritaires \u00e0 Rueil et le rayonnement des id\u00e9es communistes dans ces cat\u00e9gories populaires \u00e9tait la clef de tout r\u00e9sultat. Mes principaux concurrents furent Jacques Baumel pour le parti gouvernemental, Francis Chaveton, le maire de Saint-Cloud pour les centristes partisans de Lecanuet, et pour la FGDS un conseiller d\u2019\u00e9tat, Gourdon, homme brillant qui disparut par la suite de toute comp\u00e9tition \u00e9lectorale. Baumel \u00e9tait de tr\u00e8s loin le favori.&nbsp; Il ne fit qu\u2019une bouch\u00e9e de Chaveton dans la ville m\u00eame de ce dernier. La droite savait o\u00f9 \u00e9tait l\u2019homme fort, celui en mesure de briser les r\u00eaves \u00e9ventuels de la gauche. Baumel avait ind\u00e9niablement une forte personnalit\u00e9 que j\u2019ai longtemps sous-estim\u00e9e. Je dus admettre, ce que je fis bien apr\u00e8s, que l\u2019homme poss\u00e9dait une volont\u00e9, une intelligence pratique et une assurance qui \u00e9taient la marque de ceux ayant travers\u00e9 suffisamment d\u2019\u00e9preuves pour ne pas \u00eatre h\u00e9sitant dans une comp\u00e9tition locale. C\u2019\u00e9tait un authentique r\u00e9sistant, faisant partie des jeunes gens regroup\u00e9s \u00e0 Londres et envoy\u00e9s en mission dans la France occup\u00e9e, pour organiser ou conforter une pr\u00e9sence gaulliste. Il ne fut pas un des grands barons entourant le G\u00e9n\u00e9ral, ni avant ni apr\u00e8s 58, mais \u00e9tait tout de m\u00eame, \u00e0 la veille d\u2019arriver sur notre circonscription, secr\u00e9taire g\u00e9n\u00e9ral du parti gouvernemental. Un homme donc qui comptait. Il faisait partie du clan Chaban-Delmas. Son arriv\u00e9e dans la huiti\u00e8me circonscription des Hauts-de-Seine \u00e9tait un parachutage. Il avait pr\u00e9c\u00e9demment \u00e9t\u00e9 \u00e9lu dans l\u2019est de la France et il n\u2019habitait aucune des trois villes constituant le territoire convoit\u00e9. Mais il avait du savoir-faire. Nous n\u2019en f\u00fbmes pas impressionn\u00e9s pour autant. J\u2019ai entam\u00e9 avec lui cette ann\u00e9e-l\u00e0 de m\u00e9morables pol\u00e9miques et \u201cengueulades\u201d. A la fin de sa vie, atteint de g\u00e2tisme, il ne cessa de se r\u00e9pandre publiquement sur l\u2019amiti\u00e9 qui nous avait toujours li\u00e9s. Naufrage de la vieillesse!<\/p>\n\n\n\n<p class=\"wp-block-paragraph\"><strong>Nous vend\u00eemes ch\u00e8rement notre peau.\u00a0 Il n\u2019existait aucune possibilit\u00e9 d\u2019arracher le si\u00e8ge de d\u00e9put\u00e9 mais nous pr\u00eemes l\u2019\u00e9ch\u00e9ance tr\u00e8s au s\u00e9rieux. Notre investissement fut total. Ma suppl\u00e9ante, Fernande T\u00e2che, j\u2019ai \u00e9voqu\u00e9 pr\u00e9c\u00e9demment son nom, joua \u00e9videmment un r\u00f4le mais sa pr\u00e9sence \u00e9tait avant tout symbolique. <\/strong>Nous l\u2019avions choisie pour rassurer les anciens, \u00e9ventuellement troubl\u00e9s par la jeunesse du candidat. Parmi les Rueillois, Ren\u00e9e Pacouret, m\u2019\u00e9paula beaucoup dans mes \u00e9crits. L\u2019aide purement politique, en termes de conseils, v\u00eent surtout de Saint-Cloud et de Garches. Michel Verdaguer, tout en r\u00e9sidant \u00e0 Houilles, \u00e9tait la personnalit\u00e9 communiste majeure de Saint-Cloud. Quelques mots sur ce jeune et brillant intellectuel qui s\u2019est \u00e9loign\u00e9 du parti \u00e0 la fin des ann\u00e9es soixante-dix \u00e0 mon grand regret. Fils de parents ouvriers du Languedoc, boursier, il avait d\u00e9croch\u00e9 \u00e0 vingt-deux ans une agr\u00e9gation de chimie. Professeur \u00e0 l&rsquo;\u00c9cole nationale sup\u00e9rieure de Saint-Cloud, ses talents avaient tap\u00e9 dans l&rsquo;\u0153il des dirigeants communistes de la f\u00e9d\u00e9ration qui d\u00e8s cette ann\u00e9e 1967 avait fait en sorte qu\u2019il soit \u00e9lu membre de la direction f\u00e9d\u00e9rale. Il partit ensuite professionnellement d\u00e8s le d\u00e9but des ann\u00e9es soixante-dix \u00e0 Orsay-Paris XI et devient un des secr\u00e9taires nationaux du Snes-sup. Mon dernier contact politique avec lui date de 1978 et de la crise qui avait r\u00e9sult\u00e9 de l\u2019affaire Fiszbin.<\/p>\n\n\n\n<p class=\"wp-block-paragraph\">C\u2019est autour de la famille Rabat\u00e9 que vivait la section de Garches. Je reviendrai plus loin sur le r\u00f4le de Jean, journaliste \u00e0 <em>l\u2019Humanit\u00e9<\/em>, qui n\u2019avait pas pour cette \u00e9lection pu \u00eatre mon suppl\u00e9ant. Mes rapports les plus intenses alors furent avec sa m\u00e8re. Maria Rabat\u00e9 \u00e9tait une forte personnalit\u00e9. Institutrice au lendemain de la premi\u00e8re guerre mondiale, elle avait \u00e9t\u00e9 r\u00e9voqu\u00e9e d\u00e8s le d\u00e9but des ann\u00e9es vingt pour un refus de faire chanter la Marseillaise \u00e0 ses \u00e9l\u00e8ves. Son mari Octave fut un permanent syndical des m\u00e9taux li\u00e9s \u00e0 la troisi\u00e8me internationale et assura une partie des liaisons de Moscou avec les partis d\u2019Am\u00e9rique latine. Envoy\u00e9 en Espagne lors du soul\u00e8vement des Asturies, il y fit de la prison. Santiago Carillo nous dit (j\u2019\u00e9tais ce jour-l\u00e0 avec Jean Rabat\u00e9) avoir partag\u00e9 avec lui en prison la m\u00eame cellule. Maria avait v\u00e9cu avec son \u00e9poux une bonne partie de leurs d\u00e9placements de l\u2019Union sovi\u00e9tique \u00e0 l\u2019Espagne. Elle \u00e9chappa, tout en \u00e9tant r\u00e9sistante, \u00e0 la d\u00e9portation que v\u00e9cut Octave. Ce dernier eut une conduite h\u00e9ro\u00efque \u00e0 Mauthausen.\u00a0 Maria \u00e9tait peu diserte sur cette p\u00e9riode mais quand elle parlait, c\u2019est tout un pan de notre histoire qui surgissait. Quarante-cinq ans apr\u00e8s sa r\u00e9vocation de l\u2019Education nationale, elle n\u2019en \u00e9tait plus \u00e0 ses contestations tapageuses, mais pleine de verve, aucun des traits rapaces, mesquins ou hautains de la bourgeoisie ne trouvait gr\u00e2ce \u00e0 ses yeux. Ses r\u00e9pliques \u00e9taient percutantes. Elle fut d\u00e9put\u00e9e du 14\u00e8me arrondissement de Paris \u00e0 la Lib\u00e9ration et membre du comit\u00e9 central. Retrait\u00e9e, elle continuait d\u2019avoir une activit\u00e9 aupr\u00e8s de la direction des \u00e9lus communistes, cultivait \u00e0 Garches un petit r\u00e9seau de quelques familles hupp\u00e9es et conservait ses petites et grandes entr\u00e9es \u00e0 l\u2019h\u00f4pital Raymond Poincar\u00e9. Elle m\u2019en fit amplement profiter. <strong>J\u2019ai eu pour cette campagne \u00e9lectorale, sans que les retomb\u00e9es en fussent quantifiables, des contacts politiques et des dialogues que ma situation d\u2019inconnu rendait inenvisageables. Cette femme admirable n\u2019eut pas, apr\u00e8s son court passage comme membre du comit\u00e9 central au lendemain de la guerre, de plus amples responsabilit\u00e9s. Ce fut bien dommage! P\u00e9tillante et intelligente, elle aurait certainement rendu de fiers services \u00e0 une direction politique qui n\u2019a pas brill\u00e9 par son avant-gardisme f\u00e9ministe. <\/strong>C\u2019est gr\u00e2ce \u00e0 elle, et \u00e0 Juliette Dubois-Plissonnier qui repr\u00e9sentait la f\u00e9d\u00e9ration dans notre collectif de direction, que Jacques Duclos vint \u00e0 Rueil pour mon meeting final. Je garde de cette r\u00e9union publique un souvenir tr\u00e8s mitig\u00e9. Duclos n\u2019avait plus en 1967 l\u2019aura qu\u2019il avait eue apr\u00e8s-guerre, et n\u2019avait pas encore celle que sa formidable campagne deux ans plus tard lui donna. Le pr\u00e9au de l\u2019\u00e9cole de la place de l\u2019\u00e9glise de Rueil \u00e9tait tout juste plein. L\u2019assistance \u00e9tait vieillotte. Les photos de la soir\u00e9e, que je garde pr\u00e9cieusement en font foi. <strong>J\u2019avais parl\u00e9 en avant-premi\u00e8re. Duclos avait ensuite \u00e9t\u00e9 long, tr\u00e8s long. J\u2019ai en m\u00e9moire sa tirade finale s\u2019adressant \u00e0 toutes les cat\u00e9gories de la population, ouvriers, artisans, commer\u00e7ants, employ\u00e9s, aux \u201cvieux papas\u201d et \u201cvieilles mamans\u00a0\u00bb et les enjoignant de voter pour moi. J\u2019avais trouv\u00e9 ces images ridicules. Le discours datait et j\u2019\u00e9tais conscient qu\u2019il aurait fallu tout autre chose. Mais quoi? Pas plus que les autres communistes je ne le perceva<\/strong>is.<\/p>","protected":false},"excerpt":{"rendered":"<p>Nos R\u00e9volutions a l\u2019honneur de publier les m\u00e9moires de Michel Duffour. Militant communiste des ann\u00e9es 60 jusqu\u2019\u00e0 aujourd\u2019hui, Michel Duffour fut secr\u00e9taire de section, \u00e9lu local, s\u00e9nateur, ministre\u2026 Un engagement politique ininterrompu, que nous aurons la chance de suivre, chaque semaine, au fil des pages de ses m\u00e9moires.<\/p>","protected":false},"author":33,"featured_media":6630,"comment_status":"closed","ping_status":"closed","sticky":false,"template":"","format":"standard","meta":{"_EventAllDay":false,"_EventTimezone":"","_EventStartDate":"","_EventEndDate":"","_EventStartDateUTC":"","_EventEndDateUTC":"","_EventShowMap":false,"_EventShowMapLink":false,"_EventURL":"","_EventCost":"","_EventCostDescription":"","_EventCurrencySymbol":"","_EventCurrencyCode":"","_EventCurrencyPosition":"","_EventDateTimeSeparator":"","_EventTimeRangeSeparator":"","_EventOrganizerID":[],"_EventVenueID":[],"_OrganizerEmail":"","_OrganizerPhone":"","_OrganizerWebsite":"","_VenueAddress":"","_VenueCity":"","_VenueCountry":"","_VenueProvince":"","_VenueState":"","_VenueZip":"","_VenuePhone":"","_VenueURL":"","_VenueStateProvince":"","_VenueLat":"","_VenueLng":"","_VenueShowMap":false,"_VenueShowMapLink":false,"footnotes":""},"categories":[13],"tags":[51,43],"class_list":["post-6629","post","type-post","status-publish","format-standard","has-post-thumbnail","hentry","category-articles","tag-gauche","tag-histoire"],"yoast_head":"<!-- This site is optimized with the Yoast SEO plugin v28.2 - https:\/\/yoast.com\/product\/yoast-seo-wordpress\/ -->\n<title>S\u00e9quences d\u2019une vie militante (6) - \u00c0 fond dans une vie de section - Nos R\u00e9volutions<\/title>\n<meta name=\"robots\" content=\"index, follow, max-snippet:-1, max-image-preview:large, max-video-preview:-1\" \/>\n<link rel=\"canonical\" href=\"https:\/\/nosrevolutions.fr\/en\/2026\/08\/31\/sequences-dune-vie-militante-6-a-fond-dans-une-vie-de-section\/\" \/>\n<meta property=\"og:locale\" content=\"en_GB\" \/>\n<meta property=\"og:type\" content=\"article\" \/>\n<meta property=\"og:title\" content=\"S\u00e9quences d\u2019une vie militante (6) - \u00c0 fond dans une vie de section - Nos R\u00e9volutions\" \/>\n<meta property=\"og:description\" content=\"Nos R\u00e9volutions a l\u2019honneur de publier les m\u00e9moires de Michel Duffour. Militant communiste des ann\u00e9es 60 jusqu\u2019\u00e0 aujourd\u2019hui, Michel Duffour fut secr\u00e9taire de section, \u00e9lu local, s\u00e9nateur, ministre\u2026 Un engagement politique ininterrompu, que nous aurons la chance de suivre, chaque semaine, au fil des pages de ses m\u00e9moires.\" \/>\n<meta property=\"og:url\" content=\"https:\/\/nosrevolutions.fr\/en\/2026\/08\/31\/sequences-dune-vie-militante-6-a-fond-dans-une-vie-de-section\/\" \/>\n<meta property=\"og:site_name\" content=\"Nos R\u00e9volutions\" \/>\n<meta property=\"article:published_time\" content=\"2026-08-31T09:28:37+00:00\" \/>\n<meta property=\"article:modified_time\" content=\"2026-08-31T09:28:38+00:00\" \/>\n<meta property=\"og:image\" content=\"https:\/\/nosrevolutions.fr\/wp-content\/uploads\/2026\/08\/Vignette_Duffour_6.png\" \/>\n\t<meta property=\"og:image:width\" content=\"1000\" \/>\n\t<meta property=\"og:image:height\" content=\"562\" \/>\n\t<meta property=\"og:image:type\" content=\"image\/png\" \/>\n<meta name=\"author\" content=\"Michel Duffour\" \/>\n<meta name=\"twitter:card\" content=\"summary_large_image\" \/>\n<meta name=\"twitter:creator\" content=\"@NosRevolutions\" \/>\n<meta name=\"twitter:site\" content=\"@NosRevolutions\" \/>\n<meta name=\"twitter:label1\" content=\"Written by\" \/>\n\t<meta name=\"twitter:data1\" content=\"Michel Duffour\" \/>\n\t<meta name=\"twitter:label2\" content=\"Estimated reading time\" \/>\n\t<meta name=\"twitter:data2\" content=\"16 minutes\" \/>\n<script type=\"application\/ld+json\" class=\"yoast-schema-graph\">{\"@context\":\"https:\\\/\\\/schema.org\",\"@graph\":[{\"@type\":\"Article\",\"@id\":\"https:\\\/\\\/nosrevolutions.fr\\\/2026\\\/08\\\/31\\\/sequences-dune-vie-militante-6-a-fond-dans-une-vie-de-section\\\/#article\",\"isPartOf\":{\"@id\":\"https:\\\/\\\/nosrevolutions.fr\\\/2026\\\/08\\\/31\\\/sequences-dune-vie-militante-6-a-fond-dans-une-vie-de-section\\\/\"},\"author\":{\"name\":\"Michel Duffour\",\"@id\":\"https:\\\/\\\/nosrevolutions.fr\\\/#\\\/schema\\\/person\\\/af6ff3c6dd44d128150336c132d41e92\"},\"headline\":\"S\u00e9quences d\u2019une vie militante (6) &#8211; \u00c0 fond dans une vie de section\",\"datePublished\":\"2026-08-31T09:28:37+00:00\",\"dateModified\":\"2026-08-31T09:28:38+00:00\",\"mainEntityOfPage\":{\"@id\":\"https:\\\/\\\/nosrevolutions.fr\\\/2026\\\/08\\\/31\\\/sequences-dune-vie-militante-6-a-fond-dans-une-vie-de-section\\\/\"},\"wordCount\":3369,\"publisher\":{\"@id\":\"https:\\\/\\\/nosrevolutions.fr\\\/#organization\"},\"image\":{\"@id\":\"https:\\\/\\\/nosrevolutions.fr\\\/2026\\\/08\\\/31\\\/sequences-dune-vie-militante-6-a-fond-dans-une-vie-de-section\\\/#primaryimage\"},\"thumbnailUrl\":\"https:\\\/\\\/nosrevolutions.fr\\\/wp-content\\\/uploads\\\/2026\\\/08\\\/Vignette_Duffour_6.png\",\"keywords\":[\"Gauche\",\"Histoire\"],\"articleSection\":[\"Articles\"],\"inLanguage\":\"en-GB\"},{\"@type\":\"WebPage\",\"@id\":\"https:\\\/\\\/nosrevolutions.fr\\\/2026\\\/08\\\/31\\\/sequences-dune-vie-militante-6-a-fond-dans-une-vie-de-section\\\/\",\"url\":\"https:\\\/\\\/nosrevolutions.fr\\\/2026\\\/08\\\/31\\\/sequences-dune-vie-militante-6-a-fond-dans-une-vie-de-section\\\/\",\"name\":\"S\u00e9quences d\u2019une vie militante (6) - \u00c0 fond dans une vie de section - Nos R\u00e9volutions\",\"isPartOf\":{\"@id\":\"https:\\\/\\\/nosrevolutions.fr\\\/#website\"},\"primaryImageOfPage\":{\"@id\":\"https:\\\/\\\/nosrevolutions.fr\\\/2026\\\/08\\\/31\\\/sequences-dune-vie-militante-6-a-fond-dans-une-vie-de-section\\\/#primaryimage\"},\"image\":{\"@id\":\"https:\\\/\\\/nosrevolutions.fr\\\/2026\\\/08\\\/31\\\/sequences-dune-vie-militante-6-a-fond-dans-une-vie-de-section\\\/#primaryimage\"},\"thumbnailUrl\":\"https:\\\/\\\/nosrevolutions.fr\\\/wp-content\\\/uploads\\\/2026\\\/08\\\/Vignette_Duffour_6.png\",\"datePublished\":\"2026-08-31T09:28:37+00:00\",\"dateModified\":\"2026-08-31T09:28:38+00:00\",\"breadcrumb\":{\"@id\":\"https:\\\/\\\/nosrevolutions.fr\\\/2026\\\/08\\\/31\\\/sequences-dune-vie-militante-6-a-fond-dans-une-vie-de-section\\\/#breadcrumb\"},\"inLanguage\":\"en-GB\",\"potentialAction\":[{\"@type\":\"ReadAction\",\"target\":[\"https:\\\/\\\/nosrevolutions.fr\\\/2026\\\/08\\\/31\\\/sequences-dune-vie-militante-6-a-fond-dans-une-vie-de-section\\\/\"]}]},{\"@type\":\"ImageObject\",\"inLanguage\":\"en-GB\",\"@id\":\"https:\\\/\\\/nosrevolutions.fr\\\/2026\\\/08\\\/31\\\/sequences-dune-vie-militante-6-a-fond-dans-une-vie-de-section\\\/#primaryimage\",\"url\":\"https:\\\/\\\/nosrevolutions.fr\\\/wp-content\\\/uploads\\\/2026\\\/08\\\/Vignette_Duffour_6.png\",\"contentUrl\":\"https:\\\/\\\/nosrevolutions.fr\\\/wp-content\\\/uploads\\\/2026\\\/08\\\/Vignette_Duffour_6.png\",\"width\":1000,\"height\":562},{\"@type\":\"BreadcrumbList\",\"@id\":\"https:\\\/\\\/nosrevolutions.fr\\\/2026\\\/08\\\/31\\\/sequences-dune-vie-militante-6-a-fond-dans-une-vie-de-section\\\/#breadcrumb\",\"itemListElement\":[{\"@type\":\"ListItem\",\"position\":1,\"name\":\"Accueil\",\"item\":\"https:\\\/\\\/nosrevolutions.fr\\\/\"},{\"@type\":\"ListItem\",\"position\":2,\"name\":\"S\u00e9quences d\u2019une vie militante (6) &#8211; \u00c0 fond dans une vie de section\"}]},{\"@type\":\"WebSite\",\"@id\":\"https:\\\/\\\/nosrevolutions.fr\\\/#website\",\"url\":\"https:\\\/\\\/nosrevolutions.fr\\\/\",\"name\":\"Nos R\u00e9volutions\",\"description\":\"Communisme et mouvement social\",\"publisher\":{\"@id\":\"https:\\\/\\\/nosrevolutions.fr\\\/#organization\"},\"potentialAction\":[{\"@type\":\"SearchAction\",\"target\":{\"@type\":\"EntryPoint\",\"urlTemplate\":\"https:\\\/\\\/nosrevolutions.fr\\\/?s={search_term_string}\"},\"query-input\":{\"@type\":\"PropertyValueSpecification\",\"valueRequired\":true,\"valueName\":\"search_term_string\"}}],\"inLanguage\":\"en-GB\"},{\"@type\":\"Organization\",\"@id\":\"https:\\\/\\\/nosrevolutions.fr\\\/#organization\",\"name\":\"Nos R\u00e9volutions\",\"url\":\"https:\\\/\\\/nosrevolutions.fr\\\/\",\"logo\":{\"@type\":\"ImageObject\",\"inLanguage\":\"en-GB\",\"@id\":\"https:\\\/\\\/nosrevolutions.fr\\\/#\\\/schema\\\/logo\\\/image\\\/\",\"url\":\"https:\\\/\\\/nosrevolutions.fr\\\/wp-content\\\/uploads\\\/2022\\\/09\\\/nrs_logo_noir.png\",\"contentUrl\":\"https:\\\/\\\/nosrevolutions.fr\\\/wp-content\\\/uploads\\\/2022\\\/09\\\/nrs_logo_noir.png\",\"width\":2000,\"height\":501,\"caption\":\"Nos R\u00e9volutions\"},\"image\":{\"@id\":\"https:\\\/\\\/nosrevolutions.fr\\\/#\\\/schema\\\/logo\\\/image\\\/\"},\"sameAs\":[\"https:\\\/\\\/x.com\\\/NosRevolutions\"]},{\"@type\":\"Person\",\"@id\":\"https:\\\/\\\/nosrevolutions.fr\\\/#\\\/schema\\\/person\\\/af6ff3c6dd44d128150336c132d41e92\",\"name\":\"Michel Duffour\",\"image\":{\"@type\":\"ImageObject\",\"inLanguage\":\"en-GB\",\"@id\":\"https:\\\/\\\/secure.gravatar.com\\\/avatar\\\/fa2c2eabdb5b8fef608e89bbb88547e3a23687b375c3b18b68de3b09314a1b33?s=96&d=mm&r=g\",\"url\":\"https:\\\/\\\/secure.gravatar.com\\\/avatar\\\/fa2c2eabdb5b8fef608e89bbb88547e3a23687b375c3b18b68de3b09314a1b33?s=96&d=mm&r=g\",\"contentUrl\":\"https:\\\/\\\/secure.gravatar.com\\\/avatar\\\/fa2c2eabdb5b8fef608e89bbb88547e3a23687b375c3b18b68de3b09314a1b33?s=96&d=mm&r=g\",\"caption\":\"Michel Duffour\"},\"url\":\"https:\\\/\\\/nosrevolutions.fr\\\/en\\\/author\\\/michelduffour\\\/\"}]}<\/script>\n<!-- \/ Yoast SEO plugin. -->","yoast_head_json":{"title":"S\u00e9quences d\u2019une vie militante (6) - \u00c0 fond dans une vie de section - Nos R\u00e9volutions","robots":{"index":"index","follow":"follow","max-snippet":"max-snippet:-1","max-image-preview":"max-image-preview:large","max-video-preview":"max-video-preview:-1"},"canonical":"https:\/\/nosrevolutions.fr\/en\/2026\/08\/31\/sequences-dune-vie-militante-6-a-fond-dans-une-vie-de-section\/","og_locale":"en_GB","og_type":"article","og_title":"S\u00e9quences d\u2019une vie militante (6) - \u00c0 fond dans une vie de section - Nos R\u00e9volutions","og_description":"Nos R\u00e9volutions a l\u2019honneur de publier les m\u00e9moires de Michel Duffour. Militant communiste des ann\u00e9es 60 jusqu\u2019\u00e0 aujourd\u2019hui, Michel Duffour fut secr\u00e9taire de section, \u00e9lu local, s\u00e9nateur, ministre\u2026 Un engagement politique ininterrompu, que nous aurons la chance de suivre, chaque semaine, au fil des pages de ses m\u00e9moires.","og_url":"https:\/\/nosrevolutions.fr\/en\/2026\/08\/31\/sequences-dune-vie-militante-6-a-fond-dans-une-vie-de-section\/","og_site_name":"Nos R\u00e9volutions","article_published_time":"2026-08-31T09:28:37+00:00","article_modified_time":"2026-08-31T09:28:38+00:00","og_image":[{"width":1000,"height":562,"url":"https:\/\/nosrevolutions.fr\/wp-content\/uploads\/2026\/08\/Vignette_Duffour_6.png","type":"image\/png"}],"author":"Michel Duffour","twitter_card":"summary_large_image","twitter_creator":"@NosRevolutions","twitter_site":"@NosRevolutions","twitter_misc":{"Written by":"Michel Duffour","Estimated reading time":"16 minutes"},"schema":{"@context":"https:\/\/schema.org","@graph":[{"@type":"Article","@id":"https:\/\/nosrevolutions.fr\/2026\/08\/31\/sequences-dune-vie-militante-6-a-fond-dans-une-vie-de-section\/#article","isPartOf":{"@id":"https:\/\/nosrevolutions.fr\/2026\/08\/31\/sequences-dune-vie-militante-6-a-fond-dans-une-vie-de-section\/"},"author":{"name":"Michel Duffour","@id":"https:\/\/nosrevolutions.fr\/#\/schema\/person\/af6ff3c6dd44d128150336c132d41e92"},"headline":"S\u00e9quences d\u2019une vie militante (6) &#8211; \u00c0 fond dans une vie de section","datePublished":"2026-08-31T09:28:37+00:00","dateModified":"2026-08-31T09:28:38+00:00","mainEntityOfPage":{"@id":"https:\/\/nosrevolutions.fr\/2026\/08\/31\/sequences-dune-vie-militante-6-a-fond-dans-une-vie-de-section\/"},"wordCount":3369,"publisher":{"@id":"https:\/\/nosrevolutions.fr\/#organization"},"image":{"@id":"https:\/\/nosrevolutions.fr\/2026\/08\/31\/sequences-dune-vie-militante-6-a-fond-dans-une-vie-de-section\/#primaryimage"},"thumbnailUrl":"https:\/\/nosrevolutions.fr\/wp-content\/uploads\/2026\/08\/Vignette_Duffour_6.png","keywords":["Gauche","Histoire"],"articleSection":["Articles"],"inLanguage":"en-GB"},{"@type":"WebPage","@id":"https:\/\/nosrevolutions.fr\/2026\/08\/31\/sequences-dune-vie-militante-6-a-fond-dans-une-vie-de-section\/","url":"https:\/\/nosrevolutions.fr\/2026\/08\/31\/sequences-dune-vie-militante-6-a-fond-dans-une-vie-de-section\/","name":"S\u00e9quences d\u2019une vie militante (6) - \u00c0 fond dans une vie de section - Nos R\u00e9volutions","isPartOf":{"@id":"https:\/\/nosrevolutions.fr\/#website"},"primaryImageOfPage":{"@id":"https:\/\/nosrevolutions.fr\/2026\/08\/31\/sequences-dune-vie-militante-6-a-fond-dans-une-vie-de-section\/#primaryimage"},"image":{"@id":"https:\/\/nosrevolutions.fr\/2026\/08\/31\/sequences-dune-vie-militante-6-a-fond-dans-une-vie-de-section\/#primaryimage"},"thumbnailUrl":"https:\/\/nosrevolutions.fr\/wp-content\/uploads\/2026\/08\/Vignette_Duffour_6.png","datePublished":"2026-08-31T09:28:37+00:00","dateModified":"2026-08-31T09:28:38+00:00","breadcrumb":{"@id":"https:\/\/nosrevolutions.fr\/2026\/08\/31\/sequences-dune-vie-militante-6-a-fond-dans-une-vie-de-section\/#breadcrumb"},"inLanguage":"en-GB","potentialAction":[{"@type":"ReadAction","target":["https:\/\/nosrevolutions.fr\/2026\/08\/31\/sequences-dune-vie-militante-6-a-fond-dans-une-vie-de-section\/"]}]},{"@type":"ImageObject","inLanguage":"en-GB","@id":"https:\/\/nosrevolutions.fr\/2026\/08\/31\/sequences-dune-vie-militante-6-a-fond-dans-une-vie-de-section\/#primaryimage","url":"https:\/\/nosrevolutions.fr\/wp-content\/uploads\/2026\/08\/Vignette_Duffour_6.png","contentUrl":"https:\/\/nosrevolutions.fr\/wp-content\/uploads\/2026\/08\/Vignette_Duffour_6.png","width":1000,"height":562},{"@type":"BreadcrumbList","@id":"https:\/\/nosrevolutions.fr\/2026\/08\/31\/sequences-dune-vie-militante-6-a-fond-dans-une-vie-de-section\/#breadcrumb","itemListElement":[{"@type":"ListItem","position":1,"name":"Accueil","item":"https:\/\/nosrevolutions.fr\/"},{"@type":"ListItem","position":2,"name":"S\u00e9quences d\u2019une vie militante (6) &#8211; \u00c0 fond dans une vie de section"}]},{"@type":"WebSite","@id":"https:\/\/nosrevolutions.fr\/#website","url":"https:\/\/nosrevolutions.fr\/","name":"Nos R\u00e9volutions","description":"Communisme et mouvement social","publisher":{"@id":"https:\/\/nosrevolutions.fr\/#organization"},"potentialAction":[{"@type":"SearchAction","target":{"@type":"EntryPoint","urlTemplate":"https:\/\/nosrevolutions.fr\/?s={search_term_string}"},"query-input":{"@type":"PropertyValueSpecification","valueRequired":true,"valueName":"search_term_string"}}],"inLanguage":"en-GB"},{"@type":"Organization","@id":"https:\/\/nosrevolutions.fr\/#organization","name":"Nos R\u00e9volutions","url":"https:\/\/nosrevolutions.fr\/","logo":{"@type":"ImageObject","inLanguage":"en-GB","@id":"https:\/\/nosrevolutions.fr\/#\/schema\/logo\/image\/","url":"https:\/\/nosrevolutions.fr\/wp-content\/uploads\/2022\/09\/nrs_logo_noir.png","contentUrl":"https:\/\/nosrevolutions.fr\/wp-content\/uploads\/2022\/09\/nrs_logo_noir.png","width":2000,"height":501,"caption":"Nos R\u00e9volutions"},"image":{"@id":"https:\/\/nosrevolutions.fr\/#\/schema\/logo\/image\/"},"sameAs":["https:\/\/x.com\/NosRevolutions"]},{"@type":"Person","@id":"https:\/\/nosrevolutions.fr\/#\/schema\/person\/af6ff3c6dd44d128150336c132d41e92","name":"Michel Duffour","image":{"@type":"ImageObject","inLanguage":"en-GB","@id":"https:\/\/secure.gravatar.com\/avatar\/fa2c2eabdb5b8fef608e89bbb88547e3a23687b375c3b18b68de3b09314a1b33?s=96&d=mm&r=g","url":"https:\/\/secure.gravatar.com\/avatar\/fa2c2eabdb5b8fef608e89bbb88547e3a23687b375c3b18b68de3b09314a1b33?s=96&d=mm&r=g","contentUrl":"https:\/\/secure.gravatar.com\/avatar\/fa2c2eabdb5b8fef608e89bbb88547e3a23687b375c3b18b68de3b09314a1b33?s=96&d=mm&r=g","caption":"Michel Duffour"},"url":"https:\/\/nosrevolutions.fr\/en\/author\/michelduffour\/"}]}},"_links":{"self":[{"href":"https:\/\/nosrevolutions.fr\/en\/wp-json\/wp\/v2\/posts\/6629","targetHints":{"allow":["GET"]}}],"collection":[{"href":"https:\/\/nosrevolutions.fr\/en\/wp-json\/wp\/v2\/posts"}],"about":[{"href":"https:\/\/nosrevolutions.fr\/en\/wp-json\/wp\/v2\/types\/post"}],"author":[{"embeddable":true,"href":"https:\/\/nosrevolutions.fr\/en\/wp-json\/wp\/v2\/users\/33"}],"replies":[{"embeddable":true,"href":"https:\/\/nosrevolutions.fr\/en\/wp-json\/wp\/v2\/comments?post=6629"}],"version-history":[{"count":1,"href":"https:\/\/nosrevolutions.fr\/en\/wp-json\/wp\/v2\/posts\/6629\/revisions"}],"predecessor-version":[{"id":6631,"href":"https:\/\/nosrevolutions.fr\/en\/wp-json\/wp\/v2\/posts\/6629\/revisions\/6631"}],"wp:featuredmedia":[{"embeddable":true,"href":"https:\/\/nosrevolutions.fr\/en\/wp-json\/wp\/v2\/media\/6630"}],"wp:attachment":[{"href":"https:\/\/nosrevolutions.fr\/en\/wp-json\/wp\/v2\/media?parent=6629"}],"wp:term":[{"taxonomy":"category","embeddable":true,"href":"https:\/\/nosrevolutions.fr\/en\/wp-json\/wp\/v2\/categories?post=6629"},{"taxonomy":"post_tag","embeddable":true,"href":"https:\/\/nosrevolutions.fr\/en\/wp-json\/wp\/v2\/tags?post=6629"}],"curies":[{"name":"wp","href":"https:\/\/api.w.org\/{rel}","templated":true}]}}