{"id":6139,"date":"2026-04-30T14:10:25","date_gmt":"2026-04-30T12:10:25","guid":{"rendered":"https:\/\/nosrevolutions.fr\/?p=6139"},"modified":"2026-04-30T14:10:26","modified_gmt":"2026-04-30T12:10:26","slug":"kidnapping-par-israel-des-membres-de-la-flottille-mobilisons-nous","status":"publish","type":"post","link":"https:\/\/nosrevolutions.fr\/en\/2026\/04\/30\/kidnapping-par-israel-des-membres-de-la-flottille-mobilisons-nous\/","title":{"rendered":"Kidnapping par Isra\u00ebl des membres de la Flottille : mobilisons-nous !"},"content":{"rendered":"<p>Nous participions aujourd\u2019hui \u00e0 la conf\u00e9rence de presse de crise organis\u00e9e par la Global Sumud Flotilla, apr\u00e8s l\u2019attaque d\u2019une gravit\u00e9 exceptionnelle men\u00e9e cette nuit contre le convoi humanitaire.<\/p>\n\n\n\n<p>\u00c0 partir de 21h00, la flottille a \u00e9t\u00e9 attaqu\u00e9e en pleine mer, en eaux internationales, et possiblement dans les eaux grecques, par plusieurs drones et b\u00e2timents militaires isra\u00e9liens. Par radio, les forces arm\u00e9es isra\u00e9liennes ont ordonn\u00e9 aux navires de faire demi-tour. Les membres de la flottille ont refus\u00e9.<\/p>\n\n\n\n<p>Dans la foul\u00e9e, des militaires isra\u00e9liens arm\u00e9s ont abord\u00e9 les bateaux.<\/p>\n\n\n\n<p>Le bilan est lourd : 175 personnes ont \u00e9t\u00e9 kidnapp\u00e9es, dont 11 ressortissants fran\u00e7ais, ainsi que des observateurs palestiniens. \u00c0 cette heure, aucune information fiable n\u2019est disponible sur leur lieu de d\u00e9tention.<\/p>\n\n\n\n<p>La situation est particuli\u00e8rement alarmante pour les observateurs palestiniens, qui risquent aujourd\u2019hui la peine de mort, dans le cadre des r\u00e9centes \u00e9volutions l\u00e9gislatives fascistes adopt\u00e9es par la Knesset.<\/p>\n\n\n\n<p>Plus largement, il faut rappeler que les droits fondamentaux les plus \u00e9l\u00e9mentaires sont quotidiennement bafou\u00e9s par l\u2019\u00c9tat isra\u00e9lien. Dans ce contexte, nos camarades captur\u00e9s risquent de voir leurs droits les plus essentiels viol\u00e9s : droit \u00e0 un proc\u00e8s \u00e9quitable, acc\u00e8s \u00e0 une d\u00e9fense, conditions de d\u00e9tention dignes.<\/p>\n\n\n\n<p>Le silence et l\u2019opacit\u00e9 qui entourent leur d\u00e9tention renforcent encore l\u2019inqui\u00e9tude et exigent une r\u00e9action imm\u00e9diate.<\/p>\n\n\n\n<p>Il s\u2019agit d\u2019un \u00e9v\u00e9nement sans pr\u00e9c\u00e9dent. C\u2019est la premi\u00e8re fois qu\u2019une flottille est intercept\u00e9e \u00e0 une telle distance de sa destination finale, \u00e0 plus de 1 200 km de Gaza. \u00c0 titre de comparaison, l\u2019interception la plus \u00e9loign\u00e9e jusqu\u2019ici (le Madleen, en juin 2025) s\u2019\u00e9tait d\u00e9roul\u00e9e \u00e0 185 km des c\u00f4tes. Nous sommes face \u00e0 une premi\u00e8re mondiale.<\/p>\n\n\n\n<p>Plus grave encore : plusieurs sources indiquent que certains bateaux auraient \u00e9t\u00e9 intercept\u00e9s dans les eaux territoriales grecques. Si cela est confirm\u00e9, il s\u2019agirait d\u2019une violation directe de la souverainet\u00e9 d\u2019un \u00c9tat membre de l\u2019Union europ\u00e9enne par des forces arm\u00e9es \u00e9trang\u00e8res. Il s\u2019agirait d\u2019un acte gravissime tant juridique que politiquement.<\/p>\n\n\n\n<p>La flottille s\u2019inscrit pourtant dans un cadre l\u00e9gal clair. Elle agit dans le respect du droit international et en application des d\u00e9cisions de la Cour internationale de justice, qui enjoint \u00e0 Isra\u00ebl de permettre l\u2019acheminement de l\u2019aide humanitaire vers Gaza.<br>L\u2019article 59 de la quatri\u00e8me Convention de Gen\u00e8ve est explicite : une puissance occupante a l\u2019obligation de faciliter les actions de secours lorsque la population est insuffisamment approvisionn\u00e9e.<\/p>\n\n\n\n<p>Intercepter un convoi humanitaire en mer constitue donc un usage ill\u00e9gal de la force, en violation de la Charte des Nations unies et du principe fondamental de libre navigation en eaux internationales.<\/p>\n\n\n\n<p>Isra\u00ebl a choisi d\u2019intervenir militairement dans des eaux qui ne rel\u00e8vent pas de sa juridiction, pour emp\u00eacher l\u2019acheminement de l\u2019aide et faire taire une initiative de solidarit\u00e9 internationale.<\/p>\n\n\n\n<p>Nous appelons \u00e0 une mobilisation imm\u00e9diate pour exiger la lib\u00e9ration des personnes kidnapp\u00e9es et la fin de l\u2019impunit\u00e9. <\/p>\n\n\n\n<p>Retrouvez la liste des rassemblements <a href=\"https:\/\/www.instagram.com\/p\/DXwIiLrDNTG\/?img_index=1\">sur les r\u00e9seaux de la Global Sumud Flotilla France<\/a>.<\/p>\n\n\n\n<p>#Alleyesontheflotilla<\/p>","protected":false},"excerpt":{"rendered":"<p>Nous participions aujourd\u2019hui \u00e0 la conf\u00e9rence de presse de crise organis\u00e9e par la Global Sumud Flotilla, apr\u00e8s l\u2019attaque d\u2019une gravit\u00e9 exceptionnelle men\u00e9e cette nuit contre le convoi humanitaire. \u00c0 partir [&hellip;]<\/p>\n","protected":false},"author":13,"featured_media":6140,"comment_status":"closed","ping_status":"closed","sticky":false,"template":"","format":"standard","meta":{"_EventAllDay":false,"_EventTimezone":"","_EventStartDate":"","_EventEndDate":"","_EventStartDateUTC":"","_EventEndDateUTC":"","_EventShowMap":false,"_EventShowMapLink":false,"_EventURL":"","_EventCost":"","_EventCostDescription":"","_EventCurrencySymbol":"","_EventCurrencyCode":"","_EventCurrencyPosition":"","_EventDateTimeSeparator":"","_EventTimeRangeSeparator":"","_EventOrganizerID":[],"_EventVenueID":[],"_OrganizerEmail":"","_OrganizerPhone":"","_OrganizerWebsite":"","_VenueAddress":"","_VenueCity":"","_VenueCountry":"","_VenueProvince":"","_VenueState":"","_VenueZip":"","_VenuePhone":"","_VenueURL":"","_VenueStateProvince":"","_VenueLat":"","_VenueLng":"","_VenueShowMap":false,"_VenueShowMapLink":false,"footnotes":""},"categories":[13],"tags":[15],"class_list":["post-6139","post","type-post","status-publish","format-standard","has-post-thumbnail","hentry","category-articles","tag-international"],"yoast_head":"<!-- This site is optimized with the Yoast SEO plugin v27.4 - https:\/\/yoast.com\/product\/yoast-seo-wordpress\/ -->\n<title>Kidnapping par Isra\u00ebl des membres de la Flottille : mobilisons-nous ! - Nos R\u00e9volutions<\/title>\n<meta name=\"robots\" content=\"index, follow, max-snippet:-1, max-image-preview:large, max-video-preview:-1\" \/>\n<link rel=\"canonical\" href=\"https:\/\/nosrevolutions.fr\/en\/2026\/04\/30\/kidnapping-par-israel-des-membres-de-la-flottille-mobilisons-nous\/\" \/>\n<meta property=\"og:locale\" content=\"en_GB\" \/>\n<meta property=\"og:type\" content=\"article\" \/>\n<meta property=\"og:title\" content=\"Kidnapping par Isra\u00ebl des membres de la Flottille : mobilisons-nous ! - Nos R\u00e9volutions\" \/>\n<meta property=\"og:description\" content=\"Nous participions aujourd\u2019hui \u00e0 la conf\u00e9rence de presse de crise organis\u00e9e par la Global Sumud Flotilla, apr\u00e8s l\u2019attaque d\u2019une gravit\u00e9 exceptionnelle men\u00e9e cette nuit contre le convoi humanitaire. \u00c0 partir [&hellip;]\" \/>\n<meta property=\"og:url\" content=\"https:\/\/nosrevolutions.fr\/en\/2026\/04\/30\/kidnapping-par-israel-des-membres-de-la-flottille-mobilisons-nous\/\" \/>\n<meta property=\"og:site_name\" content=\"Nos R\u00e9volutions\" \/>\n<meta property=\"article:published_time\" content=\"2026-04-30T12:10:25+00:00\" \/>\n<meta property=\"article:modified_time\" content=\"2026-04-30T12:10:26+00:00\" \/>\n<meta property=\"og:image\" content=\"https:\/\/nosrevolutions.fr\/wp-content\/uploads\/2026\/04\/Capture-de\u0301cran-2026-04-30-a\u0300-14.05.44.png\" \/>\n\t<meta property=\"og:image:width\" content=\"902\" \/>\n\t<meta property=\"og:image:height\" content=\"602\" \/>\n\t<meta property=\"og:image:type\" content=\"image\/png\" \/>\n<meta name=\"author\" content=\"Nos R\u00e9volutions\" \/>\n<meta name=\"twitter:card\" content=\"summary_large_image\" \/>\n<meta name=\"twitter:creator\" content=\"@NosRevolutions\" \/>\n<meta name=\"twitter:site\" content=\"@NosRevolutions\" \/>\n<meta name=\"twitter:label1\" content=\"Written by\" \/>\n\t<meta name=\"twitter:data1\" content=\"Nos R\u00e9volutions\" \/>\n\t<meta name=\"twitter:label2\" content=\"Estimated reading time\" \/>\n\t<meta name=\"twitter:data2\" content=\"3 minutes\" \/>\n<script type=\"application\/ld+json\" class=\"yoast-schema-graph\">{\"@context\":\"https:\\\/\\\/schema.org\",\"@graph\":[{\"@type\":\"Article\",\"@id\":\"https:\\\/\\\/nosrevolutions.fr\\\/2026\\\/04\\\/30\\\/kidnapping-par-israel-des-membres-de-la-flottille-mobilisons-nous\\\/#article\",\"isPartOf\":{\"@id\":\"https:\\\/\\\/nosrevolutions.fr\\\/2026\\\/04\\\/30\\\/kidnapping-par-israel-des-membres-de-la-flottille-mobilisons-nous\\\/\"},\"author\":{\"name\":\"Nos R\u00e9volutions\",\"@id\":\"https:\\\/\\\/nosrevolutions.fr\\\/#\\\/schema\\\/person\\\/c3aea8da5e2e56199c182dc7951c86ae\"},\"headline\":\"Kidnapping par Isra\u00ebl des membres de la Flottille : mobilisons-nous !\",\"datePublished\":\"2026-04-30T12:10:25+00:00\",\"dateModified\":\"2026-04-30T12:10:26+00:00\",\"mainEntityOfPage\":{\"@id\":\"https:\\\/\\\/nosrevolutions.fr\\\/2026\\\/04\\\/30\\\/kidnapping-par-israel-des-membres-de-la-flottille-mobilisons-nous\\\/\"},\"wordCount\":556,\"publisher\":{\"@id\":\"https:\\\/\\\/nosrevolutions.fr\\\/#organization\"},\"image\":{\"@id\":\"https:\\\/\\\/nosrevolutions.fr\\\/2026\\\/04\\\/30\\\/kidnapping-par-israel-des-membres-de-la-flottille-mobilisons-nous\\\/#primaryimage\"},\"thumbnailUrl\":\"https:\\\/\\\/nosrevolutions.fr\\\/wp-content\\\/uploads\\\/2026\\\/04\\\/Capture-de\u0301cran-2026-04-30-a\u0300-14.05.44.png\",\"keywords\":[\"International\"],\"articleSection\":[\"Articles\"],\"inLanguage\":\"en-GB\"},{\"@type\":\"WebPage\",\"@id\":\"https:\\\/\\\/nosrevolutions.fr\\\/2026\\\/04\\\/30\\\/kidnapping-par-israel-des-membres-de-la-flottille-mobilisons-nous\\\/\",\"url\":\"https:\\\/\\\/nosrevolutions.fr\\\/2026\\\/04\\\/30\\\/kidnapping-par-israel-des-membres-de-la-flottille-mobilisons-nous\\\/\",\"name\":\"Kidnapping par Isra\u00ebl des membres de la Flottille : mobilisons-nous ! - Nos R\u00e9volutions\",\"isPartOf\":{\"@id\":\"https:\\\/\\\/nosrevolutions.fr\\\/#website\"},\"primaryImageOfPage\":{\"@id\":\"https:\\\/\\\/nosrevolutions.fr\\\/2026\\\/04\\\/30\\\/kidnapping-par-israel-des-membres-de-la-flottille-mobilisons-nous\\\/#primaryimage\"},\"image\":{\"@id\":\"https:\\\/\\\/nosrevolutions.fr\\\/2026\\\/04\\\/30\\\/kidnapping-par-israel-des-membres-de-la-flottille-mobilisons-nous\\\/#primaryimage\"},\"thumbnailUrl\":\"https:\\\/\\\/nosrevolutions.fr\\\/wp-content\\\/uploads\\\/2026\\\/04\\\/Capture-de\u0301cran-2026-04-30-a\u0300-14.05.44.png\",\"datePublished\":\"2026-04-30T12:10:25+00:00\",\"dateModified\":\"2026-04-30T12:10:26+00:00\",\"breadcrumb\":{\"@id\":\"https:\\\/\\\/nosrevolutions.fr\\\/2026\\\/04\\\/30\\\/kidnapping-par-israel-des-membres-de-la-flottille-mobilisons-nous\\\/#breadcrumb\"},\"inLanguage\":\"en-GB\",\"potentialAction\":[{\"@type\":\"ReadAction\",\"target\":[\"https:\\\/\\\/nosrevolutions.fr\\\/2026\\\/04\\\/30\\\/kidnapping-par-israel-des-membres-de-la-flottille-mobilisons-nous\\\/\"]}]},{\"@type\":\"ImageObject\",\"inLanguage\":\"en-GB\",\"@id\":\"https:\\\/\\\/nosrevolutions.fr\\\/2026\\\/04\\\/30\\\/kidnapping-par-israel-des-membres-de-la-flottille-mobilisons-nous\\\/#primaryimage\",\"url\":\"https:\\\/\\\/nosrevolutions.fr\\\/wp-content\\\/uploads\\\/2026\\\/04\\\/Capture-de\u0301cran-2026-04-30-a\u0300-14.05.44.png\",\"contentUrl\":\"https:\\\/\\\/nosrevolutions.fr\\\/wp-content\\\/uploads\\\/2026\\\/04\\\/Capture-de\u0301cran-2026-04-30-a\u0300-14.05.44.png\",\"width\":902,\"height\":602},{\"@type\":\"BreadcrumbList\",\"@id\":\"https:\\\/\\\/nosrevolutions.fr\\\/2026\\\/04\\\/30\\\/kidnapping-par-israel-des-membres-de-la-flottille-mobilisons-nous\\\/#breadcrumb\",\"itemListElement\":[{\"@type\":\"ListItem\",\"position\":1,\"name\":\"Accueil\",\"item\":\"https:\\\/\\\/nosrevolutions.fr\\\/\"},{\"@type\":\"ListItem\",\"position\":2,\"name\":\"Kidnapping par Isra\u00ebl des membres de la Flottille : mobilisons-nous !\"}]},{\"@type\":\"WebSite\",\"@id\":\"https:\\\/\\\/nosrevolutions.fr\\\/#website\",\"url\":\"https:\\\/\\\/nosrevolutions.fr\\\/\",\"name\":\"Nos R\u00e9volutions\",\"description\":\"Communisme et mouvement social\",\"publisher\":{\"@id\":\"https:\\\/\\\/nosrevolutions.fr\\\/#organization\"},\"potentialAction\":[{\"@type\":\"SearchAction\",\"target\":{\"@type\":\"EntryPoint\",\"urlTemplate\":\"https:\\\/\\\/nosrevolutions.fr\\\/?s={search_term_string}\"},\"query-input\":{\"@type\":\"PropertyValueSpecification\",\"valueRequired\":true,\"valueName\":\"search_term_string\"}}],\"inLanguage\":\"en-GB\"},{\"@type\":\"Organization\",\"@id\":\"https:\\\/\\\/nosrevolutions.fr\\\/#organization\",\"name\":\"Nos R\u00e9volutions\",\"url\":\"https:\\\/\\\/nosrevolutions.fr\\\/\",\"logo\":{\"@type\":\"ImageObject\",\"inLanguage\":\"en-GB\",\"@id\":\"https:\\\/\\\/nosrevolutions.fr\\\/#\\\/schema\\\/logo\\\/image\\\/\",\"url\":\"https:\\\/\\\/nosrevolutions.fr\\\/wp-content\\\/uploads\\\/2022\\\/09\\\/nrs_logo_noir.png\",\"contentUrl\":\"https:\\\/\\\/nosrevolutions.fr\\\/wp-content\\\/uploads\\\/2022\\\/09\\\/nrs_logo_noir.png\",\"width\":2000,\"height\":501,\"caption\":\"Nos R\u00e9volutions\"},\"image\":{\"@id\":\"https:\\\/\\\/nosrevolutions.fr\\\/#\\\/schema\\\/logo\\\/image\\\/\"},\"sameAs\":[\"https:\\\/\\\/x.com\\\/NosRevolutions\"]},{\"@type\":\"Person\",\"@id\":\"https:\\\/\\\/nosrevolutions.fr\\\/#\\\/schema\\\/person\\\/c3aea8da5e2e56199c182dc7951c86ae\",\"name\":\"Nos R\u00e9volutions\",\"image\":{\"@type\":\"ImageObject\",\"inLanguage\":\"en-GB\",\"@id\":\"https:\\\/\\\/secure.gravatar.com\\\/avatar\\\/5b66aafc1d1954751b98548707685d2ee279f9752222f603485edff47f544d57?s=96&d=mm&r=g\",\"url\":\"https:\\\/\\\/secure.gravatar.com\\\/avatar\\\/5b66aafc1d1954751b98548707685d2ee279f9752222f603485edff47f544d57?s=96&d=mm&r=g\",\"contentUrl\":\"https:\\\/\\\/secure.gravatar.com\\\/avatar\\\/5b66aafc1d1954751b98548707685d2ee279f9752222f603485edff47f544d57?s=96&d=mm&r=g\",\"caption\":\"Nos R\u00e9volutions\"},\"url\":\"https:\\\/\\\/nosrevolutions.fr\\\/en\\\/author\\\/nosrevolutions\\\/\"}]}<\/script>\n<!-- \/ Yoast SEO plugin. -->","yoast_head_json":{"title":"Kidnapping par Isra\u00ebl des membres de la Flottille : mobilisons-nous ! - Nos R\u00e9volutions","robots":{"index":"index","follow":"follow","max-snippet":"max-snippet:-1","max-image-preview":"max-image-preview:large","max-video-preview":"max-video-preview:-1"},"canonical":"https:\/\/nosrevolutions.fr\/en\/2026\/04\/30\/kidnapping-par-israel-des-membres-de-la-flottille-mobilisons-nous\/","og_locale":"en_GB","og_type":"article","og_title":"Kidnapping par Isra\u00ebl des membres de la Flottille : mobilisons-nous ! - Nos R\u00e9volutions","og_description":"Nous participions aujourd\u2019hui \u00e0 la conf\u00e9rence de presse de crise organis\u00e9e par la Global Sumud Flotilla, apr\u00e8s l\u2019attaque d\u2019une gravit\u00e9 exceptionnelle men\u00e9e cette nuit contre le convoi humanitaire. \u00c0 partir [&hellip;]","og_url":"https:\/\/nosrevolutions.fr\/en\/2026\/04\/30\/kidnapping-par-israel-des-membres-de-la-flottille-mobilisons-nous\/","og_site_name":"Nos R\u00e9volutions","article_published_time":"2026-04-30T12:10:25+00:00","article_modified_time":"2026-04-30T12:10:26+00:00","og_image":[{"width":902,"height":602,"url":"https:\/\/nosrevolutions.fr\/wp-content\/uploads\/2026\/04\/Capture-de\u0301cran-2026-04-30-a\u0300-14.05.44.png","type":"image\/png"}],"author":"Nos R\u00e9volutions","twitter_card":"summary_large_image","twitter_creator":"@NosRevolutions","twitter_site":"@NosRevolutions","twitter_misc":{"Written by":"Nos R\u00e9volutions","Estimated reading time":"3 minutes"},"schema":{"@context":"https:\/\/schema.org","@graph":[{"@type":"Article","@id":"https:\/\/nosrevolutions.fr\/2026\/04\/30\/kidnapping-par-israel-des-membres-de-la-flottille-mobilisons-nous\/#article","isPartOf":{"@id":"https:\/\/nosrevolutions.fr\/2026\/04\/30\/kidnapping-par-israel-des-membres-de-la-flottille-mobilisons-nous\/"},"author":{"name":"Nos R\u00e9volutions","@id":"https:\/\/nosrevolutions.fr\/#\/schema\/person\/c3aea8da5e2e56199c182dc7951c86ae"},"headline":"Kidnapping par Isra\u00ebl des membres de la Flottille : mobilisons-nous !","datePublished":"2026-04-30T12:10:25+00:00","dateModified":"2026-04-30T12:10:26+00:00","mainEntityOfPage":{"@id":"https:\/\/nosrevolutions.fr\/2026\/04\/30\/kidnapping-par-israel-des-membres-de-la-flottille-mobilisons-nous\/"},"wordCount":556,"publisher":{"@id":"https:\/\/nosrevolutions.fr\/#organization"},"image":{"@id":"https:\/\/nosrevolutions.fr\/2026\/04\/30\/kidnapping-par-israel-des-membres-de-la-flottille-mobilisons-nous\/#primaryimage"},"thumbnailUrl":"https:\/\/nosrevolutions.fr\/wp-content\/uploads\/2026\/04\/Capture-de\u0301cran-2026-04-30-a\u0300-14.05.44.png","keywords":["International"],"articleSection":["Articles"],"inLanguage":"en-GB"},{"@type":"WebPage","@id":"https:\/\/nosrevolutions.fr\/2026\/04\/30\/kidnapping-par-israel-des-membres-de-la-flottille-mobilisons-nous\/","url":"https:\/\/nosrevolutions.fr\/2026\/04\/30\/kidnapping-par-israel-des-membres-de-la-flottille-mobilisons-nous\/","name":"Kidnapping par Isra\u00ebl des membres de la Flottille : mobilisons-nous ! - Nos R\u00e9volutions","isPartOf":{"@id":"https:\/\/nosrevolutions.fr\/#website"},"primaryImageOfPage":{"@id":"https:\/\/nosrevolutions.fr\/2026\/04\/30\/kidnapping-par-israel-des-membres-de-la-flottille-mobilisons-nous\/#primaryimage"},"image":{"@id":"https:\/\/nosrevolutions.fr\/2026\/04\/30\/kidnapping-par-israel-des-membres-de-la-flottille-mobilisons-nous\/#primaryimage"},"thumbnailUrl":"https:\/\/nosrevolutions.fr\/wp-content\/uploads\/2026\/04\/Capture-de\u0301cran-2026-04-30-a\u0300-14.05.44.png","datePublished":"2026-04-30T12:10:25+00:00","dateModified":"2026-04-30T12:10:26+00:00","breadcrumb":{"@id":"https:\/\/nosrevolutions.fr\/2026\/04\/30\/kidnapping-par-israel-des-membres-de-la-flottille-mobilisons-nous\/#breadcrumb"},"inLanguage":"en-GB","potentialAction":[{"@type":"ReadAction","target":["https:\/\/nosrevolutions.fr\/2026\/04\/30\/kidnapping-par-israel-des-membres-de-la-flottille-mobilisons-nous\/"]}]},{"@type":"ImageObject","inLanguage":"en-GB","@id":"https:\/\/nosrevolutions.fr\/2026\/04\/30\/kidnapping-par-israel-des-membres-de-la-flottille-mobilisons-nous\/#primaryimage","url":"https:\/\/nosrevolutions.fr\/wp-content\/uploads\/2026\/04\/Capture-de\u0301cran-2026-04-30-a\u0300-14.05.44.png","contentUrl":"https:\/\/nosrevolutions.fr\/wp-content\/uploads\/2026\/04\/Capture-de\u0301cran-2026-04-30-a\u0300-14.05.44.png","width":902,"height":602},{"@type":"BreadcrumbList","@id":"https:\/\/nosrevolutions.fr\/2026\/04\/30\/kidnapping-par-israel-des-membres-de-la-flottille-mobilisons-nous\/#breadcrumb","itemListElement":[{"@type":"ListItem","position":1,"name":"Accueil","item":"https:\/\/nosrevolutions.fr\/"},{"@type":"ListItem","position":2,"name":"Kidnapping par Isra\u00ebl des membres de la Flottille : mobilisons-nous !"}]},{"@type":"WebSite","@id":"https:\/\/nosrevolutions.fr\/#website","url":"https:\/\/nosrevolutions.fr\/","name":"Nos R\u00e9volutions","description":"Communisme et mouvement social","publisher":{"@id":"https:\/\/nosrevolutions.fr\/#organization"},"potentialAction":[{"@type":"SearchAction","target":{"@type":"EntryPoint","urlTemplate":"https:\/\/nosrevolutions.fr\/?s={search_term_string}"},"query-input":{"@type":"PropertyValueSpecification","valueRequired":true,"valueName":"search_term_string"}}],"inLanguage":"en-GB"},{"@type":"Organization","@id":"https:\/\/nosrevolutions.fr\/#organization","name":"Nos R\u00e9volutions","url":"https:\/\/nosrevolutions.fr\/","logo":{"@type":"ImageObject","inLanguage":"en-GB","@id":"https:\/\/nosrevolutions.fr\/#\/schema\/logo\/image\/","url":"https:\/\/nosrevolutions.fr\/wp-content\/uploads\/2022\/09\/nrs_logo_noir.png","contentUrl":"https:\/\/nosrevolutions.fr\/wp-content\/uploads\/2022\/09\/nrs_logo_noir.png","width":2000,"height":501,"caption":"Nos R\u00e9volutions"},"image":{"@id":"https:\/\/nosrevolutions.fr\/#\/schema\/logo\/image\/"},"sameAs":["https:\/\/x.com\/NosRevolutions"]},{"@type":"Person","@id":"https:\/\/nosrevolutions.fr\/#\/schema\/person\/c3aea8da5e2e56199c182dc7951c86ae","name":"Nos R\u00e9volutions","image":{"@type":"ImageObject","inLanguage":"en-GB","@id":"https:\/\/secure.gravatar.com\/avatar\/5b66aafc1d1954751b98548707685d2ee279f9752222f603485edff47f544d57?s=96&d=mm&r=g","url":"https:\/\/secure.gravatar.com\/avatar\/5b66aafc1d1954751b98548707685d2ee279f9752222f603485edff47f544d57?s=96&d=mm&r=g","contentUrl":"https:\/\/secure.gravatar.com\/avatar\/5b66aafc1d1954751b98548707685d2ee279f9752222f603485edff47f544d57?s=96&d=mm&r=g","caption":"Nos R\u00e9volutions"},"url":"https:\/\/nosrevolutions.fr\/en\/author\/nosrevolutions\/"}]}},"_links":{"self":[{"href":"https:\/\/nosrevolutions.fr\/en\/wp-json\/wp\/v2\/posts\/6139","targetHints":{"allow":["GET"]}}],"collection":[{"href":"https:\/\/nosrevolutions.fr\/en\/wp-json\/wp\/v2\/posts"}],"about":[{"href":"https:\/\/nosrevolutions.fr\/en\/wp-json\/wp\/v2\/types\/post"}],"author":[{"embeddable":true,"href":"https:\/\/nosrevolutions.fr\/en\/wp-json\/wp\/v2\/users\/13"}],"replies":[{"embeddable":true,"href":"https:\/\/nosrevolutions.fr\/en\/wp-json\/wp\/v2\/comments?post=6139"}],"version-history":[{"count":1,"href":"https:\/\/nosrevolutions.fr\/en\/wp-json\/wp\/v2\/posts\/6139\/revisions"}],"predecessor-version":[{"id":6141,"href":"https:\/\/nosrevolutions.fr\/en\/wp-json\/wp\/v2\/posts\/6139\/revisions\/6141"}],"wp:featuredmedia":[{"embeddable":true,"href":"https:\/\/nosrevolutions.fr\/en\/wp-json\/wp\/v2\/media\/6140"}],"wp:attachment":[{"href":"https:\/\/nosrevolutions.fr\/en\/wp-json\/wp\/v2\/media?parent=6139"}],"wp:term":[{"taxonomy":"category","embeddable":true,"href":"https:\/\/nosrevolutions.fr\/en\/wp-json\/wp\/v2\/categories?post=6139"},{"taxonomy":"post_tag","embeddable":true,"href":"https:\/\/nosrevolutions.fr\/en\/wp-json\/wp\/v2\/tags?post=6139"}],"curies":[{"name":"wp","href":"https:\/\/api.w.org\/{rel}","templated":true}]}}