{"id":6135,"date":"2026-04-27T15:18:06","date_gmt":"2026-04-27T13:18:06","guid":{"rendered":"https:\/\/nosrevolutions.fr\/?p=6135"},"modified":"2026-04-27T15:18:07","modified_gmt":"2026-04-27T13:18:07","slug":"en-debat-le-communisme-a-lepreuve-du-moment-politique","status":"publish","type":"post","link":"https:\/\/nosrevolutions.fr\/en\/2026\/04\/27\/en-debat-le-communisme-a-lepreuve-du-moment-politique\/","title":{"rendered":"EN D\u00c9BAT. Le communisme \u00e0 l\u2019\u00e9preuve du moment politique"},"content":{"rendered":"<p><em>Nous publions ce texte de Dominique Misslin, militant communiste \u00e0 Ivry-sur-Seine, \u00e0 propos du texte alternatif \u00ab <a href=\"https:\/\/communistesaloffensive.fr\/\">Communistes \u00e0 l\u2019offensive \u2013 Pour battre l\u2019extr\u00eame droite et ouvrir l\u2019espoir<\/a> \u00bb, pr\u00e9sent\u00e9 pour le 40\u1d49 congr\u00e8s du Parti communiste fran\u00e7ais.<\/em><\/p>\n\n\n\n<p>Dans le paysage souvent routinier des textes de congr\u00e8s, satur\u00e9s de formules attendues et d\u2019\u00e9quilibres internes, <strong>le document intitul\u00e9 <em>\u00ab Communistes \u00e0 l\u2019offensive \u2013 Pour battre l\u2019extr\u00eame droite et ouvrir l\u2019espoir \u00bb<\/em> pr\u00e9sente une singularit\u00e9 qui m\u00e9rite attention : il part de la conjoncture<\/strong>.<\/p>\n\n\n\n<p>Ce point de d\u00e9part, en apparence modeste, constitue en r\u00e9alit\u00e9 son geste th\u00e9orique principal. L\u00e0 o\u00f9 nombre de textes d\u2019orientation s\u2019installent d\u2019embl\u00e9e dans une g\u00e9n\u00e9ralit\u00e9 abstraite \u2014 la \u00ab crise syst\u00e9mique du capitalisme \u00bb, la \u00ab n\u00e9cessit\u00e9 du d\u00e9passement \u00bb \u2014 <strong>celui-ci choisit de prendre au s\u00e9rieux la situation politique concr\u00e8te : la possibilit\u00e9 effective de l\u2019accession au pouvoir du Rassemblement national<\/strong>.<\/p>\n\n\n\n<p>Ce d\u00e9placement n\u2019est pas anodin. Il r\u00e9introduit une notion que la gauche a souvent perdue de vue : celle de hi\u00e9rarchie des contradictions. Autrement dit, toutes les dimensions de la crise ne se valent pas politiquement \u00e0 un moment donn\u00e9. Et dans la p\u00e9riode ouverte, <strong>le texte soutient que la contradiction principale n\u2019est pas seulement celle qui oppose capital et travail dans l\u2019abstrait, mais celle qui pourrait voir se traduire, dans l\u2019ordre politique, une radicalisation autoritaire du capitalisme<\/strong>.<\/p>\n\n\n\n<h4 class=\"wp-block-heading\"><strong>Une lecture politique de la crise<\/strong><\/h4>\n\n\n\n<p>Le m\u00e9rite du texte est ici d\u2019op\u00e9rer un recentrage. Il ne nie pas la profondeur de la crise du capitalisme ; il en propose une traduction politique. Celle-ci prend la forme d\u2019une hypoth\u00e8se forte :<strong> la crise actuelle ne d\u00e9bouche pas m\u00e9caniquement sur une alternative progressiste, mais peut tout aussi bien nourrir des formes autoritaires, nationalistes et x\u00e9nophobes, soutenues ou tol\u00e9r\u00e9es par des fractions du capital<\/strong>.<\/p>\n\n\n\n<p>Le Rassemblement national n\u2019est donc pas appr\u00e9hend\u00e9 comme une simple formation protestataire, ni comme une anomalie nationale, mais comme <strong>un \u00e9l\u00e9ment d\u2019une recomposition plus large, o\u00f9 se nouent <\/strong>:<br>&#8211; radicalisation du capitalisme mondialis\u00e9<br>&#8211; mont\u00e9e de forces politiques r\u00e9actionnaires<br>&#8211; offensive id\u00e9ologique sur les repr\u00e9sentations sociales<br>&#8211; et banalisation de la violence politique.<\/p>\n\n\n\n<p>Ce sch\u00e9ma pr\u00e9sente une coh\u00e9rence ind\u00e9niable. Il permet d\u2019\u00e9viter <strong>deux \u00e9cueils sym\u00e9triques :<br>celui d\u2019un \u00e9conomisme qui r\u00e9duirait la crise \u00e0 ses d\u00e9terminations structurelles, et celui d\u2019un moralisme qui ferait de l\u2019extr\u00eame droite une simple d\u00e9rive id\u00e9ologique sans ancrage mat\u00e9riel<\/strong>.<\/p>\n\n\n\n<h4 class=\"wp-block-heading\"><strong>Le retour de la question strat\u00e9gique<\/strong><\/h4>\n\n\n\n<p>Mais c\u2019est peut-\u00eatre ailleurs que r\u00e9side l\u2019apport le plus significatif du texte : dans sa tentative de red\u00e9finir la strat\u00e9gie.<\/p>\n\n\n\n<p>La th\u00e8se centrale peut se formuler ainsi : <strong>aucune r\u00e9ponse politique cr\u00e9dible ne peut \u00e9merger sans une remise en mouvement des classes populaires elles-m\u00eames.<\/strong> Ce que le texte nomme la <strong>\u00ab primaut\u00e9 du mouvement populaire \u00bb<\/strong> ne rel\u00e8ve pas d\u2019une simple rh\u00e9torique militante ; il s\u2019agit d\u2019un positionnement strat\u00e9gique.<\/p>\n\n\n\n<p>Contre une vision \u00e9troitement institutionnelle de la politique, centr\u00e9e sur les \u00e9ch\u00e9ances \u00e9lectorales et les combinaisons d\u2019appareils, le texte r\u00e9affirme une id\u00e9e classique du mouvement ouvrier : <strong>la transformation sociale suppose la constitution d\u2019un sujet collectif capable de porter une alternative<\/strong>.<\/p>\n\n\n\n<p>Cette position a des cons\u00e9quences concr\u00e8tes. <strong>Elle conduit \u00e0 relativiser la centralit\u00e9 de la candidature pr\u00e9sidentielle comme point de d\u00e9part de la strat\u00e9gie, pour insister au contraire sur la construction d\u2019un rapport de forces social et politique plus large, dont l\u2019\u00e9lection ne serait qu\u2019un moment.<\/strong><\/p>\n\n\n\n<p>Il y a l\u00e0 une tentative de sortir de l\u2019impasse dans laquelle la gauche fran\u00e7aise se trouve depuis plusieurs cycles \u00e9lectoraux : oscillant entre la dispersion des candidatures de t\u00e9moignage et l\u2019unit\u00e9 formelle sans ancrage social r\u00e9el.<\/p>\n\n\n\n<h4 class=\"wp-block-heading\"><strong>Un communisme comme processus<\/strong><\/h4>\n\n\n\n<p>Sur le plan th\u00e9orique, le texte propose \u00e9galement une inflexion int\u00e9ressante dans la d\u00e9finition du communisme.<\/p>\n\n\n\n<p><strong>Plut\u00f4t que de le penser comme un \u00e9tat final ou comme une \u00e9tape historiquement codifi\u00e9e, il reprend \u2014 explicitement \u2014 la formulation de Karl Marx : le communisme comme \u00ab mouvement r\u00e9el \u00bb.<\/strong><\/p>\n\n\n\n<p>Cette conception pr\u00e9sente un double avantage. D\u2019une part, elle rompt avec une vision t\u00e9l\u00e9ologique qui a souvent fig\u00e9 le discours communiste dans une succession d\u2019\u00e9tapes abstraites. D\u2019autre part, elle permet d\u2019inscrire le projet communiste dans des pratiques d\u00e9j\u00e0 existantes : services publics, conqu\u00eates sociales, formes d\u2019appropriation collective.<\/p>\n\n\n\n<p><strong>Le communisme n\u2019est plus alors un horizon lointain, mais une dynamique immanente aux luttes.<\/strong><\/p>\n\n\n\n<p>Cependant, cette ouverture th\u00e9orique a son revers : elle tend parfois \u00e0 produire un certain flou. \u00c0 vouloir \u00e9viter la rigidit\u00e9 des mod\u00e8les, le texte peine \u00e0 pr\u00e9ciser les m\u00e9diations concr\u00e8tes qui permettraient de passer du mouvement \u00e0 la transformation structurelle.<\/p>\n\n\n\n<h4 class=\"wp-block-heading\"><strong>Une analyse encore incompl\u00e8te du capitalisme contemporain<\/strong><\/h4>\n\n\n\n<p>C\u2019est sans doute sur ce point que le texte r\u00e9v\u00e8le sa principale limite.<\/p>\n\n\n\n<p>S\u2019il identifie la radicalisation du capitalisme, il n\u2019en analyse pas suffisamment les mutations profondes. Or celles-ci sont d\u00e9terminantes pour penser les formes contemporaines de la lutte de classes.<\/p>\n\n\n\n<p><strong>Le capitalisme actuel ne se r\u00e9duit plus \u00e0 l\u2019exploitation industrielle classique. Il est travers\u00e9 par des transformations majeures :<\/strong><br>&#8211; mont\u00e9e du capitalisme de plateforme, avec des entreprises comme Amazon ou Uber<br>&#8211; d\u00e9veloppement du capitalisme de surveillance, th\u00e9oris\u00e9 par Shoshana Zuboff, fond\u00e9 sur l\u2019exploitation des donn\u00e9es<br>&#8211; extension de ce que certains nomment le capitalisme cognitif, dans lequel la production repose sur la connaissance et la coop\u00e9ration sociale.<\/p>\n\n\n\n<p><strong>Ces \u00e9volutions prolongent une tendance d\u00e9j\u00e0 identifi\u00e9e par Marx : la subsomption croissante de la vie sociale par le capital<\/strong>. Autrement dit, le capitalisme ne se contente plus d\u2019organiser la production ; il tend \u00e0 int\u00e9grer l\u2019ensemble des activit\u00e9s humaines dans ses logiques d\u2019accumulation.<\/p>\n\n\n\n<p><strong>Cette transformation a des cons\u00e9quences politiques majeures : fragmentation du salariat, individualisation des trajectoires, affaiblissement des collectifs de travail<\/strong>. Elle rend plus difficile la constitution d\u2019un sujet politique unifi\u00e9.<\/p>\n\n\n\n<p>Or le texte, tout en insistant sur la n\u00e9cessit\u00e9 du mouvement populaire, n\u2019explore pas suffisamment ces conditions nouvelles de sa formation.<\/p>\n\n\n\n<h4 class=\"wp-block-heading\"><strong>L\u2019\u00e9nigme du vote populaire pour l\u2019extr\u00eame droite<\/strong><\/h4>\n\n\n\n<p>De la m\u00eame mani\u00e8re, l\u2019analyse du Rassemblement national, bien que pertinente dans sa dimension structurelle, reste partiellement inachev\u00e9e.<\/p>\n\n\n\n<p>Le texte identifie correctement les logiques de classe \u00e0 l\u2019\u0153uvre, les soutiens dont b\u00e9n\u00e9ficie ce parti, ainsi que son inscription dans une dynamique internationale. Mais <strong>il interroge moins profond\u00e9ment les raisons de son implantation dans les classes populaires<\/strong>.<\/p>\n\n\n\n<p>Or c\u2019est l\u00e0 une question d\u00e9cisive. Elle ne peut \u00eatre r\u00e9solue par la seule d\u00e9nonciation id\u00e9ologique. Elle suppose une analyse fine :<br>&#8211; des transformations du travail<br>&#8211; du sentiment de d\u00e9classement<br>&#8211; de la crise des m\u00e9diations politiques<br>et de la bataille culturelle men\u00e9e depuis plusieurs d\u00e9cennies.<\/p>\n\n\n\n<p>Sans cette \u00e9lucidation, le risque est de penser l\u2019alternative en termes exclusivement volontaristes, sans prendre pleinement la mesure des obstacles.<\/p>\n\n\n\n<h4 class=\"wp-block-heading\"><strong>Le rassemblement comme horizon et comme probl\u00e8me<\/strong><\/h4>\n\n\n\n<p>Enfin, la strat\u00e9gie de rassemblement propos\u00e9e par le texte constitue \u00e0 la fois sa force et sa fragilit\u00e9.<\/p>\n\n\n\n<p><strong>Elle repose sur une intuition juste : aucune force politique, isol\u00e9ment, n\u2019est aujourd\u2019hui en mesure de construire une alternative majoritaire<\/strong>. D\u2019o\u00f9 la n\u00e9cessit\u00e9 de convergences larges, sociales et politiques. Mais cette n\u00e9cessit\u00e9 ne suffit pas \u00e0 en garantir la possibilit\u00e9.<\/p>\n\n\n\n<p>Le texte sous-estime peut-\u00eatre les contraintes qui p\u00e8sent sur un tel processus :<br>logiques d\u2019appareils, pr\u00e9sidentialisation de la vie politique, fragmentation id\u00e9ologique de la gauche. <strong>Autrement dit, il indique une direction strat\u00e9gique pertinente, mais sans en expliciter pleinement les conditions de r\u00e9alisation.<\/strong><\/p>\n\n\n\n<h4 class=\"wp-block-heading\"><strong>Une contribution ouverte<\/strong><\/h4>\n\n\n\n<p>Au total, ce texte alternatif pr\u00e9sente un int\u00e9r\u00eat r\u00e9el. Il se distingue par :<br>&#8211; sa capacit\u00e9 \u00e0 saisir la dimension politique imm\u00e9diate de la crise<br>&#8211; son effort pour r\u00e9articuler strat\u00e9gie et mouvement populaire<br>&#8211; et sa tentative de repenser le communisme comme processus.<\/p>\n\n\n\n<p>Mais il laisse ouvertes plusieurs questions d\u00e9cisives :<br>&#8211; celle des transformations contemporaines du capitalisme<br>&#8211; celle des formes actuelles de la lutte de classes<br>&#8211; celle des conditions concr\u00e8tes du rassemblement<br>&#8211; et celle de la bataille culturelle.<\/p>\n\n\n\n<p>En ce sens, il ne constitue pas un point d\u2019aboutissement, mais une contribution stimulante \u00e0 un d\u00e9bat plus large. <strong>Car la question qui traverse aujourd\u2019hui l\u2019ensemble des forces communistes peut se formuler ainsi : comment reconstruire une capacit\u00e9 de transformation dans un capitalisme profond\u00e9ment reconfigur\u00e9, tout en faisant face \u00e0 une menace politique imm\u00e9diate d\u2019une intensit\u00e9 in\u00e9dite ?<\/strong><\/p>\n\n\n\n<p>C\u2019est \u00e0 cette articulation entre analyse de long terme et strat\u00e9gie de court terme que ce texte invite, sans encore la r\u00e9soudre pleinement.<\/p>\n\n\n\n<p><\/p>\n\n\n\n<hr class=\"wp-block-separator has-alpha-channel-opacity\"\/>\n\n\n\n<p>Image d&rsquo;illustration : \u00ab\u00a0Manif contre la r\u00e9forme des retraites du 12 octobre\u00a0\u00bb, photographie du 12 octobre 2010 par <a href=\"https:\/\/www.flickr.com\/photos\/14696911@N00\/5075351864\/in\/photolist-8JuvhC-2pdNsQQ-8KCDYN-8KCEzW-8KCEoy-8KzzHc-8KzA5F-8JrxeT-8Jrzm4-8JuAbd-8Jrs7g-8Jryfc-8Juz5b-8Jrqaa-8Jrk5a-8Jukm7-8Jus8o-8Juy6Y-8Jrp48-H8kvwP-8Jux7y-H57Tfx-8Jrm1F-8Jrn8v-H58ZPn-GjwD19-HemCjc-HemGZz-Hf4ayr-H62BEj-HbskXG-H6GVXd-GiTipu-GiT3Gy-GL1Vn7-HbrXVL-Hb8SVv-GfGQLs-Hbsmx9-GiTFko-H638vw-H8mRFe-Gj1w78-GfEQkw-Gj25Px-HbbTKR-GL27G1-HbrpT9-HenrTv-GiTH1N\">PCF Bourges<\/a> (<a href=\"https:\/\/creativecommons.org\/licenses\/by-nc-sa\/2.0\/deed.fr\">CC BY-NC-SA 2.0<\/a>)<\/p>\n\n\n\n<p><\/p>","protected":false},"excerpt":{"rendered":"<p>Nous publions ce texte de Dominique Misslin, militant communiste \u00e0 Ivry-sur-Seine, \u00e0 propos du texte alternatif \u00ab Communistes \u00e0 l\u2019offensive \u2013 Pour battre l\u2019extr\u00eame droite et ouvrir l\u2019espoir \u00bb, pr\u00e9sent\u00e9 [&hellip;]<\/p>\n","protected":false},"author":66,"featured_media":6136,"comment_status":"closed","ping_status":"closed","sticky":false,"template":"","format":"standard","meta":{"_EventAllDay":false,"_EventTimezone":"","_EventStartDate":"","_EventEndDate":"","_EventStartDateUTC":"","_EventEndDateUTC":"","_EventShowMap":false,"_EventShowMapLink":false,"_EventURL":"","_EventCost":"","_EventCostDescription":"","_EventCurrencySymbol":"","_EventCurrencyCode":"","_EventCurrencyPosition":"","_EventDateTimeSeparator":"","_EventTimeRangeSeparator":"","_EventOrganizerID":[],"_EventVenueID":[],"_OrganizerEmail":"","_OrganizerPhone":"","_OrganizerWebsite":"","_VenueAddress":"","_VenueCity":"","_VenueCountry":"","_VenueProvince":"","_VenueState":"","_VenueZip":"","_VenuePhone":"","_VenueURL":"","_VenueStateProvince":"","_VenueLat":"","_VenueLng":"","_VenueShowMap":false,"_VenueShowMapLink":false,"footnotes":""},"categories":[13],"tags":[51,61],"class_list":["post-6135","post","type-post","status-publish","format-standard","has-post-thumbnail","hentry","category-articles","tag-gauche","tag-marxisme"],"yoast_head":"<!-- This site is optimized with the Yoast SEO plugin v27.4 - https:\/\/yoast.com\/product\/yoast-seo-wordpress\/ -->\n<title>EN D\u00c9BAT. Le communisme \u00e0 l\u2019\u00e9preuve du moment politique - Nos R\u00e9volutions<\/title>\n<meta name=\"robots\" content=\"index, follow, max-snippet:-1, max-image-preview:large, max-video-preview:-1\" \/>\n<link rel=\"canonical\" href=\"https:\/\/nosrevolutions.fr\/en\/2026\/04\/27\/en-debat-le-communisme-a-lepreuve-du-moment-politique\/\" \/>\n<meta property=\"og:locale\" content=\"en_GB\" \/>\n<meta property=\"og:type\" content=\"article\" \/>\n<meta property=\"og:title\" content=\"EN D\u00c9BAT. Le communisme \u00e0 l\u2019\u00e9preuve du moment politique - Nos R\u00e9volutions\" \/>\n<meta property=\"og:description\" content=\"Nous publions ce texte de Dominique Misslin, militant communiste \u00e0 Ivry-sur-Seine, \u00e0 propos du texte alternatif \u00ab Communistes \u00e0 l\u2019offensive \u2013 Pour battre l\u2019extr\u00eame droite et ouvrir l\u2019espoir \u00bb, pr\u00e9sent\u00e9 [&hellip;]\" \/>\n<meta property=\"og:url\" content=\"https:\/\/nosrevolutions.fr\/en\/2026\/04\/27\/en-debat-le-communisme-a-lepreuve-du-moment-politique\/\" \/>\n<meta property=\"og:site_name\" content=\"Nos R\u00e9volutions\" \/>\n<meta property=\"article:published_time\" content=\"2026-04-27T13:18:06+00:00\" \/>\n<meta property=\"article:modified_time\" content=\"2026-04-27T13:18:07+00:00\" \/>\n<meta property=\"og:image\" content=\"https:\/\/nosrevolutions.fr\/wp-content\/uploads\/2026\/04\/5075351864_9971c08093_c.jpg\" \/>\n\t<meta property=\"og:image:width\" content=\"799\" \/>\n\t<meta property=\"og:image:height\" content=\"533\" \/>\n\t<meta property=\"og:image:type\" content=\"image\/jpeg\" \/>\n<meta name=\"author\" content=\"Dominique Misslin\" \/>\n<meta name=\"twitter:card\" content=\"summary_large_image\" \/>\n<meta name=\"twitter:creator\" content=\"@NosRevolutions\" \/>\n<meta name=\"twitter:site\" content=\"@NosRevolutions\" \/>\n<meta name=\"twitter:label1\" content=\"Written by\" \/>\n\t<meta name=\"twitter:data1\" content=\"Dominique Misslin\" \/>\n\t<meta name=\"twitter:label2\" content=\"Estimated reading time\" \/>\n\t<meta name=\"twitter:data2\" content=\"7 minutes\" \/>\n<script type=\"application\/ld+json\" class=\"yoast-schema-graph\">{\"@context\":\"https:\\\/\\\/schema.org\",\"@graph\":[{\"@type\":\"Article\",\"@id\":\"https:\\\/\\\/nosrevolutions.fr\\\/2026\\\/04\\\/27\\\/en-debat-le-communisme-a-lepreuve-du-moment-politique\\\/#article\",\"isPartOf\":{\"@id\":\"https:\\\/\\\/nosrevolutions.fr\\\/2026\\\/04\\\/27\\\/en-debat-le-communisme-a-lepreuve-du-moment-politique\\\/\"},\"author\":{\"name\":\"Dominique Misslin\",\"@id\":\"https:\\\/\\\/nosrevolutions.fr\\\/#\\\/schema\\\/person\\\/cc1e1fb621cea48e5825e3516784bdc1\"},\"headline\":\"EN D\u00c9BAT. Le communisme \u00e0 l\u2019\u00e9preuve du moment politique\",\"datePublished\":\"2026-04-27T13:18:06+00:00\",\"dateModified\":\"2026-04-27T13:18:07+00:00\",\"mainEntityOfPage\":{\"@id\":\"https:\\\/\\\/nosrevolutions.fr\\\/2026\\\/04\\\/27\\\/en-debat-le-communisme-a-lepreuve-du-moment-politique\\\/\"},\"wordCount\":1524,\"publisher\":{\"@id\":\"https:\\\/\\\/nosrevolutions.fr\\\/#organization\"},\"image\":{\"@id\":\"https:\\\/\\\/nosrevolutions.fr\\\/2026\\\/04\\\/27\\\/en-debat-le-communisme-a-lepreuve-du-moment-politique\\\/#primaryimage\"},\"thumbnailUrl\":\"https:\\\/\\\/nosrevolutions.fr\\\/wp-content\\\/uploads\\\/2026\\\/04\\\/5075351864_9971c08093_c.jpg\",\"keywords\":[\"Gauche\",\"marxisme\"],\"articleSection\":[\"Articles\"],\"inLanguage\":\"en-GB\"},{\"@type\":\"WebPage\",\"@id\":\"https:\\\/\\\/nosrevolutions.fr\\\/2026\\\/04\\\/27\\\/en-debat-le-communisme-a-lepreuve-du-moment-politique\\\/\",\"url\":\"https:\\\/\\\/nosrevolutions.fr\\\/2026\\\/04\\\/27\\\/en-debat-le-communisme-a-lepreuve-du-moment-politique\\\/\",\"name\":\"EN D\u00c9BAT. Le communisme \u00e0 l\u2019\u00e9preuve du moment politique - Nos R\u00e9volutions\",\"isPartOf\":{\"@id\":\"https:\\\/\\\/nosrevolutions.fr\\\/#website\"},\"primaryImageOfPage\":{\"@id\":\"https:\\\/\\\/nosrevolutions.fr\\\/2026\\\/04\\\/27\\\/en-debat-le-communisme-a-lepreuve-du-moment-politique\\\/#primaryimage\"},\"image\":{\"@id\":\"https:\\\/\\\/nosrevolutions.fr\\\/2026\\\/04\\\/27\\\/en-debat-le-communisme-a-lepreuve-du-moment-politique\\\/#primaryimage\"},\"thumbnailUrl\":\"https:\\\/\\\/nosrevolutions.fr\\\/wp-content\\\/uploads\\\/2026\\\/04\\\/5075351864_9971c08093_c.jpg\",\"datePublished\":\"2026-04-27T13:18:06+00:00\",\"dateModified\":\"2026-04-27T13:18:07+00:00\",\"breadcrumb\":{\"@id\":\"https:\\\/\\\/nosrevolutions.fr\\\/2026\\\/04\\\/27\\\/en-debat-le-communisme-a-lepreuve-du-moment-politique\\\/#breadcrumb\"},\"inLanguage\":\"en-GB\",\"potentialAction\":[{\"@type\":\"ReadAction\",\"target\":[\"https:\\\/\\\/nosrevolutions.fr\\\/2026\\\/04\\\/27\\\/en-debat-le-communisme-a-lepreuve-du-moment-politique\\\/\"]}]},{\"@type\":\"ImageObject\",\"inLanguage\":\"en-GB\",\"@id\":\"https:\\\/\\\/nosrevolutions.fr\\\/2026\\\/04\\\/27\\\/en-debat-le-communisme-a-lepreuve-du-moment-politique\\\/#primaryimage\",\"url\":\"https:\\\/\\\/nosrevolutions.fr\\\/wp-content\\\/uploads\\\/2026\\\/04\\\/5075351864_9971c08093_c.jpg\",\"contentUrl\":\"https:\\\/\\\/nosrevolutions.fr\\\/wp-content\\\/uploads\\\/2026\\\/04\\\/5075351864_9971c08093_c.jpg\",\"width\":799,\"height\":533},{\"@type\":\"BreadcrumbList\",\"@id\":\"https:\\\/\\\/nosrevolutions.fr\\\/2026\\\/04\\\/27\\\/en-debat-le-communisme-a-lepreuve-du-moment-politique\\\/#breadcrumb\",\"itemListElement\":[{\"@type\":\"ListItem\",\"position\":1,\"name\":\"Accueil\",\"item\":\"https:\\\/\\\/nosrevolutions.fr\\\/\"},{\"@type\":\"ListItem\",\"position\":2,\"name\":\"EN D\u00c9BAT. Le communisme \u00e0 l\u2019\u00e9preuve du moment politique\"}]},{\"@type\":\"WebSite\",\"@id\":\"https:\\\/\\\/nosrevolutions.fr\\\/#website\",\"url\":\"https:\\\/\\\/nosrevolutions.fr\\\/\",\"name\":\"Nos R\u00e9volutions\",\"description\":\"Communisme et mouvement social\",\"publisher\":{\"@id\":\"https:\\\/\\\/nosrevolutions.fr\\\/#organization\"},\"potentialAction\":[{\"@type\":\"SearchAction\",\"target\":{\"@type\":\"EntryPoint\",\"urlTemplate\":\"https:\\\/\\\/nosrevolutions.fr\\\/?s={search_term_string}\"},\"query-input\":{\"@type\":\"PropertyValueSpecification\",\"valueRequired\":true,\"valueName\":\"search_term_string\"}}],\"inLanguage\":\"en-GB\"},{\"@type\":\"Organization\",\"@id\":\"https:\\\/\\\/nosrevolutions.fr\\\/#organization\",\"name\":\"Nos R\u00e9volutions\",\"url\":\"https:\\\/\\\/nosrevolutions.fr\\\/\",\"logo\":{\"@type\":\"ImageObject\",\"inLanguage\":\"en-GB\",\"@id\":\"https:\\\/\\\/nosrevolutions.fr\\\/#\\\/schema\\\/logo\\\/image\\\/\",\"url\":\"https:\\\/\\\/nosrevolutions.fr\\\/wp-content\\\/uploads\\\/2022\\\/09\\\/nrs_logo_noir.png\",\"contentUrl\":\"https:\\\/\\\/nosrevolutions.fr\\\/wp-content\\\/uploads\\\/2022\\\/09\\\/nrs_logo_noir.png\",\"width\":2000,\"height\":501,\"caption\":\"Nos R\u00e9volutions\"},\"image\":{\"@id\":\"https:\\\/\\\/nosrevolutions.fr\\\/#\\\/schema\\\/logo\\\/image\\\/\"},\"sameAs\":[\"https:\\\/\\\/x.com\\\/NosRevolutions\"]},{\"@type\":\"Person\",\"@id\":\"https:\\\/\\\/nosrevolutions.fr\\\/#\\\/schema\\\/person\\\/cc1e1fb621cea48e5825e3516784bdc1\",\"name\":\"Dominique Misslin\",\"image\":{\"@type\":\"ImageObject\",\"inLanguage\":\"en-GB\",\"@id\":\"https:\\\/\\\/secure.gravatar.com\\\/avatar\\\/8a3a033157c3690d226187f553afe93dd075ae195e6688091adf72bf82d4a781?s=96&d=mm&r=g\",\"url\":\"https:\\\/\\\/secure.gravatar.com\\\/avatar\\\/8a3a033157c3690d226187f553afe93dd075ae195e6688091adf72bf82d4a781?s=96&d=mm&r=g\",\"contentUrl\":\"https:\\\/\\\/secure.gravatar.com\\\/avatar\\\/8a3a033157c3690d226187f553afe93dd075ae195e6688091adf72bf82d4a781?s=96&d=mm&r=g\",\"caption\":\"Dominique Misslin\"},\"url\":\"https:\\\/\\\/nosrevolutions.fr\\\/en\\\/author\\\/dominiquemisslin\\\/\"}]}<\/script>\n<!-- \/ Yoast SEO plugin. -->","yoast_head_json":{"title":"EN D\u00c9BAT. Le communisme \u00e0 l\u2019\u00e9preuve du moment politique - Nos R\u00e9volutions","robots":{"index":"index","follow":"follow","max-snippet":"max-snippet:-1","max-image-preview":"max-image-preview:large","max-video-preview":"max-video-preview:-1"},"canonical":"https:\/\/nosrevolutions.fr\/en\/2026\/04\/27\/en-debat-le-communisme-a-lepreuve-du-moment-politique\/","og_locale":"en_GB","og_type":"article","og_title":"EN D\u00c9BAT. Le communisme \u00e0 l\u2019\u00e9preuve du moment politique - Nos R\u00e9volutions","og_description":"Nous publions ce texte de Dominique Misslin, militant communiste \u00e0 Ivry-sur-Seine, \u00e0 propos du texte alternatif \u00ab Communistes \u00e0 l\u2019offensive \u2013 Pour battre l\u2019extr\u00eame droite et ouvrir l\u2019espoir \u00bb, pr\u00e9sent\u00e9 [&hellip;]","og_url":"https:\/\/nosrevolutions.fr\/en\/2026\/04\/27\/en-debat-le-communisme-a-lepreuve-du-moment-politique\/","og_site_name":"Nos R\u00e9volutions","article_published_time":"2026-04-27T13:18:06+00:00","article_modified_time":"2026-04-27T13:18:07+00:00","og_image":[{"width":799,"height":533,"url":"https:\/\/nosrevolutions.fr\/wp-content\/uploads\/2026\/04\/5075351864_9971c08093_c.jpg","type":"image\/jpeg"}],"author":"Dominique Misslin","twitter_card":"summary_large_image","twitter_creator":"@NosRevolutions","twitter_site":"@NosRevolutions","twitter_misc":{"Written by":"Dominique Misslin","Estimated reading time":"7 minutes"},"schema":{"@context":"https:\/\/schema.org","@graph":[{"@type":"Article","@id":"https:\/\/nosrevolutions.fr\/2026\/04\/27\/en-debat-le-communisme-a-lepreuve-du-moment-politique\/#article","isPartOf":{"@id":"https:\/\/nosrevolutions.fr\/2026\/04\/27\/en-debat-le-communisme-a-lepreuve-du-moment-politique\/"},"author":{"name":"Dominique Misslin","@id":"https:\/\/nosrevolutions.fr\/#\/schema\/person\/cc1e1fb621cea48e5825e3516784bdc1"},"headline":"EN D\u00c9BAT. Le communisme \u00e0 l\u2019\u00e9preuve du moment politique","datePublished":"2026-04-27T13:18:06+00:00","dateModified":"2026-04-27T13:18:07+00:00","mainEntityOfPage":{"@id":"https:\/\/nosrevolutions.fr\/2026\/04\/27\/en-debat-le-communisme-a-lepreuve-du-moment-politique\/"},"wordCount":1524,"publisher":{"@id":"https:\/\/nosrevolutions.fr\/#organization"},"image":{"@id":"https:\/\/nosrevolutions.fr\/2026\/04\/27\/en-debat-le-communisme-a-lepreuve-du-moment-politique\/#primaryimage"},"thumbnailUrl":"https:\/\/nosrevolutions.fr\/wp-content\/uploads\/2026\/04\/5075351864_9971c08093_c.jpg","keywords":["Gauche","marxisme"],"articleSection":["Articles"],"inLanguage":"en-GB"},{"@type":"WebPage","@id":"https:\/\/nosrevolutions.fr\/2026\/04\/27\/en-debat-le-communisme-a-lepreuve-du-moment-politique\/","url":"https:\/\/nosrevolutions.fr\/2026\/04\/27\/en-debat-le-communisme-a-lepreuve-du-moment-politique\/","name":"EN D\u00c9BAT. Le communisme \u00e0 l\u2019\u00e9preuve du moment politique - Nos R\u00e9volutions","isPartOf":{"@id":"https:\/\/nosrevolutions.fr\/#website"},"primaryImageOfPage":{"@id":"https:\/\/nosrevolutions.fr\/2026\/04\/27\/en-debat-le-communisme-a-lepreuve-du-moment-politique\/#primaryimage"},"image":{"@id":"https:\/\/nosrevolutions.fr\/2026\/04\/27\/en-debat-le-communisme-a-lepreuve-du-moment-politique\/#primaryimage"},"thumbnailUrl":"https:\/\/nosrevolutions.fr\/wp-content\/uploads\/2026\/04\/5075351864_9971c08093_c.jpg","datePublished":"2026-04-27T13:18:06+00:00","dateModified":"2026-04-27T13:18:07+00:00","breadcrumb":{"@id":"https:\/\/nosrevolutions.fr\/2026\/04\/27\/en-debat-le-communisme-a-lepreuve-du-moment-politique\/#breadcrumb"},"inLanguage":"en-GB","potentialAction":[{"@type":"ReadAction","target":["https:\/\/nosrevolutions.fr\/2026\/04\/27\/en-debat-le-communisme-a-lepreuve-du-moment-politique\/"]}]},{"@type":"ImageObject","inLanguage":"en-GB","@id":"https:\/\/nosrevolutions.fr\/2026\/04\/27\/en-debat-le-communisme-a-lepreuve-du-moment-politique\/#primaryimage","url":"https:\/\/nosrevolutions.fr\/wp-content\/uploads\/2026\/04\/5075351864_9971c08093_c.jpg","contentUrl":"https:\/\/nosrevolutions.fr\/wp-content\/uploads\/2026\/04\/5075351864_9971c08093_c.jpg","width":799,"height":533},{"@type":"BreadcrumbList","@id":"https:\/\/nosrevolutions.fr\/2026\/04\/27\/en-debat-le-communisme-a-lepreuve-du-moment-politique\/#breadcrumb","itemListElement":[{"@type":"ListItem","position":1,"name":"Accueil","item":"https:\/\/nosrevolutions.fr\/"},{"@type":"ListItem","position":2,"name":"EN D\u00c9BAT. Le communisme \u00e0 l\u2019\u00e9preuve du moment politique"}]},{"@type":"WebSite","@id":"https:\/\/nosrevolutions.fr\/#website","url":"https:\/\/nosrevolutions.fr\/","name":"Nos R\u00e9volutions","description":"Communisme et mouvement social","publisher":{"@id":"https:\/\/nosrevolutions.fr\/#organization"},"potentialAction":[{"@type":"SearchAction","target":{"@type":"EntryPoint","urlTemplate":"https:\/\/nosrevolutions.fr\/?s={search_term_string}"},"query-input":{"@type":"PropertyValueSpecification","valueRequired":true,"valueName":"search_term_string"}}],"inLanguage":"en-GB"},{"@type":"Organization","@id":"https:\/\/nosrevolutions.fr\/#organization","name":"Nos R\u00e9volutions","url":"https:\/\/nosrevolutions.fr\/","logo":{"@type":"ImageObject","inLanguage":"en-GB","@id":"https:\/\/nosrevolutions.fr\/#\/schema\/logo\/image\/","url":"https:\/\/nosrevolutions.fr\/wp-content\/uploads\/2022\/09\/nrs_logo_noir.png","contentUrl":"https:\/\/nosrevolutions.fr\/wp-content\/uploads\/2022\/09\/nrs_logo_noir.png","width":2000,"height":501,"caption":"Nos R\u00e9volutions"},"image":{"@id":"https:\/\/nosrevolutions.fr\/#\/schema\/logo\/image\/"},"sameAs":["https:\/\/x.com\/NosRevolutions"]},{"@type":"Person","@id":"https:\/\/nosrevolutions.fr\/#\/schema\/person\/cc1e1fb621cea48e5825e3516784bdc1","name":"Dominique Misslin","image":{"@type":"ImageObject","inLanguage":"en-GB","@id":"https:\/\/secure.gravatar.com\/avatar\/8a3a033157c3690d226187f553afe93dd075ae195e6688091adf72bf82d4a781?s=96&d=mm&r=g","url":"https:\/\/secure.gravatar.com\/avatar\/8a3a033157c3690d226187f553afe93dd075ae195e6688091adf72bf82d4a781?s=96&d=mm&r=g","contentUrl":"https:\/\/secure.gravatar.com\/avatar\/8a3a033157c3690d226187f553afe93dd075ae195e6688091adf72bf82d4a781?s=96&d=mm&r=g","caption":"Dominique Misslin"},"url":"https:\/\/nosrevolutions.fr\/en\/author\/dominiquemisslin\/"}]}},"_links":{"self":[{"href":"https:\/\/nosrevolutions.fr\/en\/wp-json\/wp\/v2\/posts\/6135","targetHints":{"allow":["GET"]}}],"collection":[{"href":"https:\/\/nosrevolutions.fr\/en\/wp-json\/wp\/v2\/posts"}],"about":[{"href":"https:\/\/nosrevolutions.fr\/en\/wp-json\/wp\/v2\/types\/post"}],"author":[{"embeddable":true,"href":"https:\/\/nosrevolutions.fr\/en\/wp-json\/wp\/v2\/users\/66"}],"replies":[{"embeddable":true,"href":"https:\/\/nosrevolutions.fr\/en\/wp-json\/wp\/v2\/comments?post=6135"}],"version-history":[{"count":1,"href":"https:\/\/nosrevolutions.fr\/en\/wp-json\/wp\/v2\/posts\/6135\/revisions"}],"predecessor-version":[{"id":6137,"href":"https:\/\/nosrevolutions.fr\/en\/wp-json\/wp\/v2\/posts\/6135\/revisions\/6137"}],"wp:featuredmedia":[{"embeddable":true,"href":"https:\/\/nosrevolutions.fr\/en\/wp-json\/wp\/v2\/media\/6136"}],"wp:attachment":[{"href":"https:\/\/nosrevolutions.fr\/en\/wp-json\/wp\/v2\/media?parent=6135"}],"wp:term":[{"taxonomy":"category","embeddable":true,"href":"https:\/\/nosrevolutions.fr\/en\/wp-json\/wp\/v2\/categories?post=6135"},{"taxonomy":"post_tag","embeddable":true,"href":"https:\/\/nosrevolutions.fr\/en\/wp-json\/wp\/v2\/tags?post=6135"}],"curies":[{"name":"wp","href":"https:\/\/api.w.org\/{rel}","templated":true}]}}