{"id":6132,"date":"2026-04-27T12:28:03","date_gmt":"2026-04-27T10:28:03","guid":{"rendered":"https:\/\/nosrevolutions.fr\/?p=6132"},"modified":"2026-04-27T12:28:04","modified_gmt":"2026-04-27T10:28:04","slug":"le-logement-selon-sebastien-lecornu-annonces-et-manque-de-courage-politique","status":"publish","type":"post","link":"https:\/\/nosrevolutions.fr\/en\/2026\/04\/27\/le-logement-selon-sebastien-lecornu-annonces-et-manque-de-courage-politique\/","title":{"rendered":"Le logement selon S\u00e9bastien Lecornu : annonces et manque de courage politique"},"content":{"rendered":"<p><em>Lucie Champenois est militante communiste et adjointe au Maire de Nanterre, charg\u00e9e du Logement et de l&rsquo;Habitat.<\/em><\/p>\n\n\n\n<p>Les annonces de S\u00e9bastien Lecornu concernant la future loi sur le logement ne sont pas \u00e0 la hauteur de la crise que vivent nos habitant\u00b7es. Oui, il y a quelques avanc\u00e9es, mais elles demeurent largement insuffisantes face \u00e0 l\u2019urgence sociale.<\/p>\n\n\n\n<h4 class=\"wp-block-heading\"><strong>ANRU 3 annonc\u00e9, enfin des moyens pour nos quartiers populaires<\/strong><\/h4>\n\n\n\n<p>Alors que ses pr\u00e9d\u00e9cesseurs avaient enterr\u00e9 tout espoir de ce c\u00f4t\u00e9-l\u00e0, <strong>S\u00e9bastien Lecornu reconna\u00eet enfin la n\u00e9cessit\u00e9 d\u2019un nouveau plan d\u2019investissement pour le renouvellement urbain des quartiers prioritaires<\/strong>. \u00c0 Nanterre, nous nous en saisirons pour am\u00e9liorer concr\u00e8tement la vie des habitants, sans jamais les \u00e9vincer. Ici, le renouvellement urbain se fait avec les habitants, pas contre eux.<\/p>\n\n\n\n<p>Chaque habitant\u00b7e concern\u00e9\u00b7e a le choix d\u2019\u00eatre relog\u00e9\u00b7e dans son quartier, dans la ville \u2014 dans un autre quartier \u2014 ou ailleurs, s\u2019il ou elle souhaite se rapprocher d\u2019autres attaches familiales ou professionnelles. <strong>\u00c0 Nanterre, l\u2019ANRU 2 aura aussi \u00e9t\u00e9 l\u2019occasion de faire \u00e9voluer les r\u00e8gles : ne pas syst\u00e9matiquement d\u00e9molir, pr\u00e9server ce qui doit l\u2019\u00eatre, et permettre des changements d\u2019usage pour favoriser la mixit\u00e9 partout<\/strong>.<\/p>\n\n\n\n<p>Nous nous mettrons rapidement au travail dans le cadre de l\u2019ANRU 3 pour poursuivre et achever la transformation de nos quartiers : s\u2019ils doivent rester populaires, le peuple de Nanterre m\u00e9rite, lui aussi, ce qui se fait de mieux.<\/p>\n\n\n\n<h4 class=\"wp-block-heading\"><strong>La r\u00e9cup\u00e9ration du contingent pr\u00e9fectoral, une mesure attendue<\/strong><\/h4>\n\n\n\n<p>Depuis 2018, notre ville paie le prix du refus de solidarit\u00e9 de certaines communes voisines. <strong>Alors que l\u2019\u00c9tat ne finance plus du tout \u2014 hors ANRU \u2014 la construction ou la r\u00e9habilitation du logement social \u00e0 Nanterre, au motif qu\u2019il y en aurait trop (55% des logements de la ville sont sociaux, et c\u2019est une fiert\u00e9), il s\u2019attribue malgr\u00e9 tout 30% des \u00ab r\u00e9servations \u00bb<\/strong>.<\/p>\n\n\n\n<p>Jusqu\u2019en 2018, il confiait ces droits d\u2019attribution aux maires. En 2018, par crainte d\u2019un client\u00e9lisme \u2014 plus ou moins av\u00e9r\u00e9 selon les villes \u2014 l\u2019\u00c9tat a indistinctement r\u00e9cup\u00e9r\u00e9 ce droit, d\u00e9sormais exerc\u00e9 par les pr\u00e9fets. <strong>Depuis, le pr\u00e9fet des Hauts-de-Seine peut, tout \u00e0 son aise, reloger \u00e0 Nanterre des m\u00e9nages \u00e9vinc\u00e9s d\u2019autres villes qui ne construisent pas de logements sociaux<\/strong>. Nanterre paie donc doublement le prix d\u2019une politique de recul social \u00e0 l\u2019\u00e9chelle d\u00e9partementale et nationale.<\/p>\n\n\n\n<p><strong>Nanterre r\u00e9clame depuis lors que les villes qui respectent la loi SRU \u2014 voire qui en d\u00e9passent les exigences \u2014 puissent r\u00e9cup\u00e9rer les attributions du contingent pr\u00e9fectoral.<\/strong> Nanterre est solidaire et ne stigmatise pas les classes populaires : nous savons qu\u2019elles sont les victimes d\u2019un mode d\u2019exploitation qui fragilise et pr\u00e9carise les individus jusqu\u2019au seuil de l\u2019indigence.<\/p>\n\n\n\n<p>Mais la Ville ne peut s\u2019en tenir l\u00e0 : <strong>nous revendiquons aussi une pression accrue sur les communes d\u00e9faillantes<\/strong>, en leur interdisant de se d\u00e9charger des classes populaires dont leurs habitants les plus ais\u00e9s d\u00e9pendent pourtant, en les obligeant \u00e0 construire du logement social \u2014 et en encadrant strictement leurs politiques d\u2019am\u00e9nagement.<\/p>\n\n\n\n<p>Il est temps de remettre de la justice dans l\u2019attribution des logements.<\/p>\n\n\n\n<h4 class=\"wp-block-heading\"><strong>Pour le reste, le compte n\u2019y est pas !<\/strong><\/h4>\n\n\n\n<p><strong>S\u00e9bastien Lecornu envisage d\u2019autoriser \u00e0 nouveau la location de passoires thermiques, sous r\u00e9serve de travaux r\u00e9alis\u00e9s \u00ab dans les cinq ans qui suivent la relocation \u00bb.<\/strong> C\u2019est institutionnaliser la pr\u00e9carit\u00e9 \u00e9nerg\u00e9tique. C\u2019est faire payer aux locataires le prix de la crise \u00e9nerg\u00e9tique, alors m\u00eame que le co\u00fbt du logement a augment\u00e9 quatre fois plus vite que les salaires au cours des derni\u00e8res d\u00e9cennies.<\/p>\n\n\n\n<p>C\u2019est demander \u00e0 des locataires d\u00e9j\u00e0 \u00e9trangl\u00e9s de financer des r\u00e9novations qu\u2019ils ne ma\u00eetrisent pas. C\u2019est inacceptable.<\/p>\n\n\n\n<h4 class=\"wp-block-heading\"><strong>Aucune contrainte renforc\u00e9e pour les maires bafouant leurs obligations<\/strong><\/h4>\n\n\n\n<p>La loi SRU est ignor\u00e9e, et certains pourront continuer leur politique de tri social en toute impunit\u00e9. Alors que le ministre Vincent Jeanbrun souhaitait m\u00eame affaiblir ces obligations, S\u00e9bastien Lecornu n\u2019y touche pas.<\/p>\n\n\n\n<p>Mais cela ne suffit pas : <strong>cette loi est trop peu contraignante, et l\u2019\u00c9tat ne mobilise pas les outils dont il dispose pour remettre dans le droit chemin les maires d\u00e9faillants<\/strong> \u2014 par exemple en suspendant leur capacit\u00e9 \u00e0 d\u00e9livrer des permis de construire.<\/p>\n\n\n\n<p>Pour rappel, autour de Nanterre, une ville comme Boulogne-Billancourt ne compte que 15% de logements sociaux, Neuilly-sur-Seine 6%. <strong>Il manque aujourd\u2019hui des millions de logements sociaux abordables en France<\/strong>. On estime qu\u2019il faudrait 70 000 logements par an dans la M\u00e9tropole du Grand Paris.<\/p>\n\n\n\n<p><strong>\u00c0 Nanterre, plus de 7 000 m\u00e9nages sont en attente d\u2019un logement social<\/strong>. Plus de 15 000 personnes ont demand\u00e9 Nanterre comme premier choix. La ville est ainsi la deuxi\u00e8me plus demand\u00e9e d\u2019\u00cele-de-France apr\u00e8s Paris.<\/p>\n\n\n\n<p>Chaque ann\u00e9e, environ 800 attributions sont r\u00e9alis\u00e9es. Le calcul est simple : il faut aujourd\u2019hui en moyenne dix ans pour obtenir un logement. Si chacun respectait ses obligations, cette situation ne serait pas la norme.<\/p>\n\n\n\n<h4 class=\"wp-block-heading\"><strong>Toujours rien sur l\u2019encadrement des loyers<\/strong><\/h4>\n\n\n\n<p>Rien n\u2019est pr\u00e9vu pour r\u00e9guler durablement un march\u00e9 devenu hors de contr\u00f4le. <strong>Rien n\u2019est pr\u00e9vu pour limiter la concentration extr\u00eame de la propri\u00e9t\u00e9 (3,5% des m\u00e9nages poss\u00e8dent plus de 50% du parc locatif priv\u00e9)<\/strong>.<\/p>\n\n\n\n<p>Pire encore : le gouvernement veut abaisser le seuil de d\u00e9fiscalisation \u00e0 20% du prix du bien (contre 30 % aujourd\u2019hui). Autrement dit, <strong>ce sont les contribuables qui financeront une partie des r\u00e9novations dues par de grands propri\u00e9taires priv\u00e9s<\/strong>, sans garantie pour les locataires, qui restent expos\u00e9s \u00e0 des hausses de loyers.<\/p>\n\n\n\n<p><strong>Alors que l\u2019exp\u00e9rimentation timide sur l\u2019encadrement des loyers touche \u00e0 sa fin, ces choix laissent craindre le pire<\/strong>. Dans des zones tendues comme Nanterre, o\u00f9 un studio se loue d\u00e9sormais environ 700 euros par mois, les villes devraient pouvoir imposer un encadrement effectif.<\/p>\n\n\n\n<p><strong>Aujourd\u2019hui, cette mesure d\u00e9pend d\u2019une demande d\u2019un \u00e9tablissement territorial puis d\u2019une validation de l\u2019\u00c9tat : autant d\u2019obstacles qui la rendent quasi inop\u00e9rante<\/strong>. Nanterre se retrouve ainsi \u00e0 lutter comme David contre Goliath : isol\u00e9e et insuffisamment arm\u00e9e face \u00e0 la financiarisation du logement.<\/p>\n\n\n\n<h4 class=\"wp-block-heading\"><strong>Face \u00e0 une crise aussi profonde, il faut du courage politique<\/strong><\/h4>\n\n\n\n<p>L\u2019acc\u00e8s au logement est un droit, reconnu en 1948 dans la D\u00e9claration universelle des droits humains, dans le pr\u00e9ambule de la Constitution de 1946 et dans la loi de 2007. <strong>Le logement n\u2019est pas \u2014 et ne doit pas devenir \u2014 une marchandise soumise aux seules logiques de march\u00e9, comme le laisse entendre la politique actuelle<\/strong>.<\/p>\n\n\n\n<p>Rappelons que en France, dans la 6\u00e8me puissance mondiale, 4 millions de personnes sont aujourd\u2019hui mal log\u00e9es, 300 000 sont sans domicile fixes, 640 000 sont h\u00e9berg\u00e9es chez des tiers. 2000 meurent dans la rue chaque ann\u00e9e.<\/p>\n\n\n\n<p><strong>Les plus fragiles ne sont pas un co\u00fbt pour la soci\u00e9t\u00e9. Les classes populaires ne sont pas un fardeau : elles constituent le socle de toute soci\u00e9t\u00e9 et produisent ses richesses<\/strong>. Le maintien dans la pr\u00e9carit\u00e9 de millions de personnes en France, de milliers de Nanterrien\u00b7nes, n\u2019est pas un dommage collat\u00e9ral acceptable. Nanterre prendra sa part dans la bataille du logement : de l\u2019h\u00e9bergement d\u2019urgence \u00e0 l\u2019accession sociale. Nous agirons avec tous les moyens dont dispose la Ville, et nous exigerons des autres acteurs \u2014 aujourd\u2019hui trop souvent d\u00e9faillants \u2014 qu\u2019ils assument enfin leurs responsabilit\u00e9s.<\/p>\n\n\n\n<p><\/p>\n\n\n\n<hr class=\"wp-block-separator has-alpha-channel-opacity\"\/>\n\n\n\n<p>Image d&rsquo;illustration : \u00ab\u00a0All\u00e9e Jean-de-La-Fontaine, Nanterre.\u00a0\u00bb, photographie du 16 septembre 2023 par <a href=\"https:\/\/commons.wikimedia.org\/wiki\/File:All%C3%A9e_Jean_Fontaine_-_Nanterre_%28FR92%29_-_2023-09-16_-_2.jpg\">Chabe01<\/a> (<a href=\"https:\/\/creativecommons.org\/licenses\/by-sa\/4.0\/deed.en\">CC BY-SA 4.0<\/a>)<\/p>","protected":false},"excerpt":{"rendered":"<p>Lucie Champenois est militante communiste et adjointe au Maire de Nanterre, charg\u00e9e du Logement et de l&rsquo;Habitat. Les annonces de S\u00e9bastien Lecornu concernant la future loi sur le logement ne [&hellip;]<\/p>\n","protected":false},"author":43,"featured_media":6133,"comment_status":"closed","ping_status":"closed","sticky":false,"template":"","format":"standard","meta":{"_EventAllDay":false,"_EventTimezone":"","_EventStartDate":"","_EventEndDate":"","_EventStartDateUTC":"","_EventEndDateUTC":"","_EventShowMap":false,"_EventShowMapLink":false,"_EventURL":"","_EventCost":"","_EventCostDescription":"","_EventCurrencySymbol":"","_EventCurrencyCode":"","_EventCurrencyPosition":"","_EventDateTimeSeparator":"","_EventTimeRangeSeparator":"","_EventOrganizerID":[],"_EventVenueID":[],"_OrganizerEmail":"","_OrganizerPhone":"","_OrganizerWebsite":"","_VenueAddress":"","_VenueCity":"","_VenueCountry":"","_VenueProvince":"","_VenueState":"","_VenueZip":"","_VenuePhone":"","_VenueURL":"","_VenueStateProvince":"","_VenueLat":"","_VenueLng":"","_VenueShowMap":false,"_VenueShowMapLink":false,"footnotes":""},"categories":[13],"tags":[58,17],"class_list":["post-6132","post","type-post","status-publish","format-standard","has-post-thumbnail","hentry","category-articles","tag-communes","tag-logement"],"yoast_head":"<!-- This site is optimized with the Yoast SEO plugin v27.4 - https:\/\/yoast.com\/product\/yoast-seo-wordpress\/ -->\n<title>Le logement selon S\u00e9bastien Lecornu : annonces et manque de courage politique - Nos R\u00e9volutions<\/title>\n<meta name=\"robots\" content=\"index, follow, max-snippet:-1, max-image-preview:large, max-video-preview:-1\" \/>\n<link rel=\"canonical\" href=\"https:\/\/nosrevolutions.fr\/en\/2026\/04\/27\/le-logement-selon-sebastien-lecornu-annonces-et-manque-de-courage-politique\/\" \/>\n<meta property=\"og:locale\" content=\"en_GB\" \/>\n<meta property=\"og:type\" content=\"article\" \/>\n<meta property=\"og:title\" content=\"Le logement selon S\u00e9bastien Lecornu : annonces et manque de courage politique - Nos R\u00e9volutions\" \/>\n<meta property=\"og:description\" content=\"Lucie Champenois est militante communiste et adjointe au Maire de Nanterre, charg\u00e9e du Logement et de l&rsquo;Habitat. Les annonces de S\u00e9bastien Lecornu concernant la future loi sur le logement ne [&hellip;]\" \/>\n<meta property=\"og:url\" content=\"https:\/\/nosrevolutions.fr\/en\/2026\/04\/27\/le-logement-selon-sebastien-lecornu-annonces-et-manque-de-courage-politique\/\" \/>\n<meta property=\"og:site_name\" content=\"Nos R\u00e9volutions\" \/>\n<meta property=\"article:published_time\" content=\"2026-04-27T10:28:03+00:00\" \/>\n<meta property=\"article:modified_time\" content=\"2026-04-27T10:28:04+00:00\" \/>\n<meta property=\"og:image\" content=\"https:\/\/nosrevolutions.fr\/wp-content\/uploads\/2026\/04\/Allee_Jean_Fontaine_-_Nanterre_FR92_-_2023-09-16_-_2.jpg\" \/>\n\t<meta property=\"og:image:width\" content=\"1280\" \/>\n\t<meta property=\"og:image:height\" content=\"960\" \/>\n\t<meta property=\"og:image:type\" content=\"image\/jpeg\" \/>\n<meta name=\"author\" content=\"Lucie Champenois\" \/>\n<meta name=\"twitter:card\" content=\"summary_large_image\" \/>\n<meta name=\"twitter:creator\" content=\"@NosRevolutions\" \/>\n<meta name=\"twitter:site\" content=\"@NosRevolutions\" \/>\n<meta name=\"twitter:label1\" content=\"Written by\" \/>\n\t<meta name=\"twitter:data1\" content=\"Lucie Champenois\" \/>\n\t<meta name=\"twitter:label2\" content=\"Estimated reading time\" \/>\n\t<meta name=\"twitter:data2\" content=\"7 minutes\" \/>\n<script type=\"application\/ld+json\" class=\"yoast-schema-graph\">{\"@context\":\"https:\\\/\\\/schema.org\",\"@graph\":[{\"@type\":\"Article\",\"@id\":\"https:\\\/\\\/nosrevolutions.fr\\\/2026\\\/04\\\/27\\\/le-logement-selon-sebastien-lecornu-annonces-et-manque-de-courage-politique\\\/#article\",\"isPartOf\":{\"@id\":\"https:\\\/\\\/nosrevolutions.fr\\\/2026\\\/04\\\/27\\\/le-logement-selon-sebastien-lecornu-annonces-et-manque-de-courage-politique\\\/\"},\"author\":{\"name\":\"Lucie Champenois\",\"@id\":\"https:\\\/\\\/nosrevolutions.fr\\\/#\\\/schema\\\/person\\\/dfcbdb5f3bc1ef3c5543960b2488fc89\"},\"headline\":\"Le logement selon S\u00e9bastien Lecornu : annonces et manque de courage politique\",\"datePublished\":\"2026-04-27T10:28:03+00:00\",\"dateModified\":\"2026-04-27T10:28:04+00:00\",\"mainEntityOfPage\":{\"@id\":\"https:\\\/\\\/nosrevolutions.fr\\\/2026\\\/04\\\/27\\\/le-logement-selon-sebastien-lecornu-annonces-et-manque-de-courage-politique\\\/\"},\"wordCount\":1287,\"publisher\":{\"@id\":\"https:\\\/\\\/nosrevolutions.fr\\\/#organization\"},\"image\":{\"@id\":\"https:\\\/\\\/nosrevolutions.fr\\\/2026\\\/04\\\/27\\\/le-logement-selon-sebastien-lecornu-annonces-et-manque-de-courage-politique\\\/#primaryimage\"},\"thumbnailUrl\":\"https:\\\/\\\/nosrevolutions.fr\\\/wp-content\\\/uploads\\\/2026\\\/04\\\/Allee_Jean_Fontaine_-_Nanterre_FR92_-_2023-09-16_-_2.jpg\",\"keywords\":[\"Communes\",\"Logement\"],\"articleSection\":[\"Articles\"],\"inLanguage\":\"en-GB\"},{\"@type\":\"WebPage\",\"@id\":\"https:\\\/\\\/nosrevolutions.fr\\\/2026\\\/04\\\/27\\\/le-logement-selon-sebastien-lecornu-annonces-et-manque-de-courage-politique\\\/\",\"url\":\"https:\\\/\\\/nosrevolutions.fr\\\/2026\\\/04\\\/27\\\/le-logement-selon-sebastien-lecornu-annonces-et-manque-de-courage-politique\\\/\",\"name\":\"Le logement selon S\u00e9bastien Lecornu : annonces et manque de courage politique - Nos R\u00e9volutions\",\"isPartOf\":{\"@id\":\"https:\\\/\\\/nosrevolutions.fr\\\/#website\"},\"primaryImageOfPage\":{\"@id\":\"https:\\\/\\\/nosrevolutions.fr\\\/2026\\\/04\\\/27\\\/le-logement-selon-sebastien-lecornu-annonces-et-manque-de-courage-politique\\\/#primaryimage\"},\"image\":{\"@id\":\"https:\\\/\\\/nosrevolutions.fr\\\/2026\\\/04\\\/27\\\/le-logement-selon-sebastien-lecornu-annonces-et-manque-de-courage-politique\\\/#primaryimage\"},\"thumbnailUrl\":\"https:\\\/\\\/nosrevolutions.fr\\\/wp-content\\\/uploads\\\/2026\\\/04\\\/Allee_Jean_Fontaine_-_Nanterre_FR92_-_2023-09-16_-_2.jpg\",\"datePublished\":\"2026-04-27T10:28:03+00:00\",\"dateModified\":\"2026-04-27T10:28:04+00:00\",\"breadcrumb\":{\"@id\":\"https:\\\/\\\/nosrevolutions.fr\\\/2026\\\/04\\\/27\\\/le-logement-selon-sebastien-lecornu-annonces-et-manque-de-courage-politique\\\/#breadcrumb\"},\"inLanguage\":\"en-GB\",\"potentialAction\":[{\"@type\":\"ReadAction\",\"target\":[\"https:\\\/\\\/nosrevolutions.fr\\\/2026\\\/04\\\/27\\\/le-logement-selon-sebastien-lecornu-annonces-et-manque-de-courage-politique\\\/\"]}]},{\"@type\":\"ImageObject\",\"inLanguage\":\"en-GB\",\"@id\":\"https:\\\/\\\/nosrevolutions.fr\\\/2026\\\/04\\\/27\\\/le-logement-selon-sebastien-lecornu-annonces-et-manque-de-courage-politique\\\/#primaryimage\",\"url\":\"https:\\\/\\\/nosrevolutions.fr\\\/wp-content\\\/uploads\\\/2026\\\/04\\\/Allee_Jean_Fontaine_-_Nanterre_FR92_-_2023-09-16_-_2.jpg\",\"contentUrl\":\"https:\\\/\\\/nosrevolutions.fr\\\/wp-content\\\/uploads\\\/2026\\\/04\\\/Allee_Jean_Fontaine_-_Nanterre_FR92_-_2023-09-16_-_2.jpg\",\"width\":1280,\"height\":960},{\"@type\":\"BreadcrumbList\",\"@id\":\"https:\\\/\\\/nosrevolutions.fr\\\/2026\\\/04\\\/27\\\/le-logement-selon-sebastien-lecornu-annonces-et-manque-de-courage-politique\\\/#breadcrumb\",\"itemListElement\":[{\"@type\":\"ListItem\",\"position\":1,\"name\":\"Accueil\",\"item\":\"https:\\\/\\\/nosrevolutions.fr\\\/\"},{\"@type\":\"ListItem\",\"position\":2,\"name\":\"Le logement selon S\u00e9bastien Lecornu : annonces et manque de courage politique\"}]},{\"@type\":\"WebSite\",\"@id\":\"https:\\\/\\\/nosrevolutions.fr\\\/#website\",\"url\":\"https:\\\/\\\/nosrevolutions.fr\\\/\",\"name\":\"Nos R\u00e9volutions\",\"description\":\"Communisme et mouvement social\",\"publisher\":{\"@id\":\"https:\\\/\\\/nosrevolutions.fr\\\/#organization\"},\"potentialAction\":[{\"@type\":\"SearchAction\",\"target\":{\"@type\":\"EntryPoint\",\"urlTemplate\":\"https:\\\/\\\/nosrevolutions.fr\\\/?s={search_term_string}\"},\"query-input\":{\"@type\":\"PropertyValueSpecification\",\"valueRequired\":true,\"valueName\":\"search_term_string\"}}],\"inLanguage\":\"en-GB\"},{\"@type\":\"Organization\",\"@id\":\"https:\\\/\\\/nosrevolutions.fr\\\/#organization\",\"name\":\"Nos R\u00e9volutions\",\"url\":\"https:\\\/\\\/nosrevolutions.fr\\\/\",\"logo\":{\"@type\":\"ImageObject\",\"inLanguage\":\"en-GB\",\"@id\":\"https:\\\/\\\/nosrevolutions.fr\\\/#\\\/schema\\\/logo\\\/image\\\/\",\"url\":\"https:\\\/\\\/nosrevolutions.fr\\\/wp-content\\\/uploads\\\/2022\\\/09\\\/nrs_logo_noir.png\",\"contentUrl\":\"https:\\\/\\\/nosrevolutions.fr\\\/wp-content\\\/uploads\\\/2022\\\/09\\\/nrs_logo_noir.png\",\"width\":2000,\"height\":501,\"caption\":\"Nos R\u00e9volutions\"},\"image\":{\"@id\":\"https:\\\/\\\/nosrevolutions.fr\\\/#\\\/schema\\\/logo\\\/image\\\/\"},\"sameAs\":[\"https:\\\/\\\/x.com\\\/NosRevolutions\"]},{\"@type\":\"Person\",\"@id\":\"https:\\\/\\\/nosrevolutions.fr\\\/#\\\/schema\\\/person\\\/dfcbdb5f3bc1ef3c5543960b2488fc89\",\"name\":\"Lucie Champenois\",\"image\":{\"@type\":\"ImageObject\",\"inLanguage\":\"en-GB\",\"@id\":\"https:\\\/\\\/secure.gravatar.com\\\/avatar\\\/f34c6e4bde262981ef5c0ad75b2d88f6104dc98da3ba1463410cae5fb2f29750?s=96&d=mm&r=g\",\"url\":\"https:\\\/\\\/secure.gravatar.com\\\/avatar\\\/f34c6e4bde262981ef5c0ad75b2d88f6104dc98da3ba1463410cae5fb2f29750?s=96&d=mm&r=g\",\"contentUrl\":\"https:\\\/\\\/secure.gravatar.com\\\/avatar\\\/f34c6e4bde262981ef5c0ad75b2d88f6104dc98da3ba1463410cae5fb2f29750?s=96&d=mm&r=g\",\"caption\":\"Lucie Champenois\"},\"description\":\"Lucie Champenois est conseill\u00e8re municipale de Nanterre, d\u00e9l\u00e9gu\u00e9e \u00e0 la Culture.\",\"url\":\"https:\\\/\\\/nosrevolutions.fr\\\/en\\\/author\\\/luciechampenois\\\/\"}]}<\/script>\n<!-- \/ Yoast SEO plugin. -->","yoast_head_json":{"title":"Le logement selon S\u00e9bastien Lecornu : annonces et manque de courage politique - Nos R\u00e9volutions","robots":{"index":"index","follow":"follow","max-snippet":"max-snippet:-1","max-image-preview":"max-image-preview:large","max-video-preview":"max-video-preview:-1"},"canonical":"https:\/\/nosrevolutions.fr\/en\/2026\/04\/27\/le-logement-selon-sebastien-lecornu-annonces-et-manque-de-courage-politique\/","og_locale":"en_GB","og_type":"article","og_title":"Le logement selon S\u00e9bastien Lecornu : annonces et manque de courage politique - Nos R\u00e9volutions","og_description":"Lucie Champenois est militante communiste et adjointe au Maire de Nanterre, charg\u00e9e du Logement et de l&rsquo;Habitat. Les annonces de S\u00e9bastien Lecornu concernant la future loi sur le logement ne [&hellip;]","og_url":"https:\/\/nosrevolutions.fr\/en\/2026\/04\/27\/le-logement-selon-sebastien-lecornu-annonces-et-manque-de-courage-politique\/","og_site_name":"Nos R\u00e9volutions","article_published_time":"2026-04-27T10:28:03+00:00","article_modified_time":"2026-04-27T10:28:04+00:00","og_image":[{"width":1280,"height":960,"url":"https:\/\/nosrevolutions.fr\/wp-content\/uploads\/2026\/04\/Allee_Jean_Fontaine_-_Nanterre_FR92_-_2023-09-16_-_2.jpg","type":"image\/jpeg"}],"author":"Lucie Champenois","twitter_card":"summary_large_image","twitter_creator":"@NosRevolutions","twitter_site":"@NosRevolutions","twitter_misc":{"Written by":"Lucie Champenois","Estimated reading time":"7 minutes"},"schema":{"@context":"https:\/\/schema.org","@graph":[{"@type":"Article","@id":"https:\/\/nosrevolutions.fr\/2026\/04\/27\/le-logement-selon-sebastien-lecornu-annonces-et-manque-de-courage-politique\/#article","isPartOf":{"@id":"https:\/\/nosrevolutions.fr\/2026\/04\/27\/le-logement-selon-sebastien-lecornu-annonces-et-manque-de-courage-politique\/"},"author":{"name":"Lucie Champenois","@id":"https:\/\/nosrevolutions.fr\/#\/schema\/person\/dfcbdb5f3bc1ef3c5543960b2488fc89"},"headline":"Le logement selon S\u00e9bastien Lecornu : annonces et manque de courage politique","datePublished":"2026-04-27T10:28:03+00:00","dateModified":"2026-04-27T10:28:04+00:00","mainEntityOfPage":{"@id":"https:\/\/nosrevolutions.fr\/2026\/04\/27\/le-logement-selon-sebastien-lecornu-annonces-et-manque-de-courage-politique\/"},"wordCount":1287,"publisher":{"@id":"https:\/\/nosrevolutions.fr\/#organization"},"image":{"@id":"https:\/\/nosrevolutions.fr\/2026\/04\/27\/le-logement-selon-sebastien-lecornu-annonces-et-manque-de-courage-politique\/#primaryimage"},"thumbnailUrl":"https:\/\/nosrevolutions.fr\/wp-content\/uploads\/2026\/04\/Allee_Jean_Fontaine_-_Nanterre_FR92_-_2023-09-16_-_2.jpg","keywords":["Communes","Logement"],"articleSection":["Articles"],"inLanguage":"en-GB"},{"@type":"WebPage","@id":"https:\/\/nosrevolutions.fr\/2026\/04\/27\/le-logement-selon-sebastien-lecornu-annonces-et-manque-de-courage-politique\/","url":"https:\/\/nosrevolutions.fr\/2026\/04\/27\/le-logement-selon-sebastien-lecornu-annonces-et-manque-de-courage-politique\/","name":"Le logement selon S\u00e9bastien Lecornu : annonces et manque de courage politique - Nos R\u00e9volutions","isPartOf":{"@id":"https:\/\/nosrevolutions.fr\/#website"},"primaryImageOfPage":{"@id":"https:\/\/nosrevolutions.fr\/2026\/04\/27\/le-logement-selon-sebastien-lecornu-annonces-et-manque-de-courage-politique\/#primaryimage"},"image":{"@id":"https:\/\/nosrevolutions.fr\/2026\/04\/27\/le-logement-selon-sebastien-lecornu-annonces-et-manque-de-courage-politique\/#primaryimage"},"thumbnailUrl":"https:\/\/nosrevolutions.fr\/wp-content\/uploads\/2026\/04\/Allee_Jean_Fontaine_-_Nanterre_FR92_-_2023-09-16_-_2.jpg","datePublished":"2026-04-27T10:28:03+00:00","dateModified":"2026-04-27T10:28:04+00:00","breadcrumb":{"@id":"https:\/\/nosrevolutions.fr\/2026\/04\/27\/le-logement-selon-sebastien-lecornu-annonces-et-manque-de-courage-politique\/#breadcrumb"},"inLanguage":"en-GB","potentialAction":[{"@type":"ReadAction","target":["https:\/\/nosrevolutions.fr\/2026\/04\/27\/le-logement-selon-sebastien-lecornu-annonces-et-manque-de-courage-politique\/"]}]},{"@type":"ImageObject","inLanguage":"en-GB","@id":"https:\/\/nosrevolutions.fr\/2026\/04\/27\/le-logement-selon-sebastien-lecornu-annonces-et-manque-de-courage-politique\/#primaryimage","url":"https:\/\/nosrevolutions.fr\/wp-content\/uploads\/2026\/04\/Allee_Jean_Fontaine_-_Nanterre_FR92_-_2023-09-16_-_2.jpg","contentUrl":"https:\/\/nosrevolutions.fr\/wp-content\/uploads\/2026\/04\/Allee_Jean_Fontaine_-_Nanterre_FR92_-_2023-09-16_-_2.jpg","width":1280,"height":960},{"@type":"BreadcrumbList","@id":"https:\/\/nosrevolutions.fr\/2026\/04\/27\/le-logement-selon-sebastien-lecornu-annonces-et-manque-de-courage-politique\/#breadcrumb","itemListElement":[{"@type":"ListItem","position":1,"name":"Accueil","item":"https:\/\/nosrevolutions.fr\/"},{"@type":"ListItem","position":2,"name":"Le logement selon S\u00e9bastien Lecornu : annonces et manque de courage politique"}]},{"@type":"WebSite","@id":"https:\/\/nosrevolutions.fr\/#website","url":"https:\/\/nosrevolutions.fr\/","name":"Nos R\u00e9volutions","description":"Communisme et mouvement social","publisher":{"@id":"https:\/\/nosrevolutions.fr\/#organization"},"potentialAction":[{"@type":"SearchAction","target":{"@type":"EntryPoint","urlTemplate":"https:\/\/nosrevolutions.fr\/?s={search_term_string}"},"query-input":{"@type":"PropertyValueSpecification","valueRequired":true,"valueName":"search_term_string"}}],"inLanguage":"en-GB"},{"@type":"Organization","@id":"https:\/\/nosrevolutions.fr\/#organization","name":"Nos R\u00e9volutions","url":"https:\/\/nosrevolutions.fr\/","logo":{"@type":"ImageObject","inLanguage":"en-GB","@id":"https:\/\/nosrevolutions.fr\/#\/schema\/logo\/image\/","url":"https:\/\/nosrevolutions.fr\/wp-content\/uploads\/2022\/09\/nrs_logo_noir.png","contentUrl":"https:\/\/nosrevolutions.fr\/wp-content\/uploads\/2022\/09\/nrs_logo_noir.png","width":2000,"height":501,"caption":"Nos R\u00e9volutions"},"image":{"@id":"https:\/\/nosrevolutions.fr\/#\/schema\/logo\/image\/"},"sameAs":["https:\/\/x.com\/NosRevolutions"]},{"@type":"Person","@id":"https:\/\/nosrevolutions.fr\/#\/schema\/person\/dfcbdb5f3bc1ef3c5543960b2488fc89","name":"Lucie Champenois","image":{"@type":"ImageObject","inLanguage":"en-GB","@id":"https:\/\/secure.gravatar.com\/avatar\/f34c6e4bde262981ef5c0ad75b2d88f6104dc98da3ba1463410cae5fb2f29750?s=96&d=mm&r=g","url":"https:\/\/secure.gravatar.com\/avatar\/f34c6e4bde262981ef5c0ad75b2d88f6104dc98da3ba1463410cae5fb2f29750?s=96&d=mm&r=g","contentUrl":"https:\/\/secure.gravatar.com\/avatar\/f34c6e4bde262981ef5c0ad75b2d88f6104dc98da3ba1463410cae5fb2f29750?s=96&d=mm&r=g","caption":"Lucie Champenois"},"description":"Lucie Champenois est conseill\u00e8re municipale de Nanterre, d\u00e9l\u00e9gu\u00e9e \u00e0 la Culture.","url":"https:\/\/nosrevolutions.fr\/en\/author\/luciechampenois\/"}]}},"_links":{"self":[{"href":"https:\/\/nosrevolutions.fr\/en\/wp-json\/wp\/v2\/posts\/6132","targetHints":{"allow":["GET"]}}],"collection":[{"href":"https:\/\/nosrevolutions.fr\/en\/wp-json\/wp\/v2\/posts"}],"about":[{"href":"https:\/\/nosrevolutions.fr\/en\/wp-json\/wp\/v2\/types\/post"}],"author":[{"embeddable":true,"href":"https:\/\/nosrevolutions.fr\/en\/wp-json\/wp\/v2\/users\/43"}],"replies":[{"embeddable":true,"href":"https:\/\/nosrevolutions.fr\/en\/wp-json\/wp\/v2\/comments?post=6132"}],"version-history":[{"count":1,"href":"https:\/\/nosrevolutions.fr\/en\/wp-json\/wp\/v2\/posts\/6132\/revisions"}],"predecessor-version":[{"id":6134,"href":"https:\/\/nosrevolutions.fr\/en\/wp-json\/wp\/v2\/posts\/6132\/revisions\/6134"}],"wp:featuredmedia":[{"embeddable":true,"href":"https:\/\/nosrevolutions.fr\/en\/wp-json\/wp\/v2\/media\/6133"}],"wp:attachment":[{"href":"https:\/\/nosrevolutions.fr\/en\/wp-json\/wp\/v2\/media?parent=6132"}],"wp:term":[{"taxonomy":"category","embeddable":true,"href":"https:\/\/nosrevolutions.fr\/en\/wp-json\/wp\/v2\/categories?post=6132"},{"taxonomy":"post_tag","embeddable":true,"href":"https:\/\/nosrevolutions.fr\/en\/wp-json\/wp\/v2\/tags?post=6132"}],"curies":[{"name":"wp","href":"https:\/\/api.w.org\/{rel}","templated":true}]}}