{"id":6129,"date":"2026-04-26T21:53:36","date_gmt":"2026-04-26T19:53:36","guid":{"rendered":"https:\/\/nosrevolutions.fr\/?p=6129"},"modified":"2026-04-26T21:53:37","modified_gmt":"2026-04-26T19:53:37","slug":"visite-de-retailleau-a-pablo-picasso-la-com-ne-remplace-pas-les-actes","status":"publish","type":"post","link":"https:\/\/nosrevolutions.fr\/en\/2026\/04\/26\/visite-de-retailleau-a-pablo-picasso-la-com-ne-remplace-pas-les-actes\/","title":{"rendered":"Visite de Retailleau \u00e0 Pablo Picasso : la com&rsquo; ne remplace pas les actes !"},"content":{"rendered":"<p><em>Nous reproduisons ici le communiqu\u00e9 du 23 avril 2026 par Laureen Genthon, Conseill\u00e8re d\u00e9partementale des Hauts-de-Seine, \u00e9lue du canton de Nanterre.<\/em><\/p>\n\n\n\n<p>Ce matin, Bruno Retailleau s&rsquo;est rendu dans le quartier Pablo Picasso \u00e0 Nanterre. En tant que conseill\u00e8re d\u00e9partementale de ce territoire, et habitante de ce quartier, je ne peux laisser sans r\u00e9ponse cette op\u00e9ration de communication qui instrumentalise une fois de plus les difficult\u00e9s r\u00e9elles des habitants de notre quartier.<\/p>\n\n\n\n<p>Le trafic de drogue n&rsquo;est pas une fatalit\u00e9 propre aux quartiers populaires, c&rsquo;est le sympt\u00f4me d&rsquo;une politique sociale d\u00e9faillante et d&rsquo;une \u00e9conomie qui exclut. La r\u00e9ponse uniquement s\u00e9curitaire, martel\u00e9e depuis des d\u00e9cennies, a d\u00e9montr\u00e9 ses limites.<\/p>\n\n\n\n<p>Au-del\u00e0 du bilan, c&rsquo;est le projet de soci\u00e9t\u00e9 de Bruno Retailleau qui doit \u00eatre d\u00e9nonc\u00e9. Ses propos sur l&rsquo;immigration disant qu&rsquo;elle \u00ab <em>n&rsquo;est plus une chance pour la France<\/em> \u00bb et qu&rsquo;elle \u00ab <em>aggrave tous nos probl\u00e8mes<\/em> \u00bb, font \u00e9cho aux propos racistes du Rassemblement national et constituent une insulte directe aux habitants des quartiers populaires, dont les familles ont contribu\u00e9 \u00e0 construire Nanterre et la France.<\/p>\n\n\n\n<p>Contrairement aux visites ponctuelles, les \u00e9lus de proximit\u00e9 agissent au quotidien : \u0153uvrer pour que le bailleur Hauts-de-Seine Habitat respecte ses engagements et fasse de notre quartier une priorit\u00e9, lutter contre l&rsquo;habitat indigne, se battre aux c\u00f4t\u00e9s des parents d&rsquo;\u00e9l\u00e8ves et des enseignants contre les fermetures de classes, lever les restrictions de livraisons des soci\u00e9t\u00e9s Chronopost et UPS&#8230;<\/p>\n\n\n\n<p>Les habitants du quartier Pablo Picasso n&rsquo;ont pas besoin d&rsquo;\u00eatre le d\u00e9cor des ambitions pr\u00e9sidentielles de quiconque. Ils ont besoin d&rsquo;investissements durables, de services publics renforc\u00e9s, d&rsquo;une politique sociale ambitieuse et d&rsquo;\u00e9lus qui restent apr\u00e8s le d\u00e9part des cam\u00e9ras.<\/p>\n\n\n\n<p><strong>Je resterai, pour ma part, pleinement mobilis\u00e9e dans mon quartier, \u00e0 leurs c\u00f4t\u00e9s.<\/strong><\/p>\n\n\n\n<p><\/p>\n\n\n\n<hr class=\"wp-block-separator has-alpha-channel-opacity\"\/>\n\n\n\n<p>Image d&rsquo;illustration : \u00ab\u00a0Tours Aillaud \/ Cit\u00e9 Pablo Picasso @ La D\u00e9fense @ Paris\u00a0\u00bb, photographie du 8 juin 2017 par <a href=\"https:\/\/www.flickr.com\/photos\/o_0\/35021293682\">Guilhem Vellut<\/a> (<a href=\"https:\/\/creativecommons.org\/licenses\/by\/2.0\/deed.fr\">CC BY 2.0<\/a>)<\/p>","protected":false},"excerpt":{"rendered":"<p>Nous reproduisons ici le communiqu\u00e9 du 23 avril 2026 par Laureen Genthon, Conseill\u00e8re d\u00e9partementale des Hauts-de-Seine, \u00e9lue du canton de Nanterre. Ce matin, Bruno Retailleau s&rsquo;est rendu dans le quartier [&hellip;]<\/p>\n","protected":false},"author":65,"featured_media":6130,"comment_status":"closed","ping_status":"closed","sticky":false,"template":"","format":"standard","meta":{"_EventAllDay":false,"_EventTimezone":"","_EventStartDate":"","_EventEndDate":"","_EventStartDateUTC":"","_EventEndDateUTC":"","_EventShowMap":false,"_EventShowMapLink":false,"_EventURL":"","_EventCost":"","_EventCostDescription":"","_EventCurrencySymbol":"","_EventCurrencyCode":"","_EventCurrencyPosition":"","_EventDateTimeSeparator":"","_EventTimeRangeSeparator":"","_EventOrganizerID":[],"_EventVenueID":[],"_OrganizerEmail":"","_OrganizerPhone":"","_OrganizerWebsite":"","_VenueAddress":"","_VenueCity":"","_VenueCountry":"","_VenueProvince":"","_VenueState":"","_VenueZip":"","_VenuePhone":"","_VenueURL":"","_VenueStateProvince":"","_VenueLat":"","_VenueLng":"","_VenueShowMap":false,"_VenueShowMapLink":false,"footnotes":""},"categories":[13],"tags":[58,16],"class_list":["post-6129","post","type-post","status-publish","format-standard","has-post-thumbnail","hentry","category-articles","tag-communes","tag-democratie"],"yoast_head":"<!-- This site is optimized with the Yoast SEO plugin v27.4 - https:\/\/yoast.com\/product\/yoast-seo-wordpress\/ -->\n<title>Visite de Retailleau \u00e0 Pablo Picasso : la com&#039; ne remplace pas les actes ! - Nos R\u00e9volutions<\/title>\n<meta name=\"robots\" content=\"index, follow, max-snippet:-1, max-image-preview:large, max-video-preview:-1\" \/>\n<link rel=\"canonical\" href=\"https:\/\/nosrevolutions.fr\/en\/2026\/04\/26\/visite-de-retailleau-a-pablo-picasso-la-com-ne-remplace-pas-les-actes\/\" \/>\n<meta property=\"og:locale\" content=\"en_GB\" \/>\n<meta property=\"og:type\" content=\"article\" \/>\n<meta property=\"og:title\" content=\"Visite de Retailleau \u00e0 Pablo Picasso : la com&#039; ne remplace pas les actes ! - Nos R\u00e9volutions\" \/>\n<meta property=\"og:description\" content=\"Nous reproduisons ici le communiqu\u00e9 du 23 avril 2026 par Laureen Genthon, Conseill\u00e8re d\u00e9partementale des Hauts-de-Seine, \u00e9lue du canton de Nanterre. Ce matin, Bruno Retailleau s&rsquo;est rendu dans le quartier [&hellip;]\" \/>\n<meta property=\"og:url\" content=\"https:\/\/nosrevolutions.fr\/en\/2026\/04\/26\/visite-de-retailleau-a-pablo-picasso-la-com-ne-remplace-pas-les-actes\/\" \/>\n<meta property=\"og:site_name\" content=\"Nos R\u00e9volutions\" \/>\n<meta property=\"article:published_time\" content=\"2026-04-26T19:53:36+00:00\" \/>\n<meta property=\"article:modified_time\" content=\"2026-04-26T19:53:37+00:00\" \/>\n<meta property=\"og:image\" content=\"https:\/\/nosrevolutions.fr\/wp-content\/uploads\/2026\/04\/35021293682_3fc99de41f_c.jpg\" \/>\n\t<meta property=\"og:image:width\" content=\"799\" \/>\n\t<meta property=\"og:image:height\" content=\"533\" \/>\n\t<meta property=\"og:image:type\" content=\"image\/jpeg\" \/>\n<meta name=\"author\" content=\"Laureen Genthon\" \/>\n<meta name=\"twitter:card\" content=\"summary_large_image\" \/>\n<meta name=\"twitter:creator\" content=\"@NosRevolutions\" \/>\n<meta name=\"twitter:site\" content=\"@NosRevolutions\" \/>\n<meta name=\"twitter:label1\" content=\"Written by\" \/>\n\t<meta name=\"twitter:data1\" content=\"Laureen Genthon\" \/>\n\t<meta name=\"twitter:label2\" content=\"Estimated reading time\" \/>\n\t<meta name=\"twitter:data2\" content=\"2 minutes\" \/>\n<script type=\"application\/ld+json\" class=\"yoast-schema-graph\">{\"@context\":\"https:\\\/\\\/schema.org\",\"@graph\":[{\"@type\":\"Article\",\"@id\":\"https:\\\/\\\/nosrevolutions.fr\\\/2026\\\/04\\\/26\\\/visite-de-retailleau-a-pablo-picasso-la-com-ne-remplace-pas-les-actes\\\/#article\",\"isPartOf\":{\"@id\":\"https:\\\/\\\/nosrevolutions.fr\\\/2026\\\/04\\\/26\\\/visite-de-retailleau-a-pablo-picasso-la-com-ne-remplace-pas-les-actes\\\/\"},\"author\":{\"name\":\"Laureen Genthon\",\"@id\":\"https:\\\/\\\/nosrevolutions.fr\\\/#\\\/schema\\\/person\\\/6a2a677e30b26cc754cc564527a59c6a\"},\"headline\":\"Visite de Retailleau \u00e0 Pablo Picasso : la com&rsquo; ne remplace pas les actes !\",\"datePublished\":\"2026-04-26T19:53:36+00:00\",\"dateModified\":\"2026-04-26T19:53:37+00:00\",\"mainEntityOfPage\":{\"@id\":\"https:\\\/\\\/nosrevolutions.fr\\\/2026\\\/04\\\/26\\\/visite-de-retailleau-a-pablo-picasso-la-com-ne-remplace-pas-les-actes\\\/\"},\"wordCount\":355,\"publisher\":{\"@id\":\"https:\\\/\\\/nosrevolutions.fr\\\/#organization\"},\"image\":{\"@id\":\"https:\\\/\\\/nosrevolutions.fr\\\/2026\\\/04\\\/26\\\/visite-de-retailleau-a-pablo-picasso-la-com-ne-remplace-pas-les-actes\\\/#primaryimage\"},\"thumbnailUrl\":\"https:\\\/\\\/nosrevolutions.fr\\\/wp-content\\\/uploads\\\/2026\\\/04\\\/35021293682_3fc99de41f_c.jpg\",\"keywords\":[\"Communes\",\"D\u00e9mocratie\"],\"articleSection\":[\"Articles\"],\"inLanguage\":\"en-GB\"},{\"@type\":\"WebPage\",\"@id\":\"https:\\\/\\\/nosrevolutions.fr\\\/2026\\\/04\\\/26\\\/visite-de-retailleau-a-pablo-picasso-la-com-ne-remplace-pas-les-actes\\\/\",\"url\":\"https:\\\/\\\/nosrevolutions.fr\\\/2026\\\/04\\\/26\\\/visite-de-retailleau-a-pablo-picasso-la-com-ne-remplace-pas-les-actes\\\/\",\"name\":\"Visite de Retailleau \u00e0 Pablo Picasso : la com' ne remplace pas les actes ! - Nos R\u00e9volutions\",\"isPartOf\":{\"@id\":\"https:\\\/\\\/nosrevolutions.fr\\\/#website\"},\"primaryImageOfPage\":{\"@id\":\"https:\\\/\\\/nosrevolutions.fr\\\/2026\\\/04\\\/26\\\/visite-de-retailleau-a-pablo-picasso-la-com-ne-remplace-pas-les-actes\\\/#primaryimage\"},\"image\":{\"@id\":\"https:\\\/\\\/nosrevolutions.fr\\\/2026\\\/04\\\/26\\\/visite-de-retailleau-a-pablo-picasso-la-com-ne-remplace-pas-les-actes\\\/#primaryimage\"},\"thumbnailUrl\":\"https:\\\/\\\/nosrevolutions.fr\\\/wp-content\\\/uploads\\\/2026\\\/04\\\/35021293682_3fc99de41f_c.jpg\",\"datePublished\":\"2026-04-26T19:53:36+00:00\",\"dateModified\":\"2026-04-26T19:53:37+00:00\",\"breadcrumb\":{\"@id\":\"https:\\\/\\\/nosrevolutions.fr\\\/2026\\\/04\\\/26\\\/visite-de-retailleau-a-pablo-picasso-la-com-ne-remplace-pas-les-actes\\\/#breadcrumb\"},\"inLanguage\":\"en-GB\",\"potentialAction\":[{\"@type\":\"ReadAction\",\"target\":[\"https:\\\/\\\/nosrevolutions.fr\\\/2026\\\/04\\\/26\\\/visite-de-retailleau-a-pablo-picasso-la-com-ne-remplace-pas-les-actes\\\/\"]}]},{\"@type\":\"ImageObject\",\"inLanguage\":\"en-GB\",\"@id\":\"https:\\\/\\\/nosrevolutions.fr\\\/2026\\\/04\\\/26\\\/visite-de-retailleau-a-pablo-picasso-la-com-ne-remplace-pas-les-actes\\\/#primaryimage\",\"url\":\"https:\\\/\\\/nosrevolutions.fr\\\/wp-content\\\/uploads\\\/2026\\\/04\\\/35021293682_3fc99de41f_c.jpg\",\"contentUrl\":\"https:\\\/\\\/nosrevolutions.fr\\\/wp-content\\\/uploads\\\/2026\\\/04\\\/35021293682_3fc99de41f_c.jpg\",\"width\":799,\"height\":533},{\"@type\":\"BreadcrumbList\",\"@id\":\"https:\\\/\\\/nosrevolutions.fr\\\/2026\\\/04\\\/26\\\/visite-de-retailleau-a-pablo-picasso-la-com-ne-remplace-pas-les-actes\\\/#breadcrumb\",\"itemListElement\":[{\"@type\":\"ListItem\",\"position\":1,\"name\":\"Accueil\",\"item\":\"https:\\\/\\\/nosrevolutions.fr\\\/\"},{\"@type\":\"ListItem\",\"position\":2,\"name\":\"Visite de Retailleau \u00e0 Pablo Picasso : la com&rsquo; ne remplace pas les actes !\"}]},{\"@type\":\"WebSite\",\"@id\":\"https:\\\/\\\/nosrevolutions.fr\\\/#website\",\"url\":\"https:\\\/\\\/nosrevolutions.fr\\\/\",\"name\":\"Nos R\u00e9volutions\",\"description\":\"Communisme et mouvement social\",\"publisher\":{\"@id\":\"https:\\\/\\\/nosrevolutions.fr\\\/#organization\"},\"potentialAction\":[{\"@type\":\"SearchAction\",\"target\":{\"@type\":\"EntryPoint\",\"urlTemplate\":\"https:\\\/\\\/nosrevolutions.fr\\\/?s={search_term_string}\"},\"query-input\":{\"@type\":\"PropertyValueSpecification\",\"valueRequired\":true,\"valueName\":\"search_term_string\"}}],\"inLanguage\":\"en-GB\"},{\"@type\":\"Organization\",\"@id\":\"https:\\\/\\\/nosrevolutions.fr\\\/#organization\",\"name\":\"Nos R\u00e9volutions\",\"url\":\"https:\\\/\\\/nosrevolutions.fr\\\/\",\"logo\":{\"@type\":\"ImageObject\",\"inLanguage\":\"en-GB\",\"@id\":\"https:\\\/\\\/nosrevolutions.fr\\\/#\\\/schema\\\/logo\\\/image\\\/\",\"url\":\"https:\\\/\\\/nosrevolutions.fr\\\/wp-content\\\/uploads\\\/2022\\\/09\\\/nrs_logo_noir.png\",\"contentUrl\":\"https:\\\/\\\/nosrevolutions.fr\\\/wp-content\\\/uploads\\\/2022\\\/09\\\/nrs_logo_noir.png\",\"width\":2000,\"height\":501,\"caption\":\"Nos R\u00e9volutions\"},\"image\":{\"@id\":\"https:\\\/\\\/nosrevolutions.fr\\\/#\\\/schema\\\/logo\\\/image\\\/\"},\"sameAs\":[\"https:\\\/\\\/x.com\\\/NosRevolutions\"]},{\"@type\":\"Person\",\"@id\":\"https:\\\/\\\/nosrevolutions.fr\\\/#\\\/schema\\\/person\\\/6a2a677e30b26cc754cc564527a59c6a\",\"name\":\"Laureen Genthon\",\"image\":{\"@type\":\"ImageObject\",\"inLanguage\":\"en-GB\",\"@id\":\"https:\\\/\\\/secure.gravatar.com\\\/avatar\\\/dee01dbe95c3d4c68df73b16193f1f09ae77643b325946841c6fefeadc4a0a45?s=96&d=mm&r=g\",\"url\":\"https:\\\/\\\/secure.gravatar.com\\\/avatar\\\/dee01dbe95c3d4c68df73b16193f1f09ae77643b325946841c6fefeadc4a0a45?s=96&d=mm&r=g\",\"contentUrl\":\"https:\\\/\\\/secure.gravatar.com\\\/avatar\\\/dee01dbe95c3d4c68df73b16193f1f09ae77643b325946841c6fefeadc4a0a45?s=96&d=mm&r=g\",\"caption\":\"Laureen Genthon\"},\"url\":\"https:\\\/\\\/nosrevolutions.fr\\\/en\\\/author\\\/laureengenthon\\\/\"}]}<\/script>\n<!-- \/ Yoast SEO plugin. -->","yoast_head_json":{"title":"Visite de Retailleau \u00e0 Pablo Picasso : la com' ne remplace pas les actes ! - Nos R\u00e9volutions","robots":{"index":"index","follow":"follow","max-snippet":"max-snippet:-1","max-image-preview":"max-image-preview:large","max-video-preview":"max-video-preview:-1"},"canonical":"https:\/\/nosrevolutions.fr\/en\/2026\/04\/26\/visite-de-retailleau-a-pablo-picasso-la-com-ne-remplace-pas-les-actes\/","og_locale":"en_GB","og_type":"article","og_title":"Visite de Retailleau \u00e0 Pablo Picasso : la com' ne remplace pas les actes ! - Nos R\u00e9volutions","og_description":"Nous reproduisons ici le communiqu\u00e9 du 23 avril 2026 par Laureen Genthon, Conseill\u00e8re d\u00e9partementale des Hauts-de-Seine, \u00e9lue du canton de Nanterre. Ce matin, Bruno Retailleau s&rsquo;est rendu dans le quartier [&hellip;]","og_url":"https:\/\/nosrevolutions.fr\/en\/2026\/04\/26\/visite-de-retailleau-a-pablo-picasso-la-com-ne-remplace-pas-les-actes\/","og_site_name":"Nos R\u00e9volutions","article_published_time":"2026-04-26T19:53:36+00:00","article_modified_time":"2026-04-26T19:53:37+00:00","og_image":[{"width":799,"height":533,"url":"https:\/\/nosrevolutions.fr\/wp-content\/uploads\/2026\/04\/35021293682_3fc99de41f_c.jpg","type":"image\/jpeg"}],"author":"Laureen Genthon","twitter_card":"summary_large_image","twitter_creator":"@NosRevolutions","twitter_site":"@NosRevolutions","twitter_misc":{"Written by":"Laureen Genthon","Estimated reading time":"2 minutes"},"schema":{"@context":"https:\/\/schema.org","@graph":[{"@type":"Article","@id":"https:\/\/nosrevolutions.fr\/2026\/04\/26\/visite-de-retailleau-a-pablo-picasso-la-com-ne-remplace-pas-les-actes\/#article","isPartOf":{"@id":"https:\/\/nosrevolutions.fr\/2026\/04\/26\/visite-de-retailleau-a-pablo-picasso-la-com-ne-remplace-pas-les-actes\/"},"author":{"name":"Laureen Genthon","@id":"https:\/\/nosrevolutions.fr\/#\/schema\/person\/6a2a677e30b26cc754cc564527a59c6a"},"headline":"Visite de Retailleau \u00e0 Pablo Picasso : la com&rsquo; ne remplace pas les actes !","datePublished":"2026-04-26T19:53:36+00:00","dateModified":"2026-04-26T19:53:37+00:00","mainEntityOfPage":{"@id":"https:\/\/nosrevolutions.fr\/2026\/04\/26\/visite-de-retailleau-a-pablo-picasso-la-com-ne-remplace-pas-les-actes\/"},"wordCount":355,"publisher":{"@id":"https:\/\/nosrevolutions.fr\/#organization"},"image":{"@id":"https:\/\/nosrevolutions.fr\/2026\/04\/26\/visite-de-retailleau-a-pablo-picasso-la-com-ne-remplace-pas-les-actes\/#primaryimage"},"thumbnailUrl":"https:\/\/nosrevolutions.fr\/wp-content\/uploads\/2026\/04\/35021293682_3fc99de41f_c.jpg","keywords":["Communes","D\u00e9mocratie"],"articleSection":["Articles"],"inLanguage":"en-GB"},{"@type":"WebPage","@id":"https:\/\/nosrevolutions.fr\/2026\/04\/26\/visite-de-retailleau-a-pablo-picasso-la-com-ne-remplace-pas-les-actes\/","url":"https:\/\/nosrevolutions.fr\/2026\/04\/26\/visite-de-retailleau-a-pablo-picasso-la-com-ne-remplace-pas-les-actes\/","name":"Visite de Retailleau \u00e0 Pablo Picasso : la com' ne remplace pas les actes ! - Nos R\u00e9volutions","isPartOf":{"@id":"https:\/\/nosrevolutions.fr\/#website"},"primaryImageOfPage":{"@id":"https:\/\/nosrevolutions.fr\/2026\/04\/26\/visite-de-retailleau-a-pablo-picasso-la-com-ne-remplace-pas-les-actes\/#primaryimage"},"image":{"@id":"https:\/\/nosrevolutions.fr\/2026\/04\/26\/visite-de-retailleau-a-pablo-picasso-la-com-ne-remplace-pas-les-actes\/#primaryimage"},"thumbnailUrl":"https:\/\/nosrevolutions.fr\/wp-content\/uploads\/2026\/04\/35021293682_3fc99de41f_c.jpg","datePublished":"2026-04-26T19:53:36+00:00","dateModified":"2026-04-26T19:53:37+00:00","breadcrumb":{"@id":"https:\/\/nosrevolutions.fr\/2026\/04\/26\/visite-de-retailleau-a-pablo-picasso-la-com-ne-remplace-pas-les-actes\/#breadcrumb"},"inLanguage":"en-GB","potentialAction":[{"@type":"ReadAction","target":["https:\/\/nosrevolutions.fr\/2026\/04\/26\/visite-de-retailleau-a-pablo-picasso-la-com-ne-remplace-pas-les-actes\/"]}]},{"@type":"ImageObject","inLanguage":"en-GB","@id":"https:\/\/nosrevolutions.fr\/2026\/04\/26\/visite-de-retailleau-a-pablo-picasso-la-com-ne-remplace-pas-les-actes\/#primaryimage","url":"https:\/\/nosrevolutions.fr\/wp-content\/uploads\/2026\/04\/35021293682_3fc99de41f_c.jpg","contentUrl":"https:\/\/nosrevolutions.fr\/wp-content\/uploads\/2026\/04\/35021293682_3fc99de41f_c.jpg","width":799,"height":533},{"@type":"BreadcrumbList","@id":"https:\/\/nosrevolutions.fr\/2026\/04\/26\/visite-de-retailleau-a-pablo-picasso-la-com-ne-remplace-pas-les-actes\/#breadcrumb","itemListElement":[{"@type":"ListItem","position":1,"name":"Accueil","item":"https:\/\/nosrevolutions.fr\/"},{"@type":"ListItem","position":2,"name":"Visite de Retailleau \u00e0 Pablo Picasso : la com&rsquo; ne remplace pas les actes !"}]},{"@type":"WebSite","@id":"https:\/\/nosrevolutions.fr\/#website","url":"https:\/\/nosrevolutions.fr\/","name":"Nos R\u00e9volutions","description":"Communisme et mouvement social","publisher":{"@id":"https:\/\/nosrevolutions.fr\/#organization"},"potentialAction":[{"@type":"SearchAction","target":{"@type":"EntryPoint","urlTemplate":"https:\/\/nosrevolutions.fr\/?s={search_term_string}"},"query-input":{"@type":"PropertyValueSpecification","valueRequired":true,"valueName":"search_term_string"}}],"inLanguage":"en-GB"},{"@type":"Organization","@id":"https:\/\/nosrevolutions.fr\/#organization","name":"Nos R\u00e9volutions","url":"https:\/\/nosrevolutions.fr\/","logo":{"@type":"ImageObject","inLanguage":"en-GB","@id":"https:\/\/nosrevolutions.fr\/#\/schema\/logo\/image\/","url":"https:\/\/nosrevolutions.fr\/wp-content\/uploads\/2022\/09\/nrs_logo_noir.png","contentUrl":"https:\/\/nosrevolutions.fr\/wp-content\/uploads\/2022\/09\/nrs_logo_noir.png","width":2000,"height":501,"caption":"Nos R\u00e9volutions"},"image":{"@id":"https:\/\/nosrevolutions.fr\/#\/schema\/logo\/image\/"},"sameAs":["https:\/\/x.com\/NosRevolutions"]},{"@type":"Person","@id":"https:\/\/nosrevolutions.fr\/#\/schema\/person\/6a2a677e30b26cc754cc564527a59c6a","name":"Laureen Genthon","image":{"@type":"ImageObject","inLanguage":"en-GB","@id":"https:\/\/secure.gravatar.com\/avatar\/dee01dbe95c3d4c68df73b16193f1f09ae77643b325946841c6fefeadc4a0a45?s=96&d=mm&r=g","url":"https:\/\/secure.gravatar.com\/avatar\/dee01dbe95c3d4c68df73b16193f1f09ae77643b325946841c6fefeadc4a0a45?s=96&d=mm&r=g","contentUrl":"https:\/\/secure.gravatar.com\/avatar\/dee01dbe95c3d4c68df73b16193f1f09ae77643b325946841c6fefeadc4a0a45?s=96&d=mm&r=g","caption":"Laureen Genthon"},"url":"https:\/\/nosrevolutions.fr\/en\/author\/laureengenthon\/"}]}},"_links":{"self":[{"href":"https:\/\/nosrevolutions.fr\/en\/wp-json\/wp\/v2\/posts\/6129","targetHints":{"allow":["GET"]}}],"collection":[{"href":"https:\/\/nosrevolutions.fr\/en\/wp-json\/wp\/v2\/posts"}],"about":[{"href":"https:\/\/nosrevolutions.fr\/en\/wp-json\/wp\/v2\/types\/post"}],"author":[{"embeddable":true,"href":"https:\/\/nosrevolutions.fr\/en\/wp-json\/wp\/v2\/users\/65"}],"replies":[{"embeddable":true,"href":"https:\/\/nosrevolutions.fr\/en\/wp-json\/wp\/v2\/comments?post=6129"}],"version-history":[{"count":1,"href":"https:\/\/nosrevolutions.fr\/en\/wp-json\/wp\/v2\/posts\/6129\/revisions"}],"predecessor-version":[{"id":6131,"href":"https:\/\/nosrevolutions.fr\/en\/wp-json\/wp\/v2\/posts\/6129\/revisions\/6131"}],"wp:featuredmedia":[{"embeddable":true,"href":"https:\/\/nosrevolutions.fr\/en\/wp-json\/wp\/v2\/media\/6130"}],"wp:attachment":[{"href":"https:\/\/nosrevolutions.fr\/en\/wp-json\/wp\/v2\/media?parent=6129"}],"wp:term":[{"taxonomy":"category","embeddable":true,"href":"https:\/\/nosrevolutions.fr\/en\/wp-json\/wp\/v2\/categories?post=6129"},{"taxonomy":"post_tag","embeddable":true,"href":"https:\/\/nosrevolutions.fr\/en\/wp-json\/wp\/v2\/tags?post=6129"}],"curies":[{"name":"wp","href":"https:\/\/api.w.org\/{rel}","templated":true}]}}