{"id":6047,"date":"2026-04-01T17:41:08","date_gmt":"2026-04-01T15:41:08","guid":{"rendered":"https:\/\/nosrevolutions.fr\/?p=6047"},"modified":"2026-04-01T17:44:48","modified_gmt":"2026-04-01T15:44:48","slug":"en-debat-communisme-partout-notre-avenir-democratique-commence-aujourdhui","status":"publish","type":"post","link":"https:\/\/nosrevolutions.fr\/en\/2026\/04\/01\/en-debat-communisme-partout-notre-avenir-democratique-commence-aujourdhui\/","title":{"rendered":"EN D\u00c9BAT. Communisme Partout ? Notre avenir d\u00e9mocratique commence aujourd&rsquo;hui"},"content":{"rendered":"<p><em>Le 9 mars 2026, l\u2019\u00e9quipe de <\/em>Nos R\u00e9volutions <em>published <a href=\"https:\/\/nosrevolutions.fr\/en\/2026\/03\/09\/congres-du-pcf-une-proposition-de-texte-alternatif\/\">une proposition de texte alternatif<\/a> pour le congr\u00e8s du PCF, qui se tiendra d\u00e9but juillet. En visitant le site <a href=\"http:\/\/www.communismepartout.fr\">Communisme Partout<\/a>, les communistes, comme celles et ceux qui se reconnaissent dans ces id\u00e9es, sont invit\u00e9\u00b7es \u00e0 contribuer, amender, enrichir et r\u00e9agir aux orientations qui y sont pr\u00e9sent\u00e9es.<\/em><\/p>\n\n\n\n<p><em>Nous publions ici la contribution de Herv\u00e9 N\u00e9d\u00e9lec, militant syndical et politique \u00e0 Martigues (13).<\/em><\/p>\n\n\n\n<p><\/p>\n\n\n\n<p>Que faut-il penser de l&rsquo;offre f\u00e9d\u00e9rative faite le 7 f\u00e9vrier 2026 par Jean-Luc M\u00e9lenchon, englobant programme, pr\u00e9sidentielle et l\u00e9gislatives 2027 ?<\/p>\n\n\n\n<h4 class=\"wp-block-heading\"><strong>Transformer l&rsquo;essai<\/strong><\/h4>\n\n\n\n<p><strong>Dans un premier temps, l&rsquo;offre est s\u00e9duisante, mais les communistes unitaires ont des choses \u00e0 dire \u00e0 ce sujet<\/strong>. Cette proposition fait suite \u00e0 l&rsquo;annonce de\u00a0l&rsquo;organisation de primaires par d&rsquo;autres candidats de gauche, ou de l&rsquo;intention affirm\u00e9e par le PCF de pr\u00e9senter un candidat.<\/p>\n\n\n\n<p>De plus, depuis cette proposition les choses ont \u00e9volu\u00e9, en premier lieu les d\u00e9clarations lors de la derni\u00e8re campagne de Hollande, Delga, Glucksmann et consorts sur les gauches irr\u00e9conciliables, puis celle de M\u00e9lenchon affirmant qu&rsquo; il y aura \u00ab\u00a0dans tous les cas\u00a0\u00bb un candidat insoumis. Tous ces dirigeants font pour moi fausse route, car ils adoptent la d\u00e9marche de la 5\u00e8me R\u00e9publique et de l\u2019homme (ou la femme) providentiel.<\/p>\n\n\n\n<p><strong>Jean-Luc M\u00e9lenchon, qui prend cette initiative, ne va pas au bout de sa proposition et reste sur le contournement des corps interm\u00e9diaires et sur l&rsquo;id\u00e9e que la d\u00e9mocratie serait un rapport direct entre le \u00ab\u00a0peuple\u00a0\u00bb et un pouvoir central<\/strong>. C&rsquo;est aussi le cas de la logique des primaires nationales, comme de celle des d\u00e9signations par les directions des partis. Les \u00e9lecteurs ne sont l\u00e0 que pour valider des d\u00e9cisions prises ailleurs.<\/p>\n\n\n\n<p>Jean-Luc M\u00e9lenchon a fait beaucoup allusion ces derni\u00e8res ann\u00e9es \u00e0 la R\u00e9volution fran\u00e7aise. La \u00ab\u00a0grande R\u00e9volution\u00a0\u00bb est d&rsquo;un apport inestimable, mais concernant l&rsquo;exercice du pouvoir elle a d\u00e9bouch\u00e9 sur un jacobinisme qui laisse la part dominante \u00e0 la bourgeoisie. <strong>Donner sa juste place au prol\u00e9tariat, c&rsquo;est le r\u00f4le des communistes. Investir le processus propos\u00e9 par LFI pour lui donner tout son sens et se r\u00e9f\u00e9rer \u00e0 l&rsquo;autre r\u00e9volution, la Commune de Paris, c&rsquo;est notre chemin<\/strong>. D\u00e9velopper la proximit\u00e9 entre les citoyen\u00b7nes et leurs dirigeant\u00b7es, leurs contr\u00f4les et leur possible r\u00e9vocation permet d&rsquo;envahir cette f\u00e9d\u00e9ration.<\/p>\n\n\n\n<p><strong>La FI avec sa \u00ab\u00a0f\u00e9d\u00e9ration\u00a0\u00bb et son \u00ab\u00a0communalisme\u00a0\u00bb pose les bases du d\u00e9bat, et on peut l&rsquo;en remercier. Nous pouvons quant \u00e0 nous le faire \u00e9voluer<\/strong>. L&rsquo;essai est marqu\u00e9, nous devons le transformer\u00a0: les cat\u00e9gories populaires, \u00e0 l&rsquo;image des salari\u00e9\u00b7es dans les gr\u00e8ves, ont besoin de corps interm\u00e9diaires et de structures de proximit\u00e9s pour ma\u00eetriser leurs luttes et leurs repr\u00e9sentant\u00b7es.<\/p>\n\n\n\n<p>Refusons d\u00e8s maintenant la 5\u00e8me R\u00e9publique et sa d\u00e9l\u00e9gation de pouvoir port\u00e9e \u00e0 son paroxysme par cette \u00e9lection pr\u00e9sidentielle. <strong>Car cette logique est faite pour maintenir les rapports sociaux en l&rsquo;\u00e9tat et assurer la continuit\u00e9 du syst\u00e8me de domination capitaliste<\/strong>. Faire de la politique autrement est un slogan, mais le mettre en place imm\u00e9diatement est de notre responsabilit\u00e9.<\/p>\n\n\n\n<h4 class=\"wp-block-heading\"><strong>Faire comme on sait faire<\/strong><\/h4>\n\n\n\n<p>Pour atteindre une situation de rupture, nous devons adopter une autre logique de mobilisation. <strong>Prendre nos armes, faire jouer nos atouts, pr\u00e9parer cette f\u00e9d\u00e9ration comme on pr\u00e9pare une gr\u00e8ve ou une mobilisation citoyenne, s&rsquo;inspirer davantage des syndicats, des associations, des Gilets Jaunes et autres formes d&rsquo;auto-organisation nous permettra de nous d\u00e9barrasser du carcan des r\u00e8gles de nos adversaires<\/strong>. C&rsquo;est comme dans une guerre asym\u00e9trique\u00a0: jouons notre partition, pas la leur. Si on prend les armes de nos adversaires, si on fait comme eux, on perd\u00a0; si on commence \u00e0\u00a0imposer nos r\u00e8gles, notre logique, notre culture ils ne peuvent tenir. Nous avons le nombre, nous connaissons le terrain, ils n&rsquo;ont que l&rsquo;argent.<\/p>\n\n\n\n<p>Maintenant, les Fran\u00e7ais\u00b7es veulent ma\u00eetriser les processus o\u00f9 ils s&rsquo;engagent du d\u00e9but \u00e0 la fin. La seule question est donc de savoir comment la majorit\u00e9 va se reconna\u00eetre dans la d\u00e9marche f\u00e9d\u00e9rative. <strong>Construisons cette mobilisation pour prendre le pouvoir comme on construit les autres mobilisations,\u00a0comme on obtient dans une association une d\u00e9cision majoritaire,\u00a0en 5 \u00e9tapes :<\/strong><\/p>\n\n\n\n<ul class=\"wp-block-list\">\n<li>Avoir majoritairement le besoin imp\u00e9rieux de changer ;<\/li>\n\n\n\n<li>Mesurer la possibilit\u00e9 collective de s&rsquo;auto-organiser et de r\u00e9ussir ;<\/li>\n\n\n\n<li>\u00catre individuellement acteur et auteur du processus ;<\/li>\n\n\n\n<li>Avoir les moyens individuels et collectifs de contr\u00f4ler la d\u00e9marche du d\u00e9but \u00e0 la fin ;<\/li>\n\n\n\n<li>\u00c9valuer en permanence le rapport co\u00fbts-avantages de l&rsquo;action.<\/li>\n<\/ul>\n\n\n\n<p>Ce n&rsquo;est pas une question de m\u00e9thode, c&rsquo;est la d\u00e9cision d&rsquo;\u00eatre nous-m\u00eames, de faire \u00e0 notre mani\u00e8re et d&rsquo;actualiser en permanence notre potentiel de r\u00e9ussite. <strong>Si la f\u00e9d\u00e9ration propos\u00e9e par LFI n&rsquo;est pas centralis\u00e9e et si elle est suffisamment repr\u00e9sentative des territoires, alors elle restaurera l&rsquo;espoir dans les quartiers et les entreprises<\/strong>.<\/p>\n\n\n\n<h4 class=\"wp-block-heading\"><strong>Assumer nos diff\u00e9rences \u00e0 gauche pour combattre le fascisme<\/strong><\/h4>\n\n\n\n<p><strong>Au regard du rapport de force r\u00e9el, on comprend que la FI se positionne comme leader \u00e0 gauche, et vues les diff\u00e9rentes lignes, je crois que nous n&rsquo;\u00e9chapperons pas \u00e0 une comp\u00e9tition entre gauche de transformation sociale et gauche sociale-d\u00e9mocrate<\/strong>. Ceci-dit, c&rsquo;est un d\u00e9bat sain et il peut donner de la force \u00e0 l&rsquo;ensemble de la gauche en clarifiant les enjeux\u00a0et en mobilisant les citoyen\u00b7nes dans la clart\u00e9 de leurs diff\u00e9rences avant le vote.\u00a0Mais que dire de cette petite dizaine de candidats putatifs, qui jouent \u00e0 se projeter dans une campagne pr\u00e9sidentielle sans repr\u00e9senter des vraies diff\u00e9rences de ligne ou revendiquer une union sans d\u00e9bat de fond pour battre le RN ?<\/p>\n\n\n\n<p><strong>D\u00e9noncer le racisme et le supr\u00e9matisme est un pr\u00e9alable mais ne peut suffire\u00a0; la lutte contre le fascisme se gagne d&rsquo;abord dans les cerveaux, sur des contenus \u00e9mancipateurs et sur une perspective politique<\/strong>. Ceux qui ont instrumentalis\u00e9 les crimes de guerre du Hamas et ont d\u00e9voy\u00e9 le concept d&rsquo;antis\u00e9mitisme pour affaiblir LFI et qui utilisent maintenant l&rsquo;\u00e9pouvantail du RN comme pr\u00e9texte pour ne pas mener les d\u00e9bats internes \u00e0 la gauche et pour cacher leurs renoncements sur le fond,\u00a0ceux qui se sont associ\u00e9s aux macronistes pour sauver le budget et le gouvernement Lecornu\u00a0portent une responsabilit\u00e9 dans la force du RN. Le PS porte la responsabilit\u00e9 d&rsquo;avoir d\u00e9truit le NFP et l&rsquo;espoir qui allait avec, la politique de l&rsquo;autruche\u00a0est pour moi une impasse. Il faut des clarifications.<\/p>\n\n\n\n<p>La question de l&rsquo;affaiblissement du RN, c&rsquo;est la question du respect de tous face aux supr\u00e9matistes. C&rsquo;est aussi la question des perspectives de lutte et de l&rsquo;espoir d&rsquo;une vie meilleure. <strong>Pour combattre le RN, nous avons besoin d&rsquo;un PS qui aura clarifi\u00e9 ses positions, qui reviendra \u00e0 la ligne d&rsquo;origine sur le budget et affichera son engagement sur le programme du NFP. Nous avons besoin d&rsquo;un PCF qui ne va pas n\u00e9gocier une participation au gouvernement incompr\u00e9hensible et qui ne rencontre pas le MEDEF sans raison<\/strong>. Les Fran\u00e7ais\u00b7es sont tr\u00e8s fins en politique et tr\u00e8s intelligents, et ces compromissions sont insupportables aux gens qui souffrent de ne pouvoir vivre dignement, ou m\u00eame tout simplement\u00a0correctement, aux gens victimes du racisme. Seule la clart\u00e9 des positionnements politiques et du respect des engagements compte pour \u00eatre accept\u00e9 dans les mobilisations des Fran\u00e7ais\u00b7es contre le fascisme.<\/p>\n\n\n\n<h4 class=\"wp-block-heading\"><strong>Cr\u00e9er la 6\u00e8me R\u00e9publique et avoir les d\u00e9bats au grand jour<\/strong><\/h4>\n\n\n\n<p>La soci\u00e9t\u00e9 nouvelle dont les couches populaires ont besoin se construit d\u00e8s aujourd&rsquo;hui.\u00a0<strong>Pour \u00e9chapper \u00e0 la machine \u00e0 diviser que sont les primaires nationales, on pourrait organiser une d\u00e9signation citoyenne dans chaque circonscription<\/strong>.\u00a0D&rsquo;abord, on d\u00e9bat bien en amont sur les 577 candidat\u00b7es de la gauche radicale aux l\u00e9gislatives, et sur l&rsquo;actualisation du programme de rupture sur la base du programme du NFP.<\/p>\n\n\n\n<p>Ensuite il faut, me semble-t-il, pour r\u00e9ellement sortir de la logique de la 5\u00e8me r\u00e9publique et de l&rsquo;homme providentiel, que <strong>ces 577 candidats porteurs des \u00e9l\u00e9ments de programme d\u00e9signent en m\u00eame temps que le candidat \u00e0 la pr\u00e9sidentielle, le Premier ministre et les cinq ou dix ministres principaux qui vont le porter<\/strong>.\u00a0Ensuite, on pr\u00e9sente aux Fran\u00e7ais\u00b7es deux listes, l&rsquo;une de 577 pour l&rsquo;Assembl\u00e9e, et l&rsquo;autre de douze pour gouverner. Bien \u00e9videmment, d&rsquo;autres dispositifs peuvent aller dans le sens de cette d\u00e9marche.<\/p>\n\n\n\n<p>Mais mis \u00e0 part la mise en place technique et les r\u00e9glages de \u00ab\u00a0tringlerie\u00a0\u00bb dans l&rsquo;organisation des candidatures, je crois que <strong>les communistes unitaires doivent peser publiquement en prenant M\u00e9lenchon, Roussel, Tondelier, Autain, Faure, Ruffin et les autres par la gauche en posant d\u00e8s maintenant les bases d&rsquo;une 6\u00e8me r\u00e9publique qui donne le pouvoir aux citoyen\u00b7nes bien avant les scrutins<\/strong>. En choisissant les candidats dans des assembl\u00e9es citoyennes, les militant\u00b7es et les citoyen\u00b7nes s\u2019empareraient des enjeux. Un dispositif de ce genre pourrait contraindre les dirigeants de gauche qui acceptent en r\u00e9alit\u00e9 le jeu de la 5\u00e8me R\u00e9publique et la d\u00e9marche\u00a0 \u00ab\u00a0homme ou femme providentiel\u00a0\u00bb \u00e0 changer de logiciel.<\/p>\n\n\n\n<p><strong>J&rsquo;aime bien le concept d\u00e9velopp\u00e9 dans le texte \u00ab\u00a0Communisme Partout\u00a0\u00bb d&rsquo;un d\u00e9bat politique men\u00e9 au grand jour, et non \u00e0 quatre dans une pi\u00e8ce ferm\u00e9e<\/strong>. Cette nouvelle mani\u00e8re de faire vivre les partis et le d\u00e9bat citoyen correspond, je crois, aux attentes des Fran\u00e7ais\u00b7es. Ils doivent pouvoir peser sur tous les choix, comme ceux des ministres bien en amont et cesser ces dramaturgies ridicules d&rsquo;\u00eatre suspendu \u00e0 la d\u00e9cision de deux monarques lors des compositions gouvernementales.<\/p>\n\n\n\n<p><strong>La r\u00e9volution et la 6\u00e8me r\u00e9publique, ce n&rsquo;est pas que pour demain\u00a0; \u00e7a commence aujourd\u2019hui, en r\u00e9cup\u00e9rant notre pouvoir d&rsquo;agir et en cr\u00e9ant imm\u00e9diatement du renouveau d\u00e9mocratique.<\/strong><\/p>\n\n\n\n<p><\/p>\n\n\n\n<hr class=\"wp-block-separator has-alpha-channel-opacity\"\/>\n\n\n\n<p>Image d&rsquo;illustration : \u00ab\u00a0Front de Gauche Demonstration for a 6th Republic &#8211; 05May13 &#8211; Paris (France) &#8211; 63\u00a0\u00bb, photographie du 5 mai 2013 par <a href=\"https:\/\/www.flickr.com\/photos\/philippeleroyer\/9327322404\/in\/album-72157633423710603\">Philippe Leroyer<\/a> (<a href=\"https:\/\/creativecommons.org\/licenses\/by-nc-nd\/2.0\/deed.fr\">CC BY-NC-ND 2.0<\/a>)<\/p>","protected":false},"excerpt":{"rendered":"<p>Le 9 mars 2026, l\u2019\u00e9quipe de Nos R\u00e9volutions publiait une proposition de texte alternatif pour le congr\u00e8s du PCF, qui se tiendra d\u00e9but juillet. En visitant le site Communisme Partout, [&hellip;]<\/p>\n","protected":false},"author":61,"featured_media":6051,"comment_status":"closed","ping_status":"closed","sticky":false,"template":"","format":"standard","meta":{"_EventAllDay":false,"_EventTimezone":"","_EventStartDate":"","_EventEndDate":"","_EventStartDateUTC":"","_EventEndDateUTC":"","_EventShowMap":false,"_EventShowMapLink":false,"_EventURL":"","_EventCost":"","_EventCostDescription":"","_EventCurrencySymbol":"","_EventCurrencyCode":"","_EventCurrencyPosition":"","_EventDateTimeSeparator":"","_EventTimeRangeSeparator":"","_EventOrganizerID":[],"_EventVenueID":[],"_OrganizerEmail":"","_OrganizerPhone":"","_OrganizerWebsite":"","_VenueAddress":"","_VenueCity":"","_VenueCountry":"","_VenueProvince":"","_VenueState":"","_VenueZip":"","_VenuePhone":"","_VenueURL":"","_VenueStateProvince":"","_VenueLat":"","_VenueLng":"","_VenueShowMap":false,"_VenueShowMapLink":false,"footnotes":""},"categories":[35],"tags":[16,51],"class_list":["post-6047","post","type-post","status-publish","format-standard","has-post-thumbnail","hentry","category-en-debat","tag-democratie","tag-gauche"],"yoast_head":"<!-- This site is optimized with the Yoast SEO plugin v27.4 - https:\/\/yoast.com\/product\/yoast-seo-wordpress\/ -->\n<title>EN D\u00c9BAT. Communisme Partout ? Notre avenir d\u00e9mocratique commence aujourd&#039;hui - Nos R\u00e9volutions<\/title>\n<meta name=\"robots\" content=\"index, follow, max-snippet:-1, max-image-preview:large, max-video-preview:-1\" \/>\n<link rel=\"canonical\" href=\"https:\/\/nosrevolutions.fr\/en\/2026\/04\/01\/en-debat-communisme-partout-notre-avenir-democratique-commence-aujourdhui\/\" \/>\n<meta property=\"og:locale\" content=\"en_GB\" \/>\n<meta property=\"og:type\" content=\"article\" \/>\n<meta property=\"og:title\" content=\"EN D\u00c9BAT. Communisme Partout ? Notre avenir d\u00e9mocratique commence aujourd&#039;hui - Nos R\u00e9volutions\" \/>\n<meta property=\"og:description\" content=\"Le 9 mars 2026, l\u2019\u00e9quipe de Nos R\u00e9volutions publiait une proposition de texte alternatif pour le congr\u00e8s du PCF, qui se tiendra d\u00e9but juillet. En visitant le site Communisme Partout, [&hellip;]\" \/>\n<meta property=\"og:url\" content=\"https:\/\/nosrevolutions.fr\/en\/2026\/04\/01\/en-debat-communisme-partout-notre-avenir-democratique-commence-aujourdhui\/\" \/>\n<meta property=\"og:site_name\" content=\"Nos R\u00e9volutions\" \/>\n<meta property=\"article:published_time\" content=\"2026-04-01T15:41:08+00:00\" \/>\n<meta property=\"article:modified_time\" content=\"2026-04-01T15:44:48+00:00\" \/>\n<meta property=\"og:image\" content=\"https:\/\/nosrevolutions.fr\/wp-content\/uploads\/2026\/04\/6e-rep.jpg\" \/>\n\t<meta property=\"og:image:width\" content=\"1241\" \/>\n\t<meta property=\"og:image:height\" content=\"563\" \/>\n\t<meta property=\"og:image:type\" content=\"image\/jpeg\" \/>\n<meta name=\"author\" content=\"Herv\u00e9 N\u00e9d\u00e9lec\" \/>\n<meta name=\"twitter:card\" content=\"summary_large_image\" \/>\n<meta name=\"twitter:creator\" content=\"@NosRevolutions\" \/>\n<meta name=\"twitter:site\" content=\"@NosRevolutions\" \/>\n<meta name=\"twitter:label1\" content=\"Written by\" \/>\n\t<meta name=\"twitter:data1\" content=\"Herv\u00e9 N\u00e9d\u00e9lec\" \/>\n\t<meta name=\"twitter:label2\" content=\"Estimated reading time\" \/>\n\t<meta name=\"twitter:data2\" content=\"9 minutes\" \/>\n<script type=\"application\/ld+json\" class=\"yoast-schema-graph\">{\"@context\":\"https:\\\/\\\/schema.org\",\"@graph\":[{\"@type\":\"Article\",\"@id\":\"https:\\\/\\\/nosrevolutions.fr\\\/2026\\\/04\\\/01\\\/en-debat-communisme-partout-notre-avenir-democratique-commence-aujourdhui\\\/#article\",\"isPartOf\":{\"@id\":\"https:\\\/\\\/nosrevolutions.fr\\\/2026\\\/04\\\/01\\\/en-debat-communisme-partout-notre-avenir-democratique-commence-aujourdhui\\\/\"},\"author\":{\"name\":\"Herv\u00e9 N\u00e9d\u00e9lec\",\"@id\":\"https:\\\/\\\/nosrevolutions.fr\\\/#\\\/schema\\\/person\\\/da2338c06a6f71e4709e083da43e0fba\"},\"headline\":\"EN D\u00c9BAT. Communisme Partout ? Notre avenir d\u00e9mocratique commence aujourd&rsquo;hui\",\"datePublished\":\"2026-04-01T15:41:08+00:00\",\"dateModified\":\"2026-04-01T15:44:48+00:00\",\"mainEntityOfPage\":{\"@id\":\"https:\\\/\\\/nosrevolutions.fr\\\/2026\\\/04\\\/01\\\/en-debat-communisme-partout-notre-avenir-democratique-commence-aujourdhui\\\/\"},\"wordCount\":1772,\"publisher\":{\"@id\":\"https:\\\/\\\/nosrevolutions.fr\\\/#organization\"},\"image\":{\"@id\":\"https:\\\/\\\/nosrevolutions.fr\\\/2026\\\/04\\\/01\\\/en-debat-communisme-partout-notre-avenir-democratique-commence-aujourdhui\\\/#primaryimage\"},\"thumbnailUrl\":\"https:\\\/\\\/nosrevolutions.fr\\\/wp-content\\\/uploads\\\/2026\\\/04\\\/6e-rep.jpg\",\"keywords\":[\"D\u00e9mocratie\",\"Gauche\"],\"articleSection\":[\"En d\u00e9bat\"],\"inLanguage\":\"en-GB\"},{\"@type\":\"WebPage\",\"@id\":\"https:\\\/\\\/nosrevolutions.fr\\\/2026\\\/04\\\/01\\\/en-debat-communisme-partout-notre-avenir-democratique-commence-aujourdhui\\\/\",\"url\":\"https:\\\/\\\/nosrevolutions.fr\\\/2026\\\/04\\\/01\\\/en-debat-communisme-partout-notre-avenir-democratique-commence-aujourdhui\\\/\",\"name\":\"EN D\u00c9BAT. Communisme Partout ? Notre avenir d\u00e9mocratique commence aujourd'hui - Nos R\u00e9volutions\",\"isPartOf\":{\"@id\":\"https:\\\/\\\/nosrevolutions.fr\\\/#website\"},\"primaryImageOfPage\":{\"@id\":\"https:\\\/\\\/nosrevolutions.fr\\\/2026\\\/04\\\/01\\\/en-debat-communisme-partout-notre-avenir-democratique-commence-aujourdhui\\\/#primaryimage\"},\"image\":{\"@id\":\"https:\\\/\\\/nosrevolutions.fr\\\/2026\\\/04\\\/01\\\/en-debat-communisme-partout-notre-avenir-democratique-commence-aujourdhui\\\/#primaryimage\"},\"thumbnailUrl\":\"https:\\\/\\\/nosrevolutions.fr\\\/wp-content\\\/uploads\\\/2026\\\/04\\\/6e-rep.jpg\",\"datePublished\":\"2026-04-01T15:41:08+00:00\",\"dateModified\":\"2026-04-01T15:44:48+00:00\",\"breadcrumb\":{\"@id\":\"https:\\\/\\\/nosrevolutions.fr\\\/2026\\\/04\\\/01\\\/en-debat-communisme-partout-notre-avenir-democratique-commence-aujourdhui\\\/#breadcrumb\"},\"inLanguage\":\"en-GB\",\"potentialAction\":[{\"@type\":\"ReadAction\",\"target\":[\"https:\\\/\\\/nosrevolutions.fr\\\/2026\\\/04\\\/01\\\/en-debat-communisme-partout-notre-avenir-democratique-commence-aujourdhui\\\/\"]}]},{\"@type\":\"ImageObject\",\"inLanguage\":\"en-GB\",\"@id\":\"https:\\\/\\\/nosrevolutions.fr\\\/2026\\\/04\\\/01\\\/en-debat-communisme-partout-notre-avenir-democratique-commence-aujourdhui\\\/#primaryimage\",\"url\":\"https:\\\/\\\/nosrevolutions.fr\\\/wp-content\\\/uploads\\\/2026\\\/04\\\/6e-rep.jpg\",\"contentUrl\":\"https:\\\/\\\/nosrevolutions.fr\\\/wp-content\\\/uploads\\\/2026\\\/04\\\/6e-rep.jpg\",\"width\":1241,\"height\":563},{\"@type\":\"BreadcrumbList\",\"@id\":\"https:\\\/\\\/nosrevolutions.fr\\\/2026\\\/04\\\/01\\\/en-debat-communisme-partout-notre-avenir-democratique-commence-aujourdhui\\\/#breadcrumb\",\"itemListElement\":[{\"@type\":\"ListItem\",\"position\":1,\"name\":\"Accueil\",\"item\":\"https:\\\/\\\/nosrevolutions.fr\\\/\"},{\"@type\":\"ListItem\",\"position\":2,\"name\":\"EN D\u00c9BAT. Communisme Partout ? Notre avenir d\u00e9mocratique commence aujourd&rsquo;hui\"}]},{\"@type\":\"WebSite\",\"@id\":\"https:\\\/\\\/nosrevolutions.fr\\\/#website\",\"url\":\"https:\\\/\\\/nosrevolutions.fr\\\/\",\"name\":\"Nos R\u00e9volutions\",\"description\":\"Communisme et mouvement social\",\"publisher\":{\"@id\":\"https:\\\/\\\/nosrevolutions.fr\\\/#organization\"},\"potentialAction\":[{\"@type\":\"SearchAction\",\"target\":{\"@type\":\"EntryPoint\",\"urlTemplate\":\"https:\\\/\\\/nosrevolutions.fr\\\/?s={search_term_string}\"},\"query-input\":{\"@type\":\"PropertyValueSpecification\",\"valueRequired\":true,\"valueName\":\"search_term_string\"}}],\"inLanguage\":\"en-GB\"},{\"@type\":\"Organization\",\"@id\":\"https:\\\/\\\/nosrevolutions.fr\\\/#organization\",\"name\":\"Nos R\u00e9volutions\",\"url\":\"https:\\\/\\\/nosrevolutions.fr\\\/\",\"logo\":{\"@type\":\"ImageObject\",\"inLanguage\":\"en-GB\",\"@id\":\"https:\\\/\\\/nosrevolutions.fr\\\/#\\\/schema\\\/logo\\\/image\\\/\",\"url\":\"https:\\\/\\\/nosrevolutions.fr\\\/wp-content\\\/uploads\\\/2022\\\/09\\\/nrs_logo_noir.png\",\"contentUrl\":\"https:\\\/\\\/nosrevolutions.fr\\\/wp-content\\\/uploads\\\/2022\\\/09\\\/nrs_logo_noir.png\",\"width\":2000,\"height\":501,\"caption\":\"Nos R\u00e9volutions\"},\"image\":{\"@id\":\"https:\\\/\\\/nosrevolutions.fr\\\/#\\\/schema\\\/logo\\\/image\\\/\"},\"sameAs\":[\"https:\\\/\\\/x.com\\\/NosRevolutions\"]},{\"@type\":\"Person\",\"@id\":\"https:\\\/\\\/nosrevolutions.fr\\\/#\\\/schema\\\/person\\\/da2338c06a6f71e4709e083da43e0fba\",\"name\":\"Herv\u00e9 N\u00e9d\u00e9lec\",\"image\":{\"@type\":\"ImageObject\",\"inLanguage\":\"en-GB\",\"@id\":\"https:\\\/\\\/secure.gravatar.com\\\/avatar\\\/b4f9d9e5827da77c3c4a1a156347de2818c65c61e5c636cb196ce31ba6b8a62d?s=96&d=mm&r=g\",\"url\":\"https:\\\/\\\/secure.gravatar.com\\\/avatar\\\/b4f9d9e5827da77c3c4a1a156347de2818c65c61e5c636cb196ce31ba6b8a62d?s=96&d=mm&r=g\",\"contentUrl\":\"https:\\\/\\\/secure.gravatar.com\\\/avatar\\\/b4f9d9e5827da77c3c4a1a156347de2818c65c61e5c636cb196ce31ba6b8a62d?s=96&d=mm&r=g\",\"caption\":\"Herv\u00e9 N\u00e9d\u00e9lec\"},\"url\":\"https:\\\/\\\/nosrevolutions.fr\\\/en\\\/author\\\/hervenedelec\\\/\"}]}<\/script>\n<!-- \/ Yoast SEO plugin. -->","yoast_head_json":{"title":"EN D\u00c9BAT. Communisme Partout ? Notre avenir d\u00e9mocratique commence aujourd'hui - Nos R\u00e9volutions","robots":{"index":"index","follow":"follow","max-snippet":"max-snippet:-1","max-image-preview":"max-image-preview:large","max-video-preview":"max-video-preview:-1"},"canonical":"https:\/\/nosrevolutions.fr\/en\/2026\/04\/01\/en-debat-communisme-partout-notre-avenir-democratique-commence-aujourdhui\/","og_locale":"en_GB","og_type":"article","og_title":"EN D\u00c9BAT. Communisme Partout ? Notre avenir d\u00e9mocratique commence aujourd'hui - Nos R\u00e9volutions","og_description":"Le 9 mars 2026, l\u2019\u00e9quipe de Nos R\u00e9volutions publiait une proposition de texte alternatif pour le congr\u00e8s du PCF, qui se tiendra d\u00e9but juillet. En visitant le site Communisme Partout, [&hellip;]","og_url":"https:\/\/nosrevolutions.fr\/en\/2026\/04\/01\/en-debat-communisme-partout-notre-avenir-democratique-commence-aujourdhui\/","og_site_name":"Nos R\u00e9volutions","article_published_time":"2026-04-01T15:41:08+00:00","article_modified_time":"2026-04-01T15:44:48+00:00","og_image":[{"width":1241,"height":563,"url":"https:\/\/nosrevolutions.fr\/wp-content\/uploads\/2026\/04\/6e-rep.jpg","type":"image\/jpeg"}],"author":"Herv\u00e9 N\u00e9d\u00e9lec","twitter_card":"summary_large_image","twitter_creator":"@NosRevolutions","twitter_site":"@NosRevolutions","twitter_misc":{"Written by":"Herv\u00e9 N\u00e9d\u00e9lec","Estimated reading time":"9 minutes"},"schema":{"@context":"https:\/\/schema.org","@graph":[{"@type":"Article","@id":"https:\/\/nosrevolutions.fr\/2026\/04\/01\/en-debat-communisme-partout-notre-avenir-democratique-commence-aujourdhui\/#article","isPartOf":{"@id":"https:\/\/nosrevolutions.fr\/2026\/04\/01\/en-debat-communisme-partout-notre-avenir-democratique-commence-aujourdhui\/"},"author":{"name":"Herv\u00e9 N\u00e9d\u00e9lec","@id":"https:\/\/nosrevolutions.fr\/#\/schema\/person\/da2338c06a6f71e4709e083da43e0fba"},"headline":"EN D\u00c9BAT. Communisme Partout ? Notre avenir d\u00e9mocratique commence aujourd&rsquo;hui","datePublished":"2026-04-01T15:41:08+00:00","dateModified":"2026-04-01T15:44:48+00:00","mainEntityOfPage":{"@id":"https:\/\/nosrevolutions.fr\/2026\/04\/01\/en-debat-communisme-partout-notre-avenir-democratique-commence-aujourdhui\/"},"wordCount":1772,"publisher":{"@id":"https:\/\/nosrevolutions.fr\/#organization"},"image":{"@id":"https:\/\/nosrevolutions.fr\/2026\/04\/01\/en-debat-communisme-partout-notre-avenir-democratique-commence-aujourdhui\/#primaryimage"},"thumbnailUrl":"https:\/\/nosrevolutions.fr\/wp-content\/uploads\/2026\/04\/6e-rep.jpg","keywords":["D\u00e9mocratie","Gauche"],"articleSection":["En d\u00e9bat"],"inLanguage":"en-GB"},{"@type":"WebPage","@id":"https:\/\/nosrevolutions.fr\/2026\/04\/01\/en-debat-communisme-partout-notre-avenir-democratique-commence-aujourdhui\/","url":"https:\/\/nosrevolutions.fr\/2026\/04\/01\/en-debat-communisme-partout-notre-avenir-democratique-commence-aujourdhui\/","name":"EN D\u00c9BAT. Communisme Partout ? Notre avenir d\u00e9mocratique commence aujourd'hui - Nos R\u00e9volutions","isPartOf":{"@id":"https:\/\/nosrevolutions.fr\/#website"},"primaryImageOfPage":{"@id":"https:\/\/nosrevolutions.fr\/2026\/04\/01\/en-debat-communisme-partout-notre-avenir-democratique-commence-aujourdhui\/#primaryimage"},"image":{"@id":"https:\/\/nosrevolutions.fr\/2026\/04\/01\/en-debat-communisme-partout-notre-avenir-democratique-commence-aujourdhui\/#primaryimage"},"thumbnailUrl":"https:\/\/nosrevolutions.fr\/wp-content\/uploads\/2026\/04\/6e-rep.jpg","datePublished":"2026-04-01T15:41:08+00:00","dateModified":"2026-04-01T15:44:48+00:00","breadcrumb":{"@id":"https:\/\/nosrevolutions.fr\/2026\/04\/01\/en-debat-communisme-partout-notre-avenir-democratique-commence-aujourdhui\/#breadcrumb"},"inLanguage":"en-GB","potentialAction":[{"@type":"ReadAction","target":["https:\/\/nosrevolutions.fr\/2026\/04\/01\/en-debat-communisme-partout-notre-avenir-democratique-commence-aujourdhui\/"]}]},{"@type":"ImageObject","inLanguage":"en-GB","@id":"https:\/\/nosrevolutions.fr\/2026\/04\/01\/en-debat-communisme-partout-notre-avenir-democratique-commence-aujourdhui\/#primaryimage","url":"https:\/\/nosrevolutions.fr\/wp-content\/uploads\/2026\/04\/6e-rep.jpg","contentUrl":"https:\/\/nosrevolutions.fr\/wp-content\/uploads\/2026\/04\/6e-rep.jpg","width":1241,"height":563},{"@type":"BreadcrumbList","@id":"https:\/\/nosrevolutions.fr\/2026\/04\/01\/en-debat-communisme-partout-notre-avenir-democratique-commence-aujourdhui\/#breadcrumb","itemListElement":[{"@type":"ListItem","position":1,"name":"Accueil","item":"https:\/\/nosrevolutions.fr\/"},{"@type":"ListItem","position":2,"name":"EN D\u00c9BAT. Communisme Partout ? Notre avenir d\u00e9mocratique commence aujourd&rsquo;hui"}]},{"@type":"WebSite","@id":"https:\/\/nosrevolutions.fr\/#website","url":"https:\/\/nosrevolutions.fr\/","name":"Nos R\u00e9volutions","description":"Communisme et mouvement social","publisher":{"@id":"https:\/\/nosrevolutions.fr\/#organization"},"potentialAction":[{"@type":"SearchAction","target":{"@type":"EntryPoint","urlTemplate":"https:\/\/nosrevolutions.fr\/?s={search_term_string}"},"query-input":{"@type":"PropertyValueSpecification","valueRequired":true,"valueName":"search_term_string"}}],"inLanguage":"en-GB"},{"@type":"Organization","@id":"https:\/\/nosrevolutions.fr\/#organization","name":"Nos R\u00e9volutions","url":"https:\/\/nosrevolutions.fr\/","logo":{"@type":"ImageObject","inLanguage":"en-GB","@id":"https:\/\/nosrevolutions.fr\/#\/schema\/logo\/image\/","url":"https:\/\/nosrevolutions.fr\/wp-content\/uploads\/2022\/09\/nrs_logo_noir.png","contentUrl":"https:\/\/nosrevolutions.fr\/wp-content\/uploads\/2022\/09\/nrs_logo_noir.png","width":2000,"height":501,"caption":"Nos R\u00e9volutions"},"image":{"@id":"https:\/\/nosrevolutions.fr\/#\/schema\/logo\/image\/"},"sameAs":["https:\/\/x.com\/NosRevolutions"]},{"@type":"Person","@id":"https:\/\/nosrevolutions.fr\/#\/schema\/person\/da2338c06a6f71e4709e083da43e0fba","name":"Herv\u00e9 N\u00e9d\u00e9lec","image":{"@type":"ImageObject","inLanguage":"en-GB","@id":"https:\/\/secure.gravatar.com\/avatar\/b4f9d9e5827da77c3c4a1a156347de2818c65c61e5c636cb196ce31ba6b8a62d?s=96&d=mm&r=g","url":"https:\/\/secure.gravatar.com\/avatar\/b4f9d9e5827da77c3c4a1a156347de2818c65c61e5c636cb196ce31ba6b8a62d?s=96&d=mm&r=g","contentUrl":"https:\/\/secure.gravatar.com\/avatar\/b4f9d9e5827da77c3c4a1a156347de2818c65c61e5c636cb196ce31ba6b8a62d?s=96&d=mm&r=g","caption":"Herv\u00e9 N\u00e9d\u00e9lec"},"url":"https:\/\/nosrevolutions.fr\/en\/author\/hervenedelec\/"}]}},"_links":{"self":[{"href":"https:\/\/nosrevolutions.fr\/en\/wp-json\/wp\/v2\/posts\/6047","targetHints":{"allow":["GET"]}}],"collection":[{"href":"https:\/\/nosrevolutions.fr\/en\/wp-json\/wp\/v2\/posts"}],"about":[{"href":"https:\/\/nosrevolutions.fr\/en\/wp-json\/wp\/v2\/types\/post"}],"author":[{"embeddable":true,"href":"https:\/\/nosrevolutions.fr\/en\/wp-json\/wp\/v2\/users\/61"}],"replies":[{"embeddable":true,"href":"https:\/\/nosrevolutions.fr\/en\/wp-json\/wp\/v2\/comments?post=6047"}],"version-history":[{"count":1,"href":"https:\/\/nosrevolutions.fr\/en\/wp-json\/wp\/v2\/posts\/6047\/revisions"}],"predecessor-version":[{"id":6050,"href":"https:\/\/nosrevolutions.fr\/en\/wp-json\/wp\/v2\/posts\/6047\/revisions\/6050"}],"wp:featuredmedia":[{"embeddable":true,"href":"https:\/\/nosrevolutions.fr\/en\/wp-json\/wp\/v2\/media\/6051"}],"wp:attachment":[{"href":"https:\/\/nosrevolutions.fr\/en\/wp-json\/wp\/v2\/media?parent=6047"}],"wp:term":[{"taxonomy":"category","embeddable":true,"href":"https:\/\/nosrevolutions.fr\/en\/wp-json\/wp\/v2\/categories?post=6047"},{"taxonomy":"post_tag","embeddable":true,"href":"https:\/\/nosrevolutions.fr\/en\/wp-json\/wp\/v2\/tags?post=6047"}],"curies":[{"name":"wp","href":"https:\/\/api.w.org\/{rel}","templated":true}]}}