{"id":6041,"date":"2026-03-30T23:05:40","date_gmt":"2026-03-30T21:05:40","guid":{"rendered":"https:\/\/nosrevolutions.fr\/?p=6041"},"modified":"2026-03-31T21:13:41","modified_gmt":"2026-03-31T19:13:41","slug":"en-debat-communisme-partout-lanalyse-de-laurent-levy","status":"publish","type":"post","link":"https:\/\/nosrevolutions.fr\/en\/2026\/03\/30\/en-debat-communisme-partout-lanalyse-de-laurent-levy\/","title":{"rendered":"EN D\u00c9BAT. Communisme Partout ? L&rsquo;analyse de Laurent L\u00e9vy"},"content":{"rendered":"<p><em>Le 9 mars 2026, l&rsquo;\u00e9quipe de <\/em>Nos R\u00e9volutions<em> published <a href=\"https:\/\/nosrevolutions.fr\/en\/2026\/03\/09\/congres-du-pcf-une-proposition-de-texte-alternatif\/\">une proposition de texte alternatif<\/a> pour le congr\u00e8s du PCF, qui se tiendra d\u00e9but juillet. En visitant le site <a href=\"http:\/\/www.communismepartout.fr\">Communisme Partout<\/a>, les communistes, comme celles et ceux qui se reconnaissent dans ces id\u00e9es, sont invit\u00e9\u00b7es \u00e0 contribuer, amender, enrichir et r\u00e9agir aux orientations qui y sont pr\u00e9sent\u00e9es.<\/em><\/p>\n\n\n\n<p><em>Nous publions ici la contribution de Laurent L\u00e9vy, militant politique et \u00e9crivain, auteur de nombreux articles  et ouvrages consacr\u00e9s \u00e0 la strat\u00e9gie de la gauche et \u00e0 l&rsquo;histoire du parti communiste &#8211; dont, r\u00e9cemment, <\/em><a href=\"https:\/\/www.editions-arcane17.net\/fr\/livres\/histoire-dun-echec\">Histoire d\u2019un \u00e9chec \u2013 la strat\u00e9gie \u00ab eurocommuniste \u00bb du PCF (1968-1978)<\/a>,<em> aux \u00e9ditions <\/em>Arcane17<em>.<\/em><\/p>\n\n\n\n<p><\/p>\n\n\n\n<p>\u00ab J\u2019ai lu avec int\u00e9r\u00eat ce texte publi\u00e9 dans le cadre de la pr\u00e9paration du congr\u00e8s du PCF. J\u2019ai scrupule \u00e0 le commenter, n\u2019\u00e9tant pas membre de ce parti (plus pr\u00e9cis\u00e9ment, ne l\u2019\u00e9tant plus depuis plus de quarante ans), mais consid\u00e9rant l&rsquo;appel expr\u00e8s aux communistes ext\u00e9rieurs au PCF \u00e0 dire leur mot, je me pr\u00eate volontiers au jeu.<\/p>\n\n\n\n<p>Je pr\u00e9cise que <strong>si je me concentre sur certains des probl\u00e8mes que me semble poser le texte, cela n\u2019efface pas les nombreux aspects qui me semblent positifs et stimulants dans sa r\u00e9flexion<\/strong> \u2013 mais cela ne pourrait pas \u00eatre exprim\u00e9 bri\u00e8vement et supposerait des \u00e9changes plus approfondis.<\/p>\n\n\n\n<p>Je commencerai par pr\u00e9ciser le pourquoi de mon scrupule&nbsp;: il est en effet li\u00e9 \u00e0 l\u2019une des critiques de fond que j\u2019adresserai au texte \u2013 de mon point de vue de \u00ab&nbsp;communiste sans parti&nbsp;\u00bb. Son point de d\u00e9part consiste en effet pr\u00e9cis\u00e9ment \u00e0 dire que la d\u00e9marche ne s\u2019adresse gu\u00e8re aux communistes qui sont dans mon cas.<\/p>\n\n\n\n<p>C\u2019est l\u00e9gitime, ses r\u00e9dacteurs s&rsquo;adressent \u00e0 qui ils veulent, mais<strong> il y a un paradoxe \u00e0 vouloir \u00ab&nbsp;\u00e9largir&nbsp;\u00bb l&rsquo;auditoire hors du PCF et \u00e0 affirmer d\u2019entr\u00e9e de jeu, et sans probl\u00e9matiser la question ou interroger ses pr\u00e9suppos\u00e9s, que les r\u00e9volutionnaires ont besoin d\u2019un \u00ab&nbsp;parti&nbsp;\u00bb bien \u00e0 eux, et que ce parti est naturellement le PCF<\/strong>. Le texte r\u00e9pond ainsi par avance aux question que nous sommes nombreux et nombreuses \u00e0 nous poser sans consid\u00e9rer que sa r\u00e9ponse, donn\u00e9e pour \u00e9vidente, le soit \u00e0 ce point.<\/p>\n\n\n\n<p><strong>S\u2019il me semble certain que celles et ceux qui luttent pour l\u2019\u00e9mancipation doivent s\u2019organiser, et que les communistes doivent irriguer ces formes d\u2019organisation de leur apport sp\u00e9cifique, il me semble beaucoup moins certain que cela passe par un \u00ab&nbsp;parti&nbsp;\u00bb des communistes \u2013 sauf \u00e0 r\u00e9fl\u00e9chir \u00e0 frais nouveaux \u00e0 ce que pourrait signifier ce mot, \u00ab&nbsp;parti&nbsp;\u00bb<\/strong>. Il a en effet pris avec le temps une signification et un contenu assez diff\u00e9rent de celui envisag\u00e9 par les fondateurs du communisme et le mot \u00ab&nbsp;parti&nbsp;\u00bb dans le Manifeste de Marx et Engels, par exemple, ne d\u00e9signe pas une organisation s\u00e9par\u00e9e comme celles qui se sont form\u00e9es \u00e0 la fin du XIXe si\u00e8cle puis dans le sillage de la r\u00e9volution russe de 1917.<\/p>\n\n\n\n<p><strong>Je ne d\u00e9veloppe pas ici ces remarques, qui ne sauraient \u00eatre trait\u00e9es dans le cadre d\u2019une br\u00e8ve contribution<\/strong>&nbsp;; j\u2019en propose quelques \u00e9l\u00e9ments dans <a href=\"https:\/\/www.contretemps.eu\/defense-parti-reflexions-jean-quetier\/\">la recension que j\u2019ai donn\u00e9e<\/a> au livre sur cette question de Jean Qu\u00e9tier. Qu\u2019il me suffise de souligner que la question m\u00e9riterait d\u2019\u00eatre pos\u00e9e avant que d\u2019y r\u00e9pondre.<\/p>\n\n\n\n<p><strong>Si, comme vous le dites, \u00ab&nbsp;le mouvement communiste est l\u2019affaire de millions de gens&nbsp;\u00bb, il ne peut pas \u00eatre l\u2019affaire du seul parti communiste<\/strong>, si cette expression signifie \u00ab&nbsp;le PCF&nbsp;\u00bb avec ses trois ou quatre dizaines de milliers de membres (et m\u00eame s\u2019il se renfor\u00e7ait, cela n\u2019atteindrait pas des \u00ab&nbsp;millions de gens&nbsp;\u00bb&nbsp;; \u00e0 son acm\u00e9, en 1978, il a rassembl\u00e9 560 000 adh\u00e9rent\u00b7es).<\/p>\n\n\n\n<p>Ou alors, il faudrait admettre un genre de hi\u00e9rarchie entre les communistes, les vrai\u00b7es, les militant\u00b7es du PCF, et les millions qui devraient s\u2019int\u00e9resser \u00e0 eux et elles, et pourquoi pas \u00e9couter leurs le\u00e7ons. Je sais que telle n\u2019est pas la conception des r\u00e9dacteurs et r\u00e9dactrices, et le texte en atteste&nbsp;; mais <strong>il y a alors une contradiction dans le propos. Et<\/strong> <strong>c\u2019est cette contradiction qu\u2019il me semblerait n\u00e9cessaire d\u2019analyser \u2013 et de r\u00e9soudre ou de d\u00e9passer<\/strong>.<\/p>\n\n\n\n<p>Mais peut-\u00eatre s\u2019agit-il l\u00e0 d\u2019un objectif peu adapt\u00e9 \u00e0 un texte pr\u00e9paratoire \u00e0 un congr\u00e8s du PCF, o\u00f9 ces questions semblent ext\u00e9rieures au champ des pr\u00e9occupations militantes. <strong>Si \u00ab&nbsp;c\u2019est l\u2019heure des r\u00e9volutions&nbsp;\u00bb, ce constat doit \u00eatre celui de toutes et tous<\/strong>&nbsp;; que les communistes le constatent ou le pensent ou l\u2019analysent comme tel est une chose, et je ne tiens pas \u00e0 discuter ce point&nbsp;; mais cela n&rsquo;a pas de raison d\u2019appartenir en propre aux communistes, et moins encore \u00e0 une organisation qui serait leur parti.<\/p>\n\n\n\n<p>Au demeurant, le texte affirme plus loin qu\u2019un parti r\u00e9volutionnaire est \u00ab&nbsp;un parti qui se propose d\u2019organiser la lutte politique des millions de gens, et tout particuli\u00e8rement des travailleuses et des travailleurs, qui veulent en finir avec le capitalisme.&nbsp;\u00bb Ind\u00e9pendamment de la question de savoir dans quel sens le mot \u00ab&nbsp;parti&nbsp;\u00bb est commun\u00e9ment employ\u00e9 et s\u2019il est adapt\u00e9 \u00e0 ce propos, <strong>je vois un angle mort dans cette formulation&nbsp;: elle ne permet pas de dire en quoi et pourquoi ce serait \u00ab&nbsp;le parti des communistes&nbsp;\u00bb qui devrait avoir pour t\u00e2che \u00ab&nbsp;d\u2019organiser la lutte&nbsp;\u00bb en question<\/strong>&nbsp;; au mieux, il aurait parmi ses t\u00e2ches de contribuer \u00e0 cette organisation, laquelle non seulement n\u2019attend pas qu\u2019un parti la dirige mais a des dimensions multiples et des ressorts vari\u00e9s, parfois ind\u00e9pendants voire contradictoires entre eux, mais a besoin de son autonomie, de sa propre conscience de soi, plus que d\u2019une tutelle quelconque, \u00e9manant de ce qui ne peut \u00eatre qu\u2019une fraction de la r\u00e9alit\u00e9 complexe de cette lutte.<\/p>\n\n\n\n<p><strong>De ce point de vue, \u00ab&nbsp;ce que veulent les communistes&nbsp;\u00bb ne leur appartient pas en propre&nbsp;: c\u2019est ce que veulent ces millions de gens \u00e9voqu\u00e9s, et qui \u00e0 tort ou \u00e0 raison, ne se reconnaissent pas dans le communisme, ne sont pas dispos\u00e9s \u00e0 laisser les communistes d\u00e9clar\u00e9s s\u2019autoproclamer responsables de leurs actes ou dirigeants de leur action<\/strong>. Le texte \u00e9voque d\u2019ailleurs plus loin l\u2019ambition plus modeste et \u00e0 mon avis plus juste de \u00ab&nbsp;soutenir et muscler les luttes&nbsp;\u00bb. Ce n\u2019est pas la m\u00eame chose&nbsp;; c\u2019est m\u00eame un objectif diff\u00e9rent dans sa nature.<\/p>\n\n\n\n<p>Pour les raisons que j\u2019ai \u00e9voqu\u00e9es d\u2019embl\u00e9e et pour partie d\u00e9velopp\u00e9es jusqu\u2019ici, je ne me sens pas de l\u00e9gitimit\u00e9 \u00e0 discuter ce que le texte propose par ailleurs \u2013 et qui me semble pourtant tr\u00e8s stimulant \u2013 sur ce que doit concr\u00e8tement faire et dire le PCF et sur la fa\u00e7on dont il doit s\u2019organiser. On pardonnera le caract\u00e8re \u00ab&nbsp;n\u00e9gatif&nbsp;\u00bb de mes propos, peut-\u00eatre caricaturalement critiques, qui ne vise qu\u2019\u00e0 stimuler \u00e0 mon tour la r\u00e9flexion collective. \u00bb<\/p>\n\n\n\n<p><\/p>\n\n\n\n<hr class=\"wp-block-separator has-alpha-channel-opacity\"\/>\n\n\n\n<p>Image d&rsquo;illustration : \u00ab\u00a0Parti communiste. Arles\u00a0\u00bb, photographie du 30 ao\u00fbt 2011 par <a href=\"https:\/\/www.flickr.com\/photos\/terrette\/6162812682\/in\/photolist-aK8NY2-W88RYz-aJtNUr-aoA2v5-LLgUed-JFrYE-ebTBp8-ebTEA4-9RBr9K-H5Jm7z-raXAQb-aNME44-5ZLTPo-8G5k5B-ehecbh-2jSX4i8-rpxmKL-4GRWjx-bkhwaE-HvixzR-rDQgoo-re23rM-saFao1-TTNXmf-rupwLJ-77UvDg-rPzWKT-rR8GvN-g7sYRv-5fdnK2-ra36JS-8NpZX6-s6YW2D-rTf3zC-rMHeyi-5fhLkG-5fhLjQ-5fhLcN-rANhaj-rTm6HZ-JomhFJ-rHAzRu-YE8qUz-4Cnjg3-YE8png-raeGSK-rKKoMD-3HmAVc-YE8qfP-5fdnPc\">a@k<\/a> (<a href=\"https:\/\/creativecommons.org\/licenses\/by-nc-nd\/2.0\/deed.fr\">CC BY-NC-ND 2.0<\/a>)<\/p>","protected":false},"excerpt":{"rendered":"<p>Le 9 mars 2026, l&rsquo;\u00e9quipe de Nos R\u00e9volutions publiait une proposition de texte alternatif pour le congr\u00e8s du PCF, qui se tiendra d\u00e9but juillet. En visitant le site Communisme Partout, [&hellip;]<\/p>\n","protected":false},"author":60,"featured_media":6042,"comment_status":"closed","ping_status":"closed","sticky":false,"template":"","format":"standard","meta":{"_EventAllDay":false,"_EventTimezone":"","_EventStartDate":"","_EventEndDate":"","_EventStartDateUTC":"","_EventEndDateUTC":"","_EventShowMap":false,"_EventShowMapLink":false,"_EventURL":"","_EventCost":"","_EventCostDescription":"","_EventCurrencySymbol":"","_EventCurrencyCode":"","_EventCurrencyPosition":"","_EventDateTimeSeparator":"","_EventTimeRangeSeparator":"","_EventOrganizerID":[],"_EventVenueID":[],"_OrganizerEmail":"","_OrganizerPhone":"","_OrganizerWebsite":"","_VenueAddress":"","_VenueCity":"","_VenueCountry":"","_VenueProvince":"","_VenueState":"","_VenueZip":"","_VenuePhone":"","_VenueURL":"","_VenueStateProvince":"","_VenueLat":"","_VenueLng":"","_VenueShowMap":false,"_VenueShowMapLink":false,"footnotes":""},"categories":[35],"tags":[51,61],"class_list":["post-6041","post","type-post","status-publish","format-standard","has-post-thumbnail","hentry","category-en-debat","tag-gauche","tag-marxisme"],"yoast_head":"<!-- This site is optimized with the Yoast SEO plugin v27.4 - https:\/\/yoast.com\/product\/yoast-seo-wordpress\/ -->\n<title>EN D\u00c9BAT. Communisme Partout ? L&#039;analyse de Laurent L\u00e9vy - Nos R\u00e9volutions<\/title>\n<meta name=\"robots\" content=\"index, follow, max-snippet:-1, max-image-preview:large, max-video-preview:-1\" \/>\n<link rel=\"canonical\" href=\"https:\/\/nosrevolutions.fr\/en\/2026\/03\/30\/en-debat-communisme-partout-lanalyse-de-laurent-levy\/\" \/>\n<meta property=\"og:locale\" content=\"en_GB\" \/>\n<meta property=\"og:type\" content=\"article\" \/>\n<meta property=\"og:title\" content=\"EN D\u00c9BAT. Communisme Partout ? L&#039;analyse de Laurent L\u00e9vy - Nos R\u00e9volutions\" \/>\n<meta property=\"og:description\" content=\"Le 9 mars 2026, l&rsquo;\u00e9quipe de Nos R\u00e9volutions publiait une proposition de texte alternatif pour le congr\u00e8s du PCF, qui se tiendra d\u00e9but juillet. En visitant le site Communisme Partout, [&hellip;]\" \/>\n<meta property=\"og:url\" content=\"https:\/\/nosrevolutions.fr\/en\/2026\/03\/30\/en-debat-communisme-partout-lanalyse-de-laurent-levy\/\" \/>\n<meta property=\"og:site_name\" content=\"Nos R\u00e9volutions\" \/>\n<meta property=\"article:published_time\" content=\"2026-03-30T21:05:40+00:00\" \/>\n<meta property=\"article:modified_time\" content=\"2026-03-31T19:13:41+00:00\" \/>\n<meta property=\"og:image\" content=\"https:\/\/nosrevolutions.fr\/wp-content\/uploads\/2026\/03\/6162812682_9a8250c6b5_b.jpg\" \/>\n\t<meta property=\"og:image:width\" content=\"1000\" \/>\n\t<meta property=\"og:image:height\" content=\"667\" \/>\n\t<meta property=\"og:image:type\" content=\"image\/jpeg\" \/>\n<meta name=\"author\" content=\"Laurent L\u00e9vy\" \/>\n<meta name=\"twitter:card\" content=\"summary_large_image\" \/>\n<meta name=\"twitter:creator\" content=\"@NosRevolutions\" \/>\n<meta name=\"twitter:site\" content=\"@NosRevolutions\" \/>\n<meta name=\"twitter:label1\" content=\"Written by\" \/>\n\t<meta name=\"twitter:data1\" content=\"Laurent L\u00e9vy\" \/>\n\t<meta name=\"twitter:label2\" content=\"Estimated reading time\" \/>\n\t<meta name=\"twitter:data2\" content=\"6 minutes\" \/>\n<script type=\"application\/ld+json\" class=\"yoast-schema-graph\">{\"@context\":\"https:\\\/\\\/schema.org\",\"@graph\":[{\"@type\":\"Article\",\"@id\":\"https:\\\/\\\/nosrevolutions.fr\\\/2026\\\/03\\\/30\\\/en-debat-communisme-partout-lanalyse-de-laurent-levy\\\/#article\",\"isPartOf\":{\"@id\":\"https:\\\/\\\/nosrevolutions.fr\\\/2026\\\/03\\\/30\\\/en-debat-communisme-partout-lanalyse-de-laurent-levy\\\/\"},\"author\":{\"name\":\"Laurent L\u00e9vy\",\"@id\":\"https:\\\/\\\/nosrevolutions.fr\\\/#\\\/schema\\\/person\\\/600e94c9f88df3c2d08ddeb465fcefa0\"},\"headline\":\"EN D\u00c9BAT. Communisme Partout ? L&rsquo;analyse de Laurent L\u00e9vy\",\"datePublished\":\"2026-03-30T21:05:40+00:00\",\"dateModified\":\"2026-03-31T19:13:41+00:00\",\"mainEntityOfPage\":{\"@id\":\"https:\\\/\\\/nosrevolutions.fr\\\/2026\\\/03\\\/30\\\/en-debat-communisme-partout-lanalyse-de-laurent-levy\\\/\"},\"wordCount\":1278,\"publisher\":{\"@id\":\"https:\\\/\\\/nosrevolutions.fr\\\/#organization\"},\"image\":{\"@id\":\"https:\\\/\\\/nosrevolutions.fr\\\/2026\\\/03\\\/30\\\/en-debat-communisme-partout-lanalyse-de-laurent-levy\\\/#primaryimage\"},\"thumbnailUrl\":\"https:\\\/\\\/nosrevolutions.fr\\\/wp-content\\\/uploads\\\/2026\\\/03\\\/6162812682_9a8250c6b5_b.jpg\",\"keywords\":[\"Gauche\",\"marxisme\"],\"articleSection\":[\"En d\u00e9bat\"],\"inLanguage\":\"en-GB\"},{\"@type\":\"WebPage\",\"@id\":\"https:\\\/\\\/nosrevolutions.fr\\\/2026\\\/03\\\/30\\\/en-debat-communisme-partout-lanalyse-de-laurent-levy\\\/\",\"url\":\"https:\\\/\\\/nosrevolutions.fr\\\/2026\\\/03\\\/30\\\/en-debat-communisme-partout-lanalyse-de-laurent-levy\\\/\",\"name\":\"EN D\u00c9BAT. Communisme Partout ? L'analyse de Laurent L\u00e9vy - Nos R\u00e9volutions\",\"isPartOf\":{\"@id\":\"https:\\\/\\\/nosrevolutions.fr\\\/#website\"},\"primaryImageOfPage\":{\"@id\":\"https:\\\/\\\/nosrevolutions.fr\\\/2026\\\/03\\\/30\\\/en-debat-communisme-partout-lanalyse-de-laurent-levy\\\/#primaryimage\"},\"image\":{\"@id\":\"https:\\\/\\\/nosrevolutions.fr\\\/2026\\\/03\\\/30\\\/en-debat-communisme-partout-lanalyse-de-laurent-levy\\\/#primaryimage\"},\"thumbnailUrl\":\"https:\\\/\\\/nosrevolutions.fr\\\/wp-content\\\/uploads\\\/2026\\\/03\\\/6162812682_9a8250c6b5_b.jpg\",\"datePublished\":\"2026-03-30T21:05:40+00:00\",\"dateModified\":\"2026-03-31T19:13:41+00:00\",\"breadcrumb\":{\"@id\":\"https:\\\/\\\/nosrevolutions.fr\\\/2026\\\/03\\\/30\\\/en-debat-communisme-partout-lanalyse-de-laurent-levy\\\/#breadcrumb\"},\"inLanguage\":\"en-GB\",\"potentialAction\":[{\"@type\":\"ReadAction\",\"target\":[\"https:\\\/\\\/nosrevolutions.fr\\\/2026\\\/03\\\/30\\\/en-debat-communisme-partout-lanalyse-de-laurent-levy\\\/\"]}]},{\"@type\":\"ImageObject\",\"inLanguage\":\"en-GB\",\"@id\":\"https:\\\/\\\/nosrevolutions.fr\\\/2026\\\/03\\\/30\\\/en-debat-communisme-partout-lanalyse-de-laurent-levy\\\/#primaryimage\",\"url\":\"https:\\\/\\\/nosrevolutions.fr\\\/wp-content\\\/uploads\\\/2026\\\/03\\\/6162812682_9a8250c6b5_b.jpg\",\"contentUrl\":\"https:\\\/\\\/nosrevolutions.fr\\\/wp-content\\\/uploads\\\/2026\\\/03\\\/6162812682_9a8250c6b5_b.jpg\",\"width\":1000,\"height\":667},{\"@type\":\"BreadcrumbList\",\"@id\":\"https:\\\/\\\/nosrevolutions.fr\\\/2026\\\/03\\\/30\\\/en-debat-communisme-partout-lanalyse-de-laurent-levy\\\/#breadcrumb\",\"itemListElement\":[{\"@type\":\"ListItem\",\"position\":1,\"name\":\"Accueil\",\"item\":\"https:\\\/\\\/nosrevolutions.fr\\\/\"},{\"@type\":\"ListItem\",\"position\":2,\"name\":\"EN D\u00c9BAT. Communisme Partout ? L&rsquo;analyse de Laurent L\u00e9vy\"}]},{\"@type\":\"WebSite\",\"@id\":\"https:\\\/\\\/nosrevolutions.fr\\\/#website\",\"url\":\"https:\\\/\\\/nosrevolutions.fr\\\/\",\"name\":\"Nos R\u00e9volutions\",\"description\":\"Communisme et mouvement social\",\"publisher\":{\"@id\":\"https:\\\/\\\/nosrevolutions.fr\\\/#organization\"},\"potentialAction\":[{\"@type\":\"SearchAction\",\"target\":{\"@type\":\"EntryPoint\",\"urlTemplate\":\"https:\\\/\\\/nosrevolutions.fr\\\/?s={search_term_string}\"},\"query-input\":{\"@type\":\"PropertyValueSpecification\",\"valueRequired\":true,\"valueName\":\"search_term_string\"}}],\"inLanguage\":\"en-GB\"},{\"@type\":\"Organization\",\"@id\":\"https:\\\/\\\/nosrevolutions.fr\\\/#organization\",\"name\":\"Nos R\u00e9volutions\",\"url\":\"https:\\\/\\\/nosrevolutions.fr\\\/\",\"logo\":{\"@type\":\"ImageObject\",\"inLanguage\":\"en-GB\",\"@id\":\"https:\\\/\\\/nosrevolutions.fr\\\/#\\\/schema\\\/logo\\\/image\\\/\",\"url\":\"https:\\\/\\\/nosrevolutions.fr\\\/wp-content\\\/uploads\\\/2022\\\/09\\\/nrs_logo_noir.png\",\"contentUrl\":\"https:\\\/\\\/nosrevolutions.fr\\\/wp-content\\\/uploads\\\/2022\\\/09\\\/nrs_logo_noir.png\",\"width\":2000,\"height\":501,\"caption\":\"Nos R\u00e9volutions\"},\"image\":{\"@id\":\"https:\\\/\\\/nosrevolutions.fr\\\/#\\\/schema\\\/logo\\\/image\\\/\"},\"sameAs\":[\"https:\\\/\\\/x.com\\\/NosRevolutions\"]},{\"@type\":\"Person\",\"@id\":\"https:\\\/\\\/nosrevolutions.fr\\\/#\\\/schema\\\/person\\\/600e94c9f88df3c2d08ddeb465fcefa0\",\"name\":\"Laurent L\u00e9vy\",\"image\":{\"@type\":\"ImageObject\",\"inLanguage\":\"en-GB\",\"@id\":\"https:\\\/\\\/secure.gravatar.com\\\/avatar\\\/19f7e23a227acde168968be75d1125353eed15ac91326b6c77b8cc56756de164?s=96&d=mm&r=g\",\"url\":\"https:\\\/\\\/secure.gravatar.com\\\/avatar\\\/19f7e23a227acde168968be75d1125353eed15ac91326b6c77b8cc56756de164?s=96&d=mm&r=g\",\"contentUrl\":\"https:\\\/\\\/secure.gravatar.com\\\/avatar\\\/19f7e23a227acde168968be75d1125353eed15ac91326b6c77b8cc56756de164?s=96&d=mm&r=g\",\"caption\":\"Laurent L\u00e9vy\"},\"url\":\"https:\\\/\\\/nosrevolutions.fr\\\/en\\\/author\\\/laurentlevy\\\/\"}]}<\/script>\n<!-- \/ Yoast SEO plugin. -->","yoast_head_json":{"title":"EN D\u00c9BAT. Communisme Partout ? L'analyse de Laurent L\u00e9vy - Nos R\u00e9volutions","robots":{"index":"index","follow":"follow","max-snippet":"max-snippet:-1","max-image-preview":"max-image-preview:large","max-video-preview":"max-video-preview:-1"},"canonical":"https:\/\/nosrevolutions.fr\/en\/2026\/03\/30\/en-debat-communisme-partout-lanalyse-de-laurent-levy\/","og_locale":"en_GB","og_type":"article","og_title":"EN D\u00c9BAT. Communisme Partout ? L'analyse de Laurent L\u00e9vy - Nos R\u00e9volutions","og_description":"Le 9 mars 2026, l&rsquo;\u00e9quipe de Nos R\u00e9volutions publiait une proposition de texte alternatif pour le congr\u00e8s du PCF, qui se tiendra d\u00e9but juillet. En visitant le site Communisme Partout, [&hellip;]","og_url":"https:\/\/nosrevolutions.fr\/en\/2026\/03\/30\/en-debat-communisme-partout-lanalyse-de-laurent-levy\/","og_site_name":"Nos R\u00e9volutions","article_published_time":"2026-03-30T21:05:40+00:00","article_modified_time":"2026-03-31T19:13:41+00:00","og_image":[{"width":1000,"height":667,"url":"https:\/\/nosrevolutions.fr\/wp-content\/uploads\/2026\/03\/6162812682_9a8250c6b5_b.jpg","type":"image\/jpeg"}],"author":"Laurent L\u00e9vy","twitter_card":"summary_large_image","twitter_creator":"@NosRevolutions","twitter_site":"@NosRevolutions","twitter_misc":{"Written by":"Laurent L\u00e9vy","Estimated reading time":"6 minutes"},"schema":{"@context":"https:\/\/schema.org","@graph":[{"@type":"Article","@id":"https:\/\/nosrevolutions.fr\/2026\/03\/30\/en-debat-communisme-partout-lanalyse-de-laurent-levy\/#article","isPartOf":{"@id":"https:\/\/nosrevolutions.fr\/2026\/03\/30\/en-debat-communisme-partout-lanalyse-de-laurent-levy\/"},"author":{"name":"Laurent L\u00e9vy","@id":"https:\/\/nosrevolutions.fr\/#\/schema\/person\/600e94c9f88df3c2d08ddeb465fcefa0"},"headline":"EN D\u00c9BAT. Communisme Partout ? L&rsquo;analyse de Laurent L\u00e9vy","datePublished":"2026-03-30T21:05:40+00:00","dateModified":"2026-03-31T19:13:41+00:00","mainEntityOfPage":{"@id":"https:\/\/nosrevolutions.fr\/2026\/03\/30\/en-debat-communisme-partout-lanalyse-de-laurent-levy\/"},"wordCount":1278,"publisher":{"@id":"https:\/\/nosrevolutions.fr\/#organization"},"image":{"@id":"https:\/\/nosrevolutions.fr\/2026\/03\/30\/en-debat-communisme-partout-lanalyse-de-laurent-levy\/#primaryimage"},"thumbnailUrl":"https:\/\/nosrevolutions.fr\/wp-content\/uploads\/2026\/03\/6162812682_9a8250c6b5_b.jpg","keywords":["Gauche","marxisme"],"articleSection":["En d\u00e9bat"],"inLanguage":"en-GB"},{"@type":"WebPage","@id":"https:\/\/nosrevolutions.fr\/2026\/03\/30\/en-debat-communisme-partout-lanalyse-de-laurent-levy\/","url":"https:\/\/nosrevolutions.fr\/2026\/03\/30\/en-debat-communisme-partout-lanalyse-de-laurent-levy\/","name":"EN D\u00c9BAT. Communisme Partout ? L'analyse de Laurent L\u00e9vy - Nos R\u00e9volutions","isPartOf":{"@id":"https:\/\/nosrevolutions.fr\/#website"},"primaryImageOfPage":{"@id":"https:\/\/nosrevolutions.fr\/2026\/03\/30\/en-debat-communisme-partout-lanalyse-de-laurent-levy\/#primaryimage"},"image":{"@id":"https:\/\/nosrevolutions.fr\/2026\/03\/30\/en-debat-communisme-partout-lanalyse-de-laurent-levy\/#primaryimage"},"thumbnailUrl":"https:\/\/nosrevolutions.fr\/wp-content\/uploads\/2026\/03\/6162812682_9a8250c6b5_b.jpg","datePublished":"2026-03-30T21:05:40+00:00","dateModified":"2026-03-31T19:13:41+00:00","breadcrumb":{"@id":"https:\/\/nosrevolutions.fr\/2026\/03\/30\/en-debat-communisme-partout-lanalyse-de-laurent-levy\/#breadcrumb"},"inLanguage":"en-GB","potentialAction":[{"@type":"ReadAction","target":["https:\/\/nosrevolutions.fr\/2026\/03\/30\/en-debat-communisme-partout-lanalyse-de-laurent-levy\/"]}]},{"@type":"ImageObject","inLanguage":"en-GB","@id":"https:\/\/nosrevolutions.fr\/2026\/03\/30\/en-debat-communisme-partout-lanalyse-de-laurent-levy\/#primaryimage","url":"https:\/\/nosrevolutions.fr\/wp-content\/uploads\/2026\/03\/6162812682_9a8250c6b5_b.jpg","contentUrl":"https:\/\/nosrevolutions.fr\/wp-content\/uploads\/2026\/03\/6162812682_9a8250c6b5_b.jpg","width":1000,"height":667},{"@type":"BreadcrumbList","@id":"https:\/\/nosrevolutions.fr\/2026\/03\/30\/en-debat-communisme-partout-lanalyse-de-laurent-levy\/#breadcrumb","itemListElement":[{"@type":"ListItem","position":1,"name":"Accueil","item":"https:\/\/nosrevolutions.fr\/"},{"@type":"ListItem","position":2,"name":"EN D\u00c9BAT. Communisme Partout ? L&rsquo;analyse de Laurent L\u00e9vy"}]},{"@type":"WebSite","@id":"https:\/\/nosrevolutions.fr\/#website","url":"https:\/\/nosrevolutions.fr\/","name":"Nos R\u00e9volutions","description":"Communisme et mouvement social","publisher":{"@id":"https:\/\/nosrevolutions.fr\/#organization"},"potentialAction":[{"@type":"SearchAction","target":{"@type":"EntryPoint","urlTemplate":"https:\/\/nosrevolutions.fr\/?s={search_term_string}"},"query-input":{"@type":"PropertyValueSpecification","valueRequired":true,"valueName":"search_term_string"}}],"inLanguage":"en-GB"},{"@type":"Organization","@id":"https:\/\/nosrevolutions.fr\/#organization","name":"Nos R\u00e9volutions","url":"https:\/\/nosrevolutions.fr\/","logo":{"@type":"ImageObject","inLanguage":"en-GB","@id":"https:\/\/nosrevolutions.fr\/#\/schema\/logo\/image\/","url":"https:\/\/nosrevolutions.fr\/wp-content\/uploads\/2022\/09\/nrs_logo_noir.png","contentUrl":"https:\/\/nosrevolutions.fr\/wp-content\/uploads\/2022\/09\/nrs_logo_noir.png","width":2000,"height":501,"caption":"Nos R\u00e9volutions"},"image":{"@id":"https:\/\/nosrevolutions.fr\/#\/schema\/logo\/image\/"},"sameAs":["https:\/\/x.com\/NosRevolutions"]},{"@type":"Person","@id":"https:\/\/nosrevolutions.fr\/#\/schema\/person\/600e94c9f88df3c2d08ddeb465fcefa0","name":"Laurent L\u00e9vy","image":{"@type":"ImageObject","inLanguage":"en-GB","@id":"https:\/\/secure.gravatar.com\/avatar\/19f7e23a227acde168968be75d1125353eed15ac91326b6c77b8cc56756de164?s=96&d=mm&r=g","url":"https:\/\/secure.gravatar.com\/avatar\/19f7e23a227acde168968be75d1125353eed15ac91326b6c77b8cc56756de164?s=96&d=mm&r=g","contentUrl":"https:\/\/secure.gravatar.com\/avatar\/19f7e23a227acde168968be75d1125353eed15ac91326b6c77b8cc56756de164?s=96&d=mm&r=g","caption":"Laurent L\u00e9vy"},"url":"https:\/\/nosrevolutions.fr\/en\/author\/laurentlevy\/"}]}},"_links":{"self":[{"href":"https:\/\/nosrevolutions.fr\/en\/wp-json\/wp\/v2\/posts\/6041","targetHints":{"allow":["GET"]}}],"collection":[{"href":"https:\/\/nosrevolutions.fr\/en\/wp-json\/wp\/v2\/posts"}],"about":[{"href":"https:\/\/nosrevolutions.fr\/en\/wp-json\/wp\/v2\/types\/post"}],"author":[{"embeddable":true,"href":"https:\/\/nosrevolutions.fr\/en\/wp-json\/wp\/v2\/users\/60"}],"replies":[{"embeddable":true,"href":"https:\/\/nosrevolutions.fr\/en\/wp-json\/wp\/v2\/comments?post=6041"}],"version-history":[{"count":2,"href":"https:\/\/nosrevolutions.fr\/en\/wp-json\/wp\/v2\/posts\/6041\/revisions"}],"predecessor-version":[{"id":6046,"href":"https:\/\/nosrevolutions.fr\/en\/wp-json\/wp\/v2\/posts\/6041\/revisions\/6046"}],"wp:featuredmedia":[{"embeddable":true,"href":"https:\/\/nosrevolutions.fr\/en\/wp-json\/wp\/v2\/media\/6042"}],"wp:attachment":[{"href":"https:\/\/nosrevolutions.fr\/en\/wp-json\/wp\/v2\/media?parent=6041"}],"wp:term":[{"taxonomy":"category","embeddable":true,"href":"https:\/\/nosrevolutions.fr\/en\/wp-json\/wp\/v2\/categories?post=6041"},{"taxonomy":"post_tag","embeddable":true,"href":"https:\/\/nosrevolutions.fr\/en\/wp-json\/wp\/v2\/tags?post=6041"}],"curies":[{"name":"wp","href":"https:\/\/api.w.org\/{rel}","templated":true}]}}