{"id":6003,"date":"2026-03-09T08:00:00","date_gmt":"2026-03-09T07:00:00","guid":{"rendered":"https:\/\/nosrevolutions.fr\/?p=6003"},"modified":"2026-03-08T22:02:54","modified_gmt":"2026-03-08T21:02:54","slug":"congres-du-pcf-une-proposition-de-texte-alternatif","status":"publish","type":"post","link":"https:\/\/nosrevolutions.fr\/en\/2026\/03\/09\/congres-du-pcf-une-proposition-de-texte-alternatif\/","title":{"rendered":"Congr\u00e8s du PCF : une proposition de texte alternatif"},"content":{"rendered":"<p>Nous nous adressons ici \u00e0 celles et ceux qui consid\u00e8rent qu\u2019il y a besoin d\u2019un parti r\u00e9volutionnaire en France, et que ce parti peut \u00eatre le PCF.<\/p>\n\n\n\n<p><strong>Le pourrissement du capitalisme mondialis\u00e9 a men\u00e9 la plan\u00e8te au bord du pr\u00e9cipice<\/strong>. Entre la menace de guerre globale, le r\u00e9chauffement climatique et la bascule autoritaire des soci\u00e9t\u00e9s occidentales, chacun\u00b7e voit bien qu\u2019il faut agir pour \u00e9viter le pire. Dans le m\u00eame temps, la r\u00e9volte et la combativit\u00e9 qui traversent la soci\u00e9t\u00e9 peinent \u00e0 trouver un d\u00e9bouch\u00e9 politique durable. C\u2019est justement le r\u00f4le d\u2019un parti communiste !<\/p>\n\n\n\n<p><strong>H\u00e9las, force est de constater que Fabien Roussel et son \u00e9quipe enferment les communistes, encart\u00e9s ou non, dans une impasse st\u00e9rile<\/strong>. L\u2019organisation s\u2019isole, l\u2019orientation politique du parti est de plus en plus mod\u00e9r\u00e9e et d\u00e9cousue. Cela ne va pas ! Nous pouvons et nous devons faire mieux.&nbsp;<\/p>\n\n\n\n<p><strong>Une ligne combative et unitaire, pens\u00e9e pour affronter la classe dominante et pour la vaincre : voil\u00e0 ce que nous proposons de construire pour le congr\u00e8s de juin\/juillet<\/strong>. C\u2019est un chantier ouvert, en mouvement, qui s&rsquo;enrichit depuis des mois de d\u00e9bats, de rencontres, de contributions. \u00c0 pr\u00e9sent, il faut avancer avec d\u00e9termination, car les d\u00e9lais sont serr\u00e9s. Entre le second tour des \u00e9lections municipales (22 mars) et la date limite de d\u00e9p\u00f4t des textes alternatifs (3 mai), il y a \u00e0 peine plus d\u2019un mois.<\/p>\n\n\n\n<h4 class=\"wp-block-heading\"><strong>Nous publions donc une premi\u00e8re proposition de texte, qui est consultable \u00e0 cette adresse : <a href=\"http:\/\/communismepartout.fr\">communismepartout.fr<\/a><\/strong>.<\/h4>\n\n\n\n<p>Un mot sur la forme de ce premier jet : il est con\u00e7u pour \u00eatre concis, pr\u00e9cis et tr\u00e8s op\u00e9rationnel. Il s\u2019adresse aux adh\u00e9rent\u00b7es du PCF comme \u00e0 ceux qui voudraient le devenir ou s\u2019int\u00e9ressent au communisme et \u00e0 la lutte des classes. C\u2019est avant tout un outil politique pour alimenter la lutte, le d\u00e9bat et la prise d&rsquo;initiatives.<\/p>\n\n\n\n<p><strong>Sur le fond, il n&rsquo;appartient \u00e0 personne en particulier : il est fait pour \u00eatre appropri\u00e9, amend\u00e9, enrichi.<\/strong> Plusieurs dizaines de camarades l&rsquo;ont \u00e9labor\u00e9, mais il faut maintenant que plusieurs centaines, plusieurs milliers s&rsquo;en emparent. Les diff\u00e9rents espaces du site sont pens\u00e9s pour cela. Chacun\u00b7e est invit\u00e9\u00b7e \u00e0 transmettre ses retours, propositions d\u2019amendements et contributions sur le texte, que ce soit \u00e0 titre personnel ou \u00e0 titre collectif. C\u2019est aussi l\u00e0 que l\u2019on peut laisser ses coordonn\u00e9es pour \u00eatre recontact\u00e9\u00b7e lorsque la version finale sera publi\u00e9e, au d\u00e9but du mois d\u2019avril (apr\u00e8s le texte de la direction sortante, qui doit sortir le 29 mars). Chaque geste compte.<\/p>\n\n\n\n<p><strong>D\u2019ici-l\u00e0 : faisons-le circuler, parlons-en autour de nous, mobilisons. L\u2019avenir n\u2019est jamais \u00e9crit \u00e0 l\u2019avance !<\/strong><\/p>\n\n\n\n<p><\/p>\n\n\n\n<hr class=\"wp-block-separator has-alpha-channel-opacity\"\/>\n\n\n\n<p>Image d&rsquo;illustration : Visuel par <em>Nos R\u00e9volutions<\/em><\/p>","protected":false},"excerpt":{"rendered":"<p>Nous nous adressons ici \u00e0 celles et ceux qui consid\u00e8rent qu\u2019il y a besoin d\u2019un parti r\u00e9volutionnaire en France, et que ce parti peut \u00eatre le PCF. Le pourrissement du [&hellip;]<\/p>\n","protected":false},"author":13,"featured_media":6004,"comment_status":"closed","ping_status":"closed","sticky":false,"template":"","format":"standard","meta":{"_EventAllDay":false,"_EventTimezone":"","_EventStartDate":"","_EventEndDate":"","_EventStartDateUTC":"","_EventEndDateUTC":"","_EventShowMap":false,"_EventShowMapLink":false,"_EventURL":"","_EventCost":"","_EventCostDescription":"","_EventCurrencySymbol":"","_EventCurrencyCode":"","_EventCurrencyPosition":"","_EventDateTimeSeparator":"","_EventTimeRangeSeparator":"","_EventOrganizerID":[],"_EventVenueID":[],"_OrganizerEmail":"","_OrganizerPhone":"","_OrganizerWebsite":"","_VenueAddress":"","_VenueCity":"","_VenueCountry":"","_VenueProvince":"","_VenueState":"","_VenueZip":"","_VenuePhone":"","_VenueURL":"","_VenueStateProvince":"","_VenueLat":"","_VenueLng":"","_VenueShowMap":false,"_VenueShowMapLink":false,"footnotes":""},"categories":[13],"tags":[51,61],"class_list":["post-6003","post","type-post","status-publish","format-standard","has-post-thumbnail","hentry","category-articles","tag-gauche","tag-marxisme"],"yoast_head":"<!-- This site is optimized with the Yoast SEO plugin v27.4 - https:\/\/yoast.com\/product\/yoast-seo-wordpress\/ -->\n<title>Congr\u00e8s du PCF : une proposition de texte alternatif - Nos R\u00e9volutions<\/title>\n<meta name=\"robots\" content=\"index, follow, max-snippet:-1, max-image-preview:large, max-video-preview:-1\" \/>\n<link rel=\"canonical\" href=\"https:\/\/nosrevolutions.fr\/en\/2026\/03\/09\/congres-du-pcf-une-proposition-de-texte-alternatif\/\" \/>\n<meta property=\"og:locale\" content=\"en_GB\" \/>\n<meta property=\"og:type\" content=\"article\" \/>\n<meta property=\"og:title\" content=\"Congr\u00e8s du PCF : une proposition de texte alternatif - Nos R\u00e9volutions\" \/>\n<meta property=\"og:description\" content=\"Nous nous adressons ici \u00e0 celles et ceux qui consid\u00e8rent qu\u2019il y a besoin d\u2019un parti r\u00e9volutionnaire en France, et que ce parti peut \u00eatre le PCF. Le pourrissement du [&hellip;]\" \/>\n<meta property=\"og:url\" content=\"https:\/\/nosrevolutions.fr\/en\/2026\/03\/09\/congres-du-pcf-une-proposition-de-texte-alternatif\/\" \/>\n<meta property=\"og:site_name\" content=\"Nos R\u00e9volutions\" \/>\n<meta property=\"article:published_time\" content=\"2026-03-09T07:00:00+00:00\" \/>\n<meta property=\"og:image\" content=\"https:\/\/nosrevolutions.fr\/wp-content\/uploads\/2026\/03\/photo_2026-03-08_19-15-04.jpg\" \/>\n\t<meta property=\"og:image:width\" content=\"1200\" \/>\n\t<meta property=\"og:image:height\" content=\"628\" \/>\n\t<meta property=\"og:image:type\" content=\"image\/jpeg\" \/>\n<meta name=\"author\" content=\"Nos R\u00e9volutions\" \/>\n<meta name=\"twitter:card\" content=\"summary_large_image\" \/>\n<meta name=\"twitter:creator\" content=\"@NosRevolutions\" \/>\n<meta name=\"twitter:site\" content=\"@NosRevolutions\" \/>\n<meta name=\"twitter:label1\" content=\"Written by\" \/>\n\t<meta name=\"twitter:data1\" content=\"Nos R\u00e9volutions\" \/>\n\t<meta name=\"twitter:label2\" content=\"Estimated reading time\" \/>\n\t<meta name=\"twitter:data2\" content=\"3 minutes\" \/>\n<script type=\"application\/ld+json\" class=\"yoast-schema-graph\">{\"@context\":\"https:\\\/\\\/schema.org\",\"@graph\":[{\"@type\":\"Article\",\"@id\":\"https:\\\/\\\/nosrevolutions.fr\\\/2026\\\/03\\\/09\\\/congres-du-pcf-une-proposition-de-texte-alternatif\\\/#article\",\"isPartOf\":{\"@id\":\"https:\\\/\\\/nosrevolutions.fr\\\/2026\\\/03\\\/09\\\/congres-du-pcf-une-proposition-de-texte-alternatif\\\/\"},\"author\":{\"name\":\"Nos R\u00e9volutions\",\"@id\":\"https:\\\/\\\/nosrevolutions.fr\\\/#\\\/schema\\\/person\\\/c3aea8da5e2e56199c182dc7951c86ae\"},\"headline\":\"Congr\u00e8s du PCF : une proposition de texte alternatif\",\"datePublished\":\"2026-03-09T07:00:00+00:00\",\"mainEntityOfPage\":{\"@id\":\"https:\\\/\\\/nosrevolutions.fr\\\/2026\\\/03\\\/09\\\/congres-du-pcf-une-proposition-de-texte-alternatif\\\/\"},\"wordCount\":493,\"publisher\":{\"@id\":\"https:\\\/\\\/nosrevolutions.fr\\\/#organization\"},\"image\":{\"@id\":\"https:\\\/\\\/nosrevolutions.fr\\\/2026\\\/03\\\/09\\\/congres-du-pcf-une-proposition-de-texte-alternatif\\\/#primaryimage\"},\"thumbnailUrl\":\"https:\\\/\\\/nosrevolutions.fr\\\/wp-content\\\/uploads\\\/2026\\\/03\\\/photo_2026-03-08_19-15-04.jpg\",\"keywords\":[\"Gauche\",\"marxisme\"],\"articleSection\":[\"Articles\"],\"inLanguage\":\"en-GB\"},{\"@type\":\"WebPage\",\"@id\":\"https:\\\/\\\/nosrevolutions.fr\\\/2026\\\/03\\\/09\\\/congres-du-pcf-une-proposition-de-texte-alternatif\\\/\",\"url\":\"https:\\\/\\\/nosrevolutions.fr\\\/2026\\\/03\\\/09\\\/congres-du-pcf-une-proposition-de-texte-alternatif\\\/\",\"name\":\"Congr\u00e8s du PCF : une proposition de texte alternatif - Nos R\u00e9volutions\",\"isPartOf\":{\"@id\":\"https:\\\/\\\/nosrevolutions.fr\\\/#website\"},\"primaryImageOfPage\":{\"@id\":\"https:\\\/\\\/nosrevolutions.fr\\\/2026\\\/03\\\/09\\\/congres-du-pcf-une-proposition-de-texte-alternatif\\\/#primaryimage\"},\"image\":{\"@id\":\"https:\\\/\\\/nosrevolutions.fr\\\/2026\\\/03\\\/09\\\/congres-du-pcf-une-proposition-de-texte-alternatif\\\/#primaryimage\"},\"thumbnailUrl\":\"https:\\\/\\\/nosrevolutions.fr\\\/wp-content\\\/uploads\\\/2026\\\/03\\\/photo_2026-03-08_19-15-04.jpg\",\"datePublished\":\"2026-03-09T07:00:00+00:00\",\"breadcrumb\":{\"@id\":\"https:\\\/\\\/nosrevolutions.fr\\\/2026\\\/03\\\/09\\\/congres-du-pcf-une-proposition-de-texte-alternatif\\\/#breadcrumb\"},\"inLanguage\":\"en-GB\",\"potentialAction\":[{\"@type\":\"ReadAction\",\"target\":[\"https:\\\/\\\/nosrevolutions.fr\\\/2026\\\/03\\\/09\\\/congres-du-pcf-une-proposition-de-texte-alternatif\\\/\"]}]},{\"@type\":\"ImageObject\",\"inLanguage\":\"en-GB\",\"@id\":\"https:\\\/\\\/nosrevolutions.fr\\\/2026\\\/03\\\/09\\\/congres-du-pcf-une-proposition-de-texte-alternatif\\\/#primaryimage\",\"url\":\"https:\\\/\\\/nosrevolutions.fr\\\/wp-content\\\/uploads\\\/2026\\\/03\\\/photo_2026-03-08_19-15-04.jpg\",\"contentUrl\":\"https:\\\/\\\/nosrevolutions.fr\\\/wp-content\\\/uploads\\\/2026\\\/03\\\/photo_2026-03-08_19-15-04.jpg\",\"width\":1200,\"height\":628},{\"@type\":\"BreadcrumbList\",\"@id\":\"https:\\\/\\\/nosrevolutions.fr\\\/2026\\\/03\\\/09\\\/congres-du-pcf-une-proposition-de-texte-alternatif\\\/#breadcrumb\",\"itemListElement\":[{\"@type\":\"ListItem\",\"position\":1,\"name\":\"Accueil\",\"item\":\"https:\\\/\\\/nosrevolutions.fr\\\/\"},{\"@type\":\"ListItem\",\"position\":2,\"name\":\"Congr\u00e8s du PCF : une proposition de texte alternatif\"}]},{\"@type\":\"WebSite\",\"@id\":\"https:\\\/\\\/nosrevolutions.fr\\\/#website\",\"url\":\"https:\\\/\\\/nosrevolutions.fr\\\/\",\"name\":\"Nos R\u00e9volutions\",\"description\":\"Communisme et mouvement social\",\"publisher\":{\"@id\":\"https:\\\/\\\/nosrevolutions.fr\\\/#organization\"},\"potentialAction\":[{\"@type\":\"SearchAction\",\"target\":{\"@type\":\"EntryPoint\",\"urlTemplate\":\"https:\\\/\\\/nosrevolutions.fr\\\/?s={search_term_string}\"},\"query-input\":{\"@type\":\"PropertyValueSpecification\",\"valueRequired\":true,\"valueName\":\"search_term_string\"}}],\"inLanguage\":\"en-GB\"},{\"@type\":\"Organization\",\"@id\":\"https:\\\/\\\/nosrevolutions.fr\\\/#organization\",\"name\":\"Nos R\u00e9volutions\",\"url\":\"https:\\\/\\\/nosrevolutions.fr\\\/\",\"logo\":{\"@type\":\"ImageObject\",\"inLanguage\":\"en-GB\",\"@id\":\"https:\\\/\\\/nosrevolutions.fr\\\/#\\\/schema\\\/logo\\\/image\\\/\",\"url\":\"https:\\\/\\\/nosrevolutions.fr\\\/wp-content\\\/uploads\\\/2022\\\/09\\\/nrs_logo_noir.png\",\"contentUrl\":\"https:\\\/\\\/nosrevolutions.fr\\\/wp-content\\\/uploads\\\/2022\\\/09\\\/nrs_logo_noir.png\",\"width\":2000,\"height\":501,\"caption\":\"Nos R\u00e9volutions\"},\"image\":{\"@id\":\"https:\\\/\\\/nosrevolutions.fr\\\/#\\\/schema\\\/logo\\\/image\\\/\"},\"sameAs\":[\"https:\\\/\\\/x.com\\\/NosRevolutions\"]},{\"@type\":\"Person\",\"@id\":\"https:\\\/\\\/nosrevolutions.fr\\\/#\\\/schema\\\/person\\\/c3aea8da5e2e56199c182dc7951c86ae\",\"name\":\"Nos R\u00e9volutions\",\"image\":{\"@type\":\"ImageObject\",\"inLanguage\":\"en-GB\",\"@id\":\"https:\\\/\\\/secure.gravatar.com\\\/avatar\\\/5b66aafc1d1954751b98548707685d2ee279f9752222f603485edff47f544d57?s=96&d=mm&r=g\",\"url\":\"https:\\\/\\\/secure.gravatar.com\\\/avatar\\\/5b66aafc1d1954751b98548707685d2ee279f9752222f603485edff47f544d57?s=96&d=mm&r=g\",\"contentUrl\":\"https:\\\/\\\/secure.gravatar.com\\\/avatar\\\/5b66aafc1d1954751b98548707685d2ee279f9752222f603485edff47f544d57?s=96&d=mm&r=g\",\"caption\":\"Nos R\u00e9volutions\"},\"url\":\"https:\\\/\\\/nosrevolutions.fr\\\/en\\\/author\\\/nosrevolutions\\\/\"}]}<\/script>\n<!-- \/ Yoast SEO plugin. -->","yoast_head_json":{"title":"Congr\u00e8s du PCF : une proposition de texte alternatif - Nos R\u00e9volutions","robots":{"index":"index","follow":"follow","max-snippet":"max-snippet:-1","max-image-preview":"max-image-preview:large","max-video-preview":"max-video-preview:-1"},"canonical":"https:\/\/nosrevolutions.fr\/en\/2026\/03\/09\/congres-du-pcf-une-proposition-de-texte-alternatif\/","og_locale":"en_GB","og_type":"article","og_title":"Congr\u00e8s du PCF : une proposition de texte alternatif - Nos R\u00e9volutions","og_description":"Nous nous adressons ici \u00e0 celles et ceux qui consid\u00e8rent qu\u2019il y a besoin d\u2019un parti r\u00e9volutionnaire en France, et que ce parti peut \u00eatre le PCF. Le pourrissement du [&hellip;]","og_url":"https:\/\/nosrevolutions.fr\/en\/2026\/03\/09\/congres-du-pcf-une-proposition-de-texte-alternatif\/","og_site_name":"Nos R\u00e9volutions","article_published_time":"2026-03-09T07:00:00+00:00","og_image":[{"width":1200,"height":628,"url":"https:\/\/nosrevolutions.fr\/wp-content\/uploads\/2026\/03\/photo_2026-03-08_19-15-04.jpg","type":"image\/jpeg"}],"author":"Nos R\u00e9volutions","twitter_card":"summary_large_image","twitter_creator":"@NosRevolutions","twitter_site":"@NosRevolutions","twitter_misc":{"Written by":"Nos R\u00e9volutions","Estimated reading time":"3 minutes"},"schema":{"@context":"https:\/\/schema.org","@graph":[{"@type":"Article","@id":"https:\/\/nosrevolutions.fr\/2026\/03\/09\/congres-du-pcf-une-proposition-de-texte-alternatif\/#article","isPartOf":{"@id":"https:\/\/nosrevolutions.fr\/2026\/03\/09\/congres-du-pcf-une-proposition-de-texte-alternatif\/"},"author":{"name":"Nos R\u00e9volutions","@id":"https:\/\/nosrevolutions.fr\/#\/schema\/person\/c3aea8da5e2e56199c182dc7951c86ae"},"headline":"Congr\u00e8s du PCF : une proposition de texte alternatif","datePublished":"2026-03-09T07:00:00+00:00","mainEntityOfPage":{"@id":"https:\/\/nosrevolutions.fr\/2026\/03\/09\/congres-du-pcf-une-proposition-de-texte-alternatif\/"},"wordCount":493,"publisher":{"@id":"https:\/\/nosrevolutions.fr\/#organization"},"image":{"@id":"https:\/\/nosrevolutions.fr\/2026\/03\/09\/congres-du-pcf-une-proposition-de-texte-alternatif\/#primaryimage"},"thumbnailUrl":"https:\/\/nosrevolutions.fr\/wp-content\/uploads\/2026\/03\/photo_2026-03-08_19-15-04.jpg","keywords":["Gauche","marxisme"],"articleSection":["Articles"],"inLanguage":"en-GB"},{"@type":"WebPage","@id":"https:\/\/nosrevolutions.fr\/2026\/03\/09\/congres-du-pcf-une-proposition-de-texte-alternatif\/","url":"https:\/\/nosrevolutions.fr\/2026\/03\/09\/congres-du-pcf-une-proposition-de-texte-alternatif\/","name":"Congr\u00e8s du PCF : une proposition de texte alternatif - Nos R\u00e9volutions","isPartOf":{"@id":"https:\/\/nosrevolutions.fr\/#website"},"primaryImageOfPage":{"@id":"https:\/\/nosrevolutions.fr\/2026\/03\/09\/congres-du-pcf-une-proposition-de-texte-alternatif\/#primaryimage"},"image":{"@id":"https:\/\/nosrevolutions.fr\/2026\/03\/09\/congres-du-pcf-une-proposition-de-texte-alternatif\/#primaryimage"},"thumbnailUrl":"https:\/\/nosrevolutions.fr\/wp-content\/uploads\/2026\/03\/photo_2026-03-08_19-15-04.jpg","datePublished":"2026-03-09T07:00:00+00:00","breadcrumb":{"@id":"https:\/\/nosrevolutions.fr\/2026\/03\/09\/congres-du-pcf-une-proposition-de-texte-alternatif\/#breadcrumb"},"inLanguage":"en-GB","potentialAction":[{"@type":"ReadAction","target":["https:\/\/nosrevolutions.fr\/2026\/03\/09\/congres-du-pcf-une-proposition-de-texte-alternatif\/"]}]},{"@type":"ImageObject","inLanguage":"en-GB","@id":"https:\/\/nosrevolutions.fr\/2026\/03\/09\/congres-du-pcf-une-proposition-de-texte-alternatif\/#primaryimage","url":"https:\/\/nosrevolutions.fr\/wp-content\/uploads\/2026\/03\/photo_2026-03-08_19-15-04.jpg","contentUrl":"https:\/\/nosrevolutions.fr\/wp-content\/uploads\/2026\/03\/photo_2026-03-08_19-15-04.jpg","width":1200,"height":628},{"@type":"BreadcrumbList","@id":"https:\/\/nosrevolutions.fr\/2026\/03\/09\/congres-du-pcf-une-proposition-de-texte-alternatif\/#breadcrumb","itemListElement":[{"@type":"ListItem","position":1,"name":"Accueil","item":"https:\/\/nosrevolutions.fr\/"},{"@type":"ListItem","position":2,"name":"Congr\u00e8s du PCF : une proposition de texte alternatif"}]},{"@type":"WebSite","@id":"https:\/\/nosrevolutions.fr\/#website","url":"https:\/\/nosrevolutions.fr\/","name":"Nos R\u00e9volutions","description":"Communisme et mouvement social","publisher":{"@id":"https:\/\/nosrevolutions.fr\/#organization"},"potentialAction":[{"@type":"SearchAction","target":{"@type":"EntryPoint","urlTemplate":"https:\/\/nosrevolutions.fr\/?s={search_term_string}"},"query-input":{"@type":"PropertyValueSpecification","valueRequired":true,"valueName":"search_term_string"}}],"inLanguage":"en-GB"},{"@type":"Organization","@id":"https:\/\/nosrevolutions.fr\/#organization","name":"Nos R\u00e9volutions","url":"https:\/\/nosrevolutions.fr\/","logo":{"@type":"ImageObject","inLanguage":"en-GB","@id":"https:\/\/nosrevolutions.fr\/#\/schema\/logo\/image\/","url":"https:\/\/nosrevolutions.fr\/wp-content\/uploads\/2022\/09\/nrs_logo_noir.png","contentUrl":"https:\/\/nosrevolutions.fr\/wp-content\/uploads\/2022\/09\/nrs_logo_noir.png","width":2000,"height":501,"caption":"Nos R\u00e9volutions"},"image":{"@id":"https:\/\/nosrevolutions.fr\/#\/schema\/logo\/image\/"},"sameAs":["https:\/\/x.com\/NosRevolutions"]},{"@type":"Person","@id":"https:\/\/nosrevolutions.fr\/#\/schema\/person\/c3aea8da5e2e56199c182dc7951c86ae","name":"Nos R\u00e9volutions","image":{"@type":"ImageObject","inLanguage":"en-GB","@id":"https:\/\/secure.gravatar.com\/avatar\/5b66aafc1d1954751b98548707685d2ee279f9752222f603485edff47f544d57?s=96&d=mm&r=g","url":"https:\/\/secure.gravatar.com\/avatar\/5b66aafc1d1954751b98548707685d2ee279f9752222f603485edff47f544d57?s=96&d=mm&r=g","contentUrl":"https:\/\/secure.gravatar.com\/avatar\/5b66aafc1d1954751b98548707685d2ee279f9752222f603485edff47f544d57?s=96&d=mm&r=g","caption":"Nos R\u00e9volutions"},"url":"https:\/\/nosrevolutions.fr\/en\/author\/nosrevolutions\/"}]}},"_links":{"self":[{"href":"https:\/\/nosrevolutions.fr\/en\/wp-json\/wp\/v2\/posts\/6003","targetHints":{"allow":["GET"]}}],"collection":[{"href":"https:\/\/nosrevolutions.fr\/en\/wp-json\/wp\/v2\/posts"}],"about":[{"href":"https:\/\/nosrevolutions.fr\/en\/wp-json\/wp\/v2\/types\/post"}],"author":[{"embeddable":true,"href":"https:\/\/nosrevolutions.fr\/en\/wp-json\/wp\/v2\/users\/13"}],"replies":[{"embeddable":true,"href":"https:\/\/nosrevolutions.fr\/en\/wp-json\/wp\/v2\/comments?post=6003"}],"version-history":[{"count":2,"href":"https:\/\/nosrevolutions.fr\/en\/wp-json\/wp\/v2\/posts\/6003\/revisions"}],"predecessor-version":[{"id":6007,"href":"https:\/\/nosrevolutions.fr\/en\/wp-json\/wp\/v2\/posts\/6003\/revisions\/6007"}],"wp:featuredmedia":[{"embeddable":true,"href":"https:\/\/nosrevolutions.fr\/en\/wp-json\/wp\/v2\/media\/6004"}],"wp:attachment":[{"href":"https:\/\/nosrevolutions.fr\/en\/wp-json\/wp\/v2\/media?parent=6003"}],"wp:term":[{"taxonomy":"category","embeddable":true,"href":"https:\/\/nosrevolutions.fr\/en\/wp-json\/wp\/v2\/categories?post=6003"},{"taxonomy":"post_tag","embeddable":true,"href":"https:\/\/nosrevolutions.fr\/en\/wp-json\/wp\/v2\/tags?post=6003"}],"curies":[{"name":"wp","href":"https:\/\/api.w.org\/{rel}","templated":true}]}}