{"id":5988,"date":"2026-03-06T15:51:29","date_gmt":"2026-03-06T14:51:29","guid":{"rendered":"https:\/\/nosrevolutions.fr\/?p=5988"},"modified":"2026-03-06T15:51:30","modified_gmt":"2026-03-06T14:51:30","slug":"edito-les-municipales-ne-sont-pas-simplement-des-elections-locales","status":"publish","type":"post","link":"https:\/\/nosrevolutions.fr\/en\/2026\/03\/06\/edito-les-municipales-ne-sont-pas-simplement-des-elections-locales\/","title":{"rendered":"\u00c9DITO. Les municipales ne sont pas simplement des \u00e9lections locales"},"content":{"rendered":"<p><strong>Les \u00e9lections municipales ne sont pas simplement des \u00e9lections locales<\/strong>. <strong>Elles portent sur des politiques de proximit\u00e9, des rapports de force territoriaux ; mais elles engagent aussi, dans certaines conjonctures, une orientation g\u00e9n\u00e9rale du pays<\/strong>. C\u2019est le cas aujourd\u2019hui. Car ce qui se joue dans les municipales de 2026 n\u2019est pas seulement la gestion des communes, ni m\u00eame la conqu\u00eate de quelques villes embl\u00e9matiques. Ce qui s\u2019y joue plus profond\u00e9ment, c\u2019est l&rsquo;enclenchement ou non d&rsquo;une nouvelle \u00e9tape de la fascisation fran\u00e7aise.<\/p>\n\n\n\n<p>Nous n\u2019assistons pas seulement \u00e0 une progression \u00e9lectorale de l\u2019extr\u00eame droite. <strong>Nous assistons \u00e0 quelque chose de plus profond et de plus inqui\u00e9tant : une fusion croissante des droites, c\u2019est-\u00e0-dire un d\u00e9placement g\u00e9n\u00e9ral du champ politique vers les obsessions, les affects et les solutions de l\u2019extr\u00eame droite<\/strong>. Cette fusion n\u2019est pas d\u2019abord organisationnelle. Elle n\u2019a pas besoin d\u2019alliances formelles, d\u2019accords explicites, de listes communes. Elle peut parfaitement avancer sans photo de famille. Elle progresse \u00e0 un niveau plus d\u00e9cisif : celui de l\u2019h\u00e9g\u00e9monie.<\/p>\n\n\n\n<h4 class=\"wp-block-heading\"><strong>L&rsquo;extr\u00eame droite dans les municipales<\/strong><\/h4>\n\n\n\n<p><strong>L\u2019extr\u00eame droite ne gagne pas seulement lorsqu\u2019elle conquiert une ville ; elle gagne lorsqu\u2019elle impose le terrain sur lequel tous les autres sont somm\u00e9s de se situer<\/strong>. Elle gagne lorsque ses th\u00e8mes deviennent les \u00e9vidences du d\u00e9bat public, lorsque ses ennemis deviennent les ennemis pr\u00e9sum\u00e9s de tous, lorsque ses paniques morales structurent l\u2019agenda politique, lorsque son vocabulaire circule bien au-del\u00e0 de ses propres fronti\u00e8res, lorsque ses figures cessent d\u2019appara\u00eetre comme des anomalies pour devenir des interlocuteurs recevables. En ce sens, le processus en cours est moins celui d\u2019une simple mont\u00e9e qu\u2019une v\u00e9ritable diffusion de la vision du monde d\u2019extr\u00eame droite dans l\u2019ensemble du corps politique.<\/p>\n\n\n\n<p><strong>Marseille et Paris sont, de ce point de vue, deux sc\u00e8nes exemplaires. Non parce qu\u2019elles seraient identiques, mais parce qu\u2019elles manifestent deux modalit\u00e9s de la perc\u00e9e actuelle<\/strong>. <\/p>\n\n\n\n<p><strong>\u00c0 Marseille, l\u2019extr\u00eame droite s\u2019avance comme force de conqu\u00eate directe<\/strong>. Elle vise la prise d\u2019une grande ville populaire, d\u2019un espace urbain longtemps travaill\u00e9 par les contradictions sociales, les fractures territoriales, l\u2019histoire migratoire, les abandons publics et les conflictualit\u00e9s de classe.<\/p>\n\n\n\n<p><strong>\u00c0 Paris, elle proc\u00e8de autrement : non par irruption brutale, mais par normalisation. Elle cherche \u00e0 se rendre fr\u00e9quentable, \u00e0 \u00eatre le point de convergence des droites<\/strong>. Une extr\u00eame droite cultiv\u00e9e, moderne, administrable ; elle veut faire oublier ce qu\u2019elle est derri\u00e8re ce qu\u2019elle pr\u00e9tend incarner. Dans un cas comme dans l\u2019autre, pourtant, c\u2019est bien le m\u00eame mouvement qui se d\u00e9ploie : faire de l\u2019extr\u00eame droite une option de gouvernement local plausible, et faire de ses cat\u00e9gories le nouvel horizon implicite de la discussion publique.<\/p>\n\n\n\n<h4 class=\"wp-block-heading\"><strong>La nouvelle \u00ab\u00a0autorit\u00e9 morale\u00a0\u00bb de l&rsquo;extr\u00eame droite<\/strong><\/h4>\n\n\n\n<p><strong>C\u2019est pourquoi il serait trompeur de r\u00e9duire la s\u00e9quence \u00e0 la seule question des alliances. Bien s\u00fbr, celles-ci comptent. Mais le probl\u00e8me principal se situe en amont<\/strong>. Il r\u00e9side dans le fait qu\u2019une partie croissante de la droite n\u2019a plus besoin de s\u2019allier formellement \u00e0 l\u2019extr\u00eame droite pour travailler \u00e0 son avanc\u00e9e historique. Il lui suffit d\u2019en reprendre les priorit\u00e9s, d\u2019en l\u00e9gitimer les angoisses, d\u2019en reconduire les d\u00e9coupages, d\u2019en acclimater les figures. La fusion des droites ne signifie pas n\u00e9cessairement leur unification organique ; elle d\u00e9signe d\u2019abord la mani\u00e8re dont la droite traditionnelle devient progressivement le milieu de propagation des r\u00e9cits de l\u2019extr\u00eame droite.<\/p>\n\n\n\n<p><strong>L\u2019affaire Quentin Deranque a constitu\u00e9, de ce point de vue, un moment de cristallisation. Non pas seulement parce qu\u2019un drame s\u2019est produit, mais parce que sa captation politique a \u00e9t\u00e9 imm\u00e9diate<\/strong>. Avant m\u00eame que les faits soient stabilis\u00e9s dans l\u2019espace public, avant m\u00eame que le temps judiciaire puisse produire ses propres d\u00e9terminations, tout un r\u00e9cit s\u2019est mis en place. Un r\u00e9cit o\u00f9 l\u2019extr\u00eame droite s\u2019arrogeait la position de victime absolue, o\u00f9 l\u2019antifascisme se trouvait globalement criminalis\u00e9, o\u00f9 la gauche enti\u00e8re \u00e9tait somm\u00e9e de compara\u00eetre, de se justifier, de s\u2019excuser presque d\u2019exister. Cette s\u00e9quence a confirm\u00e9 une donn\u00e9e essentielle de la conjoncture : l\u2019extr\u00eame droite ne se contente plus d\u2019occuper une place dans le d\u00e9bat public, elle tend de plus en plus \u00e0 en fixer la grammaire morale.<\/p>\n\n\n\n<p><strong>C\u2019est l\u00e0 l\u2019un des aspects les plus avanc\u00e9s de la fascisation. Le fascisme, en effet, n\u2019est pas seulement un appareil de violence ext\u00e9rieure \u00e0 la d\u00e9mocratie lib\u00e9rale ; il est aussi un processus de transformation interne des coordonn\u00e9es du pensable et du dicible<\/strong>. Il avance lorsque la conflictualit\u00e9 sociale est recod\u00e9e en probl\u00e8me d\u2019ordre, lorsque la crise de repr\u00e9sentation est transform\u00e9e en demande d\u2019autorit\u00e9, lorsque les fractures produites par le capital sont r\u00e9interpr\u00e9t\u00e9es comme des fractures culturelles ou civilisationnelles, lorsque la col\u00e8re des domin\u00e9s est redirig\u00e9e non contre les structures de domination mais contre des ennemis de substitution. Il avance lorsque l\u2019id\u00e9e m\u00eame de peuple est arrach\u00e9e \u00e0 toute dimension \u00e9mancipatrice pour \u00eatre r\u00e9-articul\u00e9e \u00e0 l\u2019identit\u00e9, \u00e0 l\u2019exclusion, \u00e0 la cl\u00f4ture.<\/p>\n\n\n\n<h4 class=\"wp-block-heading\"><strong>Quelle strat\u00e9gie antifasciste ?<\/strong><\/h4>\n\n\n\n<p><strong>La commune devient alors un terrain d\u00e9cisif. Car c\u2019est \u00e0 l\u2019\u00e9chelle municipale que peuvent se nouer, de la mani\u00e8re la plus concr\u00e8te, les dimensions mat\u00e9rielles et id\u00e9ologiques de la fascisation<\/strong>. C\u2019est l\u00e0 que se rencontrent la crise du logement, l\u2019\u00e9tat des services publics, les in\u00e9galit\u00e9s scolaires, les politiques de s\u00e9curit\u00e9, la pr\u00e9sence ou l\u2019absence des associations, l\u2019acc\u00e8s \u00e0 la culture, les formes de cohabitation urbaine, les usages de l\u2019espace public. La bataille municipale n\u2019est donc pas secondaire. Elle est l\u2019un des lieux o\u00f9 peut s\u2019exp\u00e9rimenter une politique autoritaire de proximit\u00e9, une administration diff\u00e9rentielle des populations, une r\u00e9organisation punitive du territoire. Mais elle est aussi, inversement, l\u2019un des lieux \u00e0 partir desquels peut se reconstruire une capacit\u00e9 populaire d\u2019autod\u00e9fense d\u00e9mocratique.<\/p>\n\n\n\n<p><strong>C\u2019est ici qu\u2019il faut rompre avec deux illusions sym\u00e9triques. La premi\u00e8re consiste \u00e0 croire que le danger pourrait \u00eatre contenu par la seule invocation morale du front r\u00e9publicain, alors m\u00eame que ce front a \u00e9t\u00e9 m\u00e9thodiquement vid\u00e9 de toute substance sociale, d\u00e9mocratique et populaire<\/strong>. On ne combattra pas durablement l\u2019extr\u00eame droite par des r\u00e9flexes d\u00e9fensifs d\u00e9sincarn\u00e9s, par des consignes abstraites, par des coalitions sans ancrage. <\/p>\n\n\n\n<p><strong>La seconde illusion consiste \u00e0 croire qu\u2019une avant-garde, m\u00eame courageuse, m\u00eame sinc\u00e8re, m\u00eame combative, pourrait suffire \u00e0 elle seule<\/strong>. Or le fascisme qui vient ne sera pas vaincu par la seule vertu d\u2019une avant-garde. Il ne sera combattu que par la formation patiente d\u2019un bloc populaire antifasciste.<\/p>\n\n\n\n<h4 class=\"wp-block-heading\"><strong>Construire un bloc populaire antifasciste<\/strong><\/h4>\n\n\n\n<p><strong>Cette id\u00e9e de bloc populaire antifasciste doit \u00eatre prise au s\u00e9rieux dans toute son \u00e9paisseur. Elle ne d\u00e9signe ni une simple coalition \u00e9lectorale, ni un cartel de sigles, ni une juxtaposition de sensibilit\u00e9s militantes<\/strong>. Elle d\u00e9signe un travail historique de recomposition. Un travail d\u2019enracinement dans le monde du travail, dans les quartiers populaires, dans les services publics, dans les associations, dans les syndicats, dans les espaces culturels, dans tous les lieux o\u00f9 se jouent encore des formes de solidarit\u00e9, de conflictualit\u00e9 et de dignit\u00e9 collective. Elle suppose de faire plus que r\u00e9sister : elle suppose d\u2019agr\u00e9ger, de convaincre, de prot\u00e9ger, de rendre confiance, d\u2019entra\u00eener bien au-del\u00e0 du noyau d\u00e9j\u00e0 politis\u00e9.<\/p>\n\n\n\n<p><strong>Autrement dit, l\u2019antifascisme n\u2019est pas une posture. Il n\u2019est pas seulement un r\u00e9flexe moral ou une identit\u00e9 politique<\/strong>. Il n\u2019est pas non plus r\u00e9ductible \u00e0 la confrontation avec les groupes fascistes. L\u2019antifascisme est une politique de masse. Il consiste \u00e0 emp\u00eacher que l\u2019extr\u00eame droite puisse appara\u00eetre comme une r\u00e9ponse aux d\u00e9sordres du pr\u00e9sent. Il consiste \u00e0 arracher \u00e0 l\u2019extr\u00eame droite le monopole frauduleux des affects populaires : la peur, la col\u00e8re, le sentiment d\u2019abandon, la demande de protection, l\u2019aspiration \u00e0 la dignit\u00e9. Il consiste \u00e0 leur donner une traduction d\u00e9mocratique, sociale, \u00e9galitaire, universaliste.<\/p>\n\n\n\n<p><strong>Cela implique une orientation claire. Il faut combattre l\u2019extr\u00eame droite sur le terrain id\u00e9ologique, bien s\u00fbr, en refusant toutes ses naturalisations, toutes ses inversions, toutes ses falsifications. Mais cela ne suffira pas. Il faut aussi la combattre sur le terrain de ses conditions de possibilit\u00e9<\/strong>. Sur la destruction des services publics. Sur la pr\u00e9carisation des existences. Sur la s\u00e9gr\u00e9gation territoriale. Sur la d\u00e9composition des collectifs de travail. Sur la mise en concurrence g\u00e9n\u00e9ralis\u00e9e. Sur tout ce qui mine mat\u00e9riellement la possibilit\u00e9 d\u2019un monde commun et ouvre la voie \u00e0 la demande d\u2019ordre. Il n\u2019y a pas d\u2019antifascisme s\u00e9rieux sans d\u00e9fense acharn\u00e9e des conditions mat\u00e9rielles de l\u2019\u00e9galit\u00e9.<\/p>\n\n\n\n<p><strong>La fusion des droites n\u2019est donc pas un accident de parcours ni une d\u00e9rive conjoncturelle. Elle est une r\u00e9ponse de classe \u00e0 la crise organique du pr\u00e9sent<\/strong>. Face \u00e0 l\u2019instabilit\u00e9 du monde, \u00e0 l\u2019usure du n\u00e9olib\u00e9ralisme, \u00e0 la d\u00e9sagr\u00e9gation de la l\u00e9gitimit\u00e9 politique, les classes dominantes et les appareils qui leur sont li\u00e9s explorent toujours plus ouvertement la possibilit\u00e9 d\u2019un maintien autoritaire de l\u2019ordre social. Diviser le peuple, d\u00e9signer des ennemis int\u00e9rieurs, criminaliser les r\u00e9sistances, discipliner les corps, restaurer la hi\u00e9rarchie sous couvert de protection : telle est la logique profonde de cette s\u00e9quence.<\/p>\n\n\n\n<p><strong>\u00c0 cette logique, il ne suffira pas d\u2019opposer un antifascisme incantatoire, ni une radicalit\u00e9 sans prise. Ce qu\u2019exige la p\u00e9riode, c\u2019est une politique capable de reconstruire un bloc populaire majoritaire sans c\u00e9der un pouce \u00e0 l\u2019extr\u00eame droite ;<\/strong> capable de b\u00e2tir des majorit\u00e9s sans sacrifier l\u2019antiracisme, l\u2019\u00e9galit\u00e9 et l\u2019exigence d\u00e9mocratique ; capable surtout de lier la lutte contre la fascisation \u00e0 la question sociale, \u00e0 la question \u00e9cologique, \u00e0 la d\u00e9fense des services publics et \u00e0 la reconqu\u00eate du pouvoir local. C\u2019est \u00e0 cette condition seulement que les municipales pourront devenir autre chose qu\u2019un moment de progression r\u00e9actionnaire : un point d\u2019appui pour la reconstruction d\u2019une force populaire offensive.<\/p>\n\n\n\n<p><strong>L\u2019enjeu, en v\u00e9rit\u00e9, d\u00e9passe de loin le nombre de villes gagn\u00e9es ou perdues<\/strong>. Il est de savoir si l\u2019extr\u00eame droite continuera d\u2019imposer son monde comme horizon de la politique fran\u00e7aise, ou si nous serons capables de lui opposer une autre coh\u00e9rence historique. Non pas seulement une r\u00e9sistance dispers\u00e9e, mais une force collective. Non pas seulement un sursaut moral, mais une strat\u00e9gie. Non pas seulement un front d\u00e9fensif, mais un bloc populaire antifasciste.<\/p>\n\n\n\n<p><\/p>\n\n\n\n<hr class=\"wp-block-separator has-alpha-channel-opacity\"\/>\n\n\n\n<p>Image d&rsquo;illustration : \u00ab\u00a0Lyon &#8211; H\u00f4tel de Ville\u00a0\u00bb, photographie du 15 novembre 2025 par <a href=\"https:\/\/www.flickr.com\/photos\/129231073@N06\/27652604231\">Fred Romero<\/a> (<a href=\"https:\/\/creativecommons.org\/licenses\/by\/2.0\/deed.fr\">CC BY 2.0<\/a>)<\/p>","protected":false},"excerpt":{"rendered":"<p>Les \u00e9lections municipales ne sont pas simplement des \u00e9lections locales. Elles portent sur des politiques de proximit\u00e9, des rapports de force territoriaux ; mais elles engagent aussi, dans certaines conjonctures, [&hellip;]<\/p>\n","protected":false},"author":11,"featured_media":5989,"comment_status":"closed","ping_status":"closed","sticky":false,"template":"","format":"standard","meta":{"_EventAllDay":false,"_EventTimezone":"","_EventStartDate":"","_EventEndDate":"","_EventStartDateUTC":"","_EventEndDateUTC":"","_EventShowMap":false,"_EventShowMapLink":false,"_EventURL":"","_EventCost":"","_EventCostDescription":"","_EventCurrencySymbol":"","_EventCurrencyCode":"","_EventCurrencyPosition":"","_EventDateTimeSeparator":"","_EventTimeRangeSeparator":"","_EventOrganizerID":[],"_EventVenueID":[],"_OrganizerEmail":"","_OrganizerPhone":"","_OrganizerWebsite":"","_VenueAddress":"","_VenueCity":"","_VenueCountry":"","_VenueProvince":"","_VenueState":"","_VenueZip":"","_VenuePhone":"","_VenueURL":"","_VenueStateProvince":"","_VenueLat":"","_VenueLng":"","_VenueShowMap":false,"_VenueShowMapLink":false,"footnotes":""},"categories":[12],"tags":[58,31],"class_list":["post-5988","post","type-post","status-publish","format-standard","has-post-thumbnail","hentry","category-edito","tag-communes","tag-extreme-droite"],"yoast_head":"<!-- This site is optimized with the Yoast SEO plugin v27.4 - https:\/\/yoast.com\/product\/yoast-seo-wordpress\/ -->\n<title>\u00c9DITO. Les municipales ne sont pas simplement des \u00e9lections locales - Nos R\u00e9volutions<\/title>\n<meta name=\"robots\" content=\"index, follow, max-snippet:-1, max-image-preview:large, max-video-preview:-1\" \/>\n<link rel=\"canonical\" href=\"https:\/\/nosrevolutions.fr\/en\/2026\/03\/06\/edito-les-municipales-ne-sont-pas-simplement-des-elections-locales\/\" \/>\n<meta property=\"og:locale\" content=\"en_GB\" \/>\n<meta property=\"og:type\" content=\"article\" \/>\n<meta property=\"og:title\" content=\"\u00c9DITO. Les municipales ne sont pas simplement des \u00e9lections locales - Nos R\u00e9volutions\" \/>\n<meta property=\"og:description\" content=\"Les \u00e9lections municipales ne sont pas simplement des \u00e9lections locales. Elles portent sur des politiques de proximit\u00e9, des rapports de force territoriaux ; mais elles engagent aussi, dans certaines conjonctures, [&hellip;]\" \/>\n<meta property=\"og:url\" content=\"https:\/\/nosrevolutions.fr\/en\/2026\/03\/06\/edito-les-municipales-ne-sont-pas-simplement-des-elections-locales\/\" \/>\n<meta property=\"og:site_name\" content=\"Nos R\u00e9volutions\" \/>\n<meta property=\"article:published_time\" content=\"2026-03-06T14:51:29+00:00\" \/>\n<meta property=\"article:modified_time\" content=\"2026-03-06T14:51:30+00:00\" \/>\n<meta property=\"og:image\" content=\"https:\/\/nosrevolutions.fr\/wp-content\/uploads\/2026\/03\/27652604231_dc67c82aca_c.jpg\" \/>\n\t<meta property=\"og:image:width\" content=\"800\" \/>\n\t<meta property=\"og:image:height\" content=\"535\" \/>\n\t<meta property=\"og:image:type\" content=\"image\/jpeg\" \/>\n<meta name=\"author\" content=\"Hadrien Bortot\" \/>\n<meta name=\"twitter:card\" content=\"summary_large_image\" \/>\n<meta name=\"twitter:creator\" content=\"@NosRevolutions\" \/>\n<meta name=\"twitter:site\" content=\"@NosRevolutions\" \/>\n<meta name=\"twitter:label1\" content=\"Written by\" \/>\n\t<meta name=\"twitter:data1\" content=\"Hadrien Bortot\" \/>\n\t<meta name=\"twitter:label2\" content=\"Estimated reading time\" \/>\n\t<meta name=\"twitter:data2\" content=\"9 minutes\" \/>\n<script type=\"application\/ld+json\" class=\"yoast-schema-graph\">{\"@context\":\"https:\\\/\\\/schema.org\",\"@graph\":[{\"@type\":\"Article\",\"@id\":\"https:\\\/\\\/nosrevolutions.fr\\\/2026\\\/03\\\/06\\\/edito-les-municipales-ne-sont-pas-simplement-des-elections-locales\\\/#article\",\"isPartOf\":{\"@id\":\"https:\\\/\\\/nosrevolutions.fr\\\/2026\\\/03\\\/06\\\/edito-les-municipales-ne-sont-pas-simplement-des-elections-locales\\\/\"},\"author\":{\"name\":\"Hadrien Bortot\",\"@id\":\"https:\\\/\\\/nosrevolutions.fr\\\/#\\\/schema\\\/person\\\/113099f0d652b24614d1c08782d69df4\"},\"headline\":\"\u00c9DITO. Les municipales ne sont pas simplement des \u00e9lections locales\",\"datePublished\":\"2026-03-06T14:51:29+00:00\",\"dateModified\":\"2026-03-06T14:51:30+00:00\",\"mainEntityOfPage\":{\"@id\":\"https:\\\/\\\/nosrevolutions.fr\\\/2026\\\/03\\\/06\\\/edito-les-municipales-ne-sont-pas-simplement-des-elections-locales\\\/\"},\"wordCount\":1901,\"publisher\":{\"@id\":\"https:\\\/\\\/nosrevolutions.fr\\\/#organization\"},\"image\":{\"@id\":\"https:\\\/\\\/nosrevolutions.fr\\\/2026\\\/03\\\/06\\\/edito-les-municipales-ne-sont-pas-simplement-des-elections-locales\\\/#primaryimage\"},\"thumbnailUrl\":\"https:\\\/\\\/nosrevolutions.fr\\\/wp-content\\\/uploads\\\/2026\\\/03\\\/27652604231_dc67c82aca_c.jpg\",\"keywords\":[\"Communes\",\"Extr\u00eame-droite\"],\"articleSection\":[\"\u00c9ditos\"],\"inLanguage\":\"en-GB\"},{\"@type\":\"WebPage\",\"@id\":\"https:\\\/\\\/nosrevolutions.fr\\\/2026\\\/03\\\/06\\\/edito-les-municipales-ne-sont-pas-simplement-des-elections-locales\\\/\",\"url\":\"https:\\\/\\\/nosrevolutions.fr\\\/2026\\\/03\\\/06\\\/edito-les-municipales-ne-sont-pas-simplement-des-elections-locales\\\/\",\"name\":\"\u00c9DITO. Les municipales ne sont pas simplement des \u00e9lections locales - Nos R\u00e9volutions\",\"isPartOf\":{\"@id\":\"https:\\\/\\\/nosrevolutions.fr\\\/#website\"},\"primaryImageOfPage\":{\"@id\":\"https:\\\/\\\/nosrevolutions.fr\\\/2026\\\/03\\\/06\\\/edito-les-municipales-ne-sont-pas-simplement-des-elections-locales\\\/#primaryimage\"},\"image\":{\"@id\":\"https:\\\/\\\/nosrevolutions.fr\\\/2026\\\/03\\\/06\\\/edito-les-municipales-ne-sont-pas-simplement-des-elections-locales\\\/#primaryimage\"},\"thumbnailUrl\":\"https:\\\/\\\/nosrevolutions.fr\\\/wp-content\\\/uploads\\\/2026\\\/03\\\/27652604231_dc67c82aca_c.jpg\",\"datePublished\":\"2026-03-06T14:51:29+00:00\",\"dateModified\":\"2026-03-06T14:51:30+00:00\",\"breadcrumb\":{\"@id\":\"https:\\\/\\\/nosrevolutions.fr\\\/2026\\\/03\\\/06\\\/edito-les-municipales-ne-sont-pas-simplement-des-elections-locales\\\/#breadcrumb\"},\"inLanguage\":\"en-GB\",\"potentialAction\":[{\"@type\":\"ReadAction\",\"target\":[\"https:\\\/\\\/nosrevolutions.fr\\\/2026\\\/03\\\/06\\\/edito-les-municipales-ne-sont-pas-simplement-des-elections-locales\\\/\"]}]},{\"@type\":\"ImageObject\",\"inLanguage\":\"en-GB\",\"@id\":\"https:\\\/\\\/nosrevolutions.fr\\\/2026\\\/03\\\/06\\\/edito-les-municipales-ne-sont-pas-simplement-des-elections-locales\\\/#primaryimage\",\"url\":\"https:\\\/\\\/nosrevolutions.fr\\\/wp-content\\\/uploads\\\/2026\\\/03\\\/27652604231_dc67c82aca_c.jpg\",\"contentUrl\":\"https:\\\/\\\/nosrevolutions.fr\\\/wp-content\\\/uploads\\\/2026\\\/03\\\/27652604231_dc67c82aca_c.jpg\",\"width\":800,\"height\":535},{\"@type\":\"BreadcrumbList\",\"@id\":\"https:\\\/\\\/nosrevolutions.fr\\\/2026\\\/03\\\/06\\\/edito-les-municipales-ne-sont-pas-simplement-des-elections-locales\\\/#breadcrumb\",\"itemListElement\":[{\"@type\":\"ListItem\",\"position\":1,\"name\":\"Accueil\",\"item\":\"https:\\\/\\\/nosrevolutions.fr\\\/\"},{\"@type\":\"ListItem\",\"position\":2,\"name\":\"\u00c9DITO. Les municipales ne sont pas simplement des \u00e9lections locales\"}]},{\"@type\":\"WebSite\",\"@id\":\"https:\\\/\\\/nosrevolutions.fr\\\/#website\",\"url\":\"https:\\\/\\\/nosrevolutions.fr\\\/\",\"name\":\"Nos R\u00e9volutions\",\"description\":\"Communisme et mouvement social\",\"publisher\":{\"@id\":\"https:\\\/\\\/nosrevolutions.fr\\\/#organization\"},\"potentialAction\":[{\"@type\":\"SearchAction\",\"target\":{\"@type\":\"EntryPoint\",\"urlTemplate\":\"https:\\\/\\\/nosrevolutions.fr\\\/?s={search_term_string}\"},\"query-input\":{\"@type\":\"PropertyValueSpecification\",\"valueRequired\":true,\"valueName\":\"search_term_string\"}}],\"inLanguage\":\"en-GB\"},{\"@type\":\"Organization\",\"@id\":\"https:\\\/\\\/nosrevolutions.fr\\\/#organization\",\"name\":\"Nos R\u00e9volutions\",\"url\":\"https:\\\/\\\/nosrevolutions.fr\\\/\",\"logo\":{\"@type\":\"ImageObject\",\"inLanguage\":\"en-GB\",\"@id\":\"https:\\\/\\\/nosrevolutions.fr\\\/#\\\/schema\\\/logo\\\/image\\\/\",\"url\":\"https:\\\/\\\/nosrevolutions.fr\\\/wp-content\\\/uploads\\\/2022\\\/09\\\/nrs_logo_noir.png\",\"contentUrl\":\"https:\\\/\\\/nosrevolutions.fr\\\/wp-content\\\/uploads\\\/2022\\\/09\\\/nrs_logo_noir.png\",\"width\":2000,\"height\":501,\"caption\":\"Nos R\u00e9volutions\"},\"image\":{\"@id\":\"https:\\\/\\\/nosrevolutions.fr\\\/#\\\/schema\\\/logo\\\/image\\\/\"},\"sameAs\":[\"https:\\\/\\\/x.com\\\/NosRevolutions\"]},{\"@type\":\"Person\",\"@id\":\"https:\\\/\\\/nosrevolutions.fr\\\/#\\\/schema\\\/person\\\/113099f0d652b24614d1c08782d69df4\",\"name\":\"Hadrien Bortot\",\"image\":{\"@type\":\"ImageObject\",\"inLanguage\":\"en-GB\",\"@id\":\"https:\\\/\\\/secure.gravatar.com\\\/avatar\\\/170d3e9c950c9baa9d02ccefd497e8a34b4c0eedc02a1261b974db5d3ec68b3d?s=96&d=mm&r=g\",\"url\":\"https:\\\/\\\/secure.gravatar.com\\\/avatar\\\/170d3e9c950c9baa9d02ccefd497e8a34b4c0eedc02a1261b974db5d3ec68b3d?s=96&d=mm&r=g\",\"contentUrl\":\"https:\\\/\\\/secure.gravatar.com\\\/avatar\\\/170d3e9c950c9baa9d02ccefd497e8a34b4c0eedc02a1261b974db5d3ec68b3d?s=96&d=mm&r=g\",\"caption\":\"Hadrien Bortot\"},\"url\":\"https:\\\/\\\/nosrevolutions.fr\\\/en\\\/author\\\/hadrienbortot\\\/\"}]}<\/script>\n<!-- \/ Yoast SEO plugin. -->","yoast_head_json":{"title":"\u00c9DITO. Les municipales ne sont pas simplement des \u00e9lections locales - Nos R\u00e9volutions","robots":{"index":"index","follow":"follow","max-snippet":"max-snippet:-1","max-image-preview":"max-image-preview:large","max-video-preview":"max-video-preview:-1"},"canonical":"https:\/\/nosrevolutions.fr\/en\/2026\/03\/06\/edito-les-municipales-ne-sont-pas-simplement-des-elections-locales\/","og_locale":"en_GB","og_type":"article","og_title":"\u00c9DITO. Les municipales ne sont pas simplement des \u00e9lections locales - Nos R\u00e9volutions","og_description":"Les \u00e9lections municipales ne sont pas simplement des \u00e9lections locales. Elles portent sur des politiques de proximit\u00e9, des rapports de force territoriaux ; mais elles engagent aussi, dans certaines conjonctures, [&hellip;]","og_url":"https:\/\/nosrevolutions.fr\/en\/2026\/03\/06\/edito-les-municipales-ne-sont-pas-simplement-des-elections-locales\/","og_site_name":"Nos R\u00e9volutions","article_published_time":"2026-03-06T14:51:29+00:00","article_modified_time":"2026-03-06T14:51:30+00:00","og_image":[{"width":800,"height":535,"url":"https:\/\/nosrevolutions.fr\/wp-content\/uploads\/2026\/03\/27652604231_dc67c82aca_c.jpg","type":"image\/jpeg"}],"author":"Hadrien Bortot","twitter_card":"summary_large_image","twitter_creator":"@NosRevolutions","twitter_site":"@NosRevolutions","twitter_misc":{"Written by":"Hadrien Bortot","Estimated reading time":"9 minutes"},"schema":{"@context":"https:\/\/schema.org","@graph":[{"@type":"Article","@id":"https:\/\/nosrevolutions.fr\/2026\/03\/06\/edito-les-municipales-ne-sont-pas-simplement-des-elections-locales\/#article","isPartOf":{"@id":"https:\/\/nosrevolutions.fr\/2026\/03\/06\/edito-les-municipales-ne-sont-pas-simplement-des-elections-locales\/"},"author":{"name":"Hadrien Bortot","@id":"https:\/\/nosrevolutions.fr\/#\/schema\/person\/113099f0d652b24614d1c08782d69df4"},"headline":"\u00c9DITO. Les municipales ne sont pas simplement des \u00e9lections locales","datePublished":"2026-03-06T14:51:29+00:00","dateModified":"2026-03-06T14:51:30+00:00","mainEntityOfPage":{"@id":"https:\/\/nosrevolutions.fr\/2026\/03\/06\/edito-les-municipales-ne-sont-pas-simplement-des-elections-locales\/"},"wordCount":1901,"publisher":{"@id":"https:\/\/nosrevolutions.fr\/#organization"},"image":{"@id":"https:\/\/nosrevolutions.fr\/2026\/03\/06\/edito-les-municipales-ne-sont-pas-simplement-des-elections-locales\/#primaryimage"},"thumbnailUrl":"https:\/\/nosrevolutions.fr\/wp-content\/uploads\/2026\/03\/27652604231_dc67c82aca_c.jpg","keywords":["Communes","Extr\u00eame-droite"],"articleSection":["\u00c9ditos"],"inLanguage":"en-GB"},{"@type":"WebPage","@id":"https:\/\/nosrevolutions.fr\/2026\/03\/06\/edito-les-municipales-ne-sont-pas-simplement-des-elections-locales\/","url":"https:\/\/nosrevolutions.fr\/2026\/03\/06\/edito-les-municipales-ne-sont-pas-simplement-des-elections-locales\/","name":"\u00c9DITO. Les municipales ne sont pas simplement des \u00e9lections locales - Nos R\u00e9volutions","isPartOf":{"@id":"https:\/\/nosrevolutions.fr\/#website"},"primaryImageOfPage":{"@id":"https:\/\/nosrevolutions.fr\/2026\/03\/06\/edito-les-municipales-ne-sont-pas-simplement-des-elections-locales\/#primaryimage"},"image":{"@id":"https:\/\/nosrevolutions.fr\/2026\/03\/06\/edito-les-municipales-ne-sont-pas-simplement-des-elections-locales\/#primaryimage"},"thumbnailUrl":"https:\/\/nosrevolutions.fr\/wp-content\/uploads\/2026\/03\/27652604231_dc67c82aca_c.jpg","datePublished":"2026-03-06T14:51:29+00:00","dateModified":"2026-03-06T14:51:30+00:00","breadcrumb":{"@id":"https:\/\/nosrevolutions.fr\/2026\/03\/06\/edito-les-municipales-ne-sont-pas-simplement-des-elections-locales\/#breadcrumb"},"inLanguage":"en-GB","potentialAction":[{"@type":"ReadAction","target":["https:\/\/nosrevolutions.fr\/2026\/03\/06\/edito-les-municipales-ne-sont-pas-simplement-des-elections-locales\/"]}]},{"@type":"ImageObject","inLanguage":"en-GB","@id":"https:\/\/nosrevolutions.fr\/2026\/03\/06\/edito-les-municipales-ne-sont-pas-simplement-des-elections-locales\/#primaryimage","url":"https:\/\/nosrevolutions.fr\/wp-content\/uploads\/2026\/03\/27652604231_dc67c82aca_c.jpg","contentUrl":"https:\/\/nosrevolutions.fr\/wp-content\/uploads\/2026\/03\/27652604231_dc67c82aca_c.jpg","width":800,"height":535},{"@type":"BreadcrumbList","@id":"https:\/\/nosrevolutions.fr\/2026\/03\/06\/edito-les-municipales-ne-sont-pas-simplement-des-elections-locales\/#breadcrumb","itemListElement":[{"@type":"ListItem","position":1,"name":"Accueil","item":"https:\/\/nosrevolutions.fr\/"},{"@type":"ListItem","position":2,"name":"\u00c9DITO. Les municipales ne sont pas simplement des \u00e9lections locales"}]},{"@type":"WebSite","@id":"https:\/\/nosrevolutions.fr\/#website","url":"https:\/\/nosrevolutions.fr\/","name":"Nos R\u00e9volutions","description":"Communisme et mouvement social","publisher":{"@id":"https:\/\/nosrevolutions.fr\/#organization"},"potentialAction":[{"@type":"SearchAction","target":{"@type":"EntryPoint","urlTemplate":"https:\/\/nosrevolutions.fr\/?s={search_term_string}"},"query-input":{"@type":"PropertyValueSpecification","valueRequired":true,"valueName":"search_term_string"}}],"inLanguage":"en-GB"},{"@type":"Organization","@id":"https:\/\/nosrevolutions.fr\/#organization","name":"Nos R\u00e9volutions","url":"https:\/\/nosrevolutions.fr\/","logo":{"@type":"ImageObject","inLanguage":"en-GB","@id":"https:\/\/nosrevolutions.fr\/#\/schema\/logo\/image\/","url":"https:\/\/nosrevolutions.fr\/wp-content\/uploads\/2022\/09\/nrs_logo_noir.png","contentUrl":"https:\/\/nosrevolutions.fr\/wp-content\/uploads\/2022\/09\/nrs_logo_noir.png","width":2000,"height":501,"caption":"Nos R\u00e9volutions"},"image":{"@id":"https:\/\/nosrevolutions.fr\/#\/schema\/logo\/image\/"},"sameAs":["https:\/\/x.com\/NosRevolutions"]},{"@type":"Person","@id":"https:\/\/nosrevolutions.fr\/#\/schema\/person\/113099f0d652b24614d1c08782d69df4","name":"Hadrien Bortot","image":{"@type":"ImageObject","inLanguage":"en-GB","@id":"https:\/\/secure.gravatar.com\/avatar\/170d3e9c950c9baa9d02ccefd497e8a34b4c0eedc02a1261b974db5d3ec68b3d?s=96&d=mm&r=g","url":"https:\/\/secure.gravatar.com\/avatar\/170d3e9c950c9baa9d02ccefd497e8a34b4c0eedc02a1261b974db5d3ec68b3d?s=96&d=mm&r=g","contentUrl":"https:\/\/secure.gravatar.com\/avatar\/170d3e9c950c9baa9d02ccefd497e8a34b4c0eedc02a1261b974db5d3ec68b3d?s=96&d=mm&r=g","caption":"Hadrien Bortot"},"url":"https:\/\/nosrevolutions.fr\/en\/author\/hadrienbortot\/"}]}},"_links":{"self":[{"href":"https:\/\/nosrevolutions.fr\/en\/wp-json\/wp\/v2\/posts\/5988","targetHints":{"allow":["GET"]}}],"collection":[{"href":"https:\/\/nosrevolutions.fr\/en\/wp-json\/wp\/v2\/posts"}],"about":[{"href":"https:\/\/nosrevolutions.fr\/en\/wp-json\/wp\/v2\/types\/post"}],"author":[{"embeddable":true,"href":"https:\/\/nosrevolutions.fr\/en\/wp-json\/wp\/v2\/users\/11"}],"replies":[{"embeddable":true,"href":"https:\/\/nosrevolutions.fr\/en\/wp-json\/wp\/v2\/comments?post=5988"}],"version-history":[{"count":1,"href":"https:\/\/nosrevolutions.fr\/en\/wp-json\/wp\/v2\/posts\/5988\/revisions"}],"predecessor-version":[{"id":5990,"href":"https:\/\/nosrevolutions.fr\/en\/wp-json\/wp\/v2\/posts\/5988\/revisions\/5990"}],"wp:featuredmedia":[{"embeddable":true,"href":"https:\/\/nosrevolutions.fr\/en\/wp-json\/wp\/v2\/media\/5989"}],"wp:attachment":[{"href":"https:\/\/nosrevolutions.fr\/en\/wp-json\/wp\/v2\/media?parent=5988"}],"wp:term":[{"taxonomy":"category","embeddable":true,"href":"https:\/\/nosrevolutions.fr\/en\/wp-json\/wp\/v2\/categories?post=5988"},{"taxonomy":"post_tag","embeddable":true,"href":"https:\/\/nosrevolutions.fr\/en\/wp-json\/wp\/v2\/tags?post=5988"}],"curies":[{"name":"wp","href":"https:\/\/api.w.org\/{rel}","templated":true}]}}