{"id":5799,"date":"2026-01-26T22:53:45","date_gmt":"2026-01-26T21:53:45","guid":{"rendered":"https:\/\/nosrevolutions.fr\/?p=5799"},"modified":"2026-01-26T22:53:46","modified_gmt":"2026-01-26T21:53:46","slug":"soudan-les-allies-des-etats-unis-preferent-la-guerre-a-la-revolution","status":"publish","type":"post","link":"https:\/\/nosrevolutions.fr\/en\/2026\/01\/26\/soudan-les-allies-des-etats-unis-preferent-la-guerre-a-la-revolution\/","title":{"rendered":"Soudan : les alli\u00e9s des \u00c9tats-Unis pr\u00e9f\u00e8rent la guerre \u00e0 la r\u00e9volution"},"content":{"rendered":"\n<p><em>Nous remercions le m\u00e9dia <\/em>Peoples Dispatch<em>,<\/em>\u00a0<em>qui nous autorise \u00e0 republier ici une version traduite en fran\u00e7ais\u00a0<\/em><a href=\"https:\/\/peoplesdispatch.org\/2025\/12\/28\/the-war-in-sudan-is-between-two-wings-of-a-comprador-parasitic-capitalist-class\/\"><em>de leur article<\/em><\/a> <em>du 28 d\u00e9cembre 2025, \u00e9crit par Pavan Kulkarni sur la guerre civile en cours au Soudan.<\/em><br><em>Il donne notamment la parole aux membres du Parti Communiste Soudanais,<\/em>\u00a0<em>qui y expliquent le r\u00f4le des puissances r\u00e9gionales alli\u00e9es aux \u00c9tats-Unis dans le conflit et la nature de leurs int\u00e9r\u00eats au Soudan. L\u2019article revient \u00e9galement sur la <strong>r\u00e9volution soudanaise de d\u00e9cembre 2018<\/strong> \u00e0 laquelle les communistes ont particip\u00e9, et son lien avec la situation actuelle.<\/em><\/p>\n\n\n\n<p><\/p>\n\n\n\n<h3 class=\"wp-block-heading\"><strong>La guerre au Soudan oppose \u00ab deux factions d&rsquo;une classe capitaliste parasitaire et compradore \u00bb<\/strong><\/h3>\n\n\n\n<p><em>La guerre au Soudan n&rsquo;oppose pas simplement \u00ab deux g\u00e9n\u00e9raux, mais deux factions d&rsquo;une classe capitaliste parasitaire et compradore \u00bb<\/em>,&nbsp;<em>qui s&rsquo;affrontent dans le contexte d&rsquo;une lutte r\u00e9gionale et internationale pour le contr\u00f4le du territoire, des ressources et de la position g\u00e9ostrat\u00e9gique du Soudan sur la mer Rouge, affirme <strong>Sidgi Kaballo, membre du Parti communiste soudanais (PCS)<\/strong>.<\/em><\/p>\n\n\n\n<p>Alors que la guerre au Soudan \u2013 qui a d\u00e9clench\u00e9&nbsp;la pire crise humanitaire en cours dans le monde&nbsp;\u2013 approche les mille jours, \u00ab l<em>a cessation des hostilit\u00e9s et une tr\u00eave humanitaire pour la nouvelle ann\u00e9e<\/em>&nbsp;\u00bb constituent un \u00ab&nbsp;<em>objectif imm\u00e9diat<\/em>&nbsp;\u00bb des \u00c9tats-Unis, a d\u00e9clar\u00e9 le secr\u00e9taire d&rsquo;\u00c9tat am\u00e9ricain Marco Rubio lors de sa conf\u00e9rence de presse de fin d&rsquo;ann\u00e9e.<\/p>\n\n\n\n<p>Donald Trump, a-t-il insist\u00e9 devant le cabinet am\u00e9ricain au d\u00e9but du mois, est&nbsp;\u00ab&nbsp;<em>le seul dirigeant au monde capable de r\u00e9soudre la crise au Soudan<\/em>&nbsp;\u00bb.<\/p>\n\n\n\n<p>Pourtant, deux semaines auparavant, Trump lui-m\u00eame avait expliqu\u00e9 ne rien comprendre \u00e0 cette guerre.&nbsp;\u00ab&nbsp;<em>Je pensais que c&rsquo;\u00e9tait juste quelque chose de fou et hors de contr\u00f4le<\/em>&nbsp;\u00bb, avait-il d\u00e9clar\u00e9 dans son discours au Forum d&rsquo;investissement am\u00e9ricano-saoudien \u00e0 Washington le 19 novembre. \u00ab&nbsp;<em>Pour moi, \u00e7a avait juste l&rsquo;air d&rsquo;\u00eatre un truc sans gouvernement, sans ceci, sans cela<\/em>&nbsp;\u00bb, avait-il alors pr\u00e9cis\u00e9.<\/p>\n\n\n\n<p>Le prince h\u00e9ritier d&rsquo;Arabie saoudite, Mohammed ben Salmane (MBS), \u00ab&nbsp;<em>a expliqu\u00e9 toute la culture et toute l&rsquo;histoire [du Soudan]<\/em>&nbsp;\u00bb \u00e0 Trump en marge d&rsquo;un sommet sur l&rsquo;investissement, \u00ab&nbsp;<em>et c&rsquo;\u00e9tait tr\u00e8s int\u00e9ressant \u00e0 entendre, vraiment incroyable<\/em>&nbsp;\u00bb.<\/p>\n\n\n\n<p>Au cours des deux ans et demi \u00e9coul\u00e9s depuis le d\u00e9but de ce conflit, plus de&nbsp;150 000 personnes ont \u00e9t\u00e9 tu\u00e9es et la moiti\u00e9 de la population est plong\u00e9e dans une&nbsp;<a href=\"https:\/\/news.un.org\/en\/story\/2025\/04\/1162096#:~:text=Half%20the%20population%20facing%20hunger,risk%20in%20the%20coming%20months.\">\u00ab faim extr\u00eame \u00bb<\/a>, certaines r\u00e9gions du pays \u00e9tant en proie \u00e0&nbsp;<a href=\"https:\/\/grain.org\/en\/article\/7255-land-and-power-grabs-in-sudanDeadly\">la premi\u00e8re famine officiellement d\u00e9clar\u00e9e dans le monde depuis 2020<\/a>. Des maladies mortelles telles que le chol\u00e9ra guettent une population affaiblie par la faim, en particulier les personnes d\u00e9plac\u00e9es \u00e0 l&rsquo;int\u00e9rieur du pays qui s&rsquo;entassent dans des camps d\u00e9pourvus d&rsquo;installations sanitaires.<\/p>\n\n\n\n<p>M\u00eame apr\u00e8s le r\u00e9cent retour chez eux de plus de trois millions de personnes contraintes de fuir la guerre, quelque&nbsp;<a href=\"https:\/\/sudantribune.com\/article\/308321\">9,3 millions de personnes restent d\u00e9plac\u00e9es<\/a>&nbsp;\u00e0 l&rsquo;int\u00e9rieur du Soudan, tandis que 4,3 millions de r\u00e9fugi\u00e9s suppl\u00e9mentaires ont fui vers les pays voisins, ce qui en fait&nbsp;la pire crise de populations d\u00e9plac\u00e9es en cours dans le monde.<\/p>\n\n\n\n<p>\u00ab&nbsp;<em>Monsieur, vous parlez de beaucoup de guerres, mais il y a un endroit sur terre qui s&rsquo;appelle le Soudan, et c&rsquo;est horrible ce qu&rsquo;il s&rsquo;y passe<\/em>&nbsp;\u00bb, Trump se souvient avoir entendu MBS lui dire. Mettre fin \u00e0 cette guerre \u00ab&nbsp;<em>serait la plus grande chose que vous puissiez faire<\/em>&nbsp;\u00bb, plus grande encore \u00ab&nbsp;<em>que ce que vous avez d\u00e9j\u00e0 accompli<\/em>&nbsp;\u00bb.<\/p>\n\n\n\n<p>Encourag\u00e9 par ces flatteries, Trump s&rsquo;est engag\u00e9 \u00e0 \u0153uvrer pour la paix au Soudan, car \u00ab&nbsp;<em>je vois bien combien c&rsquo;est important pour vous et pour beaucoup de vos amis dans cette salle<\/em>&nbsp;\u00bb a-t-il d\u00e9clar\u00e9 \u00e0 MBS et aux riches investisseurs saoudiens pr\u00e9sents au forum.<\/p>\n\n\n\n<p>Mais jusqu&rsquo;\u00e0 ce que MBS lui dise \u00ab&nbsp;<em>il existe un endroit sur terre appel\u00e9 Soudan<\/em>&nbsp;\u00bb et lui donne une le\u00e7on d&rsquo;histoire et de culture lors de ce forum,&nbsp;Trump affirmait que le Soudan \u00ab&nbsp;<em>n&rsquo;\u00e9tait pas sur [s]es cartes<\/em>&nbsp;\u00bb.<\/p>\n\n\n\n<h4 class=\"wp-block-heading\"><strong>Une longue histoire d&rsquo;implication am\u00e9ricaine au Soudan<\/strong><\/h4>\n\n\n\n<p>Cela ne figurait peut-\u00eatre pas dans les cartes de Trump, mais les \u00c9tats-Unis sont impliqu\u00e9s au Soudan depuis plus d&rsquo;un demi-si\u00e8cle, \u00e0 commencer par le coup d&rsquo;\u00c9tat militaire de 1958, deux ans seulement apr\u00e8s l&rsquo;ind\u00e9pendance.<\/p>\n\n\n\n<p>Cette initiative s&rsquo;inscrivait alors&nbsp;dans le cadre des efforts d\u00e9ploy\u00e9s pendant la guerre froide pour s&rsquo;implanter au Soudan&nbsp;afin d&rsquo;utiliser son territoire contre son voisin du nord, l&rsquo;\u00c9gypte, dont le gouvernement \u2013 alors dirig\u00e9 par Gamal Abdel Nasser \u2013 s&rsquo;\u00e9tait rapproch\u00e9 de l&rsquo;Union sovi\u00e9tique. \u00c0 l&rsquo;\u00e9poque, Nasser avait \u00ab&nbsp;<em>conclu un accord avec la Russie pour construire le haut barrage [d&rsquo;Assouan] \u2013 un projet que les \u00c9tats-Unis et la Banque mondiale<\/em>&nbsp;\u00bb convoitaient, a expliqu\u00e9&nbsp;Sidgi Kaballo, \u00e9minent intellectuel soudanais et membre du comit\u00e9 central du Parti communiste soudanais (PCS).<\/p>\n\n\n\n<p>Apr\u00e8s la mort de Nasser&nbsp;en 1970, le nouveau r\u00e9gime \u00e9gyptien, fermement align\u00e9 sur les \u00c9tats-Unis, s&rsquo;est joint \u00e0 ses exercices militaires tripartites dans le nord du Soudan.&nbsp;Ces exercices, destin\u00e9s \u00e0 entra\u00eener les troupes am\u00e9ricaines dans des conditions d\u00e9sertiques torrides&nbsp;afin de les pr\u00e9parer \u00e0 une \u00e9ventuelle invasion du Golfe, se sont poursuivis pendant pr\u00e8s d&rsquo;une d\u00e9cennie \u2013 du milieu des ann\u00e9es 70 aux ann\u00e9es 80 \u2013 sous le r\u00e9gime militaire de Gaafar Nimeiry.<\/p>\n\n\n\n<p>Apr\u00e8s l&rsquo;arriv\u00e9e au pouvoir des islamistes sous Omar el-B\u00e9chir \u00e0 la suite du coup d&rsquo;\u00c9tat de 1989, les \u00c9tats-Unis ont d\u00e9sign\u00e9 le Soudan comme \u00ab&nbsp;<em>\u00c9tat soutenant le terrorisme<\/em>&nbsp;\u00bb en 1993. Cependant, apr\u00e8s que le Soudan ait commenc\u00e9 \u00e0 coop\u00e9rer avec les services de renseignement am\u00e9ricains et \u00e0 les aider dans leurs op\u00e9rations antiterroristes \u00e0 la suite des attentats du 11 septembre,&nbsp;<a href=\"https:\/\/www.congress.gov\/event\/111th-congress\/senate-event\/LC4575\/text\">le rapport du D\u00e9partement d&rsquo;\u00c9tat am\u00e9ricain sur le terrorisme<\/a>&nbsp;a d\u00e9crit le Soudan comme&nbsp;\u00ab&nbsp;<em>un partenaire solide dans la guerre contre le terrorisme<\/em>&nbsp;\u00bb.<\/p>\n\n\n\n<p>Pourtant, le Soudan est rest\u00e9 sur la liste des \u00c9tats soutenant le terrorisme, jusqu&rsquo;\u00e0 ce qu&rsquo;il signe les accords d&rsquo;Abraham en 2020,&nbsp;normalisant ses relations avec Isra\u00ebl apr\u00e8s avoir rompu ses relations diplomatiques avec l&rsquo;Iran&nbsp;plus t\u00f4t en 2016, s&rsquo;alignant ainsi sur l&rsquo;axe \u00c9tats-Unis-Arabie saoudite-\u00c9mirats arabes unis en mati\u00e8re de politique \u00e9trang\u00e8re.<\/p>\n\n\n\n<p>\u00ab&nbsp;<em>Les int\u00e9r\u00eats am\u00e9ricains au Soudan ont \u00e9t\u00e9 principalement g\u00e9opolitiques<\/em>&nbsp;\u00bb, affirme Kaballo, ajoutant que \u2013 encore aujourd&rsquo;hui \u2013 les \u00c9tats-Unis s&rsquo;efforcent d&#8217;emp\u00eacher la Russie d&rsquo;\u00e9tablir une base militaire dans l&rsquo;est du Soudan, sur la c\u00f4te de la mer Rouge, et de bloquer le passage de la \u00ab Nouvelle route de la soie \u00bb chinoise \u00e0 travers le pays.<\/p>\n\n\n\n<h4 class=\"wp-block-heading\"><strong>Accaparement des terres, au nom de la lib\u00e9ralisation<\/strong><\/h4>\n\n\n\n<p>Les alli\u00e9s des \u00c9tats-Unis dans la r\u00e9gion, \u00e0 savoir\u00a0l&rsquo;\u00c9gypte, l&rsquo;Arabie saoudite et les \u00c9mirats arabes unis\u00a0\u2013 qui ont form\u00e9 ensemble le Quad<sup data-fn=\"66929ba5-5a5a-496e-b65b-77d4a4b5cafe\" class=\"fn\"><a href=\"#66929ba5-5a5a-496e-b65b-77d4a4b5cafe\" id=\"66929ba5-5a5a-496e-b65b-77d4a4b5cafe-link\">1<\/a><\/sup>\u00a0charg\u00e9 de n\u00e9gocier la fin de la guerre en cours \u2013\u00a0ont eux un int\u00e9r\u00eat \u00e9conomique direct au Soudan.<\/p>\n\n\n\n<p>Les usines agroalimentaires de l&rsquo;\u00c9gypte d\u00e9pendent des produits agricoles soudanais, en particulier de la viande et des graines ol\u00e9agineuses comme le s\u00e9same et les arachides, non pas principalement pour l&rsquo;alimentation, mais pour l&rsquo;exportation, explique M. Kaballo, ajoutant que cela est crucial \u00ab&nbsp;<em>pour sa balance commerciale<\/em>&nbsp;\u00bb. La culture de plantes destin\u00e9es \u00e0 l&rsquo;export et au fourrage est&nbsp;\u00ab&nbsp;<em>un gaspillage de terres et d&rsquo;eau qui devraient \u00eatre utilis\u00e9es pour produire des cultures vivri\u00e8res<\/em>&nbsp;\u00bb afin de nourrir la population soudanaise, fait valoir M. Kaballo.<\/p>\n\n\n\n<p>La bataille ne porte pas seulement sur les produits, mais aussi sur les terres agricoles elles-m\u00eames.&nbsp;Arros\u00e9 par le Nil, ce pays d&rsquo;Afrique du Nord poss\u00e8de la plus grande superficie de terres arables du continent.<\/p>\n\n\n\n<p>De vastes \u00e9tendues ont \u00e9t\u00e9 c\u00e9d\u00e9es \u00e0 des pays \u00e9trangers dans le cadre de la restructuration n\u00e9olib\u00e9rale prescrite par le FMI, alors m\u00eame que l&rsquo;Organisation des Nations unies pour l&rsquo;alimentation et l&rsquo;agriculture (FAO)<a href=\"https:\/\/www.fao.org\/newsroom\/detail\/Sudan-faces-worsening-hunger-and-malnutrition-crisis\/en\">&nbsp;mettait en garde<\/a>&nbsp;contre \u00ab&nbsp;<em>l&rsquo;aggravation de la crise de la faim et de la malnutrition<\/em>&nbsp;\u00bb.<\/p>\n\n\n\n<p>En 2014, l&rsquo;\u00c9gypte s&rsquo;est vu attribuer\u00a0<a href=\"https:\/\/www.dabangasudan.org\/en\/all-news\/article\/sudan-allocates-100-000-acres-to-egyptian-farmers\">au moins 40 000 hectares<\/a><sup data-fn=\"02c200b6-fc69-4539-94a8-d8f2ca1b9c6e\" class=\"fn\"><a href=\"#02c200b6-fc69-4539-94a8-d8f2ca1b9c6e\" id=\"02c200b6-fc69-4539-94a8-d8f2ca1b9c6e-link\">2<\/a><\/sup>\u00a0de terres soudanaises pour une exploitation agricole directe.<\/p>\n\n\n\n<p>Les ambitions de l&rsquo;\u00c9gypte sur les terres soudanaises ont toutefois \u00e9t\u00e9 \u00e9clips\u00e9es par celles des pays du Golfe appartenant au Quad.&nbsp;L&rsquo;Arabie saoudite, qui avait d\u00e9j\u00e0 acquis plus de 40 000 hectares&nbsp;<a href=\"https:\/\/www.farmlandgrab.org\/post\/11112-saudi-s-nadec-to-obtain-farmland-in-sudan\">en 2010<\/a>&nbsp;s&rsquo;est vu accorder 400 000 hectares suppl\u00e9mentaires&nbsp;<a href=\"https:\/\/investmentpolicy.unctad.org\/investment-policy-monitor\/measures\/2933\/saudi-investment-in-agriculture-approved\">en 2016<\/a>, dans le cadre d&rsquo;un bail \u00e0 bas prix d&rsquo;une dur\u00e9e de 99 ans. Plus t\u00f4t en 2015, la soci\u00e9t\u00e9 Al-Dahra Holding des \u00c9mirats arabes unis avait manifest\u00e9 son int\u00e9r\u00eat pour&nbsp;l&rsquo;acquisition de pr\u00e8s d&rsquo;<a href=\"https:\/\/sudantribune.com\/article\/53806\">1 million d&rsquo;hectares<\/a>&nbsp;de terres.<\/p>\n\n\n\n<h4 class=\"wp-block-heading\"><strong>La R\u00e9volution de D\u00e9cembre<\/strong><\/h4>\n\n\n\n<p>Avant que ces cessions importantes ne soient finalis\u00e9es, la dictature d&rsquo;Omar el-Bechir a \u00e9t\u00e9 renvers\u00e9e par la r\u00e9volution de d\u00e9cembre.&nbsp;Ce qui avait commenc\u00e9 comme une manifestation contre le triplement du prix du pain le 19 d\u00e9cembre 2018 s&rsquo;est transform\u00e9 en un mouvement de protestation massif en faveur de la d\u00e9mocratie dans tout le pays. Malgr\u00e9 une r\u00e9pression violente, le mouvement populaire a pers\u00e9v\u00e9r\u00e9 et a fini par forcer l&rsquo;\u00e9viction de Bechir en avril 2019.<\/p>\n\n\n\n<p>Apr\u00e8s l&rsquo;avoir destitu\u00e9 lors d&rsquo;un coup d&rsquo;\u00c9tat, deux de ses proches, Abdel Fattah al-Burhan, chef des Forces arm\u00e9es soudanaises et Muhammad Hamdan Dagalo (alias Hemeti), chef des Forces de soutien rapide (FSR, milice paramilitaire) <strong>ont form\u00e9 ensemble&nbsp;une junte militaire.<\/strong><\/p>\n\n\n\n<p>Refusant de c\u00e9der, exigeant le transfert du pouvoir \u00e0 un gouvernement civil, les manifestants ont continu\u00e9 \u00e0 occuper les rues et les places. Le mouvement de protestation s&rsquo;est concentr\u00e9 autour d&rsquo;un sit-in massif r\u00e9unissant des centaines de milliers de personnes qui&nbsp;ont occup\u00e9 la place devant le quartier g\u00e9n\u00e9ral de l&rsquo;arm\u00e9e jour et nuit pendant des mois.<\/p>\n\n\n\n<p>Puis,\u00a0le 3 juin 2019, les FSR ont \u00e9t\u00e9 d\u00e9ploy\u00e9es pour disperser le sit-in. Cette force paramilitaire tristement c\u00e9l\u00e8bre a \u00e9t\u00e9 cr\u00e9\u00e9e en 2013 par la fusion des milices janjaouid<sup data-fn=\"f742d915-512d-4f15-9a5b-8fb174ef4d72\" class=\"fn\"><a href=\"#f742d915-512d-4f15-9a5b-8fb174ef4d72\" id=\"f742d915-512d-4f15-9a5b-8fb174ef4d72-link\">3<\/a><\/sup>\u00a0utilis\u00e9es par le r\u00e9gime de Bechir pour commettre des atrocit\u00e9s de masse contre les civils avec le soutien des Forces arm\u00e9es soudanaises pendant la guerre civile au Darfour dans les ann\u00e9es 2000.<\/p>\n\n\n\n<p>Les \u00c9tats-Unis avaient alors accus\u00e9 le Soudan d&rsquo;avoir commis un g\u00e9nocide au Darfour. Tout en contestant l&rsquo;accusation de \u00ab g\u00e9nocide \u00bb,&nbsp;<a href=\"https:\/\/www.theguardian.com\/world\/2004\/aug\/10\/eu.sudan\">l&rsquo;Union europ\u00e9enne avait n\u00e9anmoins affirm\u00e9 \u00ab<\/a>&nbsp;il est clair qu&rsquo;il y a une tuerie g\u00e9n\u00e9ralis\u00e9e, insidieuse, et des incendies de villages \u00e0 grande \u00e9chelle \u00bb.<\/p>\n\n\n\n<p>N\u00e9anmoins,&nbsp;en 2015, les m\u00eames milices qui commettaient ces atrocit\u00e9s, alors organis\u00e9es sous le nom de FSR, ont \u00e9t\u00e9 d\u00e9ploy\u00e9es au nom de l&rsquo;Union Europ\u00e9eenne pour intercepter les demandeurs d&rsquo;asile&nbsp;africains en route vers l&rsquo;Europe&nbsp;<a href=\"https:\/\/www.thenewhumanitarian.org\/special-report\/2018\/01\/30\/inside-eu-s-flawed-200-million-migration-deal-sudan\">dans le cadre d&rsquo;un accord migratoire<\/a>&nbsp;de 200 millions de dollars conclu avec le Soudan.<\/p>\n\n\n\n<p>Les FSR se sont encore enrichies gr\u00e2ce&nbsp;<a href=\"https:\/\/www.ecoi.net\/en\/document\/2093091.html\">au versement de trois milliards de dollars<\/a>&nbsp;par l&rsquo;Arabie saoudite et les \u00c9mirats arabes unis&nbsp;pour le d\u00e9ploiement de 40 000 de leurs combattants entre 2016 et 2017 dans le cadre de leur guerre contre le Y\u00e9men, soutenue par les \u00c9tats-Unis, aux c\u00f4t\u00e9s d&rsquo;un petit contingent de troupes des forces arm\u00e9es soudanaises.<\/p>\n\n\n\n<p>Cette force aguerrie, tristement c\u00e9l\u00e8bre pour ses atrocit\u00e9s commises contre les civils, a ensuite \u00e9t\u00e9 d\u00e9ploy\u00e9e dans la capitale du pays pour expulser les manifestants qui se trouvaient devant le quartier g\u00e9n\u00e9ral des Forces arm\u00e9es soudanaises.<\/p>\n\n\n\n<p>En encerclant les manifestants faisant le sit-in, les FSR ont bless\u00e9 plus de 500 personnes et en ont tu\u00e9 plus d&rsquo;une centaine, ouvrant le feu, les massacrant \u00e0 coups de machettes, les violant, puis jetant des dizaines de corps, alourdis par des pierres attach\u00e9es, dans un affluent du Nil qui coulait \u00e0 proximit\u00e9.<\/p>\n\n\n\n<p><a href=\"https:\/\/www.newarab.com\/news\/sudan-military-backers-uae-saudi-arabia-call-dialogue\">The New Arab a rapport\u00e9<\/a>&nbsp;que le massacre a \u00e9t\u00e9 d\u00e9clench\u00e9 \u00ab&nbsp;<em>peu apr\u00e8s<\/em>&nbsp;\u00bb la visite des hauts grad\u00e9s de l&rsquo;arm\u00e9e soudanaise et des Forces de soutien rapide en Arabie saoudite, aux \u00c9mirats arabes unis et en \u00c9gypte,&nbsp;dont les int\u00e9r\u00eats avaient \u00e9t\u00e9 compromis par la r\u00e9volution de d\u00e9cembre.&nbsp;Plusieurs observateurs ont estim\u00e9 que cela signifiait que la junte avait re\u00e7u le feu vert des trois puissants \u00c9tats arabes pour commettre ce massacre.<\/p>\n\n\n\n<p>Malgr\u00e9 tout, la r\u00e9volution de d\u00e9cembre s&rsquo;est poursuivie, prenant alors la forme d&rsquo;une gr\u00e8ve g\u00e9n\u00e9rale, avec des milliers de travailleurs restant chez eux, paralysant ainsi l&rsquo;\u00c9tat dirig\u00e9 par la junte. Ils ont appel\u00e9 \u00e0 une r\u00e9organisation de l&rsquo;\u00e9conomie afin de lib\u00e9rer les industries de l&#8217;emprise de l&rsquo;\u00e9lite militaire au profit des masses de travailleurs et de consommateurs.<\/p>\n\n\n\n<p>Le mouvement a \u00e9galement insist\u00e9 sur la dissolution des FSR&nbsp;et la formation d&rsquo;une arm\u00e9e nationale professionnelle unique, soumise \u00e0 un gouvernement civil. Il a en outre appel\u00e9 au retrait des troupes soudanaises du Y\u00e9men et \u00e0&nbsp;une r\u00e9orientation de la politique \u00e9trang\u00e8re du pays, loin de l&rsquo;axe \u00c9tats-Unis-Arabie saoudite-\u00c9mirats arabes unis, et conform\u00e9ment aux int\u00e9r\u00eats du peuple soudanais.<\/p>\n\n\n\n<p>Contournant ces revendications, radicales dans le contexte soudanais, les \u00c9tats-Unis et le Royaume-Uni ont man\u0153uvr\u00e9 diplomatiquement en coulisses lors des n\u00e9gociations men\u00e9es par l&rsquo;\u00c9thiopie afin de former un \u00ab&nbsp;<em>gouvernement civil-militaire de transition<\/em>&nbsp;\u00bb en ao\u00fbt 2019.<\/p>\n\n\n\n<p>Sa composante civile \u00e9tait principalement constitu\u00e9e de technocrates soutenus par les partis centristes et de droite des Forces de la libert\u00e9 et du changement (FFC), une large coalition civile form\u00e9e pendant la r\u00e9volution. Protestant contre leur compromis avec la junte militaire,&nbsp;le Parti Communiste Soudanais qui avait jou\u00e9 un r\u00f4le cl\u00e9 dans la r\u00e9volution de d\u00e9cembre, s&rsquo;est s\u00e9par\u00e9 des FFC.<\/p>\n\n\n\n<p>Le nouveau gouvernement, dans lequel la FFC partageait le pouvoir avec la junte, n&rsquo;a pas tard\u00e9 \u00e0 reprendre les n\u00e9gociations avec les puissances du Golfe concernant les terres soudanaises. Moins d&rsquo;un an apr\u00e8s sa formation, il a c\u00e9d\u00e9&nbsp;<a href=\"https:\/\/businessbenchmark.news\/benchmark-exclusives\/ihc-dal-group-to-invest-225-mn-in-sudanese-farm-project\/\">40 000 hectares<\/a>&nbsp;\u00e0 la plus grande soci\u00e9t\u00e9 cot\u00e9e en bourse des \u00c9mirats arabes unis, l&rsquo;International Holding Company (IHC). Il n\u00e9gociait \u00e9galement un accord visant \u00e0 c\u00e9der la gestion du terminal \u00e0 conteneurs South Port de Port Sudan au g\u00e9ant de la logistique Dubai Ports World.<\/p>\n\n\n\n<h4 class=\"wp-block-heading\"><strong>L&rsquo;acc\u00e8s \u00e0 la mer Rouge<\/strong><\/h4>\n\n\n\n<p>Situ\u00e9e au bord de la mer Rouge, avec l&rsquo;Arabie saoudite \u00e0 l&rsquo;est et une c\u00f4te qui s&rsquo;\u00e9tend vers le nord jusqu&rsquo;\u00e0 l&rsquo;\u00c9gypte,&nbsp;cette r\u00e9gion c\u00f4ti\u00e8re est sensible sur le plan g\u00e9opolitique. Les \u00c9mirats arabes unis, plus \u00e9loign\u00e9s du Soudan \u00e0 l&rsquo;est de l&rsquo;Arabie saoudite, ont moins d&rsquo;int\u00e9r\u00eats g\u00e9opolitiques directs dans cette r\u00e9gion. Mais, pour des raisons commerciales, ils recherchent activement des ports soudanais sur la mer Rouge en Afrique, explique M. Kaballo.<\/p>\n\n\n\n<p>Le gouvernement n&rsquo;a finalement pas pu c\u00e9der le terminal du port national du Soudan face \u00e0 l&rsquo;opposition des syndicats. Oppos\u00e9s \u00e0 la privatisation sous el-Bechir, les syndicats constituaient une force bien organis\u00e9e dans le pays et avaient pris la t\u00eate de la r\u00e9volution de d\u00e9cembre.<\/p>\n\n\n\n<p>Bien que le visage civil du gouvernement ait apais\u00e9 certaines franges du mouvement de protestation,&nbsp;la R\u00e9volution de d\u00e9cembre restait une force avec laquelle il fallait compter dans les rues, capable de rassembler des centaines de milliers de personnes lors des manifestations.<\/p>\n\n\n\n<p>Avec \u00ab&nbsp;<em>les forces r\u00e9volutionnaires et les syndicats<\/em>&nbsp;\u00bb qui faisaient obstacle, le gouvernement a \u00e9t\u00e9 contraint de battre en retraite, se souvient Kaballo. Cependant,&nbsp;la partie du gouvernement la plus sensible \u00e0 la pression de la rue \u2013 la composante civile \u2013 a \u00e9t\u00e9 \u00e9cart\u00e9e fin 2021&nbsp;lors d&rsquo;un nouveau coup d&rsquo;\u00c9tat, le chef des Forces arm\u00e9es soudanaises Burhan et le chef des Forces de soutien rapide (FSR) Hemeti concentrant encore une fois tous les pouvoirs entre les mains de la junte.<\/p>\n\n\n\n<p>Un an plus tard, en d\u00e9cembre 2022, la junte a c\u00e9d\u00e9 une vaste \u00e9tendue de terres c\u00f4ti\u00e8res, \u00e0 environ 200 km au nord de Port-Soudan, \u00e0 un consortium bas\u00e9 aux \u00c9mirats arabes unis, comprenant notamment la soci\u00e9t\u00e9 publique Abu Dhabi Ports Group et Invictus Investment, afin de d\u00e9velopper le port d&rsquo;Abu Amama.<\/p>\n\n\n\n<p>Ce projet de six milliards de dollars pr\u00e9voyait la construction d&rsquo;un a\u00e9roport, plus de 160 000 hectares de terres agricoles, une zone de libre-\u00e9change, ainsi qu&rsquo;une route de 450 km vers l&rsquo;ouest menant au vaste projet agricole des \u00c9mirats arabes unis dans l&rsquo;\u00c9tat soudanais du Nil.<\/p>\n\n\n\n<p>Concr\u00e8tement, ces fonds devaient servir \u00e0 mettre en place une infrastructure permettant d&rsquo;acheminer plus facilement les produits agricoles soudanais vers les \u00c9mirats arabes unis,&nbsp;alors que pr\u00e8s d&rsquo;un quart de la population soudanaise&nbsp;<a href=\"https:\/\/www.fao.org\/sudan\/news\/detail-events\/en\/c\/1542699\/?\">souffrait alors de famine<\/a>.<\/p>\n\n\n\n<p>Les entreprises agroalimentaires des \u00c9mirats arabes unis ont \u00e9galement investi massivement dans d&rsquo;autres pays africains, notamment au Tchad, au Cameroun, en Centrafrique et au Soudan du Sud, a ajout\u00e9 M. Kaballo.&nbsp;Le nouveau port au Soudan devait \u00e9galement servir de point de sortie du continent pour les produits extraits de ces pays.<\/p>\n\n\n\n<h4 class=\"wp-block-heading\"><strong>La guerre civile<\/strong><\/h4>\n\n\n\n<p>Ce projet n&rsquo;a jamais pu voir le jour.&nbsp;Quelques mois seulement apr\u00e8s la signature de cet accord, en avril 2023, la lutte pour le pouvoir qui couvait au sein de la junte entre Burhan et Hemeti a d\u00e9g\u00e9n\u00e9r\u00e9 en guerre civile, opposant les Forces arm\u00e9es soudanaises (FAS) et les Forces de soutien rapide (FSR), entra\u00eenant la pire crise humanitaire que le Soudan ait connue.<\/p>\n\n\n\n<p>Plus tard en novembre 2024, le gouvernement dirig\u00e9 par les Forces arm\u00e9es soudanaises et bas\u00e9 \u00e0 Port-Soudan apr\u00e8s avoir transf\u00e9r\u00e9 son si\u00e8ge administratif de la capitale Khartoum au d\u00e9but de la guerre, a annul\u00e9 l&rsquo;accord portuaire avec les \u00c9mirats arabes unis, d\u00e9non\u00e7ant leur soutien aux Forces de soutien rapide (FSR).<\/p>\n\n\n\n<p>Peu apr\u00e8s, les Forces de soutien rapide ont envahi les bases des Forces arm\u00e9es soudanaises au Darfour, prenant le contr\u00f4le de la majeure partie de la r\u00e9gion, \u00e0 l&rsquo;exception d&rsquo;El Fasher, la capitale de l&rsquo;\u00c9tat du Darfour-Nord. Apr\u00e8s avoir assi\u00e9g\u00e9 la ville en mai 2024, les FSR ont resserr\u00e9 l&rsquo;\u00e9tau autour d&rsquo;elle en construisant un mur \u00e0 la mi-2025, la privant ainsi de tout approvisionnement alimentaire, avant de percer ses d\u00e9fenses \u00e0 la fin du mois d&rsquo;octobre.<\/p>\n\n\n\n<p>Il s&rsquo;ensuivit un d\u00e9peuplement de la ville, les FSR massacrant probablement des dizaines de milliers de civils.&nbsp;Des armes britanniques vendues aux \u00c9mirats arabes unis ont \u00e9t\u00e9 retrouv\u00e9es entre les mains des FSR lors de leur offensive sur El Fasher.<\/p>\n\n\n\n<p>Apr\u00e8s avoir ainsi consolid\u00e9 son contr\u00f4le sur le Darfour, la r\u00e9gion la plus occidentale du Soudan, ses troupes avancent d\u00e9sormais vers l&rsquo;est, dans la r\u00e9gion du Kordofan, o\u00f9 le centre des combats s&rsquo;est d\u00e9sormais d\u00e9plac\u00e9.<\/p>\n\n\n\n<h4 class=\"wp-block-heading\"><strong>La ru\u00e9e vers l&rsquo;or<\/strong><\/h4>\n\n\n\n<p>L&rsquo;or extrait ill\u00e9galement au Darfour et introduit clandestinement aux \u00c9mirats arabes unis est une source essentielle de revenus, d&rsquo;armes et de v\u00e9hicules pour les FSR. Bien que les \u00c9mirats arabes unis soient&nbsp;<a href=\"https:\/\/peoplesdispatch.org\/2025\/07\/27\/five-reasons-why-the-uae-is-fixated-on-sudan\/\">le plus gros acheteur d&rsquo;or soudanais<\/a>&nbsp;depuis 2010, cet or ne repr\u00e9sente pas leur principal int\u00e9r\u00eat, a pr\u00e9cis\u00e9 Kaballo. Il ne repr\u00e9sente en effet qu&rsquo;un \u00ab&nbsp;<em>faible pourcentage du commerce total de l&rsquo;or des \u00c9mirats arabes unis<\/em>&nbsp;\u00bb.<\/p>\n\n\n\n<p>Il ajoute que \u00ab&nbsp;<em>les g\u00e9n\u00e9raux des forces arm\u00e9es soudanaises sont \u00e9galement d&rsquo;importants n\u00e9gociants et exportateurs d&rsquo;or<\/em>&nbsp;\u00bb. Le minist\u00e8re des Min\u00e9raux du gouvernement de facto contr\u00f4l\u00e9 par les forces arm\u00e9es soudanaises&nbsp;<a href=\"https:\/\/sudanhorizon.com\/sudanese-saudi-discussions-on-mining-investment-opportunities\/\">a entam\u00e9 des n\u00e9gociations&nbsp;<\/a>avec la raffinerie d&rsquo;or saoudienne au milieu des combats qui ont eu lieu au d\u00e9but du mois d&rsquo;ao\u00fbt 2025.<\/p>\n\n\n\n<p>\u00ab&nbsp;<em>L&rsquo;\u00e9conomie de guerre \u00e9mergente a entra\u00een\u00e9 une d\u00e9pendance accrue \u00e0 l&rsquo;\u00e9gard de la production, de la contrebande et de l&rsquo;exportation du secteur minier \u2013 principalement l&rsquo;or vers le Golfe \u2013 qui est extrait des territoires contr\u00f4l\u00e9s par les forces arm\u00e9es soudanaises et les FSR<\/em>&nbsp;\u00bb,&nbsp;<a href=\"https:\/\/www.s-rminform.com\/latest-thinking\/navigating-investments-in-sudans-war-economy\">a rapport\u00e9 S-RM<\/a>, un cabinet international de conseil en intelligence \u00e9conomique et cybers\u00e9curit\u00e9.<\/p>\n\n\n\n<p>La production d&rsquo;or du pays&nbsp;<a href=\"https:\/\/www.bloomberg.com\/news\/articles\/2025-02-24\/sudan-s-gold-output-spikes-amid-civil-war-as-new-mining-deals-signed\">a presque doubl\u00e9<\/a>&nbsp;depuis le d\u00e9but de la guerre. Alors que la r\u00e9gion du Darfour, sous le contr\u00f4le des FSR, \u00ab&nbsp;<em>est une importante r\u00e9gion productrice d&rsquo;or, l&rsquo;\u00c9tat [soudanais] de la mer Rouge [sous le contr\u00f4le des forces arm\u00e9es soudanaises] se distingue comme le plus grand producteur d&rsquo;or du pays<\/em>&nbsp;\u00bb, a de son c\u00f4t\u00e9&nbsp;<a href=\"https:\/\/www.africangoldreport.org\/sudan\">rapport\u00e9 Swissaid<\/a>.<\/p>\n\n\n\n<p>\u00ab&nbsp;<em>L&rsquo;\u00c9gypte s&rsquo;int\u00e9resse \u00e9galement \u00e0 l&rsquo;or<\/em>&nbsp;\u00bb, affirme Kaballo, ajoutant que des quantit\u00e9s sans pr\u00e9c\u00e9dent d&rsquo;or avaient \u00e9t\u00e9 export\u00e9es du Soudan vers l&rsquo;\u00c9gypte pendant cette guerre, au cours de laquelle la Banque centrale \u00e9gyptienne a augment\u00e9 ses r\u00e9serves d&rsquo;or.<\/p>\n\n\n\n<p>Le Soudan est \u00e9galement riche en cuivre, en uranium, en mangan\u00e8se et en min\u00e9raux rares, que les \u00c9tats-Unis tentent d&rsquo;acqu\u00e9rir en Afrique.<\/p>\n\n\n\n<h4 class=\"wp-block-heading\"><strong>Sous couvert du processus de paix<\/strong><\/h4>\n\n\n\n<p>Ce sont ces int\u00e9r\u00eats \u00e9conomiques et g\u00e9opolitiques des \u00c9tats-Unis et de leurs trois alli\u00e9s r\u00e9gionaux que le Quad tentent de garantir, sous le couvert du processus de paix qu&rsquo;ils ont initi\u00e9, explique M. Kaballo. Il existe des int\u00e9r\u00eats concurrents et conflictuels au sein du Quad. Ce sont ces contradictions intra-bloc que le Quad prend le temps de r\u00e9soudre, essentiellement pour parvenir \u00e0 un accord entre ses membres sur \u00ab la mani\u00e8re de se partager le g\u00e2teau \u00bb, fait-il valoir.<\/p>\n\n\n\n<p>\u00ab&nbsp;<em>Depuis le d\u00e9but de la guerre, l&rsquo;administration am\u00e9ricaine n&rsquo;a cess\u00e9 de publier des d\u00e9clarations successives et d&rsquo;organiser des cycles de n\u00e9gociations \u2013 de Djeddah \u00e0 la Suisse, puis enfin aux r\u00e9unions du Quad \u00e0 New York \u2013 dans le cadre d&rsquo;une s\u00e9rie de man\u0153uvres qui ne cachent pas leur essence : g\u00e9rer la crise plut\u00f4t que la r\u00e9soudre, et contr\u00f4ler son \u00e9volution de mani\u00e8re \u00e0 servir la strat\u00e9gie am\u00e9ricaine dans la r\u00e9gion. La farce a atteint son paroxysme lorsque le pr\u00e9sident am\u00e9ricain a d\u00e9clar\u00e9 qu&rsquo;il allait \u00ab s&rsquo;occuper \u00bb de la crise soudanaise en se basant sur ce qu&rsquo;il a qualifi\u00e9 d&rsquo;\u00ab&nbsp;apports&nbsp;\u00bb et d&rsquo;\u00ab&nbsp;appels&nbsp;\u00bb du prince h\u00e9ritier saoudien<\/em>&nbsp;\u00bb, peut-on lire dans un \u00e9ditorial du journal du Parti Communiste Soudanais, Al Maydan.<\/p>\n\n\n\n<p>\u00ab&nbsp;<em>Plus de deux ans apr\u00e8s le d\u00e9but de la guerre, il n&rsquo;est plus possible de nier que l&rsquo;initiative du Quad n&rsquo;est<\/em>&nbsp;<em>pas une tentative s\u00e9rieuse pour mettre fin \u00e0 la crise, mais plut\u00f4t un effort visant \u00e0 en contenir les cons\u00e9quences et \u00e0 r\u00e9\u00e9quilibrer l&rsquo;influence dans la r\u00e9gion<\/em>&nbsp;\u00bb, affirme le Parti Communiste Soudanais.<\/p>\n\n\n\n<p>Soulignant que \u00ab&nbsp;<em>tous les principaux soutiens des parties bellig\u00e9rantes au Soudan sont<\/em>&nbsp;\u00bb des alli\u00e9s des \u00c9tats-Unis, il ajoute que \u00ab&nbsp;<em>les ant\u00e9c\u00e9dents de Washington dans ses relations avec le Soudan prouvent<\/em>&nbsp;\u00bb que le processus de paix du Quad vise \u00e0 \u00ab&nbsp;<em>maintenir la d\u00e9pendance et faciliter l&rsquo;extraction des ressources<\/em>&nbsp;\u00bb.<\/p>\n\n\n\n<p>N\u00e9anmoins, le Parti Communiste Soudanais saluera tout cessez-le-feu qui pourrait r\u00e9sulter de l&rsquo;initiative du Quad, a ajout\u00e9 M. Kaballo. Il est n\u00e9cessaire de mettre fin aux morts et d&rsquo;apporter une aide vitale aux civils, tant dans les territoires contr\u00f4l\u00e9s par les Forces arm\u00e9es soudanaises que dans ceux contr\u00f4l\u00e9s par les Forces de soutien rapide.<\/p>\n\n\n\n<p>D&rsquo;autre part, la fin des combats \u00ab&nbsp;<em>permettra<\/em>&nbsp;\u00bb aux forces populaires de la r\u00e9volution de d\u00e9cembre de se mobiliser \u00e0 nouveau et de descendre dans la rue&nbsp;\u00ab&nbsp;<em>pour d\u00e9fendre les int\u00e9r\u00eats du peuple soudanais et fa\u00e7onner son avenir<\/em>&nbsp;\u00bb.<\/p>\n\n\n\n<h4 class=\"wp-block-heading\"><strong>La guerre comme contre-r\u00e9volution<\/strong><\/h4>\n\n\n\n<p>Endurant les massacres et les machinations d&rsquo;un gouvernement technocratique \u00e0 visage civil,&nbsp;la r\u00e9volution de d\u00e9cembre s&rsquo;est poursuivie&nbsp;m\u00eame apr\u00e8s le coup d&rsquo;\u00c9tat de 2021, au cours duquel les forces arm\u00e9es soudanaises et les FSR ont consolid\u00e9 leur pouvoir et intensifi\u00e9 la r\u00e9pression.<\/p>\n\n\n\n<p>Sous la direction des&nbsp;Comit\u00e9s de R\u00e9sistance, un r\u00e9seau d\u00e9centralis\u00e9 d&rsquo;activistes organis\u00e9s dans les quartiers \u00e0 travers le pays, des centaines de milliers de personnes sont descendues dans la rue apr\u00e8s ce coup d&rsquo;\u00c9tat, presque chaque semaine, affrontant les balles, les matraques, le gaz lacrymog\u00e8ne, les arrestations et la torture. Les manifestations de masse se sont poursuivies jusqu&rsquo;en avril 2023, lorsque les forces arm\u00e9es soudanaises et les FSR se sont retourn\u00e9es les unes contre les autres, plongeant le pays dans la guerre civile.<\/p>\n\n\n\n<p>La guerre s&rsquo;est av\u00e9r\u00e9e \u00eatre une contre-r\u00e9volution si violente que les forces populaires n&rsquo;ont plus pu exercer leur pouvoir dans les rues.&nbsp;Les Comit\u00e9s de R\u00e9sistance, qui avaient men\u00e9 les manifestations, se sont alors consacr\u00e9s \u00e0 l&rsquo;organisation des secours et du sauvetage des civils, la survie devenant la t\u00e2che centrale au milieu de ce cataclysme.<\/p>\n\n\n\n<p>M\u00eame si le Quad ne peut pas ramener la paix au Soudan, Kaballo insiste sur le fait que&nbsp;tout cessez-le-feu visant \u00e0 faire taire les armes ouvrira la voie \u00e0 la reprise des actions de masse&nbsp;men\u00e9es par les forces populaires afin d&rsquo;affirmer la voie radicale envisag\u00e9e par la r\u00e9volution de d\u00e9cembre pour s&rsquo;attaquer aux causes structurelles de la guerre.<\/p>\n\n\n\n<p>Les forces oppos\u00e9es \u00e0 la r\u00e9volution de d\u00e9cembre sont cependant nombreuses et puissantes.&nbsp;\u00ab&nbsp;<em>Faire \u00e9chouer le processus de changement radical au Soudan<\/em>&nbsp;\u00bb est un objectif central de \u00ab&nbsp;<em>l&rsquo;imp\u00e9rialisme am\u00e9ricain<\/em>&nbsp;\u00bb, qui unit l&rsquo;Arabie saoudite, l&rsquo;\u00c9gypte et les \u00c9mirats arabes unis, malgr\u00e9 leurs int\u00e9r\u00eats contradictoires, affirme le Parti Communiste Soudanais.<\/p>\n\n\n\n<p>Pour mener \u00e0 bien cet objectif, le Quad a recours \u00e0 \u00ab son ancien projet : un cessez-le-feu fragile, des accords impos\u00e9s par le haut et un gouvernement civil symbolique mis en place sans tenir compte de la volont\u00e9 du peuple soudanais \u00bb.<\/p>\n\n\n\n<p>Les partis politiques centristes et de droite qui se disputent leur part dans ce gouvernement lors des n\u00e9gociations men\u00e9es par le Quad sont les m\u00eames qui avaient conclu un accord de partage du pouvoir avec la junte militaire en 2019, formant le \u00ab&nbsp;<em>gouvernement civil-militaire conjoint<\/em>&nbsp;\u00bb qui s&rsquo;est effondr\u00e9 deux ans plus tard.<\/p>\n\n\n\n<p>Aujourd&rsquo;hui, ils se positionnent pour faire partie de ce que le Parti Communiste Soudanais d\u00e9crit comme \u00ab&nbsp;<em>un r\u00e9gime civil vassal, soutenu de l&rsquo;ext\u00e9rieur, qui garantit d&rsquo;abord les int\u00e9r\u00eats am\u00e9ricains,<\/em>&nbsp;<em>puis ceux<\/em>&nbsp;\u00bb des r\u00e9gimes en \u00c9gypte, en Arabie saoudite et aux \u00c9mirats arabes unis.<\/p>\n\n\n\n<p>Concr\u00e8tement, cela signifiera la poursuite de l&rsquo;exploitation des ressources soudanaises, l&rsquo;accaparement de ses terres agricoles et l&rsquo;exploitation g\u00e9opolitique au service des int\u00e9r\u00eats am\u00e9ricains.<\/p>\n\n\n\n<p>\u00ab&nbsp;<em>En ce moment d\u00e9cisif, le v\u00e9ritable enjeu reste le pouvoir des masses et leur capacit\u00e9 \u00e0 imposer leur volont\u00e9 et \u00e0 arracher leur avenir des mains de ceux qui tentent de le fa\u00e7onner \u00e0 leur place.<\/em>&nbsp;\u00bb<\/p>\n\n\n\n<p>\u00ab&nbsp;<em>La voie pour sortir de la crise<\/em>&nbsp;\u00bb ne peut \u00ab&nbsp;<em>\u00eatre \u00e9labor\u00e9e dans les salles du Quad, ni dans les accords de groupes civils h\u00e9sitants, mais uniquement \u00e0 travers un projet d\u00e9mocratique national fond\u00e9 sur la vision radicale<\/em>&nbsp;\u00bb de la r\u00e9volution de d\u00e9cembre.<\/p>\n\n\n\n<hr class=\"wp-block-separator has-alpha-channel-opacity\"\/>\n\n\n\n<ol class=\"wp-block-list\"><\/ol>\n\n\n<ol class=\"wp-block-footnotes\"><li id=\"66929ba5-5a5a-496e-b65b-77d4a4b5cafe\">Le Quad (pour quadrilateral), aussi appel\u00e9 Quartet, est le nom donn\u00e9 au format diplomatique des discussions sur le Soudan impliquant les \u00c9tats-Unis, l&rsquo;Arabie Saoudite, l&rsquo;\u00c9gypte et les \u00c9mirats Arabes Unis. <a href=\"#66929ba5-5a5a-496e-b65b-77d4a4b5cafe-link\" aria-label=\"Jump to footnote reference 1\">\u21a9\ufe0e<\/a><\/li><li id=\"02c200b6-fc69-4539-94a8-d8f2ca1b9c6e\">Cette mesure et les suivantes ont \u00e9t\u00e9 converties d&rsquo;acres en hectares ; 1 hectare \u00e9quivaut \u00e0 environ 2,5 acres. <a href=\"#02c200b6-fc69-4539-94a8-d8f2ca1b9c6e-link\" aria-label=\"Jump to footnote reference 2\">\u21a9\ufe0e<\/a><\/li><li id=\"f742d915-512d-4f15-9a5b-8fb174ef4d72\">Nom utilis\u00e9 pour les groupes nomades de milices arabes soudanaises, op\u00e9rant dans la r\u00e9gion du Sahel (en particulier au Darfour et \u00e0 l&rsquo;est du Chad). <a href=\"#f742d915-512d-4f15-9a5b-8fb174ef4d72-link\" aria-label=\"Jump to footnote reference 3\">\u21a9\ufe0e<\/a><\/li><\/ol>\n\n\n<p>Image d&rsquo;illustration : \u00ab\u00a0Donald Trump in Saudi Arabia\u00a0\u00bb, photographie du 13 mai 2025 par <a href=\"https:\/\/commons.wikimedia.org\/wiki\/File:Donald_Trump_in_Saudi_Arabia,_May_13,_2025_(7).jpg\">The White House<\/a> (Public Domain)<\/p>\n","protected":false},"excerpt":{"rendered":"<p>Nous remercions le m\u00e9dia Peoples Dispatch,\u00a0qui nous autorise \u00e0 republier ici une version traduite en fran\u00e7ais\u00a0de leur article du 28 d\u00e9cembre 2025, \u00e9crit par Pavan Kulkarni sur la guerre civile [&hellip;]<\/p>\n","protected":false},"author":13,"featured_media":5800,"comment_status":"closed","ping_status":"closed","sticky":false,"template":"","format":"standard","meta":{"_EventAllDay":false,"_EventTimezone":"","_EventStartDate":"","_EventEndDate":"","_EventStartDateUTC":"","_EventEndDateUTC":"","_EventShowMap":false,"_EventShowMapLink":false,"_EventURL":"","_EventCost":"","_EventCostDescription":"","_EventCurrencySymbol":"","_EventCurrencyCode":"","_EventCurrencyPosition":"","_EventDateTimeSeparator":"","_EventTimeRangeSeparator":"","_EventOrganizerID":[],"_EventVenueID":[],"_OrganizerEmail":"","_OrganizerPhone":"","_OrganizerWebsite":"","_VenueAddress":"","_VenueCity":"","_VenueCountry":"","_VenueProvince":"","_VenueState":"","_VenueZip":"","_VenuePhone":"","_VenueURL":"","_VenueStateProvince":"","_VenueLat":"","_VenueLng":"","_VenueShowMap":false,"_VenueShowMapLink":false,"footnotes":"[{\"content\":\"Le Quad (pour quadrilateral), aussi appel\u00e9 Quartet, est le nom donn\u00e9 au format diplomatique des discussions sur le Soudan impliquant les \u00c9tats-Unis, l'Arabie Saoudite, l'\u00c9gypte et les \u00c9mirats Arabes Unis.\",\"id\":\"66929ba5-5a5a-496e-b65b-77d4a4b5cafe\"},{\"content\":\"Cette mesure et les suivantes ont \u00e9t\u00e9 converties d'acres en hectares ; 1 hectare \u00e9quivaut \u00e0 environ 2,5 acres.\",\"id\":\"02c200b6-fc69-4539-94a8-d8f2ca1b9c6e\"},{\"content\":\"Nom utilis\u00e9 pour les groupes nomades de milices arabes soudanaises, op\u00e9rant dans la r\u00e9gion du Sahel (en particulier au Darfour et \u00e0 l'est du Chad).\",\"id\":\"f742d915-512d-4f15-9a5b-8fb174ef4d72\"}]"},"categories":[13],"tags":[15,10,22],"class_list":["post-5799","post","type-post","status-publish","format-standard","has-post-thumbnail","hentry","category-articles","tag-international","tag-mouvement-social","tag-paix"],"yoast_head":"<!-- This site is optimized with the Yoast SEO plugin v27.4 - https:\/\/yoast.com\/product\/yoast-seo-wordpress\/ -->\n<title>Soudan : les alli\u00e9s des \u00c9tats-Unis pr\u00e9f\u00e8rent la guerre \u00e0 la r\u00e9volution - Nos R\u00e9volutions<\/title>\n<meta name=\"robots\" content=\"index, follow, max-snippet:-1, max-image-preview:large, max-video-preview:-1\" \/>\n<link rel=\"canonical\" href=\"https:\/\/nosrevolutions.fr\/en\/2026\/01\/26\/soudan-les-allies-des-etats-unis-preferent-la-guerre-a-la-revolution\/\" \/>\n<meta property=\"og:locale\" content=\"en_GB\" \/>\n<meta property=\"og:type\" content=\"article\" \/>\n<meta property=\"og:title\" content=\"Soudan : les alli\u00e9s des \u00c9tats-Unis pr\u00e9f\u00e8rent la guerre \u00e0 la r\u00e9volution - Nos R\u00e9volutions\" \/>\n<meta property=\"og:description\" content=\"Nous remercions le m\u00e9dia Peoples Dispatch,\u00a0qui nous autorise \u00e0 republier ici une version traduite en fran\u00e7ais\u00a0de leur article du 28 d\u00e9cembre 2025, \u00e9crit par Pavan Kulkarni sur la guerre civile [&hellip;]\" \/>\n<meta property=\"og:url\" content=\"https:\/\/nosrevolutions.fr\/en\/2026\/01\/26\/soudan-les-allies-des-etats-unis-preferent-la-guerre-a-la-revolution\/\" \/>\n<meta property=\"og:site_name\" content=\"Nos R\u00e9volutions\" \/>\n<meta property=\"article:published_time\" content=\"2026-01-26T21:53:45+00:00\" \/>\n<meta property=\"article:modified_time\" content=\"2026-01-26T21:53:46+00:00\" \/>\n<meta property=\"og:image\" content=\"https:\/\/nosrevolutions.fr\/wp-content\/uploads\/2026\/01\/Donald_Trump_in_Saudi_Arabia_May_13_2025_7.jpg\" \/>\n\t<meta property=\"og:image:width\" content=\"1280\" \/>\n\t<meta property=\"og:image:height\" content=\"853\" \/>\n\t<meta property=\"og:image:type\" content=\"image\/jpeg\" \/>\n<meta name=\"author\" content=\"Nos R\u00e9volutions\" \/>\n<meta name=\"twitter:card\" content=\"summary_large_image\" \/>\n<meta name=\"twitter:creator\" content=\"@NosRevolutions\" \/>\n<meta name=\"twitter:site\" content=\"@NosRevolutions\" \/>\n<meta name=\"twitter:label1\" content=\"Written by\" \/>\n\t<meta name=\"twitter:data1\" content=\"Nos R\u00e9volutions\" \/>\n\t<meta name=\"twitter:label2\" content=\"Estimated reading time\" \/>\n\t<meta name=\"twitter:data2\" content=\"22 minutes\" \/>\n<script type=\"application\/ld+json\" class=\"yoast-schema-graph\">{\"@context\":\"https:\\\/\\\/schema.org\",\"@graph\":[{\"@type\":\"Article\",\"@id\":\"https:\\\/\\\/nosrevolutions.fr\\\/2026\\\/01\\\/26\\\/soudan-les-allies-des-etats-unis-preferent-la-guerre-a-la-revolution\\\/#article\",\"isPartOf\":{\"@id\":\"https:\\\/\\\/nosrevolutions.fr\\\/2026\\\/01\\\/26\\\/soudan-les-allies-des-etats-unis-preferent-la-guerre-a-la-revolution\\\/\"},\"author\":{\"name\":\"Nos R\u00e9volutions\",\"@id\":\"https:\\\/\\\/nosrevolutions.fr\\\/#\\\/schema\\\/person\\\/c3aea8da5e2e56199c182dc7951c86ae\"},\"headline\":\"Soudan : les alli\u00e9s des \u00c9tats-Unis pr\u00e9f\u00e8rent la guerre \u00e0 la r\u00e9volution\",\"datePublished\":\"2026-01-26T21:53:45+00:00\",\"dateModified\":\"2026-01-26T21:53:46+00:00\",\"mainEntityOfPage\":{\"@id\":\"https:\\\/\\\/nosrevolutions.fr\\\/2026\\\/01\\\/26\\\/soudan-les-allies-des-etats-unis-preferent-la-guerre-a-la-revolution\\\/\"},\"wordCount\":4808,\"publisher\":{\"@id\":\"https:\\\/\\\/nosrevolutions.fr\\\/#organization\"},\"image\":{\"@id\":\"https:\\\/\\\/nosrevolutions.fr\\\/2026\\\/01\\\/26\\\/soudan-les-allies-des-etats-unis-preferent-la-guerre-a-la-revolution\\\/#primaryimage\"},\"thumbnailUrl\":\"https:\\\/\\\/nosrevolutions.fr\\\/wp-content\\\/uploads\\\/2026\\\/01\\\/Donald_Trump_in_Saudi_Arabia_May_13_2025_7.jpg\",\"keywords\":[\"International\",\"Mouvement Social\",\"Paix\"],\"articleSection\":[\"Articles\"],\"inLanguage\":\"en-GB\"},{\"@type\":\"WebPage\",\"@id\":\"https:\\\/\\\/nosrevolutions.fr\\\/2026\\\/01\\\/26\\\/soudan-les-allies-des-etats-unis-preferent-la-guerre-a-la-revolution\\\/\",\"url\":\"https:\\\/\\\/nosrevolutions.fr\\\/2026\\\/01\\\/26\\\/soudan-les-allies-des-etats-unis-preferent-la-guerre-a-la-revolution\\\/\",\"name\":\"Soudan : les alli\u00e9s des \u00c9tats-Unis pr\u00e9f\u00e8rent la guerre \u00e0 la r\u00e9volution - Nos R\u00e9volutions\",\"isPartOf\":{\"@id\":\"https:\\\/\\\/nosrevolutions.fr\\\/#website\"},\"primaryImageOfPage\":{\"@id\":\"https:\\\/\\\/nosrevolutions.fr\\\/2026\\\/01\\\/26\\\/soudan-les-allies-des-etats-unis-preferent-la-guerre-a-la-revolution\\\/#primaryimage\"},\"image\":{\"@id\":\"https:\\\/\\\/nosrevolutions.fr\\\/2026\\\/01\\\/26\\\/soudan-les-allies-des-etats-unis-preferent-la-guerre-a-la-revolution\\\/#primaryimage\"},\"thumbnailUrl\":\"https:\\\/\\\/nosrevolutions.fr\\\/wp-content\\\/uploads\\\/2026\\\/01\\\/Donald_Trump_in_Saudi_Arabia_May_13_2025_7.jpg\",\"datePublished\":\"2026-01-26T21:53:45+00:00\",\"dateModified\":\"2026-01-26T21:53:46+00:00\",\"breadcrumb\":{\"@id\":\"https:\\\/\\\/nosrevolutions.fr\\\/2026\\\/01\\\/26\\\/soudan-les-allies-des-etats-unis-preferent-la-guerre-a-la-revolution\\\/#breadcrumb\"},\"inLanguage\":\"en-GB\",\"potentialAction\":[{\"@type\":\"ReadAction\",\"target\":[\"https:\\\/\\\/nosrevolutions.fr\\\/2026\\\/01\\\/26\\\/soudan-les-allies-des-etats-unis-preferent-la-guerre-a-la-revolution\\\/\"]}]},{\"@type\":\"ImageObject\",\"inLanguage\":\"en-GB\",\"@id\":\"https:\\\/\\\/nosrevolutions.fr\\\/2026\\\/01\\\/26\\\/soudan-les-allies-des-etats-unis-preferent-la-guerre-a-la-revolution\\\/#primaryimage\",\"url\":\"https:\\\/\\\/nosrevolutions.fr\\\/wp-content\\\/uploads\\\/2026\\\/01\\\/Donald_Trump_in_Saudi_Arabia_May_13_2025_7.jpg\",\"contentUrl\":\"https:\\\/\\\/nosrevolutions.fr\\\/wp-content\\\/uploads\\\/2026\\\/01\\\/Donald_Trump_in_Saudi_Arabia_May_13_2025_7.jpg\",\"width\":1280,\"height\":853},{\"@type\":\"BreadcrumbList\",\"@id\":\"https:\\\/\\\/nosrevolutions.fr\\\/2026\\\/01\\\/26\\\/soudan-les-allies-des-etats-unis-preferent-la-guerre-a-la-revolution\\\/#breadcrumb\",\"itemListElement\":[{\"@type\":\"ListItem\",\"position\":1,\"name\":\"Accueil\",\"item\":\"https:\\\/\\\/nosrevolutions.fr\\\/\"},{\"@type\":\"ListItem\",\"position\":2,\"name\":\"Soudan : les alli\u00e9s des \u00c9tats-Unis pr\u00e9f\u00e8rent la guerre \u00e0 la r\u00e9volution\"}]},{\"@type\":\"WebSite\",\"@id\":\"https:\\\/\\\/nosrevolutions.fr\\\/#website\",\"url\":\"https:\\\/\\\/nosrevolutions.fr\\\/\",\"name\":\"Nos R\u00e9volutions\",\"description\":\"Communisme et mouvement social\",\"publisher\":{\"@id\":\"https:\\\/\\\/nosrevolutions.fr\\\/#organization\"},\"potentialAction\":[{\"@type\":\"SearchAction\",\"target\":{\"@type\":\"EntryPoint\",\"urlTemplate\":\"https:\\\/\\\/nosrevolutions.fr\\\/?s={search_term_string}\"},\"query-input\":{\"@type\":\"PropertyValueSpecification\",\"valueRequired\":true,\"valueName\":\"search_term_string\"}}],\"inLanguage\":\"en-GB\"},{\"@type\":\"Organization\",\"@id\":\"https:\\\/\\\/nosrevolutions.fr\\\/#organization\",\"name\":\"Nos R\u00e9volutions\",\"url\":\"https:\\\/\\\/nosrevolutions.fr\\\/\",\"logo\":{\"@type\":\"ImageObject\",\"inLanguage\":\"en-GB\",\"@id\":\"https:\\\/\\\/nosrevolutions.fr\\\/#\\\/schema\\\/logo\\\/image\\\/\",\"url\":\"https:\\\/\\\/nosrevolutions.fr\\\/wp-content\\\/uploads\\\/2022\\\/09\\\/nrs_logo_noir.png\",\"contentUrl\":\"https:\\\/\\\/nosrevolutions.fr\\\/wp-content\\\/uploads\\\/2022\\\/09\\\/nrs_logo_noir.png\",\"width\":2000,\"height\":501,\"caption\":\"Nos R\u00e9volutions\"},\"image\":{\"@id\":\"https:\\\/\\\/nosrevolutions.fr\\\/#\\\/schema\\\/logo\\\/image\\\/\"},\"sameAs\":[\"https:\\\/\\\/x.com\\\/NosRevolutions\"]},{\"@type\":\"Person\",\"@id\":\"https:\\\/\\\/nosrevolutions.fr\\\/#\\\/schema\\\/person\\\/c3aea8da5e2e56199c182dc7951c86ae\",\"name\":\"Nos R\u00e9volutions\",\"image\":{\"@type\":\"ImageObject\",\"inLanguage\":\"en-GB\",\"@id\":\"https:\\\/\\\/secure.gravatar.com\\\/avatar\\\/5b66aafc1d1954751b98548707685d2ee279f9752222f603485edff47f544d57?s=96&d=mm&r=g\",\"url\":\"https:\\\/\\\/secure.gravatar.com\\\/avatar\\\/5b66aafc1d1954751b98548707685d2ee279f9752222f603485edff47f544d57?s=96&d=mm&r=g\",\"contentUrl\":\"https:\\\/\\\/secure.gravatar.com\\\/avatar\\\/5b66aafc1d1954751b98548707685d2ee279f9752222f603485edff47f544d57?s=96&d=mm&r=g\",\"caption\":\"Nos R\u00e9volutions\"},\"url\":\"https:\\\/\\\/nosrevolutions.fr\\\/en\\\/author\\\/nosrevolutions\\\/\"}]}<\/script>\n<!-- \/ Yoast SEO plugin. -->","yoast_head_json":{"title":"Soudan : les alli\u00e9s des \u00c9tats-Unis pr\u00e9f\u00e8rent la guerre \u00e0 la r\u00e9volution - Nos R\u00e9volutions","robots":{"index":"index","follow":"follow","max-snippet":"max-snippet:-1","max-image-preview":"max-image-preview:large","max-video-preview":"max-video-preview:-1"},"canonical":"https:\/\/nosrevolutions.fr\/en\/2026\/01\/26\/soudan-les-allies-des-etats-unis-preferent-la-guerre-a-la-revolution\/","og_locale":"en_GB","og_type":"article","og_title":"Soudan : les alli\u00e9s des \u00c9tats-Unis pr\u00e9f\u00e8rent la guerre \u00e0 la r\u00e9volution - Nos R\u00e9volutions","og_description":"Nous remercions le m\u00e9dia Peoples Dispatch,\u00a0qui nous autorise \u00e0 republier ici une version traduite en fran\u00e7ais\u00a0de leur article du 28 d\u00e9cembre 2025, \u00e9crit par Pavan Kulkarni sur la guerre civile [&hellip;]","og_url":"https:\/\/nosrevolutions.fr\/en\/2026\/01\/26\/soudan-les-allies-des-etats-unis-preferent-la-guerre-a-la-revolution\/","og_site_name":"Nos R\u00e9volutions","article_published_time":"2026-01-26T21:53:45+00:00","article_modified_time":"2026-01-26T21:53:46+00:00","og_image":[{"width":1280,"height":853,"url":"https:\/\/nosrevolutions.fr\/wp-content\/uploads\/2026\/01\/Donald_Trump_in_Saudi_Arabia_May_13_2025_7.jpg","type":"image\/jpeg"}],"author":"Nos R\u00e9volutions","twitter_card":"summary_large_image","twitter_creator":"@NosRevolutions","twitter_site":"@NosRevolutions","twitter_misc":{"Written by":"Nos R\u00e9volutions","Estimated reading time":"22 minutes"},"schema":{"@context":"https:\/\/schema.org","@graph":[{"@type":"Article","@id":"https:\/\/nosrevolutions.fr\/2026\/01\/26\/soudan-les-allies-des-etats-unis-preferent-la-guerre-a-la-revolution\/#article","isPartOf":{"@id":"https:\/\/nosrevolutions.fr\/2026\/01\/26\/soudan-les-allies-des-etats-unis-preferent-la-guerre-a-la-revolution\/"},"author":{"name":"Nos R\u00e9volutions","@id":"https:\/\/nosrevolutions.fr\/#\/schema\/person\/c3aea8da5e2e56199c182dc7951c86ae"},"headline":"Soudan : les alli\u00e9s des \u00c9tats-Unis pr\u00e9f\u00e8rent la guerre \u00e0 la r\u00e9volution","datePublished":"2026-01-26T21:53:45+00:00","dateModified":"2026-01-26T21:53:46+00:00","mainEntityOfPage":{"@id":"https:\/\/nosrevolutions.fr\/2026\/01\/26\/soudan-les-allies-des-etats-unis-preferent-la-guerre-a-la-revolution\/"},"wordCount":4808,"publisher":{"@id":"https:\/\/nosrevolutions.fr\/#organization"},"image":{"@id":"https:\/\/nosrevolutions.fr\/2026\/01\/26\/soudan-les-allies-des-etats-unis-preferent-la-guerre-a-la-revolution\/#primaryimage"},"thumbnailUrl":"https:\/\/nosrevolutions.fr\/wp-content\/uploads\/2026\/01\/Donald_Trump_in_Saudi_Arabia_May_13_2025_7.jpg","keywords":["International","Mouvement Social","Paix"],"articleSection":["Articles"],"inLanguage":"en-GB"},{"@type":"WebPage","@id":"https:\/\/nosrevolutions.fr\/2026\/01\/26\/soudan-les-allies-des-etats-unis-preferent-la-guerre-a-la-revolution\/","url":"https:\/\/nosrevolutions.fr\/2026\/01\/26\/soudan-les-allies-des-etats-unis-preferent-la-guerre-a-la-revolution\/","name":"Soudan : les alli\u00e9s des \u00c9tats-Unis pr\u00e9f\u00e8rent la guerre \u00e0 la r\u00e9volution - Nos R\u00e9volutions","isPartOf":{"@id":"https:\/\/nosrevolutions.fr\/#website"},"primaryImageOfPage":{"@id":"https:\/\/nosrevolutions.fr\/2026\/01\/26\/soudan-les-allies-des-etats-unis-preferent-la-guerre-a-la-revolution\/#primaryimage"},"image":{"@id":"https:\/\/nosrevolutions.fr\/2026\/01\/26\/soudan-les-allies-des-etats-unis-preferent-la-guerre-a-la-revolution\/#primaryimage"},"thumbnailUrl":"https:\/\/nosrevolutions.fr\/wp-content\/uploads\/2026\/01\/Donald_Trump_in_Saudi_Arabia_May_13_2025_7.jpg","datePublished":"2026-01-26T21:53:45+00:00","dateModified":"2026-01-26T21:53:46+00:00","breadcrumb":{"@id":"https:\/\/nosrevolutions.fr\/2026\/01\/26\/soudan-les-allies-des-etats-unis-preferent-la-guerre-a-la-revolution\/#breadcrumb"},"inLanguage":"en-GB","potentialAction":[{"@type":"ReadAction","target":["https:\/\/nosrevolutions.fr\/2026\/01\/26\/soudan-les-allies-des-etats-unis-preferent-la-guerre-a-la-revolution\/"]}]},{"@type":"ImageObject","inLanguage":"en-GB","@id":"https:\/\/nosrevolutions.fr\/2026\/01\/26\/soudan-les-allies-des-etats-unis-preferent-la-guerre-a-la-revolution\/#primaryimage","url":"https:\/\/nosrevolutions.fr\/wp-content\/uploads\/2026\/01\/Donald_Trump_in_Saudi_Arabia_May_13_2025_7.jpg","contentUrl":"https:\/\/nosrevolutions.fr\/wp-content\/uploads\/2026\/01\/Donald_Trump_in_Saudi_Arabia_May_13_2025_7.jpg","width":1280,"height":853},{"@type":"BreadcrumbList","@id":"https:\/\/nosrevolutions.fr\/2026\/01\/26\/soudan-les-allies-des-etats-unis-preferent-la-guerre-a-la-revolution\/#breadcrumb","itemListElement":[{"@type":"ListItem","position":1,"name":"Accueil","item":"https:\/\/nosrevolutions.fr\/"},{"@type":"ListItem","position":2,"name":"Soudan : les alli\u00e9s des \u00c9tats-Unis pr\u00e9f\u00e8rent la guerre \u00e0 la r\u00e9volution"}]},{"@type":"WebSite","@id":"https:\/\/nosrevolutions.fr\/#website","url":"https:\/\/nosrevolutions.fr\/","name":"Nos R\u00e9volutions","description":"Communisme et mouvement social","publisher":{"@id":"https:\/\/nosrevolutions.fr\/#organization"},"potentialAction":[{"@type":"SearchAction","target":{"@type":"EntryPoint","urlTemplate":"https:\/\/nosrevolutions.fr\/?s={search_term_string}"},"query-input":{"@type":"PropertyValueSpecification","valueRequired":true,"valueName":"search_term_string"}}],"inLanguage":"en-GB"},{"@type":"Organization","@id":"https:\/\/nosrevolutions.fr\/#organization","name":"Nos R\u00e9volutions","url":"https:\/\/nosrevolutions.fr\/","logo":{"@type":"ImageObject","inLanguage":"en-GB","@id":"https:\/\/nosrevolutions.fr\/#\/schema\/logo\/image\/","url":"https:\/\/nosrevolutions.fr\/wp-content\/uploads\/2022\/09\/nrs_logo_noir.png","contentUrl":"https:\/\/nosrevolutions.fr\/wp-content\/uploads\/2022\/09\/nrs_logo_noir.png","width":2000,"height":501,"caption":"Nos R\u00e9volutions"},"image":{"@id":"https:\/\/nosrevolutions.fr\/#\/schema\/logo\/image\/"},"sameAs":["https:\/\/x.com\/NosRevolutions"]},{"@type":"Person","@id":"https:\/\/nosrevolutions.fr\/#\/schema\/person\/c3aea8da5e2e56199c182dc7951c86ae","name":"Nos R\u00e9volutions","image":{"@type":"ImageObject","inLanguage":"en-GB","@id":"https:\/\/secure.gravatar.com\/avatar\/5b66aafc1d1954751b98548707685d2ee279f9752222f603485edff47f544d57?s=96&d=mm&r=g","url":"https:\/\/secure.gravatar.com\/avatar\/5b66aafc1d1954751b98548707685d2ee279f9752222f603485edff47f544d57?s=96&d=mm&r=g","contentUrl":"https:\/\/secure.gravatar.com\/avatar\/5b66aafc1d1954751b98548707685d2ee279f9752222f603485edff47f544d57?s=96&d=mm&r=g","caption":"Nos R\u00e9volutions"},"url":"https:\/\/nosrevolutions.fr\/en\/author\/nosrevolutions\/"}]}},"_links":{"self":[{"href":"https:\/\/nosrevolutions.fr\/en\/wp-json\/wp\/v2\/posts\/5799","targetHints":{"allow":["GET"]}}],"collection":[{"href":"https:\/\/nosrevolutions.fr\/en\/wp-json\/wp\/v2\/posts"}],"about":[{"href":"https:\/\/nosrevolutions.fr\/en\/wp-json\/wp\/v2\/types\/post"}],"author":[{"embeddable":true,"href":"https:\/\/nosrevolutions.fr\/en\/wp-json\/wp\/v2\/users\/13"}],"replies":[{"embeddable":true,"href":"https:\/\/nosrevolutions.fr\/en\/wp-json\/wp\/v2\/comments?post=5799"}],"version-history":[{"count":1,"href":"https:\/\/nosrevolutions.fr\/en\/wp-json\/wp\/v2\/posts\/5799\/revisions"}],"predecessor-version":[{"id":5801,"href":"https:\/\/nosrevolutions.fr\/en\/wp-json\/wp\/v2\/posts\/5799\/revisions\/5801"}],"wp:featuredmedia":[{"embeddable":true,"href":"https:\/\/nosrevolutions.fr\/en\/wp-json\/wp\/v2\/media\/5800"}],"wp:attachment":[{"href":"https:\/\/nosrevolutions.fr\/en\/wp-json\/wp\/v2\/media?parent=5799"}],"wp:term":[{"taxonomy":"category","embeddable":true,"href":"https:\/\/nosrevolutions.fr\/en\/wp-json\/wp\/v2\/categories?post=5799"},{"taxonomy":"post_tag","embeddable":true,"href":"https:\/\/nosrevolutions.fr\/en\/wp-json\/wp\/v2\/tags?post=5799"}],"curies":[{"name":"wp","href":"https:\/\/api.w.org\/{rel}","templated":true}]}}