{"id":5584,"date":"2025-11-10T05:00:00","date_gmt":"2025-11-10T04:00:00","guid":{"rendered":"https:\/\/nosrevolutions.fr\/?p=5584"},"modified":"2025-11-09T18:48:45","modified_gmt":"2025-11-09T17:48:45","slug":"marwan-barghouti-pour-lamour-de-lhumanite","status":"publish","type":"post","link":"https:\/\/nosrevolutions.fr\/en\/2025\/11\/10\/marwan-barghouti-pour-lamour-de-lhumanite\/","title":{"rendered":"Marwan Barghouti, pour l\u2019amour de l\u2019humanit\u00e9"},"content":{"rendered":"<p><em>Cet article du 3 novembre 2025<\/em>&nbsp;<em>is excerpted from Patrick Le Hyaric\u2019s weekly letter. Click&nbsp;<a href=\"http:\/\/r.lettre.patrick-le-hyaric.fr\/mk\/cl\/f\/sh\/1t6Af4OiGsDg0ipw8j9AQPLhrV6Q9x\/3p-tTxSFfC9A\">here<\/a> pour y acc\u00e9der et <a href=\"https:\/\/patrick-le-hyaric.fr\/la-lettre-de-patrick-le-hyaric\/\">here<\/a>&nbsp;to subscribe to it<\/em>.<\/p>\n\n\n\n<p>Il est un d\u00e9put\u00e9 palestinien extr\u00eamement populaire parmi ses concitoyens. <strong>Captur\u00e9, enlev\u00e9<\/strong> pr\u00e8s de son domicile par l\u2019arm\u00e9e d\u2019occupation isra\u00e9lienne au mois d\u2019avril 2002 et, depuis, emprisonn\u00e9s dans d\u2019effroyables conditions. Les grands d\u00e9fenseurs des droits humains qui saturent notre espace public ne trouvent rien \u00e0 redire de ses ex\u00e9crables et violentes conditions de d\u00e9tention, des privations de visites de son \u00e9pouse Fadwa &#8211; avocate &#8211; et de ses enfants ainsi que de la Croix-Rouge Internationale.<\/p>\n\n\n\n<p><strong>Cet homme, cet intellectuel, ce d\u00e9put\u00e9, ce dirigeant politique, s\u2019appelle Marwan Barghouti<\/strong>. Proche de la France, il avait \u00e0 l\u2019universit\u00e9 de Birzeit, en Cisjordanie occup\u00e9e, consacr\u00e9 un m\u00e9moire de recherche \u00e0 la politique du g\u00e9n\u00e9ral de Gaulle au Moyen-Orient. Puis, comme d\u00e9put\u00e9, il est membre du groupe d\u2019amiti\u00e9 entre le Parlement fran\u00e7ais et le Conseil l\u00e9gislatif Palestinien.<\/p>\n\n\n\n<p>Par un sordide renversement des charges de la preuve, les commanditaires de son embastillement, au terme d\u2019un proc\u00e8s ne r\u00e9pondant \u00e0 aucun des standards internationaux et au m\u00e9pris du droit international*, m\u00e8nent une soutenue et violente campagne le d\u00e9peignant en \u00ab terroriste \u00bb. Un vocable utilis\u00e9 aujourd\u2019hui \u00e0 tout-va pour justifier les pires reculs des libert\u00e9s dans le monde et pour continuer \u00e0 soumettre le peuple palestinien \u00e0 un implacable joug colonial.<\/p>\n\n\n\n<p>Mieux encore, <strong>comment pouvons-nous un seul instant, laisser croire que les militants de la libert\u00e9 et de l\u2019application du droit international seraient des \u00ab terroristes \u00bb quand les cours de justice r\u00e9clament \u00e0 l\u2019occupant de rendre leurs terres aux Palestiniens et de cesser la colonisation-annexion ?<\/strong> Les m\u00eames cours qui poursuivent le Premier ministre de l\u2019\u00c9tat occupant devant les tribunaux pour crimes de guerre, crimes contre l\u2019humanit\u00e9 ? Ceux qui traitaient hier Nelson Mandela de terroriste sont les m\u00eames qui l\u2019encensent aujourd\u2019hui ? Lorsqu\u2019on leur rapporte leurs infectes paroles de l\u2019\u00e9poque \u00e0 l\u2019\u00e9gard de Mandela, ils se dressent sur leurs ergots us\u00e9s pour se renier et clamer que Mandela n\u2019a jamais dirig\u00e9 la branche militaire du Congr\u00e8s national Africain (ANC). Or, le grand dirigeant sud-africain a fond\u00e9 puis dirig\u00e9 \u00e0 partir du milieu de l\u2019ann\u00e9e 1961 l\u2019organisation Umkhonto we Sizwe (fer de lance de la nation). Et la R\u00e9sistance fran\u00e7aise disposait bien de sections arm\u00e9es pour combattre l\u2019occupant. Les nazis et leurs suppl\u00e9tifs fran\u00e7ais n\u2019h\u00e9sitaient pas \u00e0 traiter les communistes de \u00ab terroristes \u00bb.<\/p>\n\n\n\n<p>Non seulement Barghouti a toujours ni\u00e9 avoir donn\u00e9 l\u2019ordre des ex\u00e9cutions qui lui sont reproch\u00e9es, mais dans un grand entretien au journal am\u00e9ricain <em>The Washington Post<\/em>** avant son arrestation, il expliquait ainsi la strat\u00e9gie qu\u2019il d\u00e9fendait : \u00ab <em>Moi-m\u00eame et le mouvement Fatah auquel j\u2019appartiens, nous opposons fermement aux attaques contre des civils en Isra\u00ebl, notre futur voisin \u00bb,<\/em> ajoutant ce compl\u00e9ment fondamental : \u00ab <em><strong>Je ne cherche pas \u00e0 d\u00e9truire Isra\u00ebl, mais seulement \u00e0 mettre fin \u00e0 l\u2019occupation de mon pays.<\/strong> \u00bb<\/em><\/p>\n\n\n\n<p>D\u00e9j\u00e0 dans les ann\u00e9es 1980, Marwan Barghouti ne n\u00e9gligeait aucune possibilit\u00e9 de discussions avec des d\u00e9put\u00e9s de la gauche isra\u00e9lienne. O\u00f9 d\u00e9c\u00e8le-t-on ici la th\u00e8se \u00ab terroriste\u00bb ?<\/p>\n\n\n\n<p>En revanche, comment qualifier l\u2019arm\u00e9e d\u2019occupation qui en ao\u00fbt 2001 a fait projeter deux missiles antichars sur son v\u00e9hicule, tuant son accompagnateur ? <strong>Les financeurs du Hamas se trouvent dans les palais officiels de Tel-Aviv alors que Barghouti d\u00e9fenseur du pluralisme politique d\u00e8s le milieu des ann\u00e9es 1990, a combattu le Hamas au nom de son refus strict de l\u2019application de la loi islamique<\/strong>. Combattant acharn\u00e9 de la corruption, militant contre les in\u00e9galit\u00e9s femmes\/hommes, il est un artisan de l\u2019unit\u00e9 palestinienne. Unit\u00e9 entre les Palestiniens de \u00ab l\u2019ext\u00e9rieur \u00bb et les Palestiniens vivant sous l\u2019occupation. Unit\u00e9 entre les diff\u00e9rentes sensibilit\u00e9s et factions palestiniennes, avec notamment l\u2019\u00e9laboration en 2006 du \u00ab document des prisonniers \u00bb sign\u00e9 par les militants de toutes les factions. Dans ce texte, est r\u00e9affirm\u00e9 le droit international avec la cr\u00e9ation d\u2019un \u00c9tat palestinien \u00ab <em>dans les fronti\u00e8res de juin 1967<\/em> \u00bb. La signature du Hamas et du Jihad islamique sont de fait une acceptation de l\u2019existence de l\u2019\u00c9tat d\u2019Isra\u00ebl \u00e0 l\u2019ext\u00e9rieur de ces m\u00eames fronti\u00e8res.<\/p>\n\n\n\n<p><strong>Nous entrons dans un nouveau moment<\/strong>. La mobilisation populaire doit le rendre positif et constructif. Il est marqu\u00e9 d\u2019une part par l\u2019initiative conjointe de la France et de l\u2019Arabie Saoudite pour faire reconna\u00eetre l\u2019\u00c9tat de Palestine, et d\u2019autre part par le plan Trump qui aboutit \u00e0 la lib\u00e9ration de tous les otages vivants d\u00e9tenus par le Hamas et \u00e0 un &#8211; tout relatif &#8211; cessez-le-feu, alors que se r\u00e9v\u00e8lent de plus en plus aux consciences des peuples du monde, les atrocit\u00e9s du pouvoir isra\u00e9lien \u00e0 Gaza et l\u2019amplification de la colonisation-annexion de la Cisjordanie et de J\u00e9rusalem-Est.<\/p>\n\n\n\n<p><strong>Le plan Trump restera une impasse tant qu\u2019il n\u2019int\u00e9grera pas les Palestiniens \u00e0 un nouveau processus<\/strong>. Le pouvoir d\u2019extr\u00eame droite isra\u00e9lien s\u2019infiltre dans la br\u00e8che et en profite pour acc\u00e9l\u00e9rer ses projets coloniaux.<\/p>\n\n\n\n<p><strong>Cependant, des voix dans l\u2019entourage de Trump et dans certaines capitales arabes alertent sur cette grosse entaille au point d\u2019\u00e9voquer le nom de M. Barghouti comme possible acteur majeur de cette nouvelle p\u00e9riode.&nbsp;<\/strong><\/p>\n\n\n\n<p>En effet, on ne peut vouloir, comme Trump, d\u00e9politiser la question palestinienne avec son fameux \u00ab <em>comit\u00e9 de la paix<\/em> \u00bb \u00ab <em>apolitique et<\/em> <em>technocratique<\/em> \u00bb alors m\u00eame que l\u2019enjeu de la construction d\u2019un \u00c9tat palestinien viable et d\u00e9mocratique est politiquement central au Moyen-Orient. D\u00e9politiser revient \u00e0 continuer de laisser le pouvoir isra\u00e9lien se servir du Hamas comme faire-valoir justifiant de part et d\u2019autre, le refus de la solution \u00e0 deux \u00c9tats.<\/p>\n\n\n\n<p>Pr\u00e9cis\u00e9ment, l\u2019aura internationale de Marwan Barghouti, sa capacit\u00e9 \u00e0 r\u00e9g\u00e9n\u00e9rer le Fatah et l\u2019Organisation de lib\u00e9ration de la Palestine (OLP), sa r\u00e9flexion politique couch\u00e9e noir sur blanc dans une lettre datant de l\u2019ann\u00e9e 2016 o\u00f9 il appelle \u00e0 renouveler le contrat d\u00e9mocratique entre dirigeants et citoyens en font plus que jamais un interlocuteur solide et cr\u00e9dible.<\/p>\n\n\n\n<p>Ce sont <strong>ces \u00e9l\u00e9ments qui conduisent de plus en plus de personnalit\u00e9s et d\u2019organisations \u00e0 r\u00e9clamer sa lib\u00e9ration<\/strong>. On trouve parmi ceux-ci Ami Ayalon, ancien chef du service de renseignement int\u00e9rieur isra\u00e9lien (Shin Bet). Ronald Lauder, pr\u00e9sident du Congr\u00e8s juif mondial. Il a demand\u00e9 d\u2019inclure Marwan Barghouti dans la liste des prisonniers lib\u00e9rables dans l\u2019accord de cessez-le-feu n\u00e9goci\u00e9 \u00e0 Charm-El Cheik en \u00c9gypte. La commissaire europ\u00e9enne \u00e0 l\u2019aide humanitaire et \u00e0 la gestion des crises, ancienne ministre des Affaires \u00e9trang\u00e8res de Belgique, Hadja Lahbib. <strong>Elle a r\u00e9cemment d\u00e9clar\u00e9 voir en Marwan Barghouti, \u00ab le Nelson Mandela palestinien \u00bb. <\/strong>M\u00eame s\u2019il ne faut nourrir aucune illusion sur les propos si versatiles et r\u00e9versibles du pr\u00e9sident am\u00e9ricain, le fait qu\u2019il ait \u00e9voqu\u00e9 le nom de Barghouti dans un r\u00e9cent entretien au Time dit beaucoup du rapport de force qui se construit. Et, pour la premi\u00e8re fois, le prestigieux groupe des sages \u00ab The Elders \u00bb rassemblant des prix Nobel de la paix et d\u2019anciens chefs d\u2019\u00c9tat, s\u2019est adress\u00e9 au pr\u00e9sident Trump pour \u00ab <em>exiger la lib\u00e9ration de Marwan Barghouti, en tirant parti de l\u2019opportunit\u00e9 ouverte par l\u2019accord fragile de cessez-le-feu \u00e0 Gaza \u00bb.\u00a0<\/em><\/p>\n\n\n\n<p><strong>Nous demandons au pr\u00e9sident de la R\u00e9publique fran\u00e7aise et aux institutions europ\u00e9ennes de s\u2019associer \u00e0 ce mouvement et de s\u2019y engager sans attendre pour que Marwan Barghouti retrouve la libert\u00e9, condition du lancement de r\u00e9elles n\u00e9gociations, sans lesquelles se poursuivra l\u2019escalade \u00e0 Gaza et en Cisjordanie. <\/strong>Sans attendre, l\u2019Union europ\u00e9enne doit protester contre les conditions scandaleuses de d\u00e9tention de Marwan Barghouti et contre l\u2019appel du fasciste ministre isra\u00e9lien de la S\u00e9curit\u00e9 appelant \u00e0 ex\u00e9cuter les prisonniers palestiniens. Il ne suffit pas, en Europe, de se gargariser des \u00ab valeurs \u00bb et \u00ab des droits humains \u00bb. Il faut agir. Agir, c\u2019est mener la bataille contre ce fascisme banalis\u00e9, cesser d\u2019\u00eatre les suppl\u00e9tifs de l\u2019imp\u00e9rium nord-am\u00e9ricain et <strong>porter le combat pour la lib\u00e9ration des prisonniers politiques palestiniens au premier rang desquels Marwan Barghouti comme opportunit\u00e9 nouvelle pour tenter de construire \u00a0les conditions vraies des deux \u00c9tats.<\/strong><\/p>\n\n\n\n<p>Le combat pour la lib\u00e9ration de Marwan Barghouti est le combat pour la lib\u00e9ration de toute la Palestine. C\u2019est le combat pour la d\u00e9mocratie, une vie nouvelle pour les Isra\u00e9liens et les Palestiniens, vivant c\u00f4te \u00e0 c\u00f4te. <strong>Marwan Barghouti, c\u2019est le combat pour l\u2019amour de l\u2019humanit\u00e9. &nbsp;<\/strong><\/p>\n\n\n\n<hr class=\"wp-block-separator has-alpha-channel-opacity\"\/>\n\n\n\n<p>Image d\u2019illustration&nbsp;: \u00ab&nbsp;Free Marwan Barghouti&nbsp;\u00bb, photographie du 28 octobre 2010 par&nbsp;<a href=\"https:\/\/www.flickr.com\/photos\/51479356@N05\/5143384174\">Justin Giovannetti<\/a>&nbsp;(<a href=\"https:\/\/creativecommons.org\/licenses\/by-nc-sa\/2.0\/deed.fr\">CC BY-NC-SA 2.0<\/a>)<\/p>","protected":false},"excerpt":{"rendered":"<p>Cet article du 3 novembre 2025&nbsp;est extrait de la lettre hebdomadaire de Patrick Le Hyaric. Cliquez&nbsp;ici pour y acc\u00e9der et ici&nbsp;pour vous y abonner. Il est un d\u00e9put\u00e9 palestinien extr\u00eamement [&hellip;]<\/p>\n","protected":false},"author":16,"featured_media":5540,"comment_status":"closed","ping_status":"closed","sticky":false,"template":"","format":"standard","meta":{"_EventAllDay":false,"_EventTimezone":"","_EventStartDate":"","_EventEndDate":"","_EventStartDateUTC":"","_EventEndDateUTC":"","_EventShowMap":false,"_EventShowMapLink":false,"_EventURL":"","_EventCost":"","_EventCostDescription":"","_EventCurrencySymbol":"","_EventCurrencyCode":"","_EventCurrencyPosition":"","_EventDateTimeSeparator":"","_EventTimeRangeSeparator":"","_EventOrganizerID":[],"_EventVenueID":[],"_OrganizerEmail":"","_OrganizerPhone":"","_OrganizerWebsite":"","_VenueAddress":"","_VenueCity":"","_VenueCountry":"","_VenueProvince":"","_VenueState":"","_VenueZip":"","_VenuePhone":"","_VenueURL":"","_VenueStateProvince":"","_VenueLat":"","_VenueLng":"","_VenueShowMap":false,"_VenueShowMapLink":false,"footnotes":""},"categories":[13],"tags":[15,22],"class_list":["post-5584","post","type-post","status-publish","format-standard","has-post-thumbnail","hentry","category-articles","tag-international","tag-paix"],"yoast_head":"<!-- This site is optimized with the Yoast SEO plugin v27.4 - https:\/\/yoast.com\/product\/yoast-seo-wordpress\/ -->\n<title>Marwan Barghouti, pour l\u2019amour de l\u2019humanit\u00e9 - Nos R\u00e9volutions<\/title>\n<meta name=\"robots\" content=\"index, follow, max-snippet:-1, max-image-preview:large, max-video-preview:-1\" \/>\n<link rel=\"canonical\" href=\"https:\/\/nosrevolutions.fr\/en\/2025\/11\/10\/marwan-barghouti-pour-lamour-de-lhumanite\/\" \/>\n<meta property=\"og:locale\" content=\"en_GB\" \/>\n<meta property=\"og:type\" content=\"article\" \/>\n<meta property=\"og:title\" content=\"Marwan Barghouti, pour l\u2019amour de l\u2019humanit\u00e9 - Nos R\u00e9volutions\" \/>\n<meta property=\"og:description\" content=\"Cet article du 3 novembre 2025&nbsp;est extrait de la lettre hebdomadaire de Patrick Le Hyaric. Cliquez&nbsp;ici pour y acc\u00e9der et ici&nbsp;pour vous y abonner. Il est un d\u00e9put\u00e9 palestinien extr\u00eamement [&hellip;]\" \/>\n<meta property=\"og:url\" content=\"https:\/\/nosrevolutions.fr\/en\/2025\/11\/10\/marwan-barghouti-pour-lamour-de-lhumanite\/\" \/>\n<meta property=\"og:site_name\" content=\"Nos R\u00e9volutions\" \/>\n<meta property=\"article:published_time\" content=\"2025-11-10T04:00:00+00:00\" \/>\n<meta property=\"og:image\" content=\"https:\/\/nosrevolutions.fr\/wp-content\/uploads\/2025\/10\/LBarghoutigraf.jpg\" \/>\n\t<meta property=\"og:image:width\" content=\"3264\" \/>\n\t<meta property=\"og:image:height\" content=\"2448\" \/>\n\t<meta property=\"og:image:type\" content=\"image\/jpeg\" \/>\n<meta name=\"author\" content=\"Patrick le Hyaric\" \/>\n<meta name=\"twitter:card\" content=\"summary_large_image\" \/>\n<meta name=\"twitter:creator\" content=\"@NosRevolutions\" \/>\n<meta name=\"twitter:site\" content=\"@NosRevolutions\" \/>\n<meta name=\"twitter:label1\" content=\"Written by\" \/>\n\t<meta name=\"twitter:data1\" content=\"Patrick le Hyaric\" \/>\n\t<meta name=\"twitter:label2\" content=\"Estimated reading time\" \/>\n\t<meta name=\"twitter:data2\" content=\"8 minutes\" \/>\n<script type=\"application\/ld+json\" class=\"yoast-schema-graph\">{\"@context\":\"https:\\\/\\\/schema.org\",\"@graph\":[{\"@type\":\"Article\",\"@id\":\"https:\\\/\\\/nosrevolutions.fr\\\/2025\\\/11\\\/10\\\/marwan-barghouti-pour-lamour-de-lhumanite\\\/#article\",\"isPartOf\":{\"@id\":\"https:\\\/\\\/nosrevolutions.fr\\\/2025\\\/11\\\/10\\\/marwan-barghouti-pour-lamour-de-lhumanite\\\/\"},\"author\":{\"name\":\"Patrick le Hyaric\",\"@id\":\"https:\\\/\\\/nosrevolutions.fr\\\/#\\\/schema\\\/person\\\/8c468d72c09d01b9f55ed5f05ed42494\"},\"headline\":\"Marwan Barghouti, pour l\u2019amour de l\u2019humanit\u00e9\",\"datePublished\":\"2025-11-10T04:00:00+00:00\",\"mainEntityOfPage\":{\"@id\":\"https:\\\/\\\/nosrevolutions.fr\\\/2025\\\/11\\\/10\\\/marwan-barghouti-pour-lamour-de-lhumanite\\\/\"},\"wordCount\":1537,\"publisher\":{\"@id\":\"https:\\\/\\\/nosrevolutions.fr\\\/#organization\"},\"image\":{\"@id\":\"https:\\\/\\\/nosrevolutions.fr\\\/2025\\\/11\\\/10\\\/marwan-barghouti-pour-lamour-de-lhumanite\\\/#primaryimage\"},\"thumbnailUrl\":\"https:\\\/\\\/nosrevolutions.fr\\\/wp-content\\\/uploads\\\/2025\\\/10\\\/LBarghoutigraf.jpg\",\"keywords\":[\"International\",\"Paix\"],\"articleSection\":[\"Articles\"],\"inLanguage\":\"en-GB\"},{\"@type\":\"WebPage\",\"@id\":\"https:\\\/\\\/nosrevolutions.fr\\\/2025\\\/11\\\/10\\\/marwan-barghouti-pour-lamour-de-lhumanite\\\/\",\"url\":\"https:\\\/\\\/nosrevolutions.fr\\\/2025\\\/11\\\/10\\\/marwan-barghouti-pour-lamour-de-lhumanite\\\/\",\"name\":\"Marwan Barghouti, pour l\u2019amour de l\u2019humanit\u00e9 - Nos R\u00e9volutions\",\"isPartOf\":{\"@id\":\"https:\\\/\\\/nosrevolutions.fr\\\/#website\"},\"primaryImageOfPage\":{\"@id\":\"https:\\\/\\\/nosrevolutions.fr\\\/2025\\\/11\\\/10\\\/marwan-barghouti-pour-lamour-de-lhumanite\\\/#primaryimage\"},\"image\":{\"@id\":\"https:\\\/\\\/nosrevolutions.fr\\\/2025\\\/11\\\/10\\\/marwan-barghouti-pour-lamour-de-lhumanite\\\/#primaryimage\"},\"thumbnailUrl\":\"https:\\\/\\\/nosrevolutions.fr\\\/wp-content\\\/uploads\\\/2025\\\/10\\\/LBarghoutigraf.jpg\",\"datePublished\":\"2025-11-10T04:00:00+00:00\",\"breadcrumb\":{\"@id\":\"https:\\\/\\\/nosrevolutions.fr\\\/2025\\\/11\\\/10\\\/marwan-barghouti-pour-lamour-de-lhumanite\\\/#breadcrumb\"},\"inLanguage\":\"en-GB\",\"potentialAction\":[{\"@type\":\"ReadAction\",\"target\":[\"https:\\\/\\\/nosrevolutions.fr\\\/2025\\\/11\\\/10\\\/marwan-barghouti-pour-lamour-de-lhumanite\\\/\"]}]},{\"@type\":\"ImageObject\",\"inLanguage\":\"en-GB\",\"@id\":\"https:\\\/\\\/nosrevolutions.fr\\\/2025\\\/11\\\/10\\\/marwan-barghouti-pour-lamour-de-lhumanite\\\/#primaryimage\",\"url\":\"https:\\\/\\\/nosrevolutions.fr\\\/wp-content\\\/uploads\\\/2025\\\/10\\\/LBarghoutigraf.jpg\",\"contentUrl\":\"https:\\\/\\\/nosrevolutions.fr\\\/wp-content\\\/uploads\\\/2025\\\/10\\\/LBarghoutigraf.jpg\",\"width\":3264,\"height\":2448},{\"@type\":\"BreadcrumbList\",\"@id\":\"https:\\\/\\\/nosrevolutions.fr\\\/2025\\\/11\\\/10\\\/marwan-barghouti-pour-lamour-de-lhumanite\\\/#breadcrumb\",\"itemListElement\":[{\"@type\":\"ListItem\",\"position\":1,\"name\":\"Accueil\",\"item\":\"https:\\\/\\\/nosrevolutions.fr\\\/\"},{\"@type\":\"ListItem\",\"position\":2,\"name\":\"Marwan Barghouti, pour l\u2019amour de l\u2019humanit\u00e9\"}]},{\"@type\":\"WebSite\",\"@id\":\"https:\\\/\\\/nosrevolutions.fr\\\/#website\",\"url\":\"https:\\\/\\\/nosrevolutions.fr\\\/\",\"name\":\"Nos R\u00e9volutions\",\"description\":\"Communisme et mouvement social\",\"publisher\":{\"@id\":\"https:\\\/\\\/nosrevolutions.fr\\\/#organization\"},\"potentialAction\":[{\"@type\":\"SearchAction\",\"target\":{\"@type\":\"EntryPoint\",\"urlTemplate\":\"https:\\\/\\\/nosrevolutions.fr\\\/?s={search_term_string}\"},\"query-input\":{\"@type\":\"PropertyValueSpecification\",\"valueRequired\":true,\"valueName\":\"search_term_string\"}}],\"inLanguage\":\"en-GB\"},{\"@type\":\"Organization\",\"@id\":\"https:\\\/\\\/nosrevolutions.fr\\\/#organization\",\"name\":\"Nos R\u00e9volutions\",\"url\":\"https:\\\/\\\/nosrevolutions.fr\\\/\",\"logo\":{\"@type\":\"ImageObject\",\"inLanguage\":\"en-GB\",\"@id\":\"https:\\\/\\\/nosrevolutions.fr\\\/#\\\/schema\\\/logo\\\/image\\\/\",\"url\":\"https:\\\/\\\/nosrevolutions.fr\\\/wp-content\\\/uploads\\\/2022\\\/09\\\/nrs_logo_noir.png\",\"contentUrl\":\"https:\\\/\\\/nosrevolutions.fr\\\/wp-content\\\/uploads\\\/2022\\\/09\\\/nrs_logo_noir.png\",\"width\":2000,\"height\":501,\"caption\":\"Nos R\u00e9volutions\"},\"image\":{\"@id\":\"https:\\\/\\\/nosrevolutions.fr\\\/#\\\/schema\\\/logo\\\/image\\\/\"},\"sameAs\":[\"https:\\\/\\\/x.com\\\/NosRevolutions\"]},{\"@type\":\"Person\",\"@id\":\"https:\\\/\\\/nosrevolutions.fr\\\/#\\\/schema\\\/person\\\/8c468d72c09d01b9f55ed5f05ed42494\",\"name\":\"Patrick le Hyaric\",\"image\":{\"@type\":\"ImageObject\",\"inLanguage\":\"en-GB\",\"@id\":\"https:\\\/\\\/secure.gravatar.com\\\/avatar\\\/f5ed45644d7558a1b6777fbf6067479e91917fbf3acb31e3e6c55a4c469bb685?s=96&d=mm&r=g\",\"url\":\"https:\\\/\\\/secure.gravatar.com\\\/avatar\\\/f5ed45644d7558a1b6777fbf6067479e91917fbf3acb31e3e6c55a4c469bb685?s=96&d=mm&r=g\",\"contentUrl\":\"https:\\\/\\\/secure.gravatar.com\\\/avatar\\\/f5ed45644d7558a1b6777fbf6067479e91917fbf3acb31e3e6c55a4c469bb685?s=96&d=mm&r=g\",\"caption\":\"Patrick le Hyaric\"},\"url\":\"https:\\\/\\\/nosrevolutions.fr\\\/en\\\/author\\\/patricklehyaric\\\/\"}]}<\/script>\n<!-- \/ Yoast SEO plugin. -->","yoast_head_json":{"title":"Marwan Barghouti, pour l\u2019amour de l\u2019humanit\u00e9 - Nos R\u00e9volutions","robots":{"index":"index","follow":"follow","max-snippet":"max-snippet:-1","max-image-preview":"max-image-preview:large","max-video-preview":"max-video-preview:-1"},"canonical":"https:\/\/nosrevolutions.fr\/en\/2025\/11\/10\/marwan-barghouti-pour-lamour-de-lhumanite\/","og_locale":"en_GB","og_type":"article","og_title":"Marwan Barghouti, pour l\u2019amour de l\u2019humanit\u00e9 - Nos R\u00e9volutions","og_description":"Cet article du 3 novembre 2025&nbsp;est extrait de la lettre hebdomadaire de Patrick Le Hyaric. Cliquez&nbsp;ici pour y acc\u00e9der et ici&nbsp;pour vous y abonner. Il est un d\u00e9put\u00e9 palestinien extr\u00eamement [&hellip;]","og_url":"https:\/\/nosrevolutions.fr\/en\/2025\/11\/10\/marwan-barghouti-pour-lamour-de-lhumanite\/","og_site_name":"Nos R\u00e9volutions","article_published_time":"2025-11-10T04:00:00+00:00","og_image":[{"width":3264,"height":2448,"url":"https:\/\/nosrevolutions.fr\/wp-content\/uploads\/2025\/10\/LBarghoutigraf.jpg","type":"image\/jpeg"}],"author":"Patrick le Hyaric","twitter_card":"summary_large_image","twitter_creator":"@NosRevolutions","twitter_site":"@NosRevolutions","twitter_misc":{"Written by":"Patrick le Hyaric","Estimated reading time":"8 minutes"},"schema":{"@context":"https:\/\/schema.org","@graph":[{"@type":"Article","@id":"https:\/\/nosrevolutions.fr\/2025\/11\/10\/marwan-barghouti-pour-lamour-de-lhumanite\/#article","isPartOf":{"@id":"https:\/\/nosrevolutions.fr\/2025\/11\/10\/marwan-barghouti-pour-lamour-de-lhumanite\/"},"author":{"name":"Patrick le Hyaric","@id":"https:\/\/nosrevolutions.fr\/#\/schema\/person\/8c468d72c09d01b9f55ed5f05ed42494"},"headline":"Marwan Barghouti, pour l\u2019amour de l\u2019humanit\u00e9","datePublished":"2025-11-10T04:00:00+00:00","mainEntityOfPage":{"@id":"https:\/\/nosrevolutions.fr\/2025\/11\/10\/marwan-barghouti-pour-lamour-de-lhumanite\/"},"wordCount":1537,"publisher":{"@id":"https:\/\/nosrevolutions.fr\/#organization"},"image":{"@id":"https:\/\/nosrevolutions.fr\/2025\/11\/10\/marwan-barghouti-pour-lamour-de-lhumanite\/#primaryimage"},"thumbnailUrl":"https:\/\/nosrevolutions.fr\/wp-content\/uploads\/2025\/10\/LBarghoutigraf.jpg","keywords":["International","Paix"],"articleSection":["Articles"],"inLanguage":"en-GB"},{"@type":"WebPage","@id":"https:\/\/nosrevolutions.fr\/2025\/11\/10\/marwan-barghouti-pour-lamour-de-lhumanite\/","url":"https:\/\/nosrevolutions.fr\/2025\/11\/10\/marwan-barghouti-pour-lamour-de-lhumanite\/","name":"Marwan Barghouti, pour l\u2019amour de l\u2019humanit\u00e9 - Nos R\u00e9volutions","isPartOf":{"@id":"https:\/\/nosrevolutions.fr\/#website"},"primaryImageOfPage":{"@id":"https:\/\/nosrevolutions.fr\/2025\/11\/10\/marwan-barghouti-pour-lamour-de-lhumanite\/#primaryimage"},"image":{"@id":"https:\/\/nosrevolutions.fr\/2025\/11\/10\/marwan-barghouti-pour-lamour-de-lhumanite\/#primaryimage"},"thumbnailUrl":"https:\/\/nosrevolutions.fr\/wp-content\/uploads\/2025\/10\/LBarghoutigraf.jpg","datePublished":"2025-11-10T04:00:00+00:00","breadcrumb":{"@id":"https:\/\/nosrevolutions.fr\/2025\/11\/10\/marwan-barghouti-pour-lamour-de-lhumanite\/#breadcrumb"},"inLanguage":"en-GB","potentialAction":[{"@type":"ReadAction","target":["https:\/\/nosrevolutions.fr\/2025\/11\/10\/marwan-barghouti-pour-lamour-de-lhumanite\/"]}]},{"@type":"ImageObject","inLanguage":"en-GB","@id":"https:\/\/nosrevolutions.fr\/2025\/11\/10\/marwan-barghouti-pour-lamour-de-lhumanite\/#primaryimage","url":"https:\/\/nosrevolutions.fr\/wp-content\/uploads\/2025\/10\/LBarghoutigraf.jpg","contentUrl":"https:\/\/nosrevolutions.fr\/wp-content\/uploads\/2025\/10\/LBarghoutigraf.jpg","width":3264,"height":2448},{"@type":"BreadcrumbList","@id":"https:\/\/nosrevolutions.fr\/2025\/11\/10\/marwan-barghouti-pour-lamour-de-lhumanite\/#breadcrumb","itemListElement":[{"@type":"ListItem","position":1,"name":"Accueil","item":"https:\/\/nosrevolutions.fr\/"},{"@type":"ListItem","position":2,"name":"Marwan Barghouti, pour l\u2019amour de l\u2019humanit\u00e9"}]},{"@type":"WebSite","@id":"https:\/\/nosrevolutions.fr\/#website","url":"https:\/\/nosrevolutions.fr\/","name":"Nos R\u00e9volutions","description":"Communisme et mouvement social","publisher":{"@id":"https:\/\/nosrevolutions.fr\/#organization"},"potentialAction":[{"@type":"SearchAction","target":{"@type":"EntryPoint","urlTemplate":"https:\/\/nosrevolutions.fr\/?s={search_term_string}"},"query-input":{"@type":"PropertyValueSpecification","valueRequired":true,"valueName":"search_term_string"}}],"inLanguage":"en-GB"},{"@type":"Organization","@id":"https:\/\/nosrevolutions.fr\/#organization","name":"Nos R\u00e9volutions","url":"https:\/\/nosrevolutions.fr\/","logo":{"@type":"ImageObject","inLanguage":"en-GB","@id":"https:\/\/nosrevolutions.fr\/#\/schema\/logo\/image\/","url":"https:\/\/nosrevolutions.fr\/wp-content\/uploads\/2022\/09\/nrs_logo_noir.png","contentUrl":"https:\/\/nosrevolutions.fr\/wp-content\/uploads\/2022\/09\/nrs_logo_noir.png","width":2000,"height":501,"caption":"Nos R\u00e9volutions"},"image":{"@id":"https:\/\/nosrevolutions.fr\/#\/schema\/logo\/image\/"},"sameAs":["https:\/\/x.com\/NosRevolutions"]},{"@type":"Person","@id":"https:\/\/nosrevolutions.fr\/#\/schema\/person\/8c468d72c09d01b9f55ed5f05ed42494","name":"Patrick le Hyaric","image":{"@type":"ImageObject","inLanguage":"en-GB","@id":"https:\/\/secure.gravatar.com\/avatar\/f5ed45644d7558a1b6777fbf6067479e91917fbf3acb31e3e6c55a4c469bb685?s=96&d=mm&r=g","url":"https:\/\/secure.gravatar.com\/avatar\/f5ed45644d7558a1b6777fbf6067479e91917fbf3acb31e3e6c55a4c469bb685?s=96&d=mm&r=g","contentUrl":"https:\/\/secure.gravatar.com\/avatar\/f5ed45644d7558a1b6777fbf6067479e91917fbf3acb31e3e6c55a4c469bb685?s=96&d=mm&r=g","caption":"Patrick le Hyaric"},"url":"https:\/\/nosrevolutions.fr\/en\/author\/patricklehyaric\/"}]}},"_links":{"self":[{"href":"https:\/\/nosrevolutions.fr\/en\/wp-json\/wp\/v2\/posts\/5584","targetHints":{"allow":["GET"]}}],"collection":[{"href":"https:\/\/nosrevolutions.fr\/en\/wp-json\/wp\/v2\/posts"}],"about":[{"href":"https:\/\/nosrevolutions.fr\/en\/wp-json\/wp\/v2\/types\/post"}],"author":[{"embeddable":true,"href":"https:\/\/nosrevolutions.fr\/en\/wp-json\/wp\/v2\/users\/16"}],"replies":[{"embeddable":true,"href":"https:\/\/nosrevolutions.fr\/en\/wp-json\/wp\/v2\/comments?post=5584"}],"version-history":[{"count":2,"href":"https:\/\/nosrevolutions.fr\/en\/wp-json\/wp\/v2\/posts\/5584\/revisions"}],"predecessor-version":[{"id":5586,"href":"https:\/\/nosrevolutions.fr\/en\/wp-json\/wp\/v2\/posts\/5584\/revisions\/5586"}],"wp:featuredmedia":[{"embeddable":true,"href":"https:\/\/nosrevolutions.fr\/en\/wp-json\/wp\/v2\/media\/5540"}],"wp:attachment":[{"href":"https:\/\/nosrevolutions.fr\/en\/wp-json\/wp\/v2\/media?parent=5584"}],"wp:term":[{"taxonomy":"category","embeddable":true,"href":"https:\/\/nosrevolutions.fr\/en\/wp-json\/wp\/v2\/categories?post=5584"},{"taxonomy":"post_tag","embeddable":true,"href":"https:\/\/nosrevolutions.fr\/en\/wp-json\/wp\/v2\/tags?post=5584"}],"curies":[{"name":"wp","href":"https:\/\/api.w.org\/{rel}","templated":true}]}}