{"id":5459,"date":"2025-10-02T10:26:50","date_gmt":"2025-10-02T08:26:50","guid":{"rendered":"https:\/\/nosrevolutions.fr\/?p=5459"},"modified":"2025-10-02T10:26:51","modified_gmt":"2025-10-02T08:26:51","slug":"qui-touche-a-la-flotille-touche-a-nous-tous-litalie-mobilisee-pour-la-palestine","status":"publish","type":"post","link":"https:\/\/nosrevolutions.fr\/en\/2025\/10\/02\/qui-touche-a-la-flotille-touche-a-nous-tous-litalie-mobilisee-pour-la-palestine\/","title":{"rendered":"\u00ab Qui touche \u00e0 la Flotille, touche \u00e0 nous tous \u00bb : l&rsquo;Italie mobilis\u00e9e pour la Palestine"},"content":{"rendered":"\n<p><em>Quelques heures avant l&rsquo;interception de la Global Sumud Flotilla, Nos R\u00e9volutions a re\u00e7u ce texte de Stefano Galieni<em>, militant de Transform! Italia. Celui-ci jette un \u00e9clairage cru sur la complaisance coupable du gouvernement Meloni \u00e0 l&rsquo;\u00e9gard d&rsquo;Isra\u00ebl, malgr\u00e9 les puissants mouvements sociaux en cours en Italie pour soutenir le peuple palestinien.<\/em><\/em><\/p>\n\n\n\n<p><strong>Le gouvernement italien actuel s\u2019est install\u00e9 il y a un peu plus de trois ans. <\/strong>Les forces de centre-droit avaient remport\u00e9 des \u00e9lections marqu\u00e9es par un record d\u2019abstention, et c\u2019est le parti Fratelli d\u2019Italia, h\u00e9ritier du Mouvement social italien (MSI) [<em>de Mussolini, ndlr<\/em>], qui a pris les r\u00eanes du pays. Ce parti n\u2019a jamais cach\u00e9 son positionnement d\u2019extr\u00eame droite, le plus \u00e0 droite de l\u2019histoire de la R\u00e9publique italienne.<\/p>\n\n\n\n<p><strong>Au-del\u00e0 de l\u2019abstention, sa victoire s\u2019explique par l\u2019exaltation d\u2019un nationalisme ax\u00e9 sur l\u2019anti-immigration, r\u00e9sum\u00e9 par le slogan simpliste <em>\u00ab Les Italiens d\u2019abord \u00bb<\/em>, le tout teint\u00e9 d\u2019autoritarisme.<\/strong> Une vision extr\u00eamement proche de celle d\u2019autres forces politiques, non seulement en Europe, mais dont l\u2019identit\u00e9 semble terriblement superposable \u00e0 celle des \u00c9tats-Unis de Donald Trump.<\/p>\n\n\n\n<p><strong>Bien que les sondages donnent toujours le parti de Giorgia Meloni en progression, le g\u00e9nocide en cours en Palestine, notamment \u00e0 Gaza, et les diff\u00e9rentes formes d\u2019opposition \u00e0 celui-ci posent de s\u00e9rieux probl\u00e8mes \u00e0 la coalition au pouvoir. <\/strong>Le d\u00e9part de la <em>Global Sumud Flotilla<\/em>, compos\u00e9e de plusieurs navires battant pavillon italien et embarquant m\u00eame des parlementaires de l\u2019opposition, cr\u00e9e d\u2019\u00e9normes difficult\u00e9s pour un gouvernement qui a pleinement adopt\u00e9 la position du gouvernement isra\u00e9lien.<\/p>\n\n\n\n<p>Lorsque Tel-Aviv a d\u00e9clar\u00e9 que ceux qui entendent apporter une aide pacifique \u00e0 la population de Gaza seraient consid\u00e9r\u00e9s comme des <em>\u00ab terroristes \u00bb<\/em>, <strong>l\u2019Italie, notamment par la voix de son pr\u00e9sident de la R\u00e9publique, a tent\u00e9 de trouver des m\u00e9diations pour \u00e9viter un affrontement avec Tel-Aviv, tout en respectant le droit international.<\/strong> Isra\u00ebl a accept\u00e9 de laisser entrer les navires humanitaires dans les ports sous son contr\u00f4le, tandis que l\u2019Italie a propos\u00e9 une m\u00e9diation : livrer les biens de premi\u00e8re n\u00e9cessit\u00e9 contenus dans les navires \u00e0 Chypre ou dans d\u2019autres pays, puis trouver des canaux pour les acheminer vers la bande de Gaza ravag\u00e9e. \u00c0 bord des navires, certains ont d\u00e9cid\u00e9 de d\u00e9barquer pour \u00e9valuer la faisabilit\u00e9 de ces m\u00e9diations, mais la majorit\u00e9 a choisi de poursuivre la navigation afin d\u2019atteindre les eaux au large de Gaza.<\/p>\n\n\n\n<p>Un choix motiv\u00e9 aussi par des raisons politiques : la mer de Gaza n\u2019appartient \u00e0 aucune autre autorit\u00e9 \u00e9tatique, et il est inacceptable que ses eaux soient interdites par les forces arm\u00e9es d\u2019un \u00c9tat occupant. La demande est claire : briser cet embargo absurde.<\/p>\n\n\n\n<p><strong>Les forces d\u2019opposition ont exig\u00e9 que le gouvernement prenne position. Entre-temps, le 22 septembre dernier, \u00e0 l\u2019initiative des dockers et d\u2019autres acteurs engag\u00e9s sur ces questions, une gr\u00e8ve g\u00e9n\u00e9rale a paralys\u00e9 le pays.<\/strong> Non seulement les travailleurs, mais aussi un large mouvement compos\u00e9 d\u2019\u00e9tudiants, d\u2019intellectuels et de citoyens, ont envahi pr\u00e8s de 100 villes italiennes pour exiger la fin du g\u00e9nocide. En cas d\u2019attaque contre la Flotille, le pays tout entier s\u2019arr\u00eaterait, et <em>\u00ab plus un seul clou ne partirait vers Isra\u00ebl \u00bb<\/em>, en signe de rupture totale et de boycott.<\/p>\n\n\n\n<p><strong>Pris de court, le gouvernement a d\u00fb r\u00e9agir. <\/strong>Dans un premier temps, le ministre de la D\u00e9fense a ordonn\u00e9 \u00e0 deux fr\u00e9gates de la Marine militaire de se rapprocher pour porter secours \u00e0 la Flotille. Puis apr\u00e8s des \u00e9changes serr\u00e9s avec le gouvernement isra\u00e9lien, il a pr\u00e9cis\u00e9 que ces navires n\u2019interviendraient <em>\u00ab en aucun cas \u00bb<\/em> contre les bateaux militaires d\u2019un autre \u00c9tat souverain. Leur intervention se limiterait, au mieux, \u00e0 des op\u00e9rations de sauvetage en mer (SAR, <em>Search And Rescue<\/em>), habituellement r\u00e9serv\u00e9es aux migrants en d\u00e9tresse.<\/p>\n\n\n\n<p>La situation \u00e9volue vers un point de non-retour. <strong>Les plus de 40 navires venus du monde entier continuent d\u2019avancer et, le 30 septembre, sont d\u00e9j\u00e0 entr\u00e9s dans une zone \u00e0 risque. <\/strong>Des menaces d\u2019abordage ont \u00e9t\u00e9 prof\u00e9r\u00e9es, des avaries suspectes ont \u00e9t\u00e9 signal\u00e9es, et des drones surveillent la vitesse des navires la nuit.<\/p>\n\n\n\n<p>\u00c0 16h30 le m\u00eame jour, un communiqu\u00e9 de la fr\u00e9gate <em>Alpino<\/em>, l\u2019une des deux en mer, a averti les navigateurs : la fr\u00e9gate ne d\u00e9passera pas les 150 milles nautiques du port de Gaza, distance qui devrait \u00eatre atteinte vers 2h du matin, <em>\u00ab pour ne pas compromettre la s\u00e9curit\u00e9 des personnes \u00e0 bord \u00bb<\/em>. Elle prendra en charge ceux qui souhaiteront quitter la Flotille avant cette limite.<\/p>\n\n\n\n<p><strong>Le ministre de la D\u00e9fense, Crosetto, charg\u00e9 de g\u00e9rer l\u2019op\u00e9ration, a tenu ces derniers jours des propos inqui\u00e9tants<\/strong>. Il a d\u00e9clar\u00e9 qu\u2019il <em>\u00ab signerait \u00bb<\/em> pour que les cons\u00e9quences encourues par ceux qui violeraient la <em>\u00ab zone de s\u00e9curit\u00e9 \u00bb<\/em> isra\u00e9lienne se limitent \u00e0 une arrestation. Mais le risque est r\u00e9el que les forces isra\u00e9liennes ne frappent plus violemment. Les assurances selon lesquelles des moyens l\u00e9taux ne seraient pas utilis\u00e9s semblent bien fragiles face \u00e0 des abordages en mer, actes de guerre et de piraterie internationale auxquels Tel-Aviv n\u2019est pas \u00e9tranger.<\/p>\n\n\n\n<p><strong>Ainsi, le <em>\u00ab Les Italiens d\u2019abord \u00bb<\/em> sonne creux. Pour le gouvernement Meloni, la loyaut\u00e9 et l\u2019affinit\u00e9 id\u00e9ologique avec Trump et Netanyahu semblent primer, quitte \u00e0 en payer le prix en termes de soutien populaire<\/strong>. Apr\u00e8s tout, ceux qui ont choisi de monter \u00e0 bord de la Flotille sont des opposants, donc <em>\u00ab moins italiens \u00bb<\/em> que ceux que le gouvernement pr\u00e9tend d\u00e9fendre.<\/p>\n\n\n\n<p>La diplomatie s\u2019active \u2013 le Vatican est m\u00eame intervenu \u2013 pour \u00e9viter des actes aux r\u00e9percussions sociales in\u00e9vitables. Mais les ultimatums bas\u00e9s sur des plans de paix flous et inacceptables, aux d\u00e9lais ind\u00e9finis, contrastent avec une r\u00e9alit\u00e9 : dans quelques heures, le gouvernement italien pourrait \u00eatre coresponsable d\u2019actes de violence contre ses propres concitoyens.<\/p>\n\n\n\n<p><strong>Ce qui vaut pour l\u2019Italie s\u2019applique \u00e0 d\u2019autres gouvernements de l\u2019UE<\/strong>. Pourtant, alors que l\u2019Europe commence, bien tardivement, \u00e0 prendre ses distances avec le <em>\u00ab terrorisme g\u00e9nocidaire \u00bb<\/em> de l&rsquo;arm\u00e9e isra\u00e9lienne, mandat\u00e9e par le Cabinet de guerre et toujours soutenue par une grande partie de la population isra\u00e9lienne, l\u2019Italie, elle, affiche un assentiment total. Il a fallu 65 000 morts confirm\u00e9s, dont au moins 20 000 enfants \u2013 certainement pas des terroristes \u2013, pour que la pr\u00e9sidente du Conseil qualifie de <em>\u00ab disproportionn\u00e9e \u00bb<\/em> la r\u00e9action isra\u00e9lienne apr\u00e8s l\u2019attaque du 7 octobre.<\/p>\n\n\n\n<p>L\u2019Italie, qui jouait autrefois un r\u00f4le cl\u00e9 de m\u00e9diation dans le monde arabe et dont l\u2019autorit\u00e9 \u00e9tait respect\u00e9e, est aujourd\u2019hui l\u2019un des pays les plus oppos\u00e9s \u00e0 la reconnaissance tardive de l\u2019\u00c9tat palestinien. Certains commentateurs ou dirigeants politiques voient dans le gouvernement Meloni un simple complice, voire un serviteur des \u00c9tats-Unis et d\u2019Isra\u00ebl. Ils se trompent. <strong>Partageant la m\u00eame id\u00e9ologie supr\u00e9maciste et coloniale, ce gouvernement doit \u00eatre consid\u00e9r\u00e9 comme co-auteur et coresponsable, tant du g\u00e9nocide que de ce qui pourrait arriver \u00e0 cette formidable flotte humanitaire, qui m\u00e9rite un soutien populaire maximal<\/strong>. La phrase qui revient le plus souvent dans les rassemblements, manifestations et mobilisations, jour et nuit, est sans \u00e9quivoque : \u00ab <em>Qui touche \u00e0 la Flotille, touche \u00e0 nous tous. <\/em>\u00bb.<\/p>\n\n\n\n<p><\/p>\n\n\n\n<hr class=\"wp-block-separator has-alpha-channel-opacity\"\/>\n\n\n\n<p>Image d&rsquo;illustration : Photographie Collettivo OSA<\/p>\n","protected":false},"excerpt":{"rendered":"<p>Quelques heures avant l&rsquo;interception de la Global Sumud Flotilla, Nos R\u00e9volutions a re\u00e7u ce texte de Stefano Galieni, militant de Transform! Italia. Celui-ci jette un \u00e9clairage cru sur la complaisance [&hellip;]<\/p>\n","protected":false},"author":53,"featured_media":5461,"comment_status":"closed","ping_status":"closed","sticky":false,"template":"","format":"standard","meta":{"_EventAllDay":false,"_EventTimezone":"","_EventStartDate":"","_EventEndDate":"","_EventStartDateUTC":"","_EventEndDateUTC":"","_EventShowMap":false,"_EventShowMapLink":false,"_EventURL":"","_EventCost":"","_EventCostDescription":"","_EventCurrencySymbol":"","_EventCurrencyCode":"","_EventCurrencyPosition":"","_EventDateTimeSeparator":"","_EventTimeRangeSeparator":"","_EventOrganizerID":[],"_EventVenueID":[],"_OrganizerEmail":"","_OrganizerPhone":"","_OrganizerWebsite":"","_VenueAddress":"","_VenueCity":"","_VenueCountry":"","_VenueProvince":"","_VenueState":"","_VenueZip":"","_VenuePhone":"","_VenueURL":"","_VenueStateProvince":"","_VenueLat":"","_VenueLng":"","_VenueShowMap":false,"_VenueShowMapLink":false,"footnotes":""},"categories":[13],"tags":[15,22],"class_list":["post-5459","post","type-post","status-publish","format-standard","has-post-thumbnail","hentry","category-articles","tag-international","tag-paix"],"yoast_head":"<!-- This site is optimized with the Yoast SEO plugin v27.4 - https:\/\/yoast.com\/product\/yoast-seo-wordpress\/ -->\n<title>\u00ab Qui touche \u00e0 la Flotille, touche \u00e0 nous tous \u00bb : l&#039;Italie mobilis\u00e9e pour la Palestine - Nos R\u00e9volutions<\/title>\n<meta name=\"robots\" content=\"index, follow, max-snippet:-1, max-image-preview:large, max-video-preview:-1\" \/>\n<link rel=\"canonical\" href=\"https:\/\/nosrevolutions.fr\/en\/2025\/10\/02\/qui-touche-a-la-flotille-touche-a-nous-tous-litalie-mobilisee-pour-la-palestine\/\" \/>\n<meta property=\"og:locale\" content=\"en_GB\" \/>\n<meta property=\"og:type\" content=\"article\" \/>\n<meta property=\"og:title\" content=\"\u00ab Qui touche \u00e0 la Flotille, touche \u00e0 nous tous \u00bb : l&#039;Italie mobilis\u00e9e pour la Palestine - Nos R\u00e9volutions\" \/>\n<meta property=\"og:description\" content=\"Quelques heures avant l&rsquo;interception de la Global Sumud Flotilla, Nos R\u00e9volutions a re\u00e7u ce texte de Stefano Galieni, militant de Transform! Italia. Celui-ci jette un \u00e9clairage cru sur la complaisance [&hellip;]\" \/>\n<meta property=\"og:url\" content=\"https:\/\/nosrevolutions.fr\/en\/2025\/10\/02\/qui-touche-a-la-flotille-touche-a-nous-tous-litalie-mobilisee-pour-la-palestine\/\" \/>\n<meta property=\"og:site_name\" content=\"Nos R\u00e9volutions\" \/>\n<meta property=\"article:published_time\" content=\"2025-10-02T08:26:50+00:00\" \/>\n<meta property=\"article:modified_time\" content=\"2025-10-02T08:26:51+00:00\" \/>\n<meta property=\"og:image\" content=\"https:\/\/nosrevolutions.fr\/wp-content\/uploads\/2025\/10\/photo_2025-10-02_09-59-30.jpg\" \/>\n\t<meta property=\"og:image:width\" content=\"1280\" \/>\n\t<meta property=\"og:image:height\" content=\"720\" \/>\n\t<meta property=\"og:image:type\" content=\"image\/jpeg\" \/>\n<meta name=\"author\" content=\"Stefano Galieni\" \/>\n<meta name=\"twitter:card\" content=\"summary_large_image\" \/>\n<meta name=\"twitter:creator\" content=\"@NosRevolutions\" \/>\n<meta name=\"twitter:site\" content=\"@NosRevolutions\" \/>\n<meta name=\"twitter:label1\" content=\"Written by\" \/>\n\t<meta name=\"twitter:data1\" content=\"Stefano Galieni\" \/>\n\t<meta name=\"twitter:label2\" content=\"Estimated reading time\" \/>\n\t<meta name=\"twitter:data2\" content=\"6 minutes\" \/>\n<script type=\"application\/ld+json\" class=\"yoast-schema-graph\">{\"@context\":\"https:\\\/\\\/schema.org\",\"@graph\":[{\"@type\":\"Article\",\"@id\":\"https:\\\/\\\/nosrevolutions.fr\\\/2025\\\/10\\\/02\\\/qui-touche-a-la-flotille-touche-a-nous-tous-litalie-mobilisee-pour-la-palestine\\\/#article\",\"isPartOf\":{\"@id\":\"https:\\\/\\\/nosrevolutions.fr\\\/2025\\\/10\\\/02\\\/qui-touche-a-la-flotille-touche-a-nous-tous-litalie-mobilisee-pour-la-palestine\\\/\"},\"author\":{\"name\":\"Stefano Galieni\",\"@id\":\"https:\\\/\\\/nosrevolutions.fr\\\/#\\\/schema\\\/person\\\/60b6f06276a7346b933881228fa2963b\"},\"headline\":\"\u00ab Qui touche \u00e0 la Flotille, touche \u00e0 nous tous \u00bb : l&rsquo;Italie mobilis\u00e9e pour la Palestine\",\"datePublished\":\"2025-10-02T08:26:50+00:00\",\"dateModified\":\"2025-10-02T08:26:51+00:00\",\"mainEntityOfPage\":{\"@id\":\"https:\\\/\\\/nosrevolutions.fr\\\/2025\\\/10\\\/02\\\/qui-touche-a-la-flotille-touche-a-nous-tous-litalie-mobilisee-pour-la-palestine\\\/\"},\"wordCount\":1271,\"publisher\":{\"@id\":\"https:\\\/\\\/nosrevolutions.fr\\\/#organization\"},\"image\":{\"@id\":\"https:\\\/\\\/nosrevolutions.fr\\\/2025\\\/10\\\/02\\\/qui-touche-a-la-flotille-touche-a-nous-tous-litalie-mobilisee-pour-la-palestine\\\/#primaryimage\"},\"thumbnailUrl\":\"https:\\\/\\\/nosrevolutions.fr\\\/wp-content\\\/uploads\\\/2025\\\/10\\\/photo_2025-10-02_09-59-30.jpg\",\"keywords\":[\"International\",\"Paix\"],\"articleSection\":[\"Articles\"],\"inLanguage\":\"en-GB\"},{\"@type\":\"WebPage\",\"@id\":\"https:\\\/\\\/nosrevolutions.fr\\\/2025\\\/10\\\/02\\\/qui-touche-a-la-flotille-touche-a-nous-tous-litalie-mobilisee-pour-la-palestine\\\/\",\"url\":\"https:\\\/\\\/nosrevolutions.fr\\\/2025\\\/10\\\/02\\\/qui-touche-a-la-flotille-touche-a-nous-tous-litalie-mobilisee-pour-la-palestine\\\/\",\"name\":\"\u00ab Qui touche \u00e0 la Flotille, touche \u00e0 nous tous \u00bb : l'Italie mobilis\u00e9e pour la Palestine - Nos R\u00e9volutions\",\"isPartOf\":{\"@id\":\"https:\\\/\\\/nosrevolutions.fr\\\/#website\"},\"primaryImageOfPage\":{\"@id\":\"https:\\\/\\\/nosrevolutions.fr\\\/2025\\\/10\\\/02\\\/qui-touche-a-la-flotille-touche-a-nous-tous-litalie-mobilisee-pour-la-palestine\\\/#primaryimage\"},\"image\":{\"@id\":\"https:\\\/\\\/nosrevolutions.fr\\\/2025\\\/10\\\/02\\\/qui-touche-a-la-flotille-touche-a-nous-tous-litalie-mobilisee-pour-la-palestine\\\/#primaryimage\"},\"thumbnailUrl\":\"https:\\\/\\\/nosrevolutions.fr\\\/wp-content\\\/uploads\\\/2025\\\/10\\\/photo_2025-10-02_09-59-30.jpg\",\"datePublished\":\"2025-10-02T08:26:50+00:00\",\"dateModified\":\"2025-10-02T08:26:51+00:00\",\"breadcrumb\":{\"@id\":\"https:\\\/\\\/nosrevolutions.fr\\\/2025\\\/10\\\/02\\\/qui-touche-a-la-flotille-touche-a-nous-tous-litalie-mobilisee-pour-la-palestine\\\/#breadcrumb\"},\"inLanguage\":\"en-GB\",\"potentialAction\":[{\"@type\":\"ReadAction\",\"target\":[\"https:\\\/\\\/nosrevolutions.fr\\\/2025\\\/10\\\/02\\\/qui-touche-a-la-flotille-touche-a-nous-tous-litalie-mobilisee-pour-la-palestine\\\/\"]}]},{\"@type\":\"ImageObject\",\"inLanguage\":\"en-GB\",\"@id\":\"https:\\\/\\\/nosrevolutions.fr\\\/2025\\\/10\\\/02\\\/qui-touche-a-la-flotille-touche-a-nous-tous-litalie-mobilisee-pour-la-palestine\\\/#primaryimage\",\"url\":\"https:\\\/\\\/nosrevolutions.fr\\\/wp-content\\\/uploads\\\/2025\\\/10\\\/photo_2025-10-02_09-59-30.jpg\",\"contentUrl\":\"https:\\\/\\\/nosrevolutions.fr\\\/wp-content\\\/uploads\\\/2025\\\/10\\\/photo_2025-10-02_09-59-30.jpg\",\"width\":1280,\"height\":720},{\"@type\":\"BreadcrumbList\",\"@id\":\"https:\\\/\\\/nosrevolutions.fr\\\/2025\\\/10\\\/02\\\/qui-touche-a-la-flotille-touche-a-nous-tous-litalie-mobilisee-pour-la-palestine\\\/#breadcrumb\",\"itemListElement\":[{\"@type\":\"ListItem\",\"position\":1,\"name\":\"Accueil\",\"item\":\"https:\\\/\\\/nosrevolutions.fr\\\/\"},{\"@type\":\"ListItem\",\"position\":2,\"name\":\"\u00ab Qui touche \u00e0 la Flotille, touche \u00e0 nous tous \u00bb : l&rsquo;Italie mobilis\u00e9e pour la Palestine\"}]},{\"@type\":\"WebSite\",\"@id\":\"https:\\\/\\\/nosrevolutions.fr\\\/#website\",\"url\":\"https:\\\/\\\/nosrevolutions.fr\\\/\",\"name\":\"Nos R\u00e9volutions\",\"description\":\"Communisme et mouvement social\",\"publisher\":{\"@id\":\"https:\\\/\\\/nosrevolutions.fr\\\/#organization\"},\"potentialAction\":[{\"@type\":\"SearchAction\",\"target\":{\"@type\":\"EntryPoint\",\"urlTemplate\":\"https:\\\/\\\/nosrevolutions.fr\\\/?s={search_term_string}\"},\"query-input\":{\"@type\":\"PropertyValueSpecification\",\"valueRequired\":true,\"valueName\":\"search_term_string\"}}],\"inLanguage\":\"en-GB\"},{\"@type\":\"Organization\",\"@id\":\"https:\\\/\\\/nosrevolutions.fr\\\/#organization\",\"name\":\"Nos R\u00e9volutions\",\"url\":\"https:\\\/\\\/nosrevolutions.fr\\\/\",\"logo\":{\"@type\":\"ImageObject\",\"inLanguage\":\"en-GB\",\"@id\":\"https:\\\/\\\/nosrevolutions.fr\\\/#\\\/schema\\\/logo\\\/image\\\/\",\"url\":\"https:\\\/\\\/nosrevolutions.fr\\\/wp-content\\\/uploads\\\/2022\\\/09\\\/nrs_logo_noir.png\",\"contentUrl\":\"https:\\\/\\\/nosrevolutions.fr\\\/wp-content\\\/uploads\\\/2022\\\/09\\\/nrs_logo_noir.png\",\"width\":2000,\"height\":501,\"caption\":\"Nos R\u00e9volutions\"},\"image\":{\"@id\":\"https:\\\/\\\/nosrevolutions.fr\\\/#\\\/schema\\\/logo\\\/image\\\/\"},\"sameAs\":[\"https:\\\/\\\/x.com\\\/NosRevolutions\"]},{\"@type\":\"Person\",\"@id\":\"https:\\\/\\\/nosrevolutions.fr\\\/#\\\/schema\\\/person\\\/60b6f06276a7346b933881228fa2963b\",\"name\":\"Stefano Galieni\",\"image\":{\"@type\":\"ImageObject\",\"inLanguage\":\"en-GB\",\"@id\":\"https:\\\/\\\/secure.gravatar.com\\\/avatar\\\/51ad3670962fa52dbdb6f4e53dc80c9b436b4a9ae5b3209fff4e0f0f3e461a5b?s=96&d=mm&r=g\",\"url\":\"https:\\\/\\\/secure.gravatar.com\\\/avatar\\\/51ad3670962fa52dbdb6f4e53dc80c9b436b4a9ae5b3209fff4e0f0f3e461a5b?s=96&d=mm&r=g\",\"contentUrl\":\"https:\\\/\\\/secure.gravatar.com\\\/avatar\\\/51ad3670962fa52dbdb6f4e53dc80c9b436b4a9ae5b3209fff4e0f0f3e461a5b?s=96&d=mm&r=g\",\"caption\":\"Stefano Galieni\"},\"url\":\"https:\\\/\\\/nosrevolutions.fr\\\/en\\\/author\\\/stefanogalieni\\\/\"}]}<\/script>\n<!-- \/ Yoast SEO plugin. -->","yoast_head_json":{"title":"\u00ab Qui touche \u00e0 la Flotille, touche \u00e0 nous tous \u00bb : l'Italie mobilis\u00e9e pour la Palestine - Nos R\u00e9volutions","robots":{"index":"index","follow":"follow","max-snippet":"max-snippet:-1","max-image-preview":"max-image-preview:large","max-video-preview":"max-video-preview:-1"},"canonical":"https:\/\/nosrevolutions.fr\/en\/2025\/10\/02\/qui-touche-a-la-flotille-touche-a-nous-tous-litalie-mobilisee-pour-la-palestine\/","og_locale":"en_GB","og_type":"article","og_title":"\u00ab Qui touche \u00e0 la Flotille, touche \u00e0 nous tous \u00bb : l'Italie mobilis\u00e9e pour la Palestine - Nos R\u00e9volutions","og_description":"Quelques heures avant l&rsquo;interception de la Global Sumud Flotilla, Nos R\u00e9volutions a re\u00e7u ce texte de Stefano Galieni, militant de Transform! Italia. Celui-ci jette un \u00e9clairage cru sur la complaisance [&hellip;]","og_url":"https:\/\/nosrevolutions.fr\/en\/2025\/10\/02\/qui-touche-a-la-flotille-touche-a-nous-tous-litalie-mobilisee-pour-la-palestine\/","og_site_name":"Nos R\u00e9volutions","article_published_time":"2025-10-02T08:26:50+00:00","article_modified_time":"2025-10-02T08:26:51+00:00","og_image":[{"width":1280,"height":720,"url":"https:\/\/nosrevolutions.fr\/wp-content\/uploads\/2025\/10\/photo_2025-10-02_09-59-30.jpg","type":"image\/jpeg"}],"author":"Stefano Galieni","twitter_card":"summary_large_image","twitter_creator":"@NosRevolutions","twitter_site":"@NosRevolutions","twitter_misc":{"Written by":"Stefano Galieni","Estimated reading time":"6 minutes"},"schema":{"@context":"https:\/\/schema.org","@graph":[{"@type":"Article","@id":"https:\/\/nosrevolutions.fr\/2025\/10\/02\/qui-touche-a-la-flotille-touche-a-nous-tous-litalie-mobilisee-pour-la-palestine\/#article","isPartOf":{"@id":"https:\/\/nosrevolutions.fr\/2025\/10\/02\/qui-touche-a-la-flotille-touche-a-nous-tous-litalie-mobilisee-pour-la-palestine\/"},"author":{"name":"Stefano Galieni","@id":"https:\/\/nosrevolutions.fr\/#\/schema\/person\/60b6f06276a7346b933881228fa2963b"},"headline":"\u00ab Qui touche \u00e0 la Flotille, touche \u00e0 nous tous \u00bb : l&rsquo;Italie mobilis\u00e9e pour la Palestine","datePublished":"2025-10-02T08:26:50+00:00","dateModified":"2025-10-02T08:26:51+00:00","mainEntityOfPage":{"@id":"https:\/\/nosrevolutions.fr\/2025\/10\/02\/qui-touche-a-la-flotille-touche-a-nous-tous-litalie-mobilisee-pour-la-palestine\/"},"wordCount":1271,"publisher":{"@id":"https:\/\/nosrevolutions.fr\/#organization"},"image":{"@id":"https:\/\/nosrevolutions.fr\/2025\/10\/02\/qui-touche-a-la-flotille-touche-a-nous-tous-litalie-mobilisee-pour-la-palestine\/#primaryimage"},"thumbnailUrl":"https:\/\/nosrevolutions.fr\/wp-content\/uploads\/2025\/10\/photo_2025-10-02_09-59-30.jpg","keywords":["International","Paix"],"articleSection":["Articles"],"inLanguage":"en-GB"},{"@type":"WebPage","@id":"https:\/\/nosrevolutions.fr\/2025\/10\/02\/qui-touche-a-la-flotille-touche-a-nous-tous-litalie-mobilisee-pour-la-palestine\/","url":"https:\/\/nosrevolutions.fr\/2025\/10\/02\/qui-touche-a-la-flotille-touche-a-nous-tous-litalie-mobilisee-pour-la-palestine\/","name":"\u00ab Qui touche \u00e0 la Flotille, touche \u00e0 nous tous \u00bb : l'Italie mobilis\u00e9e pour la Palestine - Nos R\u00e9volutions","isPartOf":{"@id":"https:\/\/nosrevolutions.fr\/#website"},"primaryImageOfPage":{"@id":"https:\/\/nosrevolutions.fr\/2025\/10\/02\/qui-touche-a-la-flotille-touche-a-nous-tous-litalie-mobilisee-pour-la-palestine\/#primaryimage"},"image":{"@id":"https:\/\/nosrevolutions.fr\/2025\/10\/02\/qui-touche-a-la-flotille-touche-a-nous-tous-litalie-mobilisee-pour-la-palestine\/#primaryimage"},"thumbnailUrl":"https:\/\/nosrevolutions.fr\/wp-content\/uploads\/2025\/10\/photo_2025-10-02_09-59-30.jpg","datePublished":"2025-10-02T08:26:50+00:00","dateModified":"2025-10-02T08:26:51+00:00","breadcrumb":{"@id":"https:\/\/nosrevolutions.fr\/2025\/10\/02\/qui-touche-a-la-flotille-touche-a-nous-tous-litalie-mobilisee-pour-la-palestine\/#breadcrumb"},"inLanguage":"en-GB","potentialAction":[{"@type":"ReadAction","target":["https:\/\/nosrevolutions.fr\/2025\/10\/02\/qui-touche-a-la-flotille-touche-a-nous-tous-litalie-mobilisee-pour-la-palestine\/"]}]},{"@type":"ImageObject","inLanguage":"en-GB","@id":"https:\/\/nosrevolutions.fr\/2025\/10\/02\/qui-touche-a-la-flotille-touche-a-nous-tous-litalie-mobilisee-pour-la-palestine\/#primaryimage","url":"https:\/\/nosrevolutions.fr\/wp-content\/uploads\/2025\/10\/photo_2025-10-02_09-59-30.jpg","contentUrl":"https:\/\/nosrevolutions.fr\/wp-content\/uploads\/2025\/10\/photo_2025-10-02_09-59-30.jpg","width":1280,"height":720},{"@type":"BreadcrumbList","@id":"https:\/\/nosrevolutions.fr\/2025\/10\/02\/qui-touche-a-la-flotille-touche-a-nous-tous-litalie-mobilisee-pour-la-palestine\/#breadcrumb","itemListElement":[{"@type":"ListItem","position":1,"name":"Accueil","item":"https:\/\/nosrevolutions.fr\/"},{"@type":"ListItem","position":2,"name":"\u00ab Qui touche \u00e0 la Flotille, touche \u00e0 nous tous \u00bb : l&rsquo;Italie mobilis\u00e9e pour la Palestine"}]},{"@type":"WebSite","@id":"https:\/\/nosrevolutions.fr\/#website","url":"https:\/\/nosrevolutions.fr\/","name":"Nos R\u00e9volutions","description":"Communisme et mouvement social","publisher":{"@id":"https:\/\/nosrevolutions.fr\/#organization"},"potentialAction":[{"@type":"SearchAction","target":{"@type":"EntryPoint","urlTemplate":"https:\/\/nosrevolutions.fr\/?s={search_term_string}"},"query-input":{"@type":"PropertyValueSpecification","valueRequired":true,"valueName":"search_term_string"}}],"inLanguage":"en-GB"},{"@type":"Organization","@id":"https:\/\/nosrevolutions.fr\/#organization","name":"Nos R\u00e9volutions","url":"https:\/\/nosrevolutions.fr\/","logo":{"@type":"ImageObject","inLanguage":"en-GB","@id":"https:\/\/nosrevolutions.fr\/#\/schema\/logo\/image\/","url":"https:\/\/nosrevolutions.fr\/wp-content\/uploads\/2022\/09\/nrs_logo_noir.png","contentUrl":"https:\/\/nosrevolutions.fr\/wp-content\/uploads\/2022\/09\/nrs_logo_noir.png","width":2000,"height":501,"caption":"Nos R\u00e9volutions"},"image":{"@id":"https:\/\/nosrevolutions.fr\/#\/schema\/logo\/image\/"},"sameAs":["https:\/\/x.com\/NosRevolutions"]},{"@type":"Person","@id":"https:\/\/nosrevolutions.fr\/#\/schema\/person\/60b6f06276a7346b933881228fa2963b","name":"Stefano Galieni","image":{"@type":"ImageObject","inLanguage":"en-GB","@id":"https:\/\/secure.gravatar.com\/avatar\/51ad3670962fa52dbdb6f4e53dc80c9b436b4a9ae5b3209fff4e0f0f3e461a5b?s=96&d=mm&r=g","url":"https:\/\/secure.gravatar.com\/avatar\/51ad3670962fa52dbdb6f4e53dc80c9b436b4a9ae5b3209fff4e0f0f3e461a5b?s=96&d=mm&r=g","contentUrl":"https:\/\/secure.gravatar.com\/avatar\/51ad3670962fa52dbdb6f4e53dc80c9b436b4a9ae5b3209fff4e0f0f3e461a5b?s=96&d=mm&r=g","caption":"Stefano Galieni"},"url":"https:\/\/nosrevolutions.fr\/en\/author\/stefanogalieni\/"}]}},"_links":{"self":[{"href":"https:\/\/nosrevolutions.fr\/en\/wp-json\/wp\/v2\/posts\/5459","targetHints":{"allow":["GET"]}}],"collection":[{"href":"https:\/\/nosrevolutions.fr\/en\/wp-json\/wp\/v2\/posts"}],"about":[{"href":"https:\/\/nosrevolutions.fr\/en\/wp-json\/wp\/v2\/types\/post"}],"author":[{"embeddable":true,"href":"https:\/\/nosrevolutions.fr\/en\/wp-json\/wp\/v2\/users\/53"}],"replies":[{"embeddable":true,"href":"https:\/\/nosrevolutions.fr\/en\/wp-json\/wp\/v2\/comments?post=5459"}],"version-history":[{"count":1,"href":"https:\/\/nosrevolutions.fr\/en\/wp-json\/wp\/v2\/posts\/5459\/revisions"}],"predecessor-version":[{"id":5462,"href":"https:\/\/nosrevolutions.fr\/en\/wp-json\/wp\/v2\/posts\/5459\/revisions\/5462"}],"wp:featuredmedia":[{"embeddable":true,"href":"https:\/\/nosrevolutions.fr\/en\/wp-json\/wp\/v2\/media\/5461"}],"wp:attachment":[{"href":"https:\/\/nosrevolutions.fr\/en\/wp-json\/wp\/v2\/media?parent=5459"}],"wp:term":[{"taxonomy":"category","embeddable":true,"href":"https:\/\/nosrevolutions.fr\/en\/wp-json\/wp\/v2\/categories?post=5459"},{"taxonomy":"post_tag","embeddable":true,"href":"https:\/\/nosrevolutions.fr\/en\/wp-json\/wp\/v2\/tags?post=5459"}],"curies":[{"name":"wp","href":"https:\/\/api.w.org\/{rel}","templated":true}]}}