{"id":4789,"date":"2025-05-19T05:00:00","date_gmt":"2025-05-19T03:00:00","guid":{"rendered":"https:\/\/nosrevolutions.fr\/?p=4789"},"modified":"2025-05-23T16:36:40","modified_gmt":"2025-05-23T14:36:40","slug":"il-ny-aura-pas-de-train-de-chefs-detats-europeens-vers-gaza","status":"publish","type":"post","link":"https:\/\/nosrevolutions.fr\/en\/2025\/05\/19\/il-ny-aura-pas-de-train-de-chefs-detats-europeens-vers-gaza\/","title":{"rendered":"Il n\u2019y aura pas de train de chefs d\u2019\u00c9tats europ\u00e9ens vers\u00a0Gaza"},"content":{"rendered":"<p><em>Cet article du 15 mai 2025<\/em> <em>is excerpted from Patrick Le Hyaric\u2019s weekly letter. Click <a href=\"https:\/\/r.lettre.patrick-le-hyaric.fr\/mk\/mr\/sh\/1t6AVsd2XFnIGDU3lOXKIKQqjpFhE9\/acIVsZHC1Zia\">here <\/a>to read the full letter for this week, and <a href=\"https:\/\/patrick-le-hyaric.fr\/la-lettre-de-patrick-le-hyaric\/\">here<\/a> to subscribe to it<\/em>.<\/p>\n\n\n\n<p><\/p>\n\n\n\n<p>Puisse l\u2019op\u00e9ration ferroviaire pour rallier le pr\u00e9sident Zelensky sur la place de l\u2019Ind\u00e9pendance \u00e0 Kiev \u00eatre utile. Il y a grande urgence \u00e0 obtenir du pr\u00e9sident Poutine qu\u2019il cesse ses pluies de missiles et de drones sur les enfants, les travailleuses et les travailleurs de l\u2019Ukraine voisine, tout en d\u00e9truisant autant de services indispensables et de villages entiers.<\/p>\n\n\n\n<p>Oui, <strong>le cessez-le-feu est d\u2019une capitale urgence<\/strong>. Aucune torche pouvant \u00e9clairer son difficile chemin ne doit \u00eatre n\u00e9glig\u00e9e. Cependant, le voyage organis\u00e9 de ces quelques dirigeants aurait \u00e9t\u00e9 s\u00fbrement plus efficace si, une fois de plus, ces align\u00e9s europ\u00e9ens n\u2019\u00e9taient venus r\u00e9p\u00e9ter les \u00e9l\u00e9ments de langage pr\u00e9m\u00e2ch\u00e9s de M. Trump. Ce pr\u00e9sident milliardaire qui, avec l\u2019aide du fonds financier BlackRock, vient de faire main basse sur les terres rares ukrainiennes et incite les firmes agroalimentaires nord-am\u00e9ricaines \u00e0 profiter de la nouvelle loi vot\u00e9e au parlement de Kiev pour s\u2019accaparer un maximum de terres du \u00ab grenier \u00e0 bl\u00e9 \u00bb de l\u2019Europe.<\/p>\n\n\n\n<p><strong>Il aurait \u00e9t\u00e9 plus efficace de rechercher des alliances au-del\u00e0 de l\u2019Union europ\u00e9enne pour pr\u00e9senter un plan de paix<\/strong> en s\u2019appuyant sur les appels du nouveau pape, sur des initiatives comme celle de la Chine qui part de la n\u00e9cessit\u00e9 du respect de la souverainet\u00e9 territoriale de l\u2019Ukraine. Contrairement aux haineux \u00ab&nbsp;dires&nbsp;\u00bb des va-t\u2019en guerre la R\u00e9publique populaire de Chine et la Turquie viennent de r\u00e9it\u00e9rer en direction de Poutine leur demande d\u2019arr\u00eat du carnage.&nbsp;<\/p>\n\n\n\n<p>Pour \u00eatre complet, efficient et durable, il faudra mettre sur la table un projet commun aux pays membres de l\u2019Union europ\u00e9enne, au Royaume-Uni, \u00e0 l\u2019Ukraine et \u00e0 la Russie de m\u00e9canisme global de s\u00e9curit\u00e9 commune et de pr\u00e9vention des conflits. Il faudrait aussi acter l\u2019engagement des dirigeants du Kremlin \u00e0 renoncer \u00e0 leur projet de \u00ab grande Russie \u00bb et celui de l\u2019Union europ\u00e9enne de ne pas int\u00e9grer l\u2019Ukraine en son sein, ni dans l\u2019OTAN.&nbsp;<\/p>\n\n\n\n<p>Un compromis pour un statut particulier de l\u2019Ukraine, coop\u00e9rant de part et d\u2019autre, doit pouvoir \u00eatre trouv\u00e9. L\u2019ensemble doit aller de pair avec le retour \u00e0 des initiatives de d\u00e9sarmement en Europe et dans le monde.&nbsp;<\/p>\n\n\n\n<p><strong>Et, Gaza martyris\u00e9e, bombard\u00e9e, affam\u00e9e, ou la joie s\u2019est \u00e9teinte et le deuil permanent ne voit venir aucun train vers elle.&nbsp;<\/strong><\/p>\n\n\n\n<p>Non. Pas de train vers Ramallah ou Gaza \u00e0 bord duquel prendraient place dans le chancelier allemand, le pr\u00e9sident de la R\u00e9publique fran\u00e7aise avec les premiers ministres britannique et polonais pour se rendre au chevet des populations gazaouies massacr\u00e9es\u2026 Pas de train pour rendre hommage aux 20\u202f000 enfants tu\u00e9s sous les bombes isra\u00e9liennes, pour porter secours aux 25\u202f000 autres enfants bless\u00e9s, amput\u00e9s, pour apporter assistance aux dizaines de milliers d\u2019orphelins d\u2019au moins un parent, aux femmes aux existences d\u00e9chir\u00e9es, aux vieillards qui subissent la deuxi\u00e8me \u00ab catastrophe \u00bb, ont perdu maisons, enfants et petits-enfants.&nbsp;<\/p>\n\n\n\n<p><strong>Aucun train pour barrer la route \u00e0 la passion destructrice du pouvoir supr\u00e9maciste de Netanyahou<\/strong> ne partira donc d\u2019aucune gare.&nbsp;<\/p>\n\n\n\n<p>Il ne conduira pas nos dirigeants \u00e0 voir de leurs yeux la famine m\u00e9thodiquement organis\u00e9e dans ce \u00ab&nbsp;territoire&nbsp;\u00bb, cette enclave de 365 kilom\u00e8tres carr\u00e9s \u00e9cras\u00e9e par 75 000 tonnes de bombes.&nbsp;<\/p>\n\n\n\n<p>Pas un dirigeant occidental pour venir entendre le hurlement de la mort qui assourdit les rues macul\u00e9es de sang et de la poussi\u00e8re des maisons. \u00c0 Gaza, le temps se compte en nombre de martyrs. Les pertes de parents et d\u2019enfants sont les interminables cauchemars des matins qu\u2019\u00e9claire le soleil d\u2019Orient.&nbsp;<\/p>\n\n\n\n<p>Les cam\u00e9ras ferment les yeux une \u00e0 une quand tombe sur le sol noirci la poudre des obus. Celles et ceux qui n\u2019ont qu\u2019un fragile crayon en guise d\u2019arme, sont menac\u00e9s, \u00e9limin\u00e9s pour invisibiliser \u00ab l\u2019intention g\u00e9nocidaire \u00bb comme en a pr\u00e9venu la justice internationale. Deux mille journalistes ont, pour cela, \u00e9t\u00e9 assassin\u00e9s par\u202fles armes de ce que d\u2019aucuns appellent la \u00ab plus grande d\u00e9mocratie du Moyen-Orient \u00bb.&nbsp;<\/p>\n\n\n\n<p>Pour parfaire le crime, il n\u2019y a plus aucun h\u00f4pital debout. Cent vingt-trois \u00e9coles et universit\u00e9s sont d\u00e9truites. Les charg\u00e9s de mission de l\u2019ONU sont bombard\u00e9s. Les femmes et les hommes de la solidarit\u00e9 humanitaire sont interdits et pourchass\u00e9s. L\u2019agence pour les r\u00e9fugi\u00e9s (Urnwa) est ferm\u00e9e et interdite. Le pain, l\u2019eau, le riz, les tomates et les cornichons ont disparu des foyers quand ils existent encore. Rien \u00e0 voir, ici, avec des dommages collat\u00e9raux. Les producteurs d\u2019humanit\u00e9 sont des cibles vis\u00e9es et frapp\u00e9es.&nbsp;<\/p>\n\n\n\n<p>Non repus des 42 millions de tonnes de d\u00e9bris qu\u2019ils ont produit, les criminels traquent l\u2019information, la sant\u00e9, le savoir. Ils veulent an\u00e9antir tout ce qui constitue l\u2019humanit\u00e9, tout ce qui resterait d\u2019avenir \u00e0 la jeune g\u00e9n\u00e9ration.&nbsp;<\/p>\n\n\n\n<p>Le train capitonn\u00e9 des dirigeants complices n\u2019ira pas arr\u00eater le bras des pr\u00e9dateurs qui bafouent le droit international, le droit de vivre du peuple palestinien. Et pour cause, ces sont des groupes industriels de l\u2019Occident capitaliste qui fournissent des avions, munitions, bombes et des chars pour que l\u2019arm\u00e9e isra\u00e9lienne puisse continuer \u00e0 \u00ab&nbsp;nettoyer&nbsp;\u00bb Gaza.&nbsp;<\/p>\n\n\n\n<p>Alors, le pr\u00e9sident fran\u00e7ais s\u2019inqui\u00e8te d\u2019une situation \u00ab la plus critique que nous ayons connue \u00bb. Les mots de sa fourberie pour qualifier la \u00ab catastrophe \u00bb font honte \u00e0 notre pays r\u00e9put\u00e9 comme celui des \u00ab Droits de&nbsp; l\u2019Homme \u00bb. Propos immondes, au moment o\u00f9 l\u2019immonde ministre isra\u00e9lien des arm\u00e9es vient d\u2019intimer aux Gazaouis de choisir entre \u00ab partir ou mourir \u00bb.&nbsp;<\/p>\n\n\n\n<p>E. Macron d\u00e9shonore la France quand Gaza est d\u00e9coup\u00e9e en cinq zones militaires pr\u00e9parant le fameux \u00ab Chariot de G\u00e9d\u00e9on \u00bb nom du \u00ab&nbsp;plan de conqu\u00eate&nbsp;\u00bb isra\u00e9lien d\u00e9cid\u00e9 le 5 mai dernier, conform\u00e9ment aux orientations donn\u00e9es par le matamore de la Maison Blanche qui projette d\u2019y b\u00e2tir une \u00ab Riviera \u00bb.&nbsp;<\/p>\n\n\n\n<p><strong>De Kiev, nos quatre dirigeants lui ont t\u00e9l\u00e9phon\u00e9 en mondovision pour mettre en sc\u00e8ne leurs \u00ab mots du rien \u00bb rab\u00e2chant \u00ab cessez le feu \u00bb<\/strong> \u00ab&nbsp;cessez le feu&nbsp;\u00bb sans aucune action pour y parvenir. Ils parlent de d\u00e9ployer une force de maintien de la paix en Ukraine. Mais un projet de d\u00e9ploiement d\u2019une force de protection des Palestiniens, sous l\u2019\u00e9gide de l\u2019ONU, n\u2019effleure pas leurs convictions \u00e0 \u00ab&nbsp;double standard&nbsp;\u00bb et leur &nbsp;pitoyable double langage.<\/p>\n\n\n\n<p>Il n\u2019y aura pas un tel appel t\u00e9l\u00e9phonique en direct du bureau du pr\u00e9sident de l\u2019Autorit\u00e9 palestinienne. Non, qu\u2019il n\u2019y ait pas de r\u00e9seau t\u00e9l\u00e9phonique, mais parce qu\u2019ils se rendent complices du crime.&nbsp;<\/p>\n\n\n\n<p>Le pr\u00e9sident fran\u00e7ais et ses comparses qui avec lui ont pris un train, ne se sont m\u00eame pas associ\u00e9 \u00e0 l\u2019initiative des six pays europ\u00e9ens \u2013 Espagne, Irlande, Islande, Luxembourg, Norv\u00e8ge, Slov\u00e9nie &#8211; contre le projet du pouvoir isra\u00e9lien. Que vaut donc \u00ab le droit \u00bb sous les ors de l\u2019\u00c9lys\u00e9e et des minist\u00e8res et dans les froids bureaux du Conseil europ\u00e9en quand sont pi\u00e9tin\u00e9s ainsi le droit international, le droit humanitaire, les conventions de Gen\u00e8ve et la convention contre le g\u00e9nocide. Les soutiens inconditionnels ne sont que cauchemar et chaos.<\/p>\n\n\n\n<p>Faut-il que leurs c\u0153urs soient si froids, si aphasiques, si s\u00e9lectifs pour que ces dirigeants pr\u00e9tendument de notre si\u00e8cle laissent s\u2019organiser ainsi devant eux, la tentative de faire dispara\u00eetre de tout un peuple\u202f?&nbsp;<\/p>\n\n\n\n<p>Chaque jour grignot\u00e9 par les colons, la Cisjordanie, incluant J\u00e9rusalem-Est a vu mille de leurs habitants tu\u00e9s sous les balles occidentales de l\u2019arm\u00e9e isra\u00e9lienne. Dix mille Palestiniens, dont des enfants, sont enferm\u00e9s dans les ge\u00f4les isra\u00e9liennes. Quarante mille r\u00e9fugi\u00e9s, qui vivaient d\u00e9j\u00e0 dans d\u2019abominables conditions de pr\u00e9carit\u00e9, ont \u00e9t\u00e9 expuls\u00e9s. Les champs et les r\u00e9coltes sont saccag\u00e9s, quand ils ne sont pas accapar\u00e9s, des villages sont ras\u00e9s. Que faut-il de plus pour r\u00e9veiller ceux qui se gargarisent d\u2019un pr\u00e9tendu \u00ab humanisme \u00bb\u202f?&nbsp;<\/p>\n\n\n\n<p>Ah, certes, ils glosent sur la \u00ab position traditionnelle de la France et de L\u2019Europe \u00bb en faveur de deux \u00c9tats. Puis ils vaquent \u00e0 leurs occupations, fournissent les criminels en armes derniers cris et rassurent les marchands d\u2019armes qui se gavent de leur commerce de mort. Le tout sans oublier de soup\u00e7onner d\u2019antis\u00e9mitisme tout d\u00e9fenseur du droit international et du droit de la Palestine \u00e0 l\u2019existence. Tel est le proc\u00e9d\u00e9 en vogue pour permettre \u00e0 l\u2019alliance des criminels, des nationalistes, des colons et des fascistes au pouvoir \u00e0 Tel-Aviv de gagner du temps pour achever leurs basses \u0153uvres.&nbsp;<\/p>\n\n\n\n<p><strong>Qu\u2019ils \u00e9coutent et r\u00e9\u00e9coutent la poignante intervention de Tom Fletcher chef des op\u00e9rations humanitaire des Nations \u2013Unis<\/strong>, devant le conseil de s\u00e9curit\u00e9 cette semaine&nbsp;: \u00ab&nbsp;Allez-vous agir de fa\u00e7on d\u00e9cisive, pour emp\u00eacher un g\u00e9nocide et garantir le respect du droit international&nbsp;?&nbsp;\u00bb a-t-il interrog\u00e9 dans un silence de plomb. Ceux qui, tel E Macron demande de laisser &nbsp; aux historiens, le soin de qualifier l\u2019infernale m\u00e9canique de destruction \u00e0 l\u2019\u0153uvre de \u00ab&nbsp;g\u00e9nocide&nbsp;\u00bb joignent leur perfidie \u00e0 une \u00e9norme imposture. &nbsp; Tout le monde sait que quand les historiens constatent le forfait, il a eu lieu depuis bien longtemps. Insupportable et indigne de notre r\u00e9publique&nbsp;!<\/p>\n\n\n\n<p><strong>Cela a assez dur\u00e9.&nbsp;<\/strong><\/p>\n\n\n\n<p>Depuis la d\u00e9chirante Nakba, dont c\u2019est le triste 77<sup>e<\/sup> anniversaire ce 15 mai, durant laquelle 800\u202f000 Palestiniens ont d\u00e9j\u00e0 \u00e9t\u00e9 chass\u00e9 de leurs terres, le blocus de Gaza, l\u2019\u00e9dification du mur et la colonisation sans fin, visent \u00e0 permettre en toute impunit\u00e9 \u00e0 l\u2019\u00c9tat d\u2019Isra\u00ebl d\u2019\u00eatre la base avanc\u00e9e de l\u2019Occident capitaliste par la construction du projet nationaliste du \u00ab Grand Isra\u00ebl \u00bb.&nbsp;<\/p>\n\n\n\n<p><strong>Il n\u2019y aura donc pas de d\u00e9ambulation de chefs d\u2019\u00c9tat europ\u00e9ens ni dans la rue Charles de Gaulle \u00e0 Gaza, ni dans la rue Jacques Chirac \u00e0 Ramallah.<\/strong><\/p>\n\n\n\n<p>Raison de plus pour amplifier le combat pour la justice et la paix, quelles que soient nos croyances, quelles que soient nos histoires, en lien avec la multitude des mouvements internationaux. Une vie sereine en Isra\u00ebl passe par l\u2019existence de l\u2019\u00c9tat de Palestine. Il n\u2019y a pas de beau futur pour le peuple isra\u00e9lien sans avenir pour le peuple palestinien.&nbsp;<\/p>\n\n\n\n<p>Et la critique du pouvoir Isra\u00e9lien n\u2019est pas de l\u2019antis\u00e9mitisme, ni un soutien aux terroristes du Hamas &nbsp;fabriqu\u00e9 et financ\u00e9 par Netanyahou lui-m\u00eame pour diviser l\u2019organisation de lib\u00e9ration de la Palestine et neutraliser l\u2019Autorit\u00e9 palestinienne.&nbsp;<\/p>\n\n\n\n<p>Par-del\u00e0 nos diff\u00e9rences, &nbsp;nos singuliers cheminements, il nous faut parler ensemble, agir ensemble.&nbsp;<\/p>\n\n\n\n<p>Tant que la direction isra\u00e9lienne ne respecte pas le droit, le fer doit \u00eatre port\u00e9 pour obtenir la suspension imm\u00e9diate de l\u2019accord d\u2019association entre l\u2019Union europ\u00e9enne et l\u2019\u00c9tat d\u2019Isra\u00ebl en vertu de son article 2 qui stipule que \u00ab <em>les relations entre les deux parties, ainsi que toutes les dispositions de l\u2019accord lui-m\u00eame, sont fond\u00e9es sur le respect des droits humains et des principes d\u00e9mocratiques qui guident leur politique int\u00e9rieure et internationale et constituent un \u00e9l\u00e9ment essentiel du pr\u00e9sent accord<\/em> \"&nbsp;<\/p>\n\n\n\n<p>Mettons les dirigeants europ\u00e9ens au pied du mur en leur demandant de respecter leur propre trait\u00e9. Celui qui r\u00e9git le fonctionnement de l\u2019Union europ\u00e9enne (TFUE) en son article 21 \u00e9tablit que \u00ab <em>l\u2019action de l\u2019Union europ\u00e9enne sur la sc\u00e8ne internationale repose sur les principes qui ont pr\u00e9sid\u00e9 \u00e0 sa cr\u00e9ation, \u2026 Et qu\u2019elle vise \u00e0 promouvoir dans le reste du monde\u202f: la d\u00e9mocratie, l\u2019\u00c9tat de droit, l\u2019universalit\u00e9 et l\u2019indivisibilit\u00e9 des droits de<\/em> <em>l\u2019homme et des libert\u00e9s fondamentales, le respect de la dignit\u00e9 humaine, etc. \u00bb&nbsp;<\/em><\/p>\n\n\n\n<p>Il est temps, grand temps, de mettre sur les rails un train populaire pour stopper l\u2019\u00e9puration ethnique et la colonisation, pour arr\u00eater les crimes commis contre la Palestine, pour lib\u00e9rer tous les prisonniers politiques palestiniens et tous les otages Isra\u00e9liens.&nbsp;<\/p>\n\n\n\n<p><strong>Si l\u2019Occident capitaliste a des valeurs en lieu et place \u00ab&nbsp;des int\u00e9r\u00eats,&nbsp;\u00bb alors il doit tout faire pour aider \u00e0 cr\u00e9er un \u00c9tat de Palestine souverain avec un peuple palestinien souverain maintenant<\/strong>. Il peut revaloriser l\u2019Autorit\u00e9 palestinienne et faire lib\u00e9rer Marwan Barghouti. Cela d\u00e9pend de <em>\u00ab&nbsp;Nous, les peuples..&nbsp;\u00bb<\/em><\/p>\n\n\n\n<p>\u00c0 Gaza comme ailleurs, ne laissons pas la guerre d\u00e9vorer un peuple et an\u00e9antir un autre.&nbsp;<\/p>\n\n\n\n<p>Au nom de notre commune humanit\u00e9, deux \u00c9tats, deux peuples souverains sur leur destin peuvent vivre c\u00f4te \u00e0 c\u00f4te, en paix, en s\u00e9curit\u00e9, partageant leurs cultures, et leurs joies de b\u00e2tir un avenir heureux. Nos combats servent la juste&nbsp; cause de notre humanit\u00e9 commune.<\/p>\n\n\n\n<hr class=\"wp-block-separator has-alpha-channel-opacity\"\/>\n\n\n\n<p>Image d&rsquo;illustration : \u00ab\u00a0Images from Gaza war 2023-2025\u00a0\u00bb, photographie du 10 f\u00e9vrier 2025 par <a href=\"https:\/\/commons.m.wikimedia.org\/wiki\/File:Gaza_war_2023_-_2025_IMG_8182.png\">Jaber Jehad Badwan<\/a> (<a href=\"https:\/\/creativecommons.org\/licenses\/by-sa\/4.0\/deed.en\">CC BY-SA 4.0<\/a>)<\/p>","protected":false},"excerpt":{"rendered":"<p>Cet article du 15 mai 2025 est extrait de la lettre hebdomadaire de Patrick Le Hyaric. Cliquez ici pour lire la lettre de la semaine, et ici pour vous y [&hellip;]<\/p>\n","protected":false},"author":16,"featured_media":4791,"comment_status":"closed","ping_status":"closed","sticky":false,"template":"","format":"standard","meta":{"_EventAllDay":false,"_EventTimezone":"","_EventStartDate":"","_EventEndDate":"","_EventStartDateUTC":"","_EventEndDateUTC":"","_EventShowMap":false,"_EventShowMapLink":false,"_EventURL":"","_EventCost":"","_EventCostDescription":"","_EventCurrencySymbol":"","_EventCurrencyCode":"","_EventCurrencyPosition":"","_EventDateTimeSeparator":"","_EventTimeRangeSeparator":"","_EventOrganizerID":[],"_EventVenueID":[],"_OrganizerEmail":"","_OrganizerPhone":"","_OrganizerWebsite":"","_VenueAddress":"","_VenueCity":"","_VenueCountry":"","_VenueProvince":"","_VenueState":"","_VenueZip":"","_VenuePhone":"","_VenueURL":"","_VenueStateProvince":"","_VenueLat":"","_VenueLng":"","_VenueShowMap":false,"_VenueShowMapLink":false,"footnotes":""},"categories":[13],"tags":[15,22],"class_list":["post-4789","post","type-post","status-publish","format-standard","has-post-thumbnail","hentry","category-articles","tag-international","tag-paix"],"yoast_head":"<!-- This site is optimized with the Yoast SEO plugin v27.4 - https:\/\/yoast.com\/product\/yoast-seo-wordpress\/ -->\n<title>Il n\u2019y aura pas de train de chefs d\u2019\u00c9tats europ\u00e9ens vers\u00a0Gaza - Nos R\u00e9volutions<\/title>\n<meta name=\"robots\" content=\"index, follow, max-snippet:-1, max-image-preview:large, max-video-preview:-1\" \/>\n<link rel=\"canonical\" href=\"https:\/\/nosrevolutions.fr\/en\/2025\/05\/19\/il-ny-aura-pas-de-train-de-chefs-detats-europeens-vers-gaza\/\" \/>\n<meta property=\"og:locale\" content=\"en_GB\" \/>\n<meta property=\"og:type\" content=\"article\" \/>\n<meta property=\"og:title\" content=\"Il n\u2019y aura pas de train de chefs d\u2019\u00c9tats europ\u00e9ens vers\u00a0Gaza - Nos R\u00e9volutions\" \/>\n<meta property=\"og:description\" content=\"Cet article du 15 mai 2025 est extrait de la lettre hebdomadaire de Patrick Le Hyaric. Cliquez ici pour lire la lettre de la semaine, et ici pour vous y [&hellip;]\" \/>\n<meta property=\"og:url\" content=\"https:\/\/nosrevolutions.fr\/en\/2025\/05\/19\/il-ny-aura-pas-de-train-de-chefs-detats-europeens-vers-gaza\/\" \/>\n<meta property=\"og:site_name\" content=\"Nos R\u00e9volutions\" \/>\n<meta property=\"article:published_time\" content=\"2025-05-19T03:00:00+00:00\" \/>\n<meta property=\"article:modified_time\" content=\"2025-05-23T14:36:40+00:00\" \/>\n<meta property=\"og:image\" content=\"https:\/\/nosrevolutions.fr\/wp-content\/uploads\/2025\/05\/Gaza_war_2023_-_2025_IMG_8182.png\" \/>\n\t<meta property=\"og:image:width\" content=\"1024\" \/>\n\t<meta property=\"og:image:height\" content=\"576\" \/>\n\t<meta property=\"og:image:type\" content=\"image\/png\" \/>\n<meta name=\"author\" content=\"Patrick le Hyaric\" \/>\n<meta name=\"twitter:card\" content=\"summary_large_image\" \/>\n<meta name=\"twitter:creator\" content=\"@NosRevolutions\" \/>\n<meta name=\"twitter:site\" content=\"@NosRevolutions\" \/>\n<meta name=\"twitter:label1\" content=\"Written by\" \/>\n\t<meta name=\"twitter:data1\" content=\"Patrick le Hyaric\" \/>\n\t<meta name=\"twitter:label2\" content=\"Estimated reading time\" \/>\n\t<meta name=\"twitter:data2\" content=\"11 minutes\" \/>\n<script type=\"application\/ld+json\" class=\"yoast-schema-graph\">{\"@context\":\"https:\\\/\\\/schema.org\",\"@graph\":[{\"@type\":\"Article\",\"@id\":\"https:\\\/\\\/nosrevolutions.fr\\\/2025\\\/05\\\/19\\\/il-ny-aura-pas-de-train-de-chefs-detats-europeens-vers-gaza\\\/#article\",\"isPartOf\":{\"@id\":\"https:\\\/\\\/nosrevolutions.fr\\\/2025\\\/05\\\/19\\\/il-ny-aura-pas-de-train-de-chefs-detats-europeens-vers-gaza\\\/\"},\"author\":{\"name\":\"Patrick le Hyaric\",\"@id\":\"https:\\\/\\\/nosrevolutions.fr\\\/#\\\/schema\\\/person\\\/8c468d72c09d01b9f55ed5f05ed42494\"},\"headline\":\"Il n\u2019y aura pas de train de chefs d\u2019\u00c9tats europ\u00e9ens vers\u00a0Gaza\",\"datePublished\":\"2025-05-19T03:00:00+00:00\",\"dateModified\":\"2025-05-23T14:36:40+00:00\",\"mainEntityOfPage\":{\"@id\":\"https:\\\/\\\/nosrevolutions.fr\\\/2025\\\/05\\\/19\\\/il-ny-aura-pas-de-train-de-chefs-detats-europeens-vers-gaza\\\/\"},\"wordCount\":2301,\"publisher\":{\"@id\":\"https:\\\/\\\/nosrevolutions.fr\\\/#organization\"},\"image\":{\"@id\":\"https:\\\/\\\/nosrevolutions.fr\\\/2025\\\/05\\\/19\\\/il-ny-aura-pas-de-train-de-chefs-detats-europeens-vers-gaza\\\/#primaryimage\"},\"thumbnailUrl\":\"https:\\\/\\\/nosrevolutions.fr\\\/wp-content\\\/uploads\\\/2025\\\/05\\\/Gaza_war_2023_-_2025_IMG_8182.png\",\"keywords\":[\"International\",\"Paix\"],\"articleSection\":[\"Articles\"],\"inLanguage\":\"en-GB\"},{\"@type\":\"WebPage\",\"@id\":\"https:\\\/\\\/nosrevolutions.fr\\\/2025\\\/05\\\/19\\\/il-ny-aura-pas-de-train-de-chefs-detats-europeens-vers-gaza\\\/\",\"url\":\"https:\\\/\\\/nosrevolutions.fr\\\/2025\\\/05\\\/19\\\/il-ny-aura-pas-de-train-de-chefs-detats-europeens-vers-gaza\\\/\",\"name\":\"Il n\u2019y aura pas de train de chefs d\u2019\u00c9tats europ\u00e9ens vers\u00a0Gaza - Nos R\u00e9volutions\",\"isPartOf\":{\"@id\":\"https:\\\/\\\/nosrevolutions.fr\\\/#website\"},\"primaryImageOfPage\":{\"@id\":\"https:\\\/\\\/nosrevolutions.fr\\\/2025\\\/05\\\/19\\\/il-ny-aura-pas-de-train-de-chefs-detats-europeens-vers-gaza\\\/#primaryimage\"},\"image\":{\"@id\":\"https:\\\/\\\/nosrevolutions.fr\\\/2025\\\/05\\\/19\\\/il-ny-aura-pas-de-train-de-chefs-detats-europeens-vers-gaza\\\/#primaryimage\"},\"thumbnailUrl\":\"https:\\\/\\\/nosrevolutions.fr\\\/wp-content\\\/uploads\\\/2025\\\/05\\\/Gaza_war_2023_-_2025_IMG_8182.png\",\"datePublished\":\"2025-05-19T03:00:00+00:00\",\"dateModified\":\"2025-05-23T14:36:40+00:00\",\"breadcrumb\":{\"@id\":\"https:\\\/\\\/nosrevolutions.fr\\\/2025\\\/05\\\/19\\\/il-ny-aura-pas-de-train-de-chefs-detats-europeens-vers-gaza\\\/#breadcrumb\"},\"inLanguage\":\"en-GB\",\"potentialAction\":[{\"@type\":\"ReadAction\",\"target\":[\"https:\\\/\\\/nosrevolutions.fr\\\/2025\\\/05\\\/19\\\/il-ny-aura-pas-de-train-de-chefs-detats-europeens-vers-gaza\\\/\"]}]},{\"@type\":\"ImageObject\",\"inLanguage\":\"en-GB\",\"@id\":\"https:\\\/\\\/nosrevolutions.fr\\\/2025\\\/05\\\/19\\\/il-ny-aura-pas-de-train-de-chefs-detats-europeens-vers-gaza\\\/#primaryimage\",\"url\":\"https:\\\/\\\/nosrevolutions.fr\\\/wp-content\\\/uploads\\\/2025\\\/05\\\/Gaza_war_2023_-_2025_IMG_8182.png\",\"contentUrl\":\"https:\\\/\\\/nosrevolutions.fr\\\/wp-content\\\/uploads\\\/2025\\\/05\\\/Gaza_war_2023_-_2025_IMG_8182.png\",\"width\":1024,\"height\":576},{\"@type\":\"BreadcrumbList\",\"@id\":\"https:\\\/\\\/nosrevolutions.fr\\\/2025\\\/05\\\/19\\\/il-ny-aura-pas-de-train-de-chefs-detats-europeens-vers-gaza\\\/#breadcrumb\",\"itemListElement\":[{\"@type\":\"ListItem\",\"position\":1,\"name\":\"Accueil\",\"item\":\"https:\\\/\\\/nosrevolutions.fr\\\/\"},{\"@type\":\"ListItem\",\"position\":2,\"name\":\"Il n\u2019y aura pas de train de chefs d\u2019\u00c9tats europ\u00e9ens vers\u00a0Gaza\"}]},{\"@type\":\"WebSite\",\"@id\":\"https:\\\/\\\/nosrevolutions.fr\\\/#website\",\"url\":\"https:\\\/\\\/nosrevolutions.fr\\\/\",\"name\":\"Nos R\u00e9volutions\",\"description\":\"Communisme et mouvement social\",\"publisher\":{\"@id\":\"https:\\\/\\\/nosrevolutions.fr\\\/#organization\"},\"potentialAction\":[{\"@type\":\"SearchAction\",\"target\":{\"@type\":\"EntryPoint\",\"urlTemplate\":\"https:\\\/\\\/nosrevolutions.fr\\\/?s={search_term_string}\"},\"query-input\":{\"@type\":\"PropertyValueSpecification\",\"valueRequired\":true,\"valueName\":\"search_term_string\"}}],\"inLanguage\":\"en-GB\"},{\"@type\":\"Organization\",\"@id\":\"https:\\\/\\\/nosrevolutions.fr\\\/#organization\",\"name\":\"Nos R\u00e9volutions\",\"url\":\"https:\\\/\\\/nosrevolutions.fr\\\/\",\"logo\":{\"@type\":\"ImageObject\",\"inLanguage\":\"en-GB\",\"@id\":\"https:\\\/\\\/nosrevolutions.fr\\\/#\\\/schema\\\/logo\\\/image\\\/\",\"url\":\"https:\\\/\\\/nosrevolutions.fr\\\/wp-content\\\/uploads\\\/2022\\\/09\\\/nrs_logo_noir.png\",\"contentUrl\":\"https:\\\/\\\/nosrevolutions.fr\\\/wp-content\\\/uploads\\\/2022\\\/09\\\/nrs_logo_noir.png\",\"width\":2000,\"height\":501,\"caption\":\"Nos R\u00e9volutions\"},\"image\":{\"@id\":\"https:\\\/\\\/nosrevolutions.fr\\\/#\\\/schema\\\/logo\\\/image\\\/\"},\"sameAs\":[\"https:\\\/\\\/x.com\\\/NosRevolutions\"]},{\"@type\":\"Person\",\"@id\":\"https:\\\/\\\/nosrevolutions.fr\\\/#\\\/schema\\\/person\\\/8c468d72c09d01b9f55ed5f05ed42494\",\"name\":\"Patrick le Hyaric\",\"image\":{\"@type\":\"ImageObject\",\"inLanguage\":\"en-GB\",\"@id\":\"https:\\\/\\\/secure.gravatar.com\\\/avatar\\\/f5ed45644d7558a1b6777fbf6067479e91917fbf3acb31e3e6c55a4c469bb685?s=96&d=mm&r=g\",\"url\":\"https:\\\/\\\/secure.gravatar.com\\\/avatar\\\/f5ed45644d7558a1b6777fbf6067479e91917fbf3acb31e3e6c55a4c469bb685?s=96&d=mm&r=g\",\"contentUrl\":\"https:\\\/\\\/secure.gravatar.com\\\/avatar\\\/f5ed45644d7558a1b6777fbf6067479e91917fbf3acb31e3e6c55a4c469bb685?s=96&d=mm&r=g\",\"caption\":\"Patrick le Hyaric\"},\"url\":\"https:\\\/\\\/nosrevolutions.fr\\\/en\\\/author\\\/patricklehyaric\\\/\"}]}<\/script>\n<!-- \/ Yoast SEO plugin. -->","yoast_head_json":{"title":"Il n\u2019y aura pas de train de chefs d\u2019\u00c9tats europ\u00e9ens vers\u00a0Gaza - Nos R\u00e9volutions","robots":{"index":"index","follow":"follow","max-snippet":"max-snippet:-1","max-image-preview":"max-image-preview:large","max-video-preview":"max-video-preview:-1"},"canonical":"https:\/\/nosrevolutions.fr\/en\/2025\/05\/19\/il-ny-aura-pas-de-train-de-chefs-detats-europeens-vers-gaza\/","og_locale":"en_GB","og_type":"article","og_title":"Il n\u2019y aura pas de train de chefs d\u2019\u00c9tats europ\u00e9ens vers\u00a0Gaza - Nos R\u00e9volutions","og_description":"Cet article du 15 mai 2025 est extrait de la lettre hebdomadaire de Patrick Le Hyaric. Cliquez ici pour lire la lettre de la semaine, et ici pour vous y [&hellip;]","og_url":"https:\/\/nosrevolutions.fr\/en\/2025\/05\/19\/il-ny-aura-pas-de-train-de-chefs-detats-europeens-vers-gaza\/","og_site_name":"Nos R\u00e9volutions","article_published_time":"2025-05-19T03:00:00+00:00","article_modified_time":"2025-05-23T14:36:40+00:00","og_image":[{"width":1024,"height":576,"url":"https:\/\/nosrevolutions.fr\/wp-content\/uploads\/2025\/05\/Gaza_war_2023_-_2025_IMG_8182.png","type":"image\/png"}],"author":"Patrick le Hyaric","twitter_card":"summary_large_image","twitter_creator":"@NosRevolutions","twitter_site":"@NosRevolutions","twitter_misc":{"Written by":"Patrick le Hyaric","Estimated reading time":"11 minutes"},"schema":{"@context":"https:\/\/schema.org","@graph":[{"@type":"Article","@id":"https:\/\/nosrevolutions.fr\/2025\/05\/19\/il-ny-aura-pas-de-train-de-chefs-detats-europeens-vers-gaza\/#article","isPartOf":{"@id":"https:\/\/nosrevolutions.fr\/2025\/05\/19\/il-ny-aura-pas-de-train-de-chefs-detats-europeens-vers-gaza\/"},"author":{"name":"Patrick le Hyaric","@id":"https:\/\/nosrevolutions.fr\/#\/schema\/person\/8c468d72c09d01b9f55ed5f05ed42494"},"headline":"Il n\u2019y aura pas de train de chefs d\u2019\u00c9tats europ\u00e9ens vers\u00a0Gaza","datePublished":"2025-05-19T03:00:00+00:00","dateModified":"2025-05-23T14:36:40+00:00","mainEntityOfPage":{"@id":"https:\/\/nosrevolutions.fr\/2025\/05\/19\/il-ny-aura-pas-de-train-de-chefs-detats-europeens-vers-gaza\/"},"wordCount":2301,"publisher":{"@id":"https:\/\/nosrevolutions.fr\/#organization"},"image":{"@id":"https:\/\/nosrevolutions.fr\/2025\/05\/19\/il-ny-aura-pas-de-train-de-chefs-detats-europeens-vers-gaza\/#primaryimage"},"thumbnailUrl":"https:\/\/nosrevolutions.fr\/wp-content\/uploads\/2025\/05\/Gaza_war_2023_-_2025_IMG_8182.png","keywords":["International","Paix"],"articleSection":["Articles"],"inLanguage":"en-GB"},{"@type":"WebPage","@id":"https:\/\/nosrevolutions.fr\/2025\/05\/19\/il-ny-aura-pas-de-train-de-chefs-detats-europeens-vers-gaza\/","url":"https:\/\/nosrevolutions.fr\/2025\/05\/19\/il-ny-aura-pas-de-train-de-chefs-detats-europeens-vers-gaza\/","name":"Il n\u2019y aura pas de train de chefs d\u2019\u00c9tats europ\u00e9ens vers\u00a0Gaza - Nos R\u00e9volutions","isPartOf":{"@id":"https:\/\/nosrevolutions.fr\/#website"},"primaryImageOfPage":{"@id":"https:\/\/nosrevolutions.fr\/2025\/05\/19\/il-ny-aura-pas-de-train-de-chefs-detats-europeens-vers-gaza\/#primaryimage"},"image":{"@id":"https:\/\/nosrevolutions.fr\/2025\/05\/19\/il-ny-aura-pas-de-train-de-chefs-detats-europeens-vers-gaza\/#primaryimage"},"thumbnailUrl":"https:\/\/nosrevolutions.fr\/wp-content\/uploads\/2025\/05\/Gaza_war_2023_-_2025_IMG_8182.png","datePublished":"2025-05-19T03:00:00+00:00","dateModified":"2025-05-23T14:36:40+00:00","breadcrumb":{"@id":"https:\/\/nosrevolutions.fr\/2025\/05\/19\/il-ny-aura-pas-de-train-de-chefs-detats-europeens-vers-gaza\/#breadcrumb"},"inLanguage":"en-GB","potentialAction":[{"@type":"ReadAction","target":["https:\/\/nosrevolutions.fr\/2025\/05\/19\/il-ny-aura-pas-de-train-de-chefs-detats-europeens-vers-gaza\/"]}]},{"@type":"ImageObject","inLanguage":"en-GB","@id":"https:\/\/nosrevolutions.fr\/2025\/05\/19\/il-ny-aura-pas-de-train-de-chefs-detats-europeens-vers-gaza\/#primaryimage","url":"https:\/\/nosrevolutions.fr\/wp-content\/uploads\/2025\/05\/Gaza_war_2023_-_2025_IMG_8182.png","contentUrl":"https:\/\/nosrevolutions.fr\/wp-content\/uploads\/2025\/05\/Gaza_war_2023_-_2025_IMG_8182.png","width":1024,"height":576},{"@type":"BreadcrumbList","@id":"https:\/\/nosrevolutions.fr\/2025\/05\/19\/il-ny-aura-pas-de-train-de-chefs-detats-europeens-vers-gaza\/#breadcrumb","itemListElement":[{"@type":"ListItem","position":1,"name":"Accueil","item":"https:\/\/nosrevolutions.fr\/"},{"@type":"ListItem","position":2,"name":"Il n\u2019y aura pas de train de chefs d\u2019\u00c9tats europ\u00e9ens vers\u00a0Gaza"}]},{"@type":"WebSite","@id":"https:\/\/nosrevolutions.fr\/#website","url":"https:\/\/nosrevolutions.fr\/","name":"Nos R\u00e9volutions","description":"Communisme et mouvement social","publisher":{"@id":"https:\/\/nosrevolutions.fr\/#organization"},"potentialAction":[{"@type":"SearchAction","target":{"@type":"EntryPoint","urlTemplate":"https:\/\/nosrevolutions.fr\/?s={search_term_string}"},"query-input":{"@type":"PropertyValueSpecification","valueRequired":true,"valueName":"search_term_string"}}],"inLanguage":"en-GB"},{"@type":"Organization","@id":"https:\/\/nosrevolutions.fr\/#organization","name":"Nos R\u00e9volutions","url":"https:\/\/nosrevolutions.fr\/","logo":{"@type":"ImageObject","inLanguage":"en-GB","@id":"https:\/\/nosrevolutions.fr\/#\/schema\/logo\/image\/","url":"https:\/\/nosrevolutions.fr\/wp-content\/uploads\/2022\/09\/nrs_logo_noir.png","contentUrl":"https:\/\/nosrevolutions.fr\/wp-content\/uploads\/2022\/09\/nrs_logo_noir.png","width":2000,"height":501,"caption":"Nos R\u00e9volutions"},"image":{"@id":"https:\/\/nosrevolutions.fr\/#\/schema\/logo\/image\/"},"sameAs":["https:\/\/x.com\/NosRevolutions"]},{"@type":"Person","@id":"https:\/\/nosrevolutions.fr\/#\/schema\/person\/8c468d72c09d01b9f55ed5f05ed42494","name":"Patrick le Hyaric","image":{"@type":"ImageObject","inLanguage":"en-GB","@id":"https:\/\/secure.gravatar.com\/avatar\/f5ed45644d7558a1b6777fbf6067479e91917fbf3acb31e3e6c55a4c469bb685?s=96&d=mm&r=g","url":"https:\/\/secure.gravatar.com\/avatar\/f5ed45644d7558a1b6777fbf6067479e91917fbf3acb31e3e6c55a4c469bb685?s=96&d=mm&r=g","contentUrl":"https:\/\/secure.gravatar.com\/avatar\/f5ed45644d7558a1b6777fbf6067479e91917fbf3acb31e3e6c55a4c469bb685?s=96&d=mm&r=g","caption":"Patrick le Hyaric"},"url":"https:\/\/nosrevolutions.fr\/en\/author\/patricklehyaric\/"}]}},"_links":{"self":[{"href":"https:\/\/nosrevolutions.fr\/en\/wp-json\/wp\/v2\/posts\/4789","targetHints":{"allow":["GET"]}}],"collection":[{"href":"https:\/\/nosrevolutions.fr\/en\/wp-json\/wp\/v2\/posts"}],"about":[{"href":"https:\/\/nosrevolutions.fr\/en\/wp-json\/wp\/v2\/types\/post"}],"author":[{"embeddable":true,"href":"https:\/\/nosrevolutions.fr\/en\/wp-json\/wp\/v2\/users\/16"}],"replies":[{"embeddable":true,"href":"https:\/\/nosrevolutions.fr\/en\/wp-json\/wp\/v2\/comments?post=4789"}],"version-history":[{"count":6,"href":"https:\/\/nosrevolutions.fr\/en\/wp-json\/wp\/v2\/posts\/4789\/revisions"}],"predecessor-version":[{"id":5129,"href":"https:\/\/nosrevolutions.fr\/en\/wp-json\/wp\/v2\/posts\/4789\/revisions\/5129"}],"wp:featuredmedia":[{"embeddable":true,"href":"https:\/\/nosrevolutions.fr\/en\/wp-json\/wp\/v2\/media\/4791"}],"wp:attachment":[{"href":"https:\/\/nosrevolutions.fr\/en\/wp-json\/wp\/v2\/media?parent=4789"}],"wp:term":[{"taxonomy":"category","embeddable":true,"href":"https:\/\/nosrevolutions.fr\/en\/wp-json\/wp\/v2\/categories?post=4789"},{"taxonomy":"post_tag","embeddable":true,"href":"https:\/\/nosrevolutions.fr\/en\/wp-json\/wp\/v2\/tags?post=4789"}],"curies":[{"name":"wp","href":"https:\/\/api.w.org\/{rel}","templated":true}]}}