{"id":4415,"date":"2024-11-25T05:00:00","date_gmt":"2024-11-25T04:00:00","guid":{"rendered":"https:\/\/nosrevolutions.fr\/?p=4415"},"modified":"2025-05-21T17:24:27","modified_gmt":"2025-05-21T15:24:27","slug":"que-le-front-devienne-vraiment-populaire","status":"publish","type":"post","link":"https:\/\/nosrevolutions.fr\/en\/2024\/11\/25\/que-le-front-devienne-vraiment-populaire\/","title":{"rendered":"Que le Front devienne vraiment populaire"},"content":{"rendered":"<p><em>Cet article du 23 novembre 2024<\/em> <em>is excerpted from Patrick Le Hyaric\u2019s weekly letter. Click <a href=\"http:\/\/r.lettre.patrick-le-hyaric.fr\/mk\/mr\/sh\/1t6AVsd2XFnIGDU3lOXKIKQqjpFhE9\/DfQySodG_sXT\">here<\/a> to read the full letter for this week, and <a href=\"https:\/\/patrick-le-hyaric.fr\/la-lettre-de-patrick-le-hyaric\/\">here<\/a> to subscribe to it<\/em>.<\/p>\n\n\n\n<p><\/p>\n\n\n\n<p>Au-del\u00e0 d\u2019un indispensable d\u00e9placement aupr\u00e8s d\u2019un piquet de gr\u00e8ve ou dans un local syndical, <strong>les forces politiques de gauche doivent \u00e9couter et entendre ensemble les salari\u00e9s afin d\u2019\u00e9laborer avec eux des issues \u00e0 leurs difficult\u00e9s<\/strong>. Toutes les luttes en cours et celles qui sont en germination sont en effet d\u2019int\u00e9r\u00eat g\u00e9n\u00e9ral et portent sur le droit de vivre, le sens et l\u2019utilit\u00e9 du travail, la vie de la diversit\u00e9 des territoires et la d\u00e9fense du climat et de la biodiversit\u00e9.<\/p>\n\n\n\n<p><strong>L\u2019heure est bien \u00e0 cultiver l\u2019unit\u00e9 populaire pour r\u00e9sister, conqu\u00e9rir des droits nouveaux, faire progresser l\u2019\u00e9galit\u00e9 et l\u2019humanit\u00e9<\/strong>. Le faire jour apr\u00e8s jour dans l\u2019unit\u00e9, c\u2019est se donner les moyens de faire refluer les extr\u00eames droites. C\u2019est, avec le nouveau front populaire donner de la force aux exigences populaires.<\/p>\n\n\n\n<p>Des villes comme des campagnes, de la multitude d\u2019ouvriers, d\u2019employ\u00e9s, d\u2019agents publics, d\u2019agriculteurs, d\u2019enseignants, de chercheurs, d\u2019\u00e9lus d\u2019opinions diverses, de retrait\u00e9s, germe la contestation globale de l\u2019aust\u00e9rit\u00e9 quand les milliardaires se pavanent et que le grand capital jubile. Toutes et tous int\u00e8grent progressivement l\u2019id\u00e9e que ce n\u2019est pas en r\u00e9duisant des cr\u00e9dits publics ici qu\u2019on am\u00e9liore la situation l\u00e0.<\/p>\n\n\n\n<h4 class=\"wp-block-heading\"><strong>La fable de la \u00ab r\u00e9industrialisation \u00bb<\/strong><\/h4>\n\n\n\n<p>Sans l\u2019exprimer ainsi et sans en avoir forc\u00e9ment conscience, c\u2019est la pr\u00e9dation du capitalisme qu\u2018ils mettent en cause dans un monde o\u00f9 on leur demande d\u2019accepter une \u00e9conomie de guerre porteuse de pire et de mort.<\/p>\n\n\n\n<p><strong>Avec la froide avalanche des plans de suppression d\u2019emplois et de fermeture d\u2019usines, sautent aux yeux comme au visage les mensonges pr\u00e9sidentiels et ceux des forces de droite, la fable sans cesse r\u00e9p\u00e9t\u00e9e d\u2019une \u00ab r\u00e9industrialisation \u00bb<\/strong>. Cont\u00e9e matin, midi et soir, elle ne sert qu\u2019\u00e0 justifier les d\u00e9gr\u00e8vements fiscaux et sociaux du grand capital internationalis\u00e9 de la grande industrie. Les noms de Michelin, d\u2019Auchan, de Valeo, de Watts, de l\u2019usine chimique Vencorex, de Team Tex, de General Electric, de Sanofi ou de la soci\u00e9t\u00e9 MA France et de tant d\u2019autres sont les symboles des d\u00e9capitations en cours de nos atouts industriels, alors que des nuages dor\u00e9s, aux noms aussi curieux que \u00ab CICE \u00bb ou \u00ab cr\u00e9dit d\u2019imp\u00f4t recherche \u00bb, d\u00e9versent leurs pluies de gros ch\u00e8ques d\u2019argent public l\u00e0 o\u00f9 c\u2019est d\u00e9j\u00e0 bien irrigu\u00e9.<\/p>\n\n\n\n<p><strong>M\u00eame les gouvernants ont du mal \u00e0 justifier des plans de suppression d\u2019emplois et d\u2019arr\u00eats d\u2019activit\u00e9s dans des entreprises o\u00f9 les profits sont au z\u00e9nith, avec des actionnaires qui ne connaissent aucunement la crise<\/strong>. Voil\u00e0 des mois que la fameuse \u00ab main invisible du march\u00e9 \u00bb capitaliste fait pression contre la r\u00e9mun\u00e9ration du travail et de l\u2019emploi, la variable d\u2019ajustement \u00e0 l\u2019accumulation du capital et de son taux de profit. Cette lutte de la classe poss\u00e9dante contre la classe des travailleurs de toutes disciplines s\u2019exacerbe.<\/p>\n\n\n\n<p>Et le pouvoir se met au service de cette lutte des classes en attaquant le statut de la fonction publique, en affaiblissant La Poste, en abaissant encore les remboursements de sant\u00e9, en augmentant les jours de carences pour maladie, ou encore en demandant une seconde journ\u00e9e de travail gratuit, en d\u00e9truisant des normes qui entravent l\u2019accumulation capitaliste. Bref, en \u00e9crasant le travail, en affaiblissant ou en d\u00e9truisant les services publics, en spoliant les retrait\u00e9s, les mandataires des puissances industrielles, agro-industrielles et financi\u00e8res \u00e9puisent les corps et la nature.<\/p>\n\n\n\n<h4 class=\"wp-block-heading\"><strong>Sortir des huis clos parlementaires et entre partis<\/strong><\/h4>\n\n\n\n<p>Ces conditions font m\u00fbrir l\u2019exigence d\u2019une unit\u00e9 populaire combative de qualit\u00e9 nouvelle mettant \u00e0 nu les vrais responsables des souffrances sociales qui s\u2019amplifient et \u00e9laborant au c\u0153ur des luttes des solutions neuves pour des processus de transformations structurelles progressistes.<\/p>\n\n\n\n<p>Chacun comprendra que la d\u00e9cision de vendre le Doliprane \u00e0 un fonds nord-am\u00e9ricain, que les licenciements \u00e0 Auchan ou \u00e0 Michelin, que la privatisation du Fret Sncf, que le trait\u00e9 de libre-\u00e9change avec le Mercosur et que la folle strat\u00e9gie de \u00ab l\u2019\u00e9conomie de guerre \u00bb ne sont pas dus \u00e0 l\u2019immigration, mais bien \u00e0 une volont\u00e9 du capital de restaurer ses taux de profit dans une dangereuse comp\u00e9tition intercapitaliste.<\/p>\n\n\n\n<p><strong>Partout des comit\u00e9s du Nouveau Front populaire (NFP) peuvent donner des informations, d\u00e9velopper de nouvelles solidarit\u00e9s concr\u00e8tes avec les travailleurs en lutte, organiser des discussions avec toutes celles et ceux qui souffrent et cherchent des issues, \u00e9laborer des projets communs et des alternatives progressistes<\/strong>. \u00c9videmment, les organisations politiques de gauche et de l\u2019\u00e9cologie prennent leur part de responsabilit\u00e9.<\/p>\n\n\n\n<p>Toutefois, <strong>l\u2019exp\u00e9rience tend \u00e0 montrer qu\u2019il devient imp\u00e9ratif de sortir des huis clos parlementaires ou m\u00eames des huis clos entre partis de gauche<\/strong>. Ce sont les travailleurs, les citoyens dans leur diversit\u00e9, qui doivent se donner les moyens de prendre leur destin en main avec l\u2019aide des forces constitutives du nouveau rassemblement populaire. Populaire, c\u2019est-\u00e0-dire allant bien au-del\u00e0 des forces politiques et associant en permanence forces syndicales, associatives, organisations non gouvernementales, collectifs militants de l\u2019environnement, de la culture ou de la science, en osmose avec les travailleurs et les citoyens, de l\u2019\u00e9chelon local \u00e0 celui du pays, selon les enjeux pos\u00e9s par les luttes.<\/p>\n\n\n\n<p>Si les forces de gauche et de l\u2019\u00e9cologie pr\u00e9sidaient le gouvernement, un tel front d\u2019action r\u00e9ellement populaire serait absolument indispensable. La classe des poss\u00e9dants, les institutions europ\u00e9ennes, les droites et extr\u00eames droites combattraient \u00e9videmment avec force toute politique de changement.<\/p>\n\n\n\n<h4 class=\"wp-block-heading\"><strong>Les comit\u00e9s du NFP, des bases de production d\u2019intelligence collective et de luttes<\/strong><\/h4>\n\n\n\n<p><strong>La question premi\u00e8re n\u2019est donc pas celle du prochain scrutin, mais bien celle de la construction du rassemblement populaire pour obtenir des conquis progressistes en disputant aux classes dominantes le combat id\u00e9ologique et culturel<\/strong>. C\u2019est de cette unit\u00e9 populaire, ancr\u00e9e dans les luttes sociales ou environnementales, que se cr\u00e9era un rapport de force favorable au progr\u00e8s social, d\u00e9mocratique, \u00e9cologique, et \u00e0 la paix.<\/p>\n\n\n\n<p>Tout en \u00e9tant des espaces de dialogue et d\u2019\u00e9laboration, les comit\u00e9s du NFP sont des bases de production d\u2019intelligence collective, culturelle, d\u2019exp\u00e9rimentation d\u00e9mocratique, de \u00ab sens commun \u00bb contre les divisions qu\u2019imposent les puissants pour poursuivre leur domination.<\/p>\n\n\n\n<p>Malgr\u00e9 les efforts produits au Parlement pour un autre budget par les forces de gauche et de l\u2019\u00e9cologie politique, l\u2019exp\u00e9rience montre \u00e0 celles et ceux qui agissent pour d\u00e9fendre tel ou tel service public, leur budget communal ou ceux des services sociaux d\u00e9partementaux, qu\u2019un budget d\u2019aust\u00e9rit\u00e9 sera adopt\u00e9 autoritairement par l\u2019article 49 alin\u00e9a 3 de la Constitution de la Ve R\u00e9publique. Voil\u00e0 qui en dit d\u2019ailleurs long sur la d\u00e9mocratie parlementaire. Par contre, des comit\u00e9s du NFP s\u2019emparant dans tout le pays de cet enjeu pourraient bousculer bien des sc\u00e9narios.<\/p>\n\n\n\n<p><strong>De m\u00eame, de tels comit\u00e9s informant et \u00e9largissant l\u2019action sur les contenus du trait\u00e9 avec le Mercosur permettraient un bond en avant dans l\u2019action contre la libert\u00e9 de circulation du capital et des marchandises<\/strong>. Car, c\u2019est de cela qu\u2019il s\u2019agit : d\u2019un moyen d\u2019amplification de la mondialisation capitaliste. Ce mauvais trait\u00e9 ne concerne pas que la paysannerie, mais aussi la qualit\u00e9 de notre alimentation, donc la sant\u00e9, mais surtout la souverainet\u00e9 populaire, puisqu\u2019avec les trait\u00e9s de libre-\u00e9change, ce sont des tribunaux arbitraux priv\u00e9s qui permettent de cr\u00e9er des jurisprudences contre le droit social ou environnemental des \u00c9tats.<\/p>\n\n\n\n<p>Des comit\u00e9s populaires rassemblant paysans-travailleurs, consommateurs, salari\u00e9s, artisans, \u00e9lus locaux, chercheurs, associations europ\u00e9ennes mobilis\u00e9es de longue date contre de tels trait\u00e9s pourraient enfin ouvrir la voie au retrait de ce texte et, au-del\u00e0, \u00e0 tous les trait\u00e9s de m\u00eame type, pour les remplacer par des accords de coop\u00e9ration mutuellement avantageux \u00e0 tous les peuples, \u00e0 l\u2019environnement et \u00e0 la qualit\u00e9 et la s\u00e9curit\u00e9 alimentaires.<\/p>\n\n\n\n<h4 class=\"wp-block-heading\"><strong>Une puissante force populaire \u00e0 cultiver<\/strong><\/h4>\n\n\n\n<p>La force du mouvement populaire est d\u00e9j\u00e0 immense. <strong>Les mouvements sociaux et environnementaux en cours s\u2019ajoutent \u00e0 la multiplicit\u00e9 des grandes actions qui ont jalonn\u00e9 ces derni\u00e8res ann\u00e9es<\/strong> : celles pour la d\u00e9fense du Code du travail, celles des Gilets jaunes, celles des jeunes pour le climat et l\u2019environnement, celles massives oppos\u00e9es \u00e0 la contre-r\u00e9forme des retraites, en passant par les solidarit\u00e9s durant la pand\u00e9mie, les mouvements pour l\u2019application du droit international pour d\u00e9fendre la Palestine et pour la paix, les exp\u00e9rimentations nouvelles d\u2019une \u00e9conomie sociale et solidaire, ou pour la pr\u00e9servation de la biodiversit\u00e9, ou la reprise par les travailleurs de leurs usines sous forme de coop\u00e9ratives, l\u2019engagement de toutes celles et ceux en faveur de la protection des personnes et la solidarit\u00e9 alimentaire avec les associations humanitaires, le mouvement f\u00e9ministe, celles et ceux qui font vivre et d\u00e9fendent la vie associative menac\u00e9e. Il s\u2019agit d\u2019une puissante force collective \u00e0 valoriser, \u00e0 cultiver, \u00e0 alimenter d\u2019id\u00e9es neuves \u00e0 mettre en partage.<\/p>\n\n\n\n<p><strong>Ces mobilisations sont un formidable creuset d\u2019exp\u00e9riences, d\u2019\u00e9laborations culturelles enrichissant la politique<\/strong>. Loin des enlaidissements de la politique, de ses d\u00e9naturations endossant les costumes d\u2019une monarchie r\u00e9publicaine, des inutiles provocations et pol\u00e9miques ou encore du d\u00e9coupage des \u00e9lectorats en tranche, cette intelligence politique, cr\u00e9ative, populaire, d\u00e9mocratique doit \u00eatre cultiv\u00e9e, valoris\u00e9e, afin de faire \u00e9merger ensemble les travailleurs et le peuple sur le devant de la sc\u00e8ne.<\/p>\n\n\n\n<h4 class=\"wp-block-heading\"><strong>Unir domin\u00e9s et exploit\u00e9s<\/strong><\/h4>\n\n\n\n<p><strong>Il n\u2019existe pas une \u00ab France des bourgs \u00bb d\u2019un c\u00f4t\u00e9, et une \u00ab France des tours \u00bb, de l\u2019autre. Par contre, le travail \u00e0 r\u00e9aliser pour unir les domin\u00e9s et les exploit\u00e9s des villes et des campagnes est \u00e9norme<\/strong>. Qu\u2019il habite dans une commune rurale ou au c\u0153ur de la ville de Vannes, l\u2019ouvrier travaillant \u00e0 l\u2019usine Michelin est pareillement m\u00e9pris\u00e9 et menac\u00e9 par le propri\u00e9taire de son usine qui n\u2019a cess\u00e9 d\u2019extorquer la plus-value de son travail r\u00e9alisant 2 milliards d\u2019euros de profits apr\u00e8s imp\u00f4t.<\/p>\n\n\n\n<p>Unir les domin\u00e9s et les exploit\u00e9s, valoriser une unit\u00e9 populaire qui fait prendre conscience de la force collective, cultiver \u00e0 chaque instant la d\u00e9mocratie r\u00e9elle est le processus par lequel la r\u00e9sistance face au capital ouvre la voie \u00e0 de nouvelles conqu\u00eates d\u00e9mocratiques et progressistes et \u00e0 la construction de l\u2019indispensable barrage contre les basculements en cours produisant ces affreuses et purulentes vagues brunes. <strong>Ce sont des raisons pour lesquelles le Front qui s\u2019est construit au d\u00e9but de l\u2019\u00e9t\u00e9 doit devenir vraiment populaire<\/strong>. Immenses sont les attentes.<\/p>\n\n\n\n<p><\/p>\n\n\n\n<hr class=\"wp-block-separator has-alpha-channel-opacity\"\/>\n\n\n\n<p>Image d&rsquo;illustration : \u00ab\u00a0mobilisation du 18 juillet pour imposer une alternative d\u00e9mocratique, sociale et \u00e9cologique\u00a0\u00bb, photographie par <a href=\"http:\/\/www.phototheque.org\/details.php?image_id=54612\">Jean-Paul Romani<\/a> pour la <a href=\"http:\/\/www.phototheque.org\/\">Phototh\u00e8que du Mouvement Social<\/a><\/p>","protected":false},"excerpt":{"rendered":"<p>Cet article du 23 novembre 2024 est extrait de la lettre hebdomadaire de Patrick Le Hyaric. Cliquez ici pour lire la lettre de la semaine, et ici pour vous y [&hellip;]<\/p>\n","protected":false},"author":16,"featured_media":4416,"comment_status":"closed","ping_status":"closed","sticky":false,"template":"","format":"standard","meta":{"_EventAllDay":false,"_EventTimezone":"","_EventStartDate":"","_EventEndDate":"","_EventStartDateUTC":"","_EventEndDateUTC":"","_EventShowMap":false,"_EventShowMapLink":false,"_EventURL":"","_EventCost":"","_EventCostDescription":"","_EventCurrencySymbol":"","_EventCurrencyCode":"","_EventCurrencyPosition":"","_EventDateTimeSeparator":"","_EventTimeRangeSeparator":"","_EventOrganizerID":[],"_EventVenueID":[],"_OrganizerEmail":"","_OrganizerPhone":"","_OrganizerWebsite":"","_VenueAddress":"","_VenueCity":"","_VenueCountry":"","_VenueProvince":"","_VenueState":"","_VenueZip":"","_VenuePhone":"","_VenueURL":"","_VenueStateProvince":"","_VenueLat":"","_VenueLng":"","_VenueShowMap":false,"_VenueShowMapLink":false,"footnotes":""},"categories":[13],"tags":[51,10],"class_list":["post-4415","post","type-post","status-publish","format-standard","has-post-thumbnail","hentry","category-articles","tag-gauche","tag-mouvement-social"],"yoast_head":"<!-- This site is optimized with the Yoast SEO plugin v27.4 - https:\/\/yoast.com\/product\/yoast-seo-wordpress\/ -->\n<title>Que le Front devienne vraiment populaire - Nos R\u00e9volutions<\/title>\n<meta name=\"robots\" content=\"index, follow, max-snippet:-1, max-image-preview:large, max-video-preview:-1\" \/>\n<link rel=\"canonical\" href=\"https:\/\/nosrevolutions.fr\/en\/2024\/11\/25\/que-le-front-devienne-vraiment-populaire\/\" \/>\n<meta property=\"og:locale\" content=\"en_GB\" \/>\n<meta property=\"og:type\" content=\"article\" \/>\n<meta property=\"og:title\" content=\"Que le Front devienne vraiment populaire - Nos R\u00e9volutions\" \/>\n<meta property=\"og:description\" content=\"Cet article du 23 novembre 2024 est extrait de la lettre hebdomadaire de Patrick Le Hyaric. Cliquez ici pour lire la lettre de la semaine, et ici pour vous y [&hellip;]\" \/>\n<meta property=\"og:url\" content=\"https:\/\/nosrevolutions.fr\/en\/2024\/11\/25\/que-le-front-devienne-vraiment-populaire\/\" \/>\n<meta property=\"og:site_name\" content=\"Nos R\u00e9volutions\" \/>\n<meta property=\"article:published_time\" content=\"2024-11-25T04:00:00+00:00\" \/>\n<meta property=\"article:modified_time\" content=\"2025-05-21T15:24:27+00:00\" \/>\n<meta property=\"og:image\" content=\"https:\/\/nosrevolutions.fr\/wp-content\/uploads\/2024\/11\/180419Manif-3034.jpg\" \/>\n\t<meta property=\"og:image:width\" content=\"1240\" \/>\n\t<meta property=\"og:image:height\" content=\"827\" \/>\n\t<meta property=\"og:image:type\" content=\"image\/jpeg\" \/>\n<meta name=\"author\" content=\"Patrick le Hyaric\" \/>\n<meta name=\"twitter:card\" content=\"summary_large_image\" \/>\n<meta name=\"twitter:creator\" content=\"@NosRevolutions\" \/>\n<meta name=\"twitter:site\" content=\"@NosRevolutions\" \/>\n<meta name=\"twitter:label1\" content=\"Written by\" \/>\n\t<meta name=\"twitter:data1\" content=\"Patrick le Hyaric\" \/>\n\t<meta name=\"twitter:label2\" content=\"Estimated reading time\" \/>\n\t<meta name=\"twitter:data2\" content=\"9 minutes\" \/>\n<script type=\"application\/ld+json\" class=\"yoast-schema-graph\">{\"@context\":\"https:\\\/\\\/schema.org\",\"@graph\":[{\"@type\":\"Article\",\"@id\":\"https:\\\/\\\/nosrevolutions.fr\\\/2024\\\/11\\\/25\\\/que-le-front-devienne-vraiment-populaire\\\/#article\",\"isPartOf\":{\"@id\":\"https:\\\/\\\/nosrevolutions.fr\\\/2024\\\/11\\\/25\\\/que-le-front-devienne-vraiment-populaire\\\/\"},\"author\":{\"name\":\"Patrick le Hyaric\",\"@id\":\"https:\\\/\\\/nosrevolutions.fr\\\/#\\\/schema\\\/person\\\/8c468d72c09d01b9f55ed5f05ed42494\"},\"headline\":\"Que le Front devienne vraiment populaire\",\"datePublished\":\"2024-11-25T04:00:00+00:00\",\"dateModified\":\"2025-05-21T15:24:27+00:00\",\"mainEntityOfPage\":{\"@id\":\"https:\\\/\\\/nosrevolutions.fr\\\/2024\\\/11\\\/25\\\/que-le-front-devienne-vraiment-populaire\\\/\"},\"wordCount\":1901,\"publisher\":{\"@id\":\"https:\\\/\\\/nosrevolutions.fr\\\/#organization\"},\"image\":{\"@id\":\"https:\\\/\\\/nosrevolutions.fr\\\/2024\\\/11\\\/25\\\/que-le-front-devienne-vraiment-populaire\\\/#primaryimage\"},\"thumbnailUrl\":\"https:\\\/\\\/nosrevolutions.fr\\\/wp-content\\\/uploads\\\/2024\\\/11\\\/180419Manif-3034.jpg\",\"keywords\":[\"Gauche\",\"Mouvement Social\"],\"articleSection\":[\"Articles\"],\"inLanguage\":\"en-GB\"},{\"@type\":\"WebPage\",\"@id\":\"https:\\\/\\\/nosrevolutions.fr\\\/2024\\\/11\\\/25\\\/que-le-front-devienne-vraiment-populaire\\\/\",\"url\":\"https:\\\/\\\/nosrevolutions.fr\\\/2024\\\/11\\\/25\\\/que-le-front-devienne-vraiment-populaire\\\/\",\"name\":\"Que le Front devienne vraiment populaire - Nos R\u00e9volutions\",\"isPartOf\":{\"@id\":\"https:\\\/\\\/nosrevolutions.fr\\\/#website\"},\"primaryImageOfPage\":{\"@id\":\"https:\\\/\\\/nosrevolutions.fr\\\/2024\\\/11\\\/25\\\/que-le-front-devienne-vraiment-populaire\\\/#primaryimage\"},\"image\":{\"@id\":\"https:\\\/\\\/nosrevolutions.fr\\\/2024\\\/11\\\/25\\\/que-le-front-devienne-vraiment-populaire\\\/#primaryimage\"},\"thumbnailUrl\":\"https:\\\/\\\/nosrevolutions.fr\\\/wp-content\\\/uploads\\\/2024\\\/11\\\/180419Manif-3034.jpg\",\"datePublished\":\"2024-11-25T04:00:00+00:00\",\"dateModified\":\"2025-05-21T15:24:27+00:00\",\"breadcrumb\":{\"@id\":\"https:\\\/\\\/nosrevolutions.fr\\\/2024\\\/11\\\/25\\\/que-le-front-devienne-vraiment-populaire\\\/#breadcrumb\"},\"inLanguage\":\"en-GB\",\"potentialAction\":[{\"@type\":\"ReadAction\",\"target\":[\"https:\\\/\\\/nosrevolutions.fr\\\/2024\\\/11\\\/25\\\/que-le-front-devienne-vraiment-populaire\\\/\"]}]},{\"@type\":\"ImageObject\",\"inLanguage\":\"en-GB\",\"@id\":\"https:\\\/\\\/nosrevolutions.fr\\\/2024\\\/11\\\/25\\\/que-le-front-devienne-vraiment-populaire\\\/#primaryimage\",\"url\":\"https:\\\/\\\/nosrevolutions.fr\\\/wp-content\\\/uploads\\\/2024\\\/11\\\/180419Manif-3034.jpg\",\"contentUrl\":\"https:\\\/\\\/nosrevolutions.fr\\\/wp-content\\\/uploads\\\/2024\\\/11\\\/180419Manif-3034.jpg\",\"width\":1240,\"height\":827},{\"@type\":\"BreadcrumbList\",\"@id\":\"https:\\\/\\\/nosrevolutions.fr\\\/2024\\\/11\\\/25\\\/que-le-front-devienne-vraiment-populaire\\\/#breadcrumb\",\"itemListElement\":[{\"@type\":\"ListItem\",\"position\":1,\"name\":\"Accueil\",\"item\":\"https:\\\/\\\/nosrevolutions.fr\\\/\"},{\"@type\":\"ListItem\",\"position\":2,\"name\":\"Que le Front devienne vraiment populaire\"}]},{\"@type\":\"WebSite\",\"@id\":\"https:\\\/\\\/nosrevolutions.fr\\\/#website\",\"url\":\"https:\\\/\\\/nosrevolutions.fr\\\/\",\"name\":\"Nos R\u00e9volutions\",\"description\":\"Communisme et mouvement social\",\"publisher\":{\"@id\":\"https:\\\/\\\/nosrevolutions.fr\\\/#organization\"},\"potentialAction\":[{\"@type\":\"SearchAction\",\"target\":{\"@type\":\"EntryPoint\",\"urlTemplate\":\"https:\\\/\\\/nosrevolutions.fr\\\/?s={search_term_string}\"},\"query-input\":{\"@type\":\"PropertyValueSpecification\",\"valueRequired\":true,\"valueName\":\"search_term_string\"}}],\"inLanguage\":\"en-GB\"},{\"@type\":\"Organization\",\"@id\":\"https:\\\/\\\/nosrevolutions.fr\\\/#organization\",\"name\":\"Nos R\u00e9volutions\",\"url\":\"https:\\\/\\\/nosrevolutions.fr\\\/\",\"logo\":{\"@type\":\"ImageObject\",\"inLanguage\":\"en-GB\",\"@id\":\"https:\\\/\\\/nosrevolutions.fr\\\/#\\\/schema\\\/logo\\\/image\\\/\",\"url\":\"https:\\\/\\\/nosrevolutions.fr\\\/wp-content\\\/uploads\\\/2022\\\/09\\\/nrs_logo_noir.png\",\"contentUrl\":\"https:\\\/\\\/nosrevolutions.fr\\\/wp-content\\\/uploads\\\/2022\\\/09\\\/nrs_logo_noir.png\",\"width\":2000,\"height\":501,\"caption\":\"Nos R\u00e9volutions\"},\"image\":{\"@id\":\"https:\\\/\\\/nosrevolutions.fr\\\/#\\\/schema\\\/logo\\\/image\\\/\"},\"sameAs\":[\"https:\\\/\\\/x.com\\\/NosRevolutions\"]},{\"@type\":\"Person\",\"@id\":\"https:\\\/\\\/nosrevolutions.fr\\\/#\\\/schema\\\/person\\\/8c468d72c09d01b9f55ed5f05ed42494\",\"name\":\"Patrick le Hyaric\",\"image\":{\"@type\":\"ImageObject\",\"inLanguage\":\"en-GB\",\"@id\":\"https:\\\/\\\/secure.gravatar.com\\\/avatar\\\/f5ed45644d7558a1b6777fbf6067479e91917fbf3acb31e3e6c55a4c469bb685?s=96&d=mm&r=g\",\"url\":\"https:\\\/\\\/secure.gravatar.com\\\/avatar\\\/f5ed45644d7558a1b6777fbf6067479e91917fbf3acb31e3e6c55a4c469bb685?s=96&d=mm&r=g\",\"contentUrl\":\"https:\\\/\\\/secure.gravatar.com\\\/avatar\\\/f5ed45644d7558a1b6777fbf6067479e91917fbf3acb31e3e6c55a4c469bb685?s=96&d=mm&r=g\",\"caption\":\"Patrick le Hyaric\"},\"url\":\"https:\\\/\\\/nosrevolutions.fr\\\/en\\\/author\\\/patricklehyaric\\\/\"}]}<\/script>\n<!-- \/ Yoast SEO plugin. -->","yoast_head_json":{"title":"Que le Front devienne vraiment populaire - Nos R\u00e9volutions","robots":{"index":"index","follow":"follow","max-snippet":"max-snippet:-1","max-image-preview":"max-image-preview:large","max-video-preview":"max-video-preview:-1"},"canonical":"https:\/\/nosrevolutions.fr\/en\/2024\/11\/25\/que-le-front-devienne-vraiment-populaire\/","og_locale":"en_GB","og_type":"article","og_title":"Que le Front devienne vraiment populaire - Nos R\u00e9volutions","og_description":"Cet article du 23 novembre 2024 est extrait de la lettre hebdomadaire de Patrick Le Hyaric. Cliquez ici pour lire la lettre de la semaine, et ici pour vous y [&hellip;]","og_url":"https:\/\/nosrevolutions.fr\/en\/2024\/11\/25\/que-le-front-devienne-vraiment-populaire\/","og_site_name":"Nos R\u00e9volutions","article_published_time":"2024-11-25T04:00:00+00:00","article_modified_time":"2025-05-21T15:24:27+00:00","og_image":[{"width":1240,"height":827,"url":"https:\/\/nosrevolutions.fr\/wp-content\/uploads\/2024\/11\/180419Manif-3034.jpg","type":"image\/jpeg"}],"author":"Patrick le Hyaric","twitter_card":"summary_large_image","twitter_creator":"@NosRevolutions","twitter_site":"@NosRevolutions","twitter_misc":{"Written by":"Patrick le Hyaric","Estimated reading time":"9 minutes"},"schema":{"@context":"https:\/\/schema.org","@graph":[{"@type":"Article","@id":"https:\/\/nosrevolutions.fr\/2024\/11\/25\/que-le-front-devienne-vraiment-populaire\/#article","isPartOf":{"@id":"https:\/\/nosrevolutions.fr\/2024\/11\/25\/que-le-front-devienne-vraiment-populaire\/"},"author":{"name":"Patrick le Hyaric","@id":"https:\/\/nosrevolutions.fr\/#\/schema\/person\/8c468d72c09d01b9f55ed5f05ed42494"},"headline":"Que le Front devienne vraiment populaire","datePublished":"2024-11-25T04:00:00+00:00","dateModified":"2025-05-21T15:24:27+00:00","mainEntityOfPage":{"@id":"https:\/\/nosrevolutions.fr\/2024\/11\/25\/que-le-front-devienne-vraiment-populaire\/"},"wordCount":1901,"publisher":{"@id":"https:\/\/nosrevolutions.fr\/#organization"},"image":{"@id":"https:\/\/nosrevolutions.fr\/2024\/11\/25\/que-le-front-devienne-vraiment-populaire\/#primaryimage"},"thumbnailUrl":"https:\/\/nosrevolutions.fr\/wp-content\/uploads\/2024\/11\/180419Manif-3034.jpg","keywords":["Gauche","Mouvement Social"],"articleSection":["Articles"],"inLanguage":"en-GB"},{"@type":"WebPage","@id":"https:\/\/nosrevolutions.fr\/2024\/11\/25\/que-le-front-devienne-vraiment-populaire\/","url":"https:\/\/nosrevolutions.fr\/2024\/11\/25\/que-le-front-devienne-vraiment-populaire\/","name":"Que le Front devienne vraiment populaire - Nos R\u00e9volutions","isPartOf":{"@id":"https:\/\/nosrevolutions.fr\/#website"},"primaryImageOfPage":{"@id":"https:\/\/nosrevolutions.fr\/2024\/11\/25\/que-le-front-devienne-vraiment-populaire\/#primaryimage"},"image":{"@id":"https:\/\/nosrevolutions.fr\/2024\/11\/25\/que-le-front-devienne-vraiment-populaire\/#primaryimage"},"thumbnailUrl":"https:\/\/nosrevolutions.fr\/wp-content\/uploads\/2024\/11\/180419Manif-3034.jpg","datePublished":"2024-11-25T04:00:00+00:00","dateModified":"2025-05-21T15:24:27+00:00","breadcrumb":{"@id":"https:\/\/nosrevolutions.fr\/2024\/11\/25\/que-le-front-devienne-vraiment-populaire\/#breadcrumb"},"inLanguage":"en-GB","potentialAction":[{"@type":"ReadAction","target":["https:\/\/nosrevolutions.fr\/2024\/11\/25\/que-le-front-devienne-vraiment-populaire\/"]}]},{"@type":"ImageObject","inLanguage":"en-GB","@id":"https:\/\/nosrevolutions.fr\/2024\/11\/25\/que-le-front-devienne-vraiment-populaire\/#primaryimage","url":"https:\/\/nosrevolutions.fr\/wp-content\/uploads\/2024\/11\/180419Manif-3034.jpg","contentUrl":"https:\/\/nosrevolutions.fr\/wp-content\/uploads\/2024\/11\/180419Manif-3034.jpg","width":1240,"height":827},{"@type":"BreadcrumbList","@id":"https:\/\/nosrevolutions.fr\/2024\/11\/25\/que-le-front-devienne-vraiment-populaire\/#breadcrumb","itemListElement":[{"@type":"ListItem","position":1,"name":"Accueil","item":"https:\/\/nosrevolutions.fr\/"},{"@type":"ListItem","position":2,"name":"Que le Front devienne vraiment populaire"}]},{"@type":"WebSite","@id":"https:\/\/nosrevolutions.fr\/#website","url":"https:\/\/nosrevolutions.fr\/","name":"Nos R\u00e9volutions","description":"Communisme et mouvement social","publisher":{"@id":"https:\/\/nosrevolutions.fr\/#organization"},"potentialAction":[{"@type":"SearchAction","target":{"@type":"EntryPoint","urlTemplate":"https:\/\/nosrevolutions.fr\/?s={search_term_string}"},"query-input":{"@type":"PropertyValueSpecification","valueRequired":true,"valueName":"search_term_string"}}],"inLanguage":"en-GB"},{"@type":"Organization","@id":"https:\/\/nosrevolutions.fr\/#organization","name":"Nos R\u00e9volutions","url":"https:\/\/nosrevolutions.fr\/","logo":{"@type":"ImageObject","inLanguage":"en-GB","@id":"https:\/\/nosrevolutions.fr\/#\/schema\/logo\/image\/","url":"https:\/\/nosrevolutions.fr\/wp-content\/uploads\/2022\/09\/nrs_logo_noir.png","contentUrl":"https:\/\/nosrevolutions.fr\/wp-content\/uploads\/2022\/09\/nrs_logo_noir.png","width":2000,"height":501,"caption":"Nos R\u00e9volutions"},"image":{"@id":"https:\/\/nosrevolutions.fr\/#\/schema\/logo\/image\/"},"sameAs":["https:\/\/x.com\/NosRevolutions"]},{"@type":"Person","@id":"https:\/\/nosrevolutions.fr\/#\/schema\/person\/8c468d72c09d01b9f55ed5f05ed42494","name":"Patrick le Hyaric","image":{"@type":"ImageObject","inLanguage":"en-GB","@id":"https:\/\/secure.gravatar.com\/avatar\/f5ed45644d7558a1b6777fbf6067479e91917fbf3acb31e3e6c55a4c469bb685?s=96&d=mm&r=g","url":"https:\/\/secure.gravatar.com\/avatar\/f5ed45644d7558a1b6777fbf6067479e91917fbf3acb31e3e6c55a4c469bb685?s=96&d=mm&r=g","contentUrl":"https:\/\/secure.gravatar.com\/avatar\/f5ed45644d7558a1b6777fbf6067479e91917fbf3acb31e3e6c55a4c469bb685?s=96&d=mm&r=g","caption":"Patrick le Hyaric"},"url":"https:\/\/nosrevolutions.fr\/en\/author\/patricklehyaric\/"}]}},"_links":{"self":[{"href":"https:\/\/nosrevolutions.fr\/en\/wp-json\/wp\/v2\/posts\/4415","targetHints":{"allow":["GET"]}}],"collection":[{"href":"https:\/\/nosrevolutions.fr\/en\/wp-json\/wp\/v2\/posts"}],"about":[{"href":"https:\/\/nosrevolutions.fr\/en\/wp-json\/wp\/v2\/types\/post"}],"author":[{"embeddable":true,"href":"https:\/\/nosrevolutions.fr\/en\/wp-json\/wp\/v2\/users\/16"}],"replies":[{"embeddable":true,"href":"https:\/\/nosrevolutions.fr\/en\/wp-json\/wp\/v2\/comments?post=4415"}],"version-history":[{"count":3,"href":"https:\/\/nosrevolutions.fr\/en\/wp-json\/wp\/v2\/posts\/4415\/revisions"}],"predecessor-version":[{"id":5025,"href":"https:\/\/nosrevolutions.fr\/en\/wp-json\/wp\/v2\/posts\/4415\/revisions\/5025"}],"wp:featuredmedia":[{"embeddable":true,"href":"https:\/\/nosrevolutions.fr\/en\/wp-json\/wp\/v2\/media\/4416"}],"wp:attachment":[{"href":"https:\/\/nosrevolutions.fr\/en\/wp-json\/wp\/v2\/media?parent=4415"}],"wp:term":[{"taxonomy":"category","embeddable":true,"href":"https:\/\/nosrevolutions.fr\/en\/wp-json\/wp\/v2\/categories?post=4415"},{"taxonomy":"post_tag","embeddable":true,"href":"https:\/\/nosrevolutions.fr\/en\/wp-json\/wp\/v2\/tags?post=4415"}],"curies":[{"name":"wp","href":"https:\/\/api.w.org\/{rel}","templated":true}]}}