{"id":4340,"date":"2024-10-14T05:00:00","date_gmt":"2024-10-14T03:00:00","guid":{"rendered":"https:\/\/nosrevolutions.fr\/?p=4340"},"modified":"2025-04-18T14:53:34","modified_gmt":"2025-04-18T12:53:34","slug":"retailleau-le-contre-revolutionnaire","status":"publish","type":"post","link":"https:\/\/nosrevolutions.fr\/en\/2024\/10\/14\/retailleau-le-contre-revolutionnaire\/","title":{"rendered":"Retailleau le contre r\u00e9volutionnaire"},"content":{"rendered":"<p><em>Cet article du 12 octobre 2024<\/em> <em>is excerpted from Patrick Le Hyaric\u2019s weekly letter. Click <a href=\"http:\/\/r.lettre.patrick-le-hyaric.fr\/mk\/mr\/sh\/1t6AVsd2XFnIG8W9447T5NGi0CDpOz\/4gD-Zjf_Cl7X\">here<\/a> to read the full letter for this week, and <a href=\"https:\/\/patrick-le-hyaric.fr\/la-lettre-de-patrick-le-hyaric\/\">here<\/a> to subscribe to it<\/em>.<\/p>\n\n\n\n<p><\/p>\n\n\n\n<blockquote class=\"wp-block-quote is-layout-flow wp-block-quote-is-layout-flow\">\n<p><em>Apr\u00e8s avoir pris ainsi tour \u00e0 tour dans ses puissantes mains chaque individu, et l\u2019avoir p\u00e9tri \u00e0 sa guise, le souverain \u00e9tend ses bras sur la soci\u00e9t\u00e9 tout enti\u00e8re ; il en couvre la surface d\u2019un r\u00e9seau de petites r\u00e8gles compliqu\u00e9es, minutieuses et uniformes, \u00e0 travers lesquelles les esprits les plus originaux et les \u00e2mes les plus vigoureuses ne sauraient se faire jour pour d\u00e9passer la foule ; il ne brise pas les volont\u00e9s, mais il les amollit, les plie et les dirige ; il force rarement d\u2019agir, mais il s\u2019oppose sans cesse \u00e0 ce qu\u2019on agisse ; il ne d\u00e9truit point, il emp\u00eache de na\u00eetre ; il ne tyrannise point, il g\u00eane, il comprime, il \u00e9nerve, il \u00e9teint, il h\u00e9b\u00e8te, et il r\u00e9duit enfin chaque nation \u00e0 n\u2019\u00eatre plus qu\u2019un troupeau d\u2019animaux timides et industrieux, dont le gouvernement est le berger.<\/em><br><em>J\u2019ai toujours cru que cette sorte de servitude, r\u00e9gl\u00e9e, douce et paisible, dont je viens de faire le tableau, pourrait se combiner mieux qu\u2019on ne l\u2019imagine avec quelques-unes des formes ext\u00e9rieures de la libert\u00e9, et qu\u2019il ne lui serait pas impossible de s\u2019\u00e9tablir \u00e0 l\u2019ombre m\u00eame de la souverainet\u00e9 du peuple.<\/em><\/p>\n<cite>Alexis de Tocqueville, <em>De la d\u00e9mocratie en Am\u00e9rique (1840)<\/em><\/cite><\/blockquote>\n\n\n\n<p><\/p>\n\n\n\n<p><strong>Aucun d\u00e9mocrate, aucun authentique r\u00e9publicain ne peut banaliser ni relativiser les r\u00e9cents propos de membres du gouvernement mettant directement en cause le corpus du droit d\u00e9mocratique et r\u00e9publicain.<\/strong><\/p>\n\n\n\n<p>Souvenons-nous de ces r\u00e9flexions de Tocqueville, dont la droite se r\u00e9clame pourtant, qui, dans <em>De la d\u00e9mocratie en Am\u00e9rique<\/em> rel\u00e8ve la volont\u00e9 du despote de fixer \u00ab\u00a0<em>les humains dans l\u2019espace de l\u2019enfance<\/em>\u201d et de faire de \u201c<em>chaque nation (&#8230;) un troupeau d\u2019animaux timides et industrieux dont le gouvernement est le berger<\/em>\u00ab\u00a0. Nous sommes pr\u00e9cis\u00e9ment \u00e0 l\u2019un de ces moments charni\u00e8res o\u00f9 la tentation despotique fraye son chemin.<\/p>\n\n\n\n<p><strong>Il y a urgence \u00e0 construire un barrage populaire pour emp\u00eacher pareil d\u00e9sastre qui s\u2019avance par glissades r\u00e9actionnaires, r\u00e9guli\u00e8res et permanentes, jusqu\u2019\u00e0 faire syst\u00e8me contre-r\u00e9volutionnaire.<\/strong><\/p>\n\n\n\n<p>Nous venons de franchir un palier d\u00e9cisif dans cette pente funeste : <strong>\u00ab l\u2019\u00e9tat de droit n\u2019est pas intangible, ni sacr\u00e9 \u00bb a oser le ministre ultra-r\u00e9actionnaire de l\u2019int\u00e9rieur M. Retailleau<\/strong>. Alors que les locataires des palais et les m\u00e9dias dominants s\u2019amusent \u00e0 jouer aux agences de notation, d\u00e9cr\u00e9tant \u00e0 leur bon vouloir qui est autoris\u00e9 \u00e0 int\u00e9grer le fameux \u00ab arc r\u00e9publicain \u00bb, il est utile de s\u2019arr\u00eater un instant sur les pens\u00e9es et objectifs du ministre.<\/p>\n\n\n\n<p>Il ne r\u00e9p\u00e8te pas seulement le programme de l\u2019extr\u00eame droite comme le soulignent, sourire aux l\u00e8vres, les acolytes de Mme Le Pen. Il le valide, le nourrit et pr\u00e9pare la grande bascule politique et id\u00e9ologique. <strong>M. Retailleau \u00e9tait en comp\u00e9tition avec le triste Ciotti lors de primaire pour la direction du parti \u00ab les R\u00e9publicains \u00bb. Leur opposition n\u2019est que de fa\u00e7ade<\/strong>. Tous deux avec leur parti construisent le pont de la fusion et la fission des droites qui nous m\u00e8nent aux \u00e9gouts o\u00f9 se meurt la R\u00e9publique. Ils n\u2019en sont que le v\u00e9hicule qui sert de covoiturage sur un chemin aussi sombre, aussi r\u00e9actionnaire, aussi hostile aux principes qui fondent la R\u00e9publique. C\u2019est d\u00e9sormais dans les minist\u00e8res r\u00e9galiens que l\u2019antihumanisme prend ses aises et que l\u2019universalisme r\u00e9publicain est bazard\u00e9. Le silence sur ces forfaitures doit donc \u00eatre bris\u00e9.<\/p>\n\n\n\n<p><strong>Sacr\u00e9 ? L\u2019\u00e9tat de droit n\u2019est pas une sorte d\u2019accord flou que l\u2019on pourrait n\u00e9gocier au gr\u00e9 des circonstances et des gouvernements<\/strong>. Celui-ci n\u2019en a encore moins la l\u00e9gitimit\u00e9 qu&rsquo;un autre, puisque le parti de ce sinistre ministre n\u2019a recueilli qu\u2019\u00e0 peine 7 % des voix aux derni\u00e8res \u00e9lections. De surcro\u00eet, l\u2019utilisation du mot \u201csacr\u00e9\u201d dans la bouche de M. Retailleau pr\u00eaterait \u00e0 sourire si son propos n\u2019\u00e9tait pas aussi grave, lui qui regrette sans doute que l\u2019\u00c9glise soit s\u00e9par\u00e9e de l\u2019\u00c9tat depuis 1905 et que la Loi de s\u00e9paration soit partie int\u00e9grante du corpus r\u00e9publicain de l\u2019\u00c9tat de droit.<\/p>\n\n\n\n<p>Pas intangible ? Il suffit que des pouvoirs ex\u00e9cutifs qui se succ\u00e8dent depuis plusieurs quinquennats fassent croire qu\u2019ils n\u2019ont pour souci que la protection des citoyens afin de rogner toujours plus les libert\u00e9s au pr\u00e9texte que \u00ab le droit \u00bb entraverait cette protection.<\/p>\n\n\n\n<p><strong>Confront\u00e9e \u00e0 la Commission des lois de l&rsquo;Assembl\u00e9e nationale le 2 octobre, le ministre n\u2019a pas pond\u00e9r\u00e9 ce propos contrairement \u00e0 ce qu\u2019affirment les embrouilleurs d\u2019id\u00e9es qui peuplent certains studios de t\u00e9l\u00e9vision et de radio<\/strong>, puisqu\u2019il a pr\u00e9cis\u00e9 : \u00ab j\u2019ai simplement dit qu\u2019il fallait d\u00e9placer le curseur dans l\u2019\u00e9tat de droit comme nous l\u2019avons fait au moment du terrorisme et du Covid \u00bb. On avait donc bien compris sa pens\u00e9e profonde. Ce n\u2019est pas une pond\u00e9ration. C\u2019est au contraire une confirmation puisque le ministre de l\u2019Int\u00e9rieur cite les r\u00e9gimes d\u2019exception comme justification d\u2019une alt\u00e9ration permanente des principes de l\u2019\u00c9tat de droit, ouvrant donc la porte \u00e0 tous les arbitraires et \u00e0 toutes les d\u00e9rives autoritaires.<\/p>\n\n\n\n<p><strong>Car, qu\u2019y a-t-il derri\u00e8re ce fameux \u00ab \u00c9tat de droit \u00bb ? Il s\u2019agit simplement du respect des droits fondamentaux et du contr\u00f4le que les citoyens peuvent exercer pour les faire respecter<\/strong>. Droits qui sont inscrit dans le marbre de grands textes : la D\u00e9claration des Droits de l\u2019Homme et du Citoyen de 1789 et le Pr\u00e9ambule de la Constitution de 1946, dans des textes internationaux et europ\u00e9ens. Le contr\u00f4le citoyen sur l\u2019action de l\u2019\u00c9tat est rendu possible par l\u2019exercice de libert\u00e9s comme celle de la presse, la libert\u00e9 d\u2019expression ou d\u2019association, et l\u2019ind\u00e9pendance de la justice. Autant de libert\u00e9s ou de garantie des libert\u00e9s attaqu\u00e9es dans tous les r\u00e9gimes autoritaires.<\/p>\n\n\n\n<p>Ceci ne signifie pas que le droit ne peut pas \u00e9voluer afin d\u2019accompagner les \u00e9volutions de la soci\u00e9t\u00e9 ou pour affronter des enjeux nouveaux comme ceux de la pr\u00e9servation du climat et de la biodiversit\u00e9. Mais ces modifications se font dans le respect de la hi\u00e9rarchie des normes codifi\u00e9e dans les grands textes qui fondent notre R\u00e9publique.<\/p>\n\n\n\n<p>Ainsi le droit \u00e0 la s\u00fbret\u00e9 est partie int\u00e9grante de \u00ab l\u2019\u00c9tat de droit \u00bb. Mais il l\u2019est au m\u00eame titre que la libert\u00e9, l\u2019\u00e9galit\u00e9 devant la loi, l\u2019interdiction des arrestations ou de la d\u00e9tention arbitraire, la l\u00e9galit\u00e9 des peines. Ces principes fondamentaux sont garantis par des r\u00e8gles bien plus strictes et s\u00e9v\u00e8res que ne le laissent croire le d\u00e9cha\u00eenement politico-m\u00e9diatique.<\/p>\n\n\n\n<p><strong>\u00c9videmment, il en va de \u00ab l\u2019\u00c9tat de droit \u00bb, au confluent de la s\u00e9paration des pouvoirs et du respect des droits humains, comme il en va de la d\u00e9mocratie : il s\u2019agit d\u2019un horizon que l\u2019on n\u2019atteint jamais compl\u00e8tement. Seulement, l\u2019avalanche de lois s\u00e9curitaires ces derni\u00e8res ann\u00e9es nous en \u00e9loigne<\/strong>. La loi sur le renseignement de 2015 restreint fortement le droit au respect de la vie priv\u00e9e. Celle de 2008 introduit une r\u00e9tention de s\u00fbret\u00e9 con\u00e7ue sur le mod\u00e8le allemand. Celle baptis\u00e9e \u201cs\u00e9paratisme\u201d ouvre la voie au contr\u00f4le des associations. L\u2019utilisation des d\u00e9veloppements technologiques permettant gr\u00e2ce \u00e0 des entreprises priv\u00e9es la surveillance, la reconnaissance faciale, la g\u00e9olocalisation et le tra\u00e7age, le fichage \u00e0 grande \u00e9chelle font glisser l\u2019\u00c9tat de droit vers un \u00c9tat de surveillance qui lui-m\u00eame ouvre la porte \u00e0 un \u00c9tat policier, tout en abreuvant les firmes capitalistes qui en sont charg\u00e9es. Ceci se fait au m\u00e9pris de l\u2019article 12 de la D\u00e9claration des droits de l\u2019Homme de 1789 instituant la force publique \u00ab pour l\u2019avantage de tous, et non pour l\u2019utilit\u00e9 particuli\u00e8re de ceux auxquels elle est confi\u00e9e \u00bb.<\/p>\n\n\n\n<p>Le droit \u00e0 la s\u00fbret\u00e9 est lui-m\u00eame corr\u00e9l\u00e9 \u00e0 l\u2019acc\u00e8s \u00e0 l\u2019\u00e9cole et la formation, \u00e0 la sant\u00e9 et \u00e0 la psychiatrie, au logement aux moyens octroy\u00e9s \u00e0 la justice, \u00e0 la lutte contre la d\u00e9linquance fiscale, le blanchiment d\u2019argent ou le trafic de drogue.<\/p>\n\n\n\n<p><strong>On ne devrait pas faire de la politique politicienne sur les violences qui minent la soci\u00e9t\u00e9, mais mener des politiques pour les emp\u00eacher<\/strong>. L\u2019effectivit\u00e9 des droits constitutionnels s\u2019oppose donc aux politiques d\u2019aust\u00e9rit\u00e9 telle que veut l\u2019imposer au peuple un pouvoir qui n\u2018a pourtant aucun mandat pour le faire.<\/p>\n\n\n\n<p>Le ministre de l&rsquo;Int\u00e9rieur est \u00e9videmment bien loin des id\u00e9aux des Lumi\u00e8res, de la R\u00e9volution fran\u00e7aise, comme de nos principes r\u00e9publicains. <strong>En s\u2019appuyant sur d\u2019odieux crimes, il pense le moment venu d\u2019attaquer au c\u0153ur tout ce que les citoyens ont construit par leurs luttes en fondant la R\u00e9publique fran\u00e7aise depuis 1789.<\/strong><\/p>\n\n\n\n<p><strong>C\u2019est la caract\u00e9ristique m\u00eame du nationalisme-populiste que de refuser la soumission au droit. C\u2019est vrai pour le droit international comme pour le droit commun des soci\u00e9t\u00e9s<\/strong>. Il n\u2019y a qu\u2019\u00e0 voir le sort que r\u00e9serve \u00e0 l\u2019Organisation des Nations Unies M. Trump aux \u00c9tats-Unis, Netanyahou en Isra\u00ebl, Milei en Argentine, pour ne citer qu\u2019eux. Le droit p\u00e9nal, judiciaire, social comme international est devenu, pour ces fond\u00e9s de pouvoir du capital en crise, un frein \u00e0 l\u2019extension des sph\u00e8res marchandes comme \u00e0 la domination financi\u00e8re et imp\u00e9rialiste.<\/p>\n\n\n\n<p>Car la pleine r\u00e9alisation de l\u2019\u00c9tat de droit signifierait le respect du droit au travail pour toutes et tous, l\u2019acc\u00e8s \u00e0 l\u2019\u00e9ducation et \u00e0 la sant\u00e9, le droit au logement. Que de travail et de luttes encore sont n\u00e9cessaires pour porter partout l\u2019exigence d\u2019\u00e9galit\u00e9 contre l\u2019in\u00e9galit\u00e9 des droits.<\/p>\n\n\n\n<p><strong>On voit \u00e0 quel point ce processus de progr\u00e8s se heurte aux int\u00e9r\u00eats capitalistes. Ceux-l\u00e0 m\u00eame que sert l&rsquo;actuel gouvernement, au b\u00e9n\u00e9fice du bloc bourgeois, en pr\u00e9parant une cure d\u2019aust\u00e9rit\u00e9 sans pareil avec l\u2019aide de l\u2019extr\u00eame droite.<\/strong><\/p>\n\n\n\n<p><strong>C\u2019est donc \u00e0 fortifier l\u2019\u00c9tat de droit que nos \u00e9nergies devraient \u00eatre d\u00e9pens\u00e9es<\/strong>.<br>Heureusement, loin du retour \u00e0 l\u2019ordre ancien, la soci\u00e9t\u00e9 bouillonne d\u2019initiatives qui portent la r\u00e9publique sociale, la\u00efque, \u00e9cologique, fraternelle. Dans les \u00e9coles, les quartiers, les villages, sur de multiples lieux de travail des citoyens agissent, imaginent et fondent des bases nouvelles pour faire soci\u00e9t\u00e9 ensemble, produire du commun qui porte en germes un avenir progressiste : r\u00e9seaux d\u2019entraide, syst\u00e8mes d\u2019\u00e9changes locaux, ouverture de lieux de convivialit\u00e9 et de culture, entraide scolaire, accueil des \u00e9trangers et \u00e9changes culturels, d\u00e9veloppements agro\u00e9cologiques et pr\u00e9servation de la biodiversit\u00e9, exp\u00e9rimentation de nouveaux mod\u00e8les \u00e9conomiques et solidaires. Nous sommes de ceux qui y participent ou encouragent toute initiative qui permet \u00e0 notre humanit\u00e9 commune de s\u2019\u00e9panouir.<\/p>\n\n\n\n<p><strong>Ne laissons pas dispara\u00eetre sous les coups de menton d\u2019un authentique contre-r\u00e9volutionnaire \u00ab l\u2019\u00c9tat de droit \u00bb avec la douce pente actuelle des coups r\u00e9p\u00e9t\u00e9es aux libert\u00e9s d\u2019expression, d\u2019association, de manifestation, aux droits syndicaux<\/strong>, aux droits fondamentaux \u00e0 la sant\u00e9, \u00e0 l\u2019acc\u00e8s au travail mais surtout au pouvoir des travailleuses et travailleurs de toute cat\u00e9gorie sur le travail et la production, \u00e0 l\u2019\u00e9cole, \u00e0 la culture. L\u2019\u00c9tat de droit appelle la r\u00e9alisation de tous les droits humains. En ce sens, il est un enjeu fondamental \u00e0 l\u2019aune duquel se juge la sant\u00e9 d\u00e9mocratique de nos soci\u00e9t\u00e9s.<\/p>\n\n\n\n<p><\/p>\n\n\n\n<hr class=\"wp-block-separator has-alpha-channel-opacity\"\/>\n\n\n\n<p>Image d&rsquo;illustration : \u00ab\u00a0Manif pour tous &#8211; 26 mai 2013 \u00e0 Paris\u00a0\u00bb, par <a href=\"https:\/\/www.flickr.com\/photos\/ump-photos\/8852477336\">UMP Photos<\/a> (<a href=\"https:\/\/creativecommons.org\/licenses\/by-nc-nd\/2.0\/\">CC BY-NC-ND 2.0<\/a>)<\/p>","protected":false},"excerpt":{"rendered":"<p>Cet article du 12 octobre 2024 est extrait de la lettre hebdomadaire de Patrick Le Hyaric. Cliquez ici pour lire la lettre de la semaine, et ici pour vous y [&hellip;]<\/p>\n","protected":false},"author":16,"featured_media":4341,"comment_status":"closed","ping_status":"closed","sticky":false,"template":"","format":"standard","meta":{"_EventAllDay":false,"_EventTimezone":"","_EventStartDate":"","_EventEndDate":"","_EventStartDateUTC":"","_EventEndDateUTC":"","_EventShowMap":false,"_EventShowMapLink":false,"_EventURL":"","_EventCost":"","_EventCostDescription":"","_EventCurrencySymbol":"","_EventCurrencyCode":"","_EventCurrencyPosition":"","_EventDateTimeSeparator":"","_EventTimeRangeSeparator":"","_EventOrganizerID":[],"_EventVenueID":[],"_OrganizerEmail":"","_OrganizerPhone":"","_OrganizerWebsite":"","_VenueAddress":"","_VenueCity":"","_VenueCountry":"","_VenueProvince":"","_VenueState":"","_VenueZip":"","_VenuePhone":"","_VenueURL":"","_VenueStateProvince":"","_VenueLat":"","_VenueLng":"","_VenueShowMap":false,"_VenueShowMapLink":false,"footnotes":""},"categories":[13],"tags":[38],"class_list":["post-4340","post","type-post","status-publish","format-standard","has-post-thumbnail","hentry","category-articles","tag-gouvernement"],"yoast_head":"<!-- This site is optimized with the Yoast SEO plugin v27.4 - https:\/\/yoast.com\/product\/yoast-seo-wordpress\/ -->\n<title>Retailleau le contre r\u00e9volutionnaire - Nos R\u00e9volutions<\/title>\n<meta name=\"robots\" content=\"index, follow, max-snippet:-1, max-image-preview:large, max-video-preview:-1\" \/>\n<link rel=\"canonical\" href=\"https:\/\/nosrevolutions.fr\/en\/2024\/10\/14\/retailleau-le-contre-revolutionnaire\/\" \/>\n<meta property=\"og:locale\" content=\"en_GB\" \/>\n<meta property=\"og:type\" content=\"article\" \/>\n<meta property=\"og:title\" content=\"Retailleau le contre r\u00e9volutionnaire - Nos R\u00e9volutions\" \/>\n<meta property=\"og:description\" content=\"Cet article du 12 octobre 2024 est extrait de la lettre hebdomadaire de Patrick Le Hyaric. Cliquez ici pour lire la lettre de la semaine, et ici pour vous y [&hellip;]\" \/>\n<meta property=\"og:url\" content=\"https:\/\/nosrevolutions.fr\/en\/2024\/10\/14\/retailleau-le-contre-revolutionnaire\/\" \/>\n<meta property=\"og:site_name\" content=\"Nos R\u00e9volutions\" \/>\n<meta property=\"article:published_time\" content=\"2024-10-14T03:00:00+00:00\" \/>\n<meta property=\"article:modified_time\" content=\"2025-04-18T12:53:34+00:00\" \/>\n<meta property=\"og:image\" content=\"https:\/\/nosrevolutions.fr\/wp-content\/uploads\/2024\/10\/8852477336_24569fbf0e_o-scaled.jpg\" \/>\n\t<meta property=\"og:image:width\" content=\"2560\" \/>\n\t<meta property=\"og:image:height\" content=\"1707\" \/>\n\t<meta property=\"og:image:type\" content=\"image\/jpeg\" \/>\n<meta name=\"author\" content=\"Patrick le Hyaric\" \/>\n<meta name=\"twitter:card\" content=\"summary_large_image\" \/>\n<meta name=\"twitter:creator\" content=\"@NosRevolutions\" \/>\n<meta name=\"twitter:site\" content=\"@NosRevolutions\" \/>\n<meta name=\"twitter:label1\" content=\"Written by\" \/>\n\t<meta name=\"twitter:data1\" content=\"Patrick le Hyaric\" \/>\n\t<meta name=\"twitter:label2\" content=\"Estimated reading time\" \/>\n\t<meta name=\"twitter:data2\" content=\"9 minutes\" \/>\n<script type=\"application\/ld+json\" class=\"yoast-schema-graph\">{\"@context\":\"https:\\\/\\\/schema.org\",\"@graph\":[{\"@type\":\"Article\",\"@id\":\"https:\\\/\\\/nosrevolutions.fr\\\/2024\\\/10\\\/14\\\/retailleau-le-contre-revolutionnaire\\\/#article\",\"isPartOf\":{\"@id\":\"https:\\\/\\\/nosrevolutions.fr\\\/2024\\\/10\\\/14\\\/retailleau-le-contre-revolutionnaire\\\/\"},\"author\":{\"name\":\"Patrick le Hyaric\",\"@id\":\"https:\\\/\\\/nosrevolutions.fr\\\/#\\\/schema\\\/person\\\/8c468d72c09d01b9f55ed5f05ed42494\"},\"headline\":\"Retailleau le contre r\u00e9volutionnaire\",\"datePublished\":\"2024-10-14T03:00:00+00:00\",\"dateModified\":\"2025-04-18T12:53:34+00:00\",\"mainEntityOfPage\":{\"@id\":\"https:\\\/\\\/nosrevolutions.fr\\\/2024\\\/10\\\/14\\\/retailleau-le-contre-revolutionnaire\\\/\"},\"wordCount\":2051,\"publisher\":{\"@id\":\"https:\\\/\\\/nosrevolutions.fr\\\/#organization\"},\"image\":{\"@id\":\"https:\\\/\\\/nosrevolutions.fr\\\/2024\\\/10\\\/14\\\/retailleau-le-contre-revolutionnaire\\\/#primaryimage\"},\"thumbnailUrl\":\"https:\\\/\\\/nosrevolutions.fr\\\/wp-content\\\/uploads\\\/2024\\\/10\\\/8852477336_24569fbf0e_o-scaled.jpg\",\"keywords\":[\"Gouvernement\"],\"articleSection\":[\"Articles\"],\"inLanguage\":\"en-GB\"},{\"@type\":\"WebPage\",\"@id\":\"https:\\\/\\\/nosrevolutions.fr\\\/2024\\\/10\\\/14\\\/retailleau-le-contre-revolutionnaire\\\/\",\"url\":\"https:\\\/\\\/nosrevolutions.fr\\\/2024\\\/10\\\/14\\\/retailleau-le-contre-revolutionnaire\\\/\",\"name\":\"Retailleau le contre r\u00e9volutionnaire - Nos R\u00e9volutions\",\"isPartOf\":{\"@id\":\"https:\\\/\\\/nosrevolutions.fr\\\/#website\"},\"primaryImageOfPage\":{\"@id\":\"https:\\\/\\\/nosrevolutions.fr\\\/2024\\\/10\\\/14\\\/retailleau-le-contre-revolutionnaire\\\/#primaryimage\"},\"image\":{\"@id\":\"https:\\\/\\\/nosrevolutions.fr\\\/2024\\\/10\\\/14\\\/retailleau-le-contre-revolutionnaire\\\/#primaryimage\"},\"thumbnailUrl\":\"https:\\\/\\\/nosrevolutions.fr\\\/wp-content\\\/uploads\\\/2024\\\/10\\\/8852477336_24569fbf0e_o-scaled.jpg\",\"datePublished\":\"2024-10-14T03:00:00+00:00\",\"dateModified\":\"2025-04-18T12:53:34+00:00\",\"breadcrumb\":{\"@id\":\"https:\\\/\\\/nosrevolutions.fr\\\/2024\\\/10\\\/14\\\/retailleau-le-contre-revolutionnaire\\\/#breadcrumb\"},\"inLanguage\":\"en-GB\",\"potentialAction\":[{\"@type\":\"ReadAction\",\"target\":[\"https:\\\/\\\/nosrevolutions.fr\\\/2024\\\/10\\\/14\\\/retailleau-le-contre-revolutionnaire\\\/\"]}]},{\"@type\":\"ImageObject\",\"inLanguage\":\"en-GB\",\"@id\":\"https:\\\/\\\/nosrevolutions.fr\\\/2024\\\/10\\\/14\\\/retailleau-le-contre-revolutionnaire\\\/#primaryimage\",\"url\":\"https:\\\/\\\/nosrevolutions.fr\\\/wp-content\\\/uploads\\\/2024\\\/10\\\/8852477336_24569fbf0e_o-scaled.jpg\",\"contentUrl\":\"https:\\\/\\\/nosrevolutions.fr\\\/wp-content\\\/uploads\\\/2024\\\/10\\\/8852477336_24569fbf0e_o-scaled.jpg\",\"width\":2560,\"height\":1707},{\"@type\":\"BreadcrumbList\",\"@id\":\"https:\\\/\\\/nosrevolutions.fr\\\/2024\\\/10\\\/14\\\/retailleau-le-contre-revolutionnaire\\\/#breadcrumb\",\"itemListElement\":[{\"@type\":\"ListItem\",\"position\":1,\"name\":\"Accueil\",\"item\":\"https:\\\/\\\/nosrevolutions.fr\\\/\"},{\"@type\":\"ListItem\",\"position\":2,\"name\":\"Retailleau le contre r\u00e9volutionnaire\"}]},{\"@type\":\"WebSite\",\"@id\":\"https:\\\/\\\/nosrevolutions.fr\\\/#website\",\"url\":\"https:\\\/\\\/nosrevolutions.fr\\\/\",\"name\":\"Nos R\u00e9volutions\",\"description\":\"Communisme et mouvement social\",\"publisher\":{\"@id\":\"https:\\\/\\\/nosrevolutions.fr\\\/#organization\"},\"potentialAction\":[{\"@type\":\"SearchAction\",\"target\":{\"@type\":\"EntryPoint\",\"urlTemplate\":\"https:\\\/\\\/nosrevolutions.fr\\\/?s={search_term_string}\"},\"query-input\":{\"@type\":\"PropertyValueSpecification\",\"valueRequired\":true,\"valueName\":\"search_term_string\"}}],\"inLanguage\":\"en-GB\"},{\"@type\":\"Organization\",\"@id\":\"https:\\\/\\\/nosrevolutions.fr\\\/#organization\",\"name\":\"Nos R\u00e9volutions\",\"url\":\"https:\\\/\\\/nosrevolutions.fr\\\/\",\"logo\":{\"@type\":\"ImageObject\",\"inLanguage\":\"en-GB\",\"@id\":\"https:\\\/\\\/nosrevolutions.fr\\\/#\\\/schema\\\/logo\\\/image\\\/\",\"url\":\"https:\\\/\\\/nosrevolutions.fr\\\/wp-content\\\/uploads\\\/2022\\\/09\\\/nrs_logo_noir.png\",\"contentUrl\":\"https:\\\/\\\/nosrevolutions.fr\\\/wp-content\\\/uploads\\\/2022\\\/09\\\/nrs_logo_noir.png\",\"width\":2000,\"height\":501,\"caption\":\"Nos R\u00e9volutions\"},\"image\":{\"@id\":\"https:\\\/\\\/nosrevolutions.fr\\\/#\\\/schema\\\/logo\\\/image\\\/\"},\"sameAs\":[\"https:\\\/\\\/x.com\\\/NosRevolutions\"]},{\"@type\":\"Person\",\"@id\":\"https:\\\/\\\/nosrevolutions.fr\\\/#\\\/schema\\\/person\\\/8c468d72c09d01b9f55ed5f05ed42494\",\"name\":\"Patrick le Hyaric\",\"image\":{\"@type\":\"ImageObject\",\"inLanguage\":\"en-GB\",\"@id\":\"https:\\\/\\\/secure.gravatar.com\\\/avatar\\\/f5ed45644d7558a1b6777fbf6067479e91917fbf3acb31e3e6c55a4c469bb685?s=96&d=mm&r=g\",\"url\":\"https:\\\/\\\/secure.gravatar.com\\\/avatar\\\/f5ed45644d7558a1b6777fbf6067479e91917fbf3acb31e3e6c55a4c469bb685?s=96&d=mm&r=g\",\"contentUrl\":\"https:\\\/\\\/secure.gravatar.com\\\/avatar\\\/f5ed45644d7558a1b6777fbf6067479e91917fbf3acb31e3e6c55a4c469bb685?s=96&d=mm&r=g\",\"caption\":\"Patrick le Hyaric\"},\"url\":\"https:\\\/\\\/nosrevolutions.fr\\\/en\\\/author\\\/patricklehyaric\\\/\"}]}<\/script>\n<!-- \/ Yoast SEO plugin. -->","yoast_head_json":{"title":"Retailleau le contre r\u00e9volutionnaire - Nos R\u00e9volutions","robots":{"index":"index","follow":"follow","max-snippet":"max-snippet:-1","max-image-preview":"max-image-preview:large","max-video-preview":"max-video-preview:-1"},"canonical":"https:\/\/nosrevolutions.fr\/en\/2024\/10\/14\/retailleau-le-contre-revolutionnaire\/","og_locale":"en_GB","og_type":"article","og_title":"Retailleau le contre r\u00e9volutionnaire - Nos R\u00e9volutions","og_description":"Cet article du 12 octobre 2024 est extrait de la lettre hebdomadaire de Patrick Le Hyaric. Cliquez ici pour lire la lettre de la semaine, et ici pour vous y [&hellip;]","og_url":"https:\/\/nosrevolutions.fr\/en\/2024\/10\/14\/retailleau-le-contre-revolutionnaire\/","og_site_name":"Nos R\u00e9volutions","article_published_time":"2024-10-14T03:00:00+00:00","article_modified_time":"2025-04-18T12:53:34+00:00","og_image":[{"width":2560,"height":1707,"url":"https:\/\/nosrevolutions.fr\/wp-content\/uploads\/2024\/10\/8852477336_24569fbf0e_o-scaled.jpg","type":"image\/jpeg"}],"author":"Patrick le Hyaric","twitter_card":"summary_large_image","twitter_creator":"@NosRevolutions","twitter_site":"@NosRevolutions","twitter_misc":{"Written by":"Patrick le Hyaric","Estimated reading time":"9 minutes"},"schema":{"@context":"https:\/\/schema.org","@graph":[{"@type":"Article","@id":"https:\/\/nosrevolutions.fr\/2024\/10\/14\/retailleau-le-contre-revolutionnaire\/#article","isPartOf":{"@id":"https:\/\/nosrevolutions.fr\/2024\/10\/14\/retailleau-le-contre-revolutionnaire\/"},"author":{"name":"Patrick le Hyaric","@id":"https:\/\/nosrevolutions.fr\/#\/schema\/person\/8c468d72c09d01b9f55ed5f05ed42494"},"headline":"Retailleau le contre r\u00e9volutionnaire","datePublished":"2024-10-14T03:00:00+00:00","dateModified":"2025-04-18T12:53:34+00:00","mainEntityOfPage":{"@id":"https:\/\/nosrevolutions.fr\/2024\/10\/14\/retailleau-le-contre-revolutionnaire\/"},"wordCount":2051,"publisher":{"@id":"https:\/\/nosrevolutions.fr\/#organization"},"image":{"@id":"https:\/\/nosrevolutions.fr\/2024\/10\/14\/retailleau-le-contre-revolutionnaire\/#primaryimage"},"thumbnailUrl":"https:\/\/nosrevolutions.fr\/wp-content\/uploads\/2024\/10\/8852477336_24569fbf0e_o-scaled.jpg","keywords":["Gouvernement"],"articleSection":["Articles"],"inLanguage":"en-GB"},{"@type":"WebPage","@id":"https:\/\/nosrevolutions.fr\/2024\/10\/14\/retailleau-le-contre-revolutionnaire\/","url":"https:\/\/nosrevolutions.fr\/2024\/10\/14\/retailleau-le-contre-revolutionnaire\/","name":"Retailleau le contre r\u00e9volutionnaire - Nos R\u00e9volutions","isPartOf":{"@id":"https:\/\/nosrevolutions.fr\/#website"},"primaryImageOfPage":{"@id":"https:\/\/nosrevolutions.fr\/2024\/10\/14\/retailleau-le-contre-revolutionnaire\/#primaryimage"},"image":{"@id":"https:\/\/nosrevolutions.fr\/2024\/10\/14\/retailleau-le-contre-revolutionnaire\/#primaryimage"},"thumbnailUrl":"https:\/\/nosrevolutions.fr\/wp-content\/uploads\/2024\/10\/8852477336_24569fbf0e_o-scaled.jpg","datePublished":"2024-10-14T03:00:00+00:00","dateModified":"2025-04-18T12:53:34+00:00","breadcrumb":{"@id":"https:\/\/nosrevolutions.fr\/2024\/10\/14\/retailleau-le-contre-revolutionnaire\/#breadcrumb"},"inLanguage":"en-GB","potentialAction":[{"@type":"ReadAction","target":["https:\/\/nosrevolutions.fr\/2024\/10\/14\/retailleau-le-contre-revolutionnaire\/"]}]},{"@type":"ImageObject","inLanguage":"en-GB","@id":"https:\/\/nosrevolutions.fr\/2024\/10\/14\/retailleau-le-contre-revolutionnaire\/#primaryimage","url":"https:\/\/nosrevolutions.fr\/wp-content\/uploads\/2024\/10\/8852477336_24569fbf0e_o-scaled.jpg","contentUrl":"https:\/\/nosrevolutions.fr\/wp-content\/uploads\/2024\/10\/8852477336_24569fbf0e_o-scaled.jpg","width":2560,"height":1707},{"@type":"BreadcrumbList","@id":"https:\/\/nosrevolutions.fr\/2024\/10\/14\/retailleau-le-contre-revolutionnaire\/#breadcrumb","itemListElement":[{"@type":"ListItem","position":1,"name":"Accueil","item":"https:\/\/nosrevolutions.fr\/"},{"@type":"ListItem","position":2,"name":"Retailleau le contre r\u00e9volutionnaire"}]},{"@type":"WebSite","@id":"https:\/\/nosrevolutions.fr\/#website","url":"https:\/\/nosrevolutions.fr\/","name":"Nos R\u00e9volutions","description":"Communisme et mouvement social","publisher":{"@id":"https:\/\/nosrevolutions.fr\/#organization"},"potentialAction":[{"@type":"SearchAction","target":{"@type":"EntryPoint","urlTemplate":"https:\/\/nosrevolutions.fr\/?s={search_term_string}"},"query-input":{"@type":"PropertyValueSpecification","valueRequired":true,"valueName":"search_term_string"}}],"inLanguage":"en-GB"},{"@type":"Organization","@id":"https:\/\/nosrevolutions.fr\/#organization","name":"Nos R\u00e9volutions","url":"https:\/\/nosrevolutions.fr\/","logo":{"@type":"ImageObject","inLanguage":"en-GB","@id":"https:\/\/nosrevolutions.fr\/#\/schema\/logo\/image\/","url":"https:\/\/nosrevolutions.fr\/wp-content\/uploads\/2022\/09\/nrs_logo_noir.png","contentUrl":"https:\/\/nosrevolutions.fr\/wp-content\/uploads\/2022\/09\/nrs_logo_noir.png","width":2000,"height":501,"caption":"Nos R\u00e9volutions"},"image":{"@id":"https:\/\/nosrevolutions.fr\/#\/schema\/logo\/image\/"},"sameAs":["https:\/\/x.com\/NosRevolutions"]},{"@type":"Person","@id":"https:\/\/nosrevolutions.fr\/#\/schema\/person\/8c468d72c09d01b9f55ed5f05ed42494","name":"Patrick le Hyaric","image":{"@type":"ImageObject","inLanguage":"en-GB","@id":"https:\/\/secure.gravatar.com\/avatar\/f5ed45644d7558a1b6777fbf6067479e91917fbf3acb31e3e6c55a4c469bb685?s=96&d=mm&r=g","url":"https:\/\/secure.gravatar.com\/avatar\/f5ed45644d7558a1b6777fbf6067479e91917fbf3acb31e3e6c55a4c469bb685?s=96&d=mm&r=g","contentUrl":"https:\/\/secure.gravatar.com\/avatar\/f5ed45644d7558a1b6777fbf6067479e91917fbf3acb31e3e6c55a4c469bb685?s=96&d=mm&r=g","caption":"Patrick le Hyaric"},"url":"https:\/\/nosrevolutions.fr\/en\/author\/patricklehyaric\/"}]}},"_links":{"self":[{"href":"https:\/\/nosrevolutions.fr\/en\/wp-json\/wp\/v2\/posts\/4340","targetHints":{"allow":["GET"]}}],"collection":[{"href":"https:\/\/nosrevolutions.fr\/en\/wp-json\/wp\/v2\/posts"}],"about":[{"href":"https:\/\/nosrevolutions.fr\/en\/wp-json\/wp\/v2\/types\/post"}],"author":[{"embeddable":true,"href":"https:\/\/nosrevolutions.fr\/en\/wp-json\/wp\/v2\/users\/16"}],"replies":[{"embeddable":true,"href":"https:\/\/nosrevolutions.fr\/en\/wp-json\/wp\/v2\/comments?post=4340"}],"version-history":[{"count":2,"href":"https:\/\/nosrevolutions.fr\/en\/wp-json\/wp\/v2\/posts\/4340\/revisions"}],"predecessor-version":[{"id":4585,"href":"https:\/\/nosrevolutions.fr\/en\/wp-json\/wp\/v2\/posts\/4340\/revisions\/4585"}],"wp:featuredmedia":[{"embeddable":true,"href":"https:\/\/nosrevolutions.fr\/en\/wp-json\/wp\/v2\/media\/4341"}],"wp:attachment":[{"href":"https:\/\/nosrevolutions.fr\/en\/wp-json\/wp\/v2\/media?parent=4340"}],"wp:term":[{"taxonomy":"category","embeddable":true,"href":"https:\/\/nosrevolutions.fr\/en\/wp-json\/wp\/v2\/categories?post=4340"},{"taxonomy":"post_tag","embeddable":true,"href":"https:\/\/nosrevolutions.fr\/en\/wp-json\/wp\/v2\/tags?post=4340"}],"curies":[{"name":"wp","href":"https:\/\/api.w.org\/{rel}","templated":true}]}}