{"id":4305,"date":"2024-09-30T05:00:00","date_gmt":"2024-09-30T03:00:00","guid":{"rendered":"https:\/\/nosrevolutions.fr\/?p=4305"},"modified":"2025-05-21T17:17:31","modified_gmt":"2025-05-21T15:17:31","slug":"aux-etats-generaux-de-linformation-pas-touche-aux-oligarques-des-medias","status":"publish","type":"post","link":"https:\/\/nosrevolutions.fr\/en\/2024\/09\/30\/aux-etats-generaux-de-linformation-pas-touche-aux-oligarques-des-medias\/","title":{"rendered":"Aux \u00c9tats g\u00e9n\u00e9raux de l\u2019information, pas touche aux oligarques des m\u00e9dias !"},"content":{"rendered":"<p><em>Cet article du 28 septembre 2024<\/em> <em>is excerpted from Patrick Le Hyaric\u2019s weekly letter. Click <a href=\"http:\/\/r.lettre.patrick-le-hyaric.fr\/mk\/mr\/sh\/1t6AVsd2XFnIG8W9447T5NGi0CDpOz\/Mm4AMnDlLEfn\">here<\/a> to read the full letter for this week, and <a href=\"https:\/\/patrick-le-hyaric.fr\/la-lettre-de-patrick-le-hyaric\/\">here<\/a> to subscribe to it<\/em>.<\/p>\n\n\n\n<p><\/p>\n\n\n\n<p><strong>L\u2019information de qualit\u00e9, qu\u2019elle soit politique, sociale, \u00e9conomique, scientifique ou g\u00e9n\u00e9rale, a une \u00ab valeur d\u2019usage \u00bb dont la d\u00e9finition est simple<\/strong> : il s\u2019agit d\u2019\u00eatre utile aux lectrices et aux lecteurs, t\u00e9l\u00e9spectatrices ou t\u00e9l\u00e9spectateurs, comme citoyens actifs et responsables, en leur donnant tous les \u00e9l\u00e9ments leur permettant d\u2019intervenir sur la marche de la soci\u00e9t\u00e9 et du monde, \u00e0 comprendre les \u00e9v\u00e9nements, \u00e0 rester ma\u00eetre de leur destin, \u00e0 faire des choix.<\/p>\n\n\n\n<p><strong>Le comit\u00e9 des \u00c9tats g\u00e9n\u00e9raux de l\u2019information (EGI) dont tous les membres ont \u00e9t\u00e9 nomm\u00e9s par le pr\u00e9sident de la R\u00e9publique aurait d\u00fb traiter de ces enjeux<\/strong>, \u00e0 l\u2019heure o\u00f9 il est imp\u00e9ratif de se pencher sur le lien entre l\u2019urgence d\u00e9mocratique et le pluralisme des m\u00e9dias, le pluralisme des traitements des \u00e9v\u00e9nements, le pluralisme des id\u00e9es.<\/p>\n\n\n\n<p><strong>Le rapport remis il y a quelques jours dresse un constat lucide sur la situation, mais ne propose aucun changement fondamental<\/strong>. Nulle proposition pour un renforcement du p\u00f4le audiovisuel public. Rien pour lutter contre les concentrations de la presse et des m\u00e9dias entre quelques mains. Aucun pouvoir rendu aux journalistes face aux actionnaires capitalistes.<\/p>\n\n\n\n<p>Lanc\u00e9 \u00e0 l\u2019origine pour r\u00e9guler l\u2019industrie num\u00e9rique qui pille le travail des journalistes afin de le revendre contre des recettes publicitaires et \u00e0 la suite du coup de force de Bollor\u00e9 s\u2019accaparant la cha\u00eene Cnews &#8211; en renvoyant tous les journalistes &#8211; <strong>les \u00c9tats g\u00e9n\u00e9raux de l\u2019information ne prennent pas la mesure du probl\u00e8me fondamental auquel nous sommes confront\u00e9s : le syst\u00e8me informationnel penche de plus en plus vers l\u2019extr\u00eame droite et les oligarques respectent de moins en moins les journalistes<\/strong>. De grands groupes de presse r\u00e9alisent des journaux sans r\u00e9daction en exploitant des journalistes pay\u00e9s \u00e0 la t\u00e2che sans garantie sociale. D\u2019autres exp\u00e9rimentent, la production par l\u2019intelligence artificielle d\u2019une partie de leur contenu.<\/p>\n\n\n\n<p>Sous l\u2019impulsion des grands groupes capitalistes \u00e0 la recherche de rentabilit\u00e9 dans tous les segments de leurs activit\u00e9s et de l\u2019utilisation de l\u2019extr\u00eame droite comme garantie du maintien du syst\u00e8me, une mutation pr\u00e9occupante est en train de s\u2019op\u00e9rer.<\/p>\n\n\n\n<p><strong>Des cercles importants des classes dominantes ont invent\u00e9 un nouveau concept : le \u00ab march\u00e9 des id\u00e9es \u00bb<\/strong>. Et l\u00e0, il ne s\u2019agit plus de confrontation d\u2019id\u00e9es. Ils y m\u00e8nent une guerre culturelle et id\u00e9ologique visant \u00e0 peser dans le d\u00e9bat public, \u00e0 travestir des pans de l\u2019histoire nationale et celle du monde, \u00e0 emp\u00eacher le d\u00e9bat contradictoire, \u00e0 d\u00e9tourner nombre de principes r\u00e9publicains de leur sens, \u00e0 effacer les id\u00e9es de transformation sociale, d\u00e9mocratique, \u00e9cologique, \u00e0 diffuser des imaginaires ali\u00e9nants.<\/p>\n\n\n\n<p><strong>C\u2019est au nom de cet objectif que les m\u00e9dias de droite extr\u00eame revendiquent, comme Elon Musk et Donald Trump, le droit de \u00ab tout dire \u00bb, mensonges et v\u00e9rit\u00e9s alternatives inclus.<\/strong><\/p>\n\n\n\n<p>Le mal est plus profond qu\u2019il n\u2019y para\u00eet. Ainsi, dans un article paru dans le \u00ab JDNews \u00bb, un nouveau magazine du groupe Lagard\u00e8re lanc\u00e9 la semaine derni\u00e8re, l\u2019un des fers de lance de ces campagnes, <strong>Mathieu Bock-C\u00f4t\u00e9 &#8211; qui squatte aussi les plateaux de Cnews et les colonnes du Figaro &#8211; ose s\u2019insurger qu\u2019en \u00ab Irlande, en \u00c9cosse, et m\u00eame en France, on a vu na\u00eetre r\u00e9cemment des propositions de loi entendant frapper d\u2019interdit les \u00ab propos haineux \u00bb<\/strong>. Ce qui veut dire que l\u2019\u00c9tat se donne d\u00e9sormais le droit de contr\u00f4ler la vie intime du commun des mortels. \u00bb Voil\u00e0 donc o\u00f9 nous en sommes ! Voil\u00e0 le grand confusionnisme incit\u00e9, r\u00e9pandu telle de la poudre pr\u00eate \u00e0 s\u2019enflammer !<\/p>\n\n\n\n<p><strong>Ajoutons que la \u00ab valeur d\u2019usage \u00bb de l\u2019information est ni\u00e9e pour \u00eatre r\u00e9duite \u00e0 une valeur d\u2019\u00e9change<\/strong>. La valeur g\u00e9n\u00e9rale d\u2019usage pour le lecteur ou l\u2019auditeur est compress\u00e9e dans le cadre d\u2019une information en continu, tri\u00e9e selon certains objectifs id\u00e9ologique, impuls\u00e9e pour faire de l\u2019audimat, pass\u00e9e au tamis des algorithmes, plus superficielle, plus redondante, plus uniformis\u00e9e.<\/p>\n\n\n\n<p><strong>Nous nous \u00e9loignons toujours plus encore d\u2019une information au service du bien commun<\/strong>. Et quand Madame Rachida Dati, reconduit au minist\u00e8re de la Culture, expliquait il y a quelques semaines, qu\u2019il y a plus de probl\u00e8mes de pluralisme dans le service public de l\u2019audiovisuel que dans les m\u00e9dias de Bollor\u00e9, nous avons de gros soucis \u00e0 nous faire.<\/p>\n\n\n\n<p><strong>Cette saillie et d\u2019autres visent \u00e0 pr\u00e9parer l\u2019ouverture du capital, puis la privatisation, du p\u00f4le audiovisuel public comme le r\u00e9clame avec force l\u2019extr\u00eame droite<\/strong>. Nous aurons vite \u00e0 nous placer du c\u00f4t\u00e9 des journalistes et de tous les travailleurs de Radio-France, de France t\u00e9l\u00e9visions, de l\u2019Institut national de l\u2019audiovisuel (INA) dans le collimateur des grands groupes capitalistes et des droites extr\u00eames.<br><br>Les consid\u00e9rables efforts d\u00e9ploy\u00e9s par la classe capitaliste sont trop sous-estim\u00e9s. Celle-ci se dote de moyens colossaux pour mener la bataille culturelle, id\u00e9ologique et politique. Ainsi, <strong>81 % des quotidiens nationaux et 95 % des hebdomadaires d\u2019information g\u00e9n\u00e9rale et politique, 40 % des cinquante premiers sites d\u2019information, quatre radios g\u00e9n\u00e9ralistes, les cha\u00eenes de t\u00e9l\u00e9vision priv\u00e9es sont la propri\u00e9t\u00e9 de seulement huit hommes d\u2019affaires milliardaires et de deux millionnaires<\/strong>.<\/p>\n\n\n\n<p>Cette poign\u00e9e de capitalistes qui s\u2019accapare les m\u00e9dias veut \u00e9videmment en faire des outils d\u2019influence aupr\u00e8s des gouvernements, des institutions europ\u00e9ennes et dans le concert mondial. Mais cette classe recherche aussi un mod\u00e8le \u00e9conomique rentable qui \u00e9crase le pluralisme des id\u00e9es et de la presse.<\/p>\n\n\n\n<p>En effet, sous l\u2019effet des d\u00e9veloppements num\u00e9riques et d\u2019une d\u00e9valorisation organis\u00e9e de la lecture des journaux papiers et des livres, <strong>une mutation consid\u00e9rable des entreprises de presse vers des projets globaux &#8211; papier-num\u00e9rique-t\u00e9l\u00e9vision-vid\u00e9o &#8211; auxquelles s\u2019ajoutent des industries culturelles, de loisirs et d\u2019une multitude de services est en cours<\/strong>. Ces projets visent \u00e0 concurrencer les g\u00e9ants nord-am\u00e9ricains du num\u00e9rique dans le cadre d\u2019une violente bataille intra-capitaliste incluant de fameux \u00ab march\u00e9s des id\u00e9es \u00bb &#8211; r\u00e9actionnaires s\u2019entend.<\/p>\n\n\n\n<p>Pendant ce temps, la presse ind\u00e9pendante est r\u00e9duite \u00e0 la portion congrue, toujours plus asphyxi\u00e9e.<\/p>\n\n\n\n<p><strong>En apparence, le commun des mortels consid\u00e8re le pluralisme \u00e0 l\u2019aune de la multiplication des cha\u00eenes de t\u00e9l\u00e9vision et de radio \u00e0 disposition<\/strong>. Cela lui donnerait donc, plus de choix. En apparence seulement. Car, en r\u00e9alit\u00e9, il se trouve encercl\u00e9, cern\u00e9, dans un syst\u00e8me o\u00f9 les m\u00e9dias sont soumis en permanence \u00e0 l\u2019audimat et leur caract\u00e8re commercial s\u2019accro\u00eet.<\/p>\n\n\n\n<p><strong>Il faut faire de l\u2019audience et pour cela imposer une culture de la distraction &#8211; selon une vision consum\u00e9riste et dans les int\u00e9r\u00eats de leur propri\u00e9taire<\/strong> &#8211; en uniformisant les contenus pour gagner la course \u00e0 l\u2019audimat, mesur\u00e9e chaque seconde comme les cours de bourse. On retrouve ici le concept de \u00ab march\u00e9 \u00bb des id\u00e9es et de l\u2019information sensationnelle qui fid\u00e9lise des t\u00e9l\u00e9spectateurs devant des \u00e9missions ou l\u2019on vend du vide tout en excitant l\u2019individualisme, l\u2019identit\u00e9 et l\u2019ins\u00e9curit\u00e9.<\/p>\n\n\n\n<p>Ainsi, les grands m\u00e9dias ont une fonction de reproduction des id\u00e9ologies et des valeurs dominantes. Par les contenus, les images, les normes, les mots et les valeurs qu\u2019ils v\u00e9hiculent dans les infos en continu, dans les fictions comme dans le divertissement.<br><br>Ce niveau, inconnu jusque-l\u00e0, de concentration des m\u00e9dias et des industries culturelles s\u2019inscrit dans la guerre intra-capitaliste que se livre de grands groupes \u00e0 base nationale avec l\u2019oligopole num\u00e9rique nord-am\u00e9ricaine &#8211; Google, Apple, Facebook, Amazon, Microsoft auxquels il faut ajouter Netflix, Disney, YouTube &#8211; qui dominent \u00e0 la fois les productions de contenus, les circuits de distribution et les sources de revenus. Ce faisant, ils affaiblissent la presse \u00e9crite en pillant ses contenus, en ass\u00e9chant ses ressources publicitaires et en niant la diversit\u00e9 culturelle.<\/p>\n\n\n\n<p><strong>Ces g\u00e9ants am\u00e9ricains du num\u00e9rique, plus puissants \u00e9conomiquement et financi\u00e8rement que certains \u00c9tats, \u00e9talent leur h\u00e9g\u00e9monie dans les industries m\u00e9diatiques et culturelles<\/strong>. Ils constituent une menace pour notre \u00ab exception culturelle \u00bb, une menace pour les libert\u00e9s et le pluralisme des informations et des opinions. Ils pillent les contenus, jusqu\u2019\u00e0 la source, et captent la manne publicitaire. Aujourd\u2019hui, Facebook est la premi\u00e8re plateforme mondiale d\u2019acc\u00e8s \u00e0 l\u2019information. YouTube est la premi\u00e8re interface audiovisuelle pour les moins de 30 ans. Amazon est la plus grande librairie du monde.<\/p>\n\n\n\n<p><strong>Leur seule logique est \u00e9videmment, la recherche du profit en pla\u00e7ant hors-jeu le citoyen inform\u00e9 au profit du consommateur encercl\u00e9 et du \u00ab client \u00bb redevable<\/strong>. Ajoutons que ces groupes, telles des pieuvres, investissent dans une multitude d\u2019autres secteurs comme le transport, la logistique, le soutien \u00e0 l\u2019armement ou la sant\u00e9. Dans ce nouvel espace informationnel et ses puissants algorithmes, se pose une multitude de questions : d\u00e9sinformation, polarisation des opinions, enfermement informationnel.<\/p>\n\n\n\n<p><strong>En pla\u00e7ant leur raisonnement dans l\u2019unique cadre de ce capitalisme-cannibale, les r\u00e9dacteurs du rapport des \u00c9tats g\u00e9n\u00e9raux de l\u2019information ne peuvent affronter ces enjeux pourtant cruciaux pour l\u2019avenir des d\u00e9mocraties et l\u2019exercice de la citoyennet\u00e9<\/strong>. Ce rapport aurait pourtant pu insuffler un peu d\u2019oxyg\u00e8ne d\u00e9mocratique pour l&rsquo;information, son traitement, la culture, le d\u00e9bat citoyen. Or, ces auteurs refusent d\u2019affronter les actionnaires, de d\u00e9fendre un p\u00f4le de m\u00e9dias public d\u00e9mocratis\u00e9 et propri\u00e9t\u00e9 citoyenne, de revaloriser le m\u00e9tier de journaliste et le travail des cr\u00e9ateurs.<\/p>\n\n\n\n<p><strong>Il n\u2019y aura pas de pluralisme vivant sans soutenir plus et mieux la presse ind\u00e9pendante<\/strong>. L\u2019un des points positifs du rapport est de lui faire b\u00e9n\u00e9ficier de nouvelles recettes publiques gr\u00e2ce \u00e0 un pr\u00e9l\u00e8vement plus substantiel sur les recettes que r\u00e9alisent les g\u00e9ants du num\u00e9rique sur la publicit\u00e9 acquise gr\u00e2ce au pillage du contenu de la presse et des m\u00e9dias. Une bataille cons\u00e9quente est indispensable pour le traduire en actes. Il aurait d\u00fb proposer une r\u00e9forme du conseil sup\u00e9rieur de l\u2019audiovisuel. Celui-ci doit devenir une instance \u00e9largie aux professionnels et aux auditeurs et aux t\u00e9l\u00e9spectateurs et exercer un contr\u00f4le d\u00e9mocratique faisant r\u00e9ellement vivre le pluralisme et veiller au respect de la cr\u00e9ation fran\u00e7aise dans les programmes culturels ou de loisirs \u00e0 la t\u00e9l\u00e9vision.<\/p>\n\n\n\n<p>Le p\u00f4le public de la radio et t\u00e9l\u00e9vision doit \u00eatre consolid\u00e9 et d\u00e9velopp\u00e9, d\u00e9mocratis\u00e9 en faisant participer les auditeurs et t\u00e9l\u00e9spectateurs aux c\u00f4t\u00e9s des personnels aux orientations. Il doit \u00eatre un mod\u00e8le de diversit\u00e9 et de pluralisme et participer plus encore \u00e0 la cr\u00e9ation culturelle.<\/p>\n\n\n\n<p><strong>Il n\u2019y a pas d\u2019information pluraliste, document\u00e9e sans embauche de journaliste, sans reporter, sans journaliste d\u2019investigation<\/strong>. Il est urgent de voter une loi anti-concentration et d&rsquo;interdire toute prise de contr\u00f4le de plus de 20 % du capital sur toute entreprise de m\u00e9dias, et au-del\u00e0 sur l\u2019ensemble des industries culturelles et num\u00e9riques. Autant de r\u00e9formes qui doivent s\u2019inscrire dans un nouveau projet d\u2019appropriation publique des grands m\u00e9dias.<\/p>\n\n\n\n<p>Les \u00c9tats g\u00e9n\u00e9raux de l\u2019information et leurs conclusions devraient inciter les progressistes \u00e0 animer des d\u00e9bats publics autour de ces enjeux qui ont partie li\u00e9s avec ceux des batailles pour les salaires, le travail ou le climat, la lutte antiraciste ou le f\u00e9minisme. C\u2019est de la citoyennet\u00e9 vivante dont il s\u2019agit ! Ils les appellent \u00e0 d\u00e9fendre la presse ind\u00e9pendante des groupes industriels et financiers, et \u00e0 mesurer dans un tel contexte a quel point lire et faire conna\u00eetre <em>L\u2019Humanit\u00e9<\/em> est extr\u00eamement pr\u00e9cieux.<\/p>\n\n\n\n<hr class=\"wp-block-separator has-alpha-channel-opacity\"\/>\n\n\n\n<p>Image d&rsquo;illustration : Photo de <a href=\"https:\/\/www.pexels.com\/fr-fr\/photo\/photographie-peu-profonde-des-magazines-167538\/\">Digital Buggu<\/a> (CC)<\/p>","protected":false},"excerpt":{"rendered":"<p>Cet article du 28 septembre 2024 est extrait de la lettre hebdomadaire de Patrick Le Hyaric. Cliquez ici pour lire la lettre de la semaine, et ici pour vous y [&hellip;]<\/p>\n","protected":false},"author":16,"featured_media":4306,"comment_status":"closed","ping_status":"closed","sticky":false,"template":"","format":"standard","meta":{"_EventAllDay":false,"_EventTimezone":"","_EventStartDate":"","_EventEndDate":"","_EventStartDateUTC":"","_EventEndDateUTC":"","_EventShowMap":false,"_EventShowMapLink":false,"_EventURL":"","_EventCost":"","_EventCostDescription":"","_EventCurrencySymbol":"","_EventCurrencyCode":"","_EventCurrencyPosition":"","_EventDateTimeSeparator":"","_EventTimeRangeSeparator":"","_EventOrganizerID":[],"_EventVenueID":[],"_OrganizerEmail":"","_OrganizerPhone":"","_OrganizerWebsite":"","_VenueAddress":"","_VenueCity":"","_VenueCountry":"","_VenueProvince":"","_VenueState":"","_VenueZip":"","_VenuePhone":"","_VenueURL":"","_VenueStateProvince":"","_VenueLat":"","_VenueLng":"","_VenueShowMap":false,"_VenueShowMapLink":false,"footnotes":""},"categories":[13],"tags":[30],"class_list":["post-4305","post","type-post","status-publish","format-standard","has-post-thumbnail","hentry","category-articles","tag-culture"],"yoast_head":"<!-- This site is optimized with the Yoast SEO plugin v27.4 - https:\/\/yoast.com\/product\/yoast-seo-wordpress\/ -->\n<title>Aux \u00c9tats g\u00e9n\u00e9raux de l\u2019information, pas touche aux oligarques des m\u00e9dias ! - Nos R\u00e9volutions<\/title>\n<meta name=\"robots\" content=\"index, follow, max-snippet:-1, max-image-preview:large, max-video-preview:-1\" \/>\n<link rel=\"canonical\" href=\"https:\/\/nosrevolutions.fr\/en\/2024\/09\/30\/aux-etats-generaux-de-linformation-pas-touche-aux-oligarques-des-medias\/\" \/>\n<meta property=\"og:locale\" content=\"en_GB\" \/>\n<meta property=\"og:type\" content=\"article\" \/>\n<meta property=\"og:title\" content=\"Aux \u00c9tats g\u00e9n\u00e9raux de l\u2019information, pas touche aux oligarques des m\u00e9dias ! - Nos R\u00e9volutions\" \/>\n<meta property=\"og:description\" content=\"Cet article du 28 septembre 2024 est extrait de la lettre hebdomadaire de Patrick Le Hyaric. Cliquez ici pour lire la lettre de la semaine, et ici pour vous y [&hellip;]\" \/>\n<meta property=\"og:url\" content=\"https:\/\/nosrevolutions.fr\/en\/2024\/09\/30\/aux-etats-generaux-de-linformation-pas-touche-aux-oligarques-des-medias\/\" \/>\n<meta property=\"og:site_name\" content=\"Nos R\u00e9volutions\" \/>\n<meta property=\"article:published_time\" content=\"2024-09-30T03:00:00+00:00\" \/>\n<meta property=\"article:modified_time\" content=\"2025-05-21T15:17:31+00:00\" \/>\n<meta property=\"og:image\" content=\"https:\/\/nosrevolutions.fr\/wp-content\/uploads\/2024\/09\/pexels-digitalbuggu-167538-scaled.jpg\" \/>\n\t<meta property=\"og:image:width\" content=\"2560\" \/>\n\t<meta property=\"og:image:height\" content=\"1707\" \/>\n\t<meta property=\"og:image:type\" content=\"image\/jpeg\" \/>\n<meta name=\"author\" content=\"Patrick le Hyaric\" \/>\n<meta name=\"twitter:card\" content=\"summary_large_image\" \/>\n<meta name=\"twitter:creator\" content=\"@NosRevolutions\" \/>\n<meta name=\"twitter:site\" content=\"@NosRevolutions\" \/>\n<meta name=\"twitter:label1\" content=\"Written by\" \/>\n\t<meta name=\"twitter:data1\" content=\"Patrick le Hyaric\" \/>\n\t<meta name=\"twitter:label2\" content=\"Estimated reading time\" \/>\n\t<meta name=\"twitter:data2\" content=\"10 minutes\" \/>\n<script type=\"application\/ld+json\" class=\"yoast-schema-graph\">{\"@context\":\"https:\\\/\\\/schema.org\",\"@graph\":[{\"@type\":\"Article\",\"@id\":\"https:\\\/\\\/nosrevolutions.fr\\\/2024\\\/09\\\/30\\\/aux-etats-generaux-de-linformation-pas-touche-aux-oligarques-des-medias\\\/#article\",\"isPartOf\":{\"@id\":\"https:\\\/\\\/nosrevolutions.fr\\\/2024\\\/09\\\/30\\\/aux-etats-generaux-de-linformation-pas-touche-aux-oligarques-des-medias\\\/\"},\"author\":{\"name\":\"Patrick le Hyaric\",\"@id\":\"https:\\\/\\\/nosrevolutions.fr\\\/#\\\/schema\\\/person\\\/8c468d72c09d01b9f55ed5f05ed42494\"},\"headline\":\"Aux \u00c9tats g\u00e9n\u00e9raux de l\u2019information, pas touche aux oligarques des m\u00e9dias !\",\"datePublished\":\"2024-09-30T03:00:00+00:00\",\"dateModified\":\"2025-05-21T15:17:31+00:00\",\"mainEntityOfPage\":{\"@id\":\"https:\\\/\\\/nosrevolutions.fr\\\/2024\\\/09\\\/30\\\/aux-etats-generaux-de-linformation-pas-touche-aux-oligarques-des-medias\\\/\"},\"wordCount\":2081,\"publisher\":{\"@id\":\"https:\\\/\\\/nosrevolutions.fr\\\/#organization\"},\"image\":{\"@id\":\"https:\\\/\\\/nosrevolutions.fr\\\/2024\\\/09\\\/30\\\/aux-etats-generaux-de-linformation-pas-touche-aux-oligarques-des-medias\\\/#primaryimage\"},\"thumbnailUrl\":\"https:\\\/\\\/nosrevolutions.fr\\\/wp-content\\\/uploads\\\/2024\\\/09\\\/pexels-digitalbuggu-167538-scaled.jpg\",\"keywords\":[\"Culture\"],\"articleSection\":[\"Articles\"],\"inLanguage\":\"en-GB\"},{\"@type\":\"WebPage\",\"@id\":\"https:\\\/\\\/nosrevolutions.fr\\\/2024\\\/09\\\/30\\\/aux-etats-generaux-de-linformation-pas-touche-aux-oligarques-des-medias\\\/\",\"url\":\"https:\\\/\\\/nosrevolutions.fr\\\/2024\\\/09\\\/30\\\/aux-etats-generaux-de-linformation-pas-touche-aux-oligarques-des-medias\\\/\",\"name\":\"Aux \u00c9tats g\u00e9n\u00e9raux de l\u2019information, pas touche aux oligarques des m\u00e9dias ! - Nos R\u00e9volutions\",\"isPartOf\":{\"@id\":\"https:\\\/\\\/nosrevolutions.fr\\\/#website\"},\"primaryImageOfPage\":{\"@id\":\"https:\\\/\\\/nosrevolutions.fr\\\/2024\\\/09\\\/30\\\/aux-etats-generaux-de-linformation-pas-touche-aux-oligarques-des-medias\\\/#primaryimage\"},\"image\":{\"@id\":\"https:\\\/\\\/nosrevolutions.fr\\\/2024\\\/09\\\/30\\\/aux-etats-generaux-de-linformation-pas-touche-aux-oligarques-des-medias\\\/#primaryimage\"},\"thumbnailUrl\":\"https:\\\/\\\/nosrevolutions.fr\\\/wp-content\\\/uploads\\\/2024\\\/09\\\/pexels-digitalbuggu-167538-scaled.jpg\",\"datePublished\":\"2024-09-30T03:00:00+00:00\",\"dateModified\":\"2025-05-21T15:17:31+00:00\",\"breadcrumb\":{\"@id\":\"https:\\\/\\\/nosrevolutions.fr\\\/2024\\\/09\\\/30\\\/aux-etats-generaux-de-linformation-pas-touche-aux-oligarques-des-medias\\\/#breadcrumb\"},\"inLanguage\":\"en-GB\",\"potentialAction\":[{\"@type\":\"ReadAction\",\"target\":[\"https:\\\/\\\/nosrevolutions.fr\\\/2024\\\/09\\\/30\\\/aux-etats-generaux-de-linformation-pas-touche-aux-oligarques-des-medias\\\/\"]}]},{\"@type\":\"ImageObject\",\"inLanguage\":\"en-GB\",\"@id\":\"https:\\\/\\\/nosrevolutions.fr\\\/2024\\\/09\\\/30\\\/aux-etats-generaux-de-linformation-pas-touche-aux-oligarques-des-medias\\\/#primaryimage\",\"url\":\"https:\\\/\\\/nosrevolutions.fr\\\/wp-content\\\/uploads\\\/2024\\\/09\\\/pexels-digitalbuggu-167538-scaled.jpg\",\"contentUrl\":\"https:\\\/\\\/nosrevolutions.fr\\\/wp-content\\\/uploads\\\/2024\\\/09\\\/pexels-digitalbuggu-167538-scaled.jpg\",\"width\":2560,\"height\":1707},{\"@type\":\"BreadcrumbList\",\"@id\":\"https:\\\/\\\/nosrevolutions.fr\\\/2024\\\/09\\\/30\\\/aux-etats-generaux-de-linformation-pas-touche-aux-oligarques-des-medias\\\/#breadcrumb\",\"itemListElement\":[{\"@type\":\"ListItem\",\"position\":1,\"name\":\"Accueil\",\"item\":\"https:\\\/\\\/nosrevolutions.fr\\\/\"},{\"@type\":\"ListItem\",\"position\":2,\"name\":\"Aux \u00c9tats g\u00e9n\u00e9raux de l\u2019information, pas touche aux oligarques des m\u00e9dias !\"}]},{\"@type\":\"WebSite\",\"@id\":\"https:\\\/\\\/nosrevolutions.fr\\\/#website\",\"url\":\"https:\\\/\\\/nosrevolutions.fr\\\/\",\"name\":\"Nos R\u00e9volutions\",\"description\":\"Communisme et mouvement social\",\"publisher\":{\"@id\":\"https:\\\/\\\/nosrevolutions.fr\\\/#organization\"},\"potentialAction\":[{\"@type\":\"SearchAction\",\"target\":{\"@type\":\"EntryPoint\",\"urlTemplate\":\"https:\\\/\\\/nosrevolutions.fr\\\/?s={search_term_string}\"},\"query-input\":{\"@type\":\"PropertyValueSpecification\",\"valueRequired\":true,\"valueName\":\"search_term_string\"}}],\"inLanguage\":\"en-GB\"},{\"@type\":\"Organization\",\"@id\":\"https:\\\/\\\/nosrevolutions.fr\\\/#organization\",\"name\":\"Nos R\u00e9volutions\",\"url\":\"https:\\\/\\\/nosrevolutions.fr\\\/\",\"logo\":{\"@type\":\"ImageObject\",\"inLanguage\":\"en-GB\",\"@id\":\"https:\\\/\\\/nosrevolutions.fr\\\/#\\\/schema\\\/logo\\\/image\\\/\",\"url\":\"https:\\\/\\\/nosrevolutions.fr\\\/wp-content\\\/uploads\\\/2022\\\/09\\\/nrs_logo_noir.png\",\"contentUrl\":\"https:\\\/\\\/nosrevolutions.fr\\\/wp-content\\\/uploads\\\/2022\\\/09\\\/nrs_logo_noir.png\",\"width\":2000,\"height\":501,\"caption\":\"Nos R\u00e9volutions\"},\"image\":{\"@id\":\"https:\\\/\\\/nosrevolutions.fr\\\/#\\\/schema\\\/logo\\\/image\\\/\"},\"sameAs\":[\"https:\\\/\\\/x.com\\\/NosRevolutions\"]},{\"@type\":\"Person\",\"@id\":\"https:\\\/\\\/nosrevolutions.fr\\\/#\\\/schema\\\/person\\\/8c468d72c09d01b9f55ed5f05ed42494\",\"name\":\"Patrick le Hyaric\",\"image\":{\"@type\":\"ImageObject\",\"inLanguage\":\"en-GB\",\"@id\":\"https:\\\/\\\/secure.gravatar.com\\\/avatar\\\/f5ed45644d7558a1b6777fbf6067479e91917fbf3acb31e3e6c55a4c469bb685?s=96&d=mm&r=g\",\"url\":\"https:\\\/\\\/secure.gravatar.com\\\/avatar\\\/f5ed45644d7558a1b6777fbf6067479e91917fbf3acb31e3e6c55a4c469bb685?s=96&d=mm&r=g\",\"contentUrl\":\"https:\\\/\\\/secure.gravatar.com\\\/avatar\\\/f5ed45644d7558a1b6777fbf6067479e91917fbf3acb31e3e6c55a4c469bb685?s=96&d=mm&r=g\",\"caption\":\"Patrick le Hyaric\"},\"url\":\"https:\\\/\\\/nosrevolutions.fr\\\/en\\\/author\\\/patricklehyaric\\\/\"}]}<\/script>\n<!-- \/ Yoast SEO plugin. -->","yoast_head_json":{"title":"Aux \u00c9tats g\u00e9n\u00e9raux de l\u2019information, pas touche aux oligarques des m\u00e9dias ! - Nos R\u00e9volutions","robots":{"index":"index","follow":"follow","max-snippet":"max-snippet:-1","max-image-preview":"max-image-preview:large","max-video-preview":"max-video-preview:-1"},"canonical":"https:\/\/nosrevolutions.fr\/en\/2024\/09\/30\/aux-etats-generaux-de-linformation-pas-touche-aux-oligarques-des-medias\/","og_locale":"en_GB","og_type":"article","og_title":"Aux \u00c9tats g\u00e9n\u00e9raux de l\u2019information, pas touche aux oligarques des m\u00e9dias ! - Nos R\u00e9volutions","og_description":"Cet article du 28 septembre 2024 est extrait de la lettre hebdomadaire de Patrick Le Hyaric. Cliquez ici pour lire la lettre de la semaine, et ici pour vous y [&hellip;]","og_url":"https:\/\/nosrevolutions.fr\/en\/2024\/09\/30\/aux-etats-generaux-de-linformation-pas-touche-aux-oligarques-des-medias\/","og_site_name":"Nos R\u00e9volutions","article_published_time":"2024-09-30T03:00:00+00:00","article_modified_time":"2025-05-21T15:17:31+00:00","og_image":[{"width":2560,"height":1707,"url":"https:\/\/nosrevolutions.fr\/wp-content\/uploads\/2024\/09\/pexels-digitalbuggu-167538-scaled.jpg","type":"image\/jpeg"}],"author":"Patrick le Hyaric","twitter_card":"summary_large_image","twitter_creator":"@NosRevolutions","twitter_site":"@NosRevolutions","twitter_misc":{"Written by":"Patrick le Hyaric","Estimated reading time":"10 minutes"},"schema":{"@context":"https:\/\/schema.org","@graph":[{"@type":"Article","@id":"https:\/\/nosrevolutions.fr\/2024\/09\/30\/aux-etats-generaux-de-linformation-pas-touche-aux-oligarques-des-medias\/#article","isPartOf":{"@id":"https:\/\/nosrevolutions.fr\/2024\/09\/30\/aux-etats-generaux-de-linformation-pas-touche-aux-oligarques-des-medias\/"},"author":{"name":"Patrick le Hyaric","@id":"https:\/\/nosrevolutions.fr\/#\/schema\/person\/8c468d72c09d01b9f55ed5f05ed42494"},"headline":"Aux \u00c9tats g\u00e9n\u00e9raux de l\u2019information, pas touche aux oligarques des m\u00e9dias !","datePublished":"2024-09-30T03:00:00+00:00","dateModified":"2025-05-21T15:17:31+00:00","mainEntityOfPage":{"@id":"https:\/\/nosrevolutions.fr\/2024\/09\/30\/aux-etats-generaux-de-linformation-pas-touche-aux-oligarques-des-medias\/"},"wordCount":2081,"publisher":{"@id":"https:\/\/nosrevolutions.fr\/#organization"},"image":{"@id":"https:\/\/nosrevolutions.fr\/2024\/09\/30\/aux-etats-generaux-de-linformation-pas-touche-aux-oligarques-des-medias\/#primaryimage"},"thumbnailUrl":"https:\/\/nosrevolutions.fr\/wp-content\/uploads\/2024\/09\/pexels-digitalbuggu-167538-scaled.jpg","keywords":["Culture"],"articleSection":["Articles"],"inLanguage":"en-GB"},{"@type":"WebPage","@id":"https:\/\/nosrevolutions.fr\/2024\/09\/30\/aux-etats-generaux-de-linformation-pas-touche-aux-oligarques-des-medias\/","url":"https:\/\/nosrevolutions.fr\/2024\/09\/30\/aux-etats-generaux-de-linformation-pas-touche-aux-oligarques-des-medias\/","name":"Aux \u00c9tats g\u00e9n\u00e9raux de l\u2019information, pas touche aux oligarques des m\u00e9dias ! - Nos R\u00e9volutions","isPartOf":{"@id":"https:\/\/nosrevolutions.fr\/#website"},"primaryImageOfPage":{"@id":"https:\/\/nosrevolutions.fr\/2024\/09\/30\/aux-etats-generaux-de-linformation-pas-touche-aux-oligarques-des-medias\/#primaryimage"},"image":{"@id":"https:\/\/nosrevolutions.fr\/2024\/09\/30\/aux-etats-generaux-de-linformation-pas-touche-aux-oligarques-des-medias\/#primaryimage"},"thumbnailUrl":"https:\/\/nosrevolutions.fr\/wp-content\/uploads\/2024\/09\/pexels-digitalbuggu-167538-scaled.jpg","datePublished":"2024-09-30T03:00:00+00:00","dateModified":"2025-05-21T15:17:31+00:00","breadcrumb":{"@id":"https:\/\/nosrevolutions.fr\/2024\/09\/30\/aux-etats-generaux-de-linformation-pas-touche-aux-oligarques-des-medias\/#breadcrumb"},"inLanguage":"en-GB","potentialAction":[{"@type":"ReadAction","target":["https:\/\/nosrevolutions.fr\/2024\/09\/30\/aux-etats-generaux-de-linformation-pas-touche-aux-oligarques-des-medias\/"]}]},{"@type":"ImageObject","inLanguage":"en-GB","@id":"https:\/\/nosrevolutions.fr\/2024\/09\/30\/aux-etats-generaux-de-linformation-pas-touche-aux-oligarques-des-medias\/#primaryimage","url":"https:\/\/nosrevolutions.fr\/wp-content\/uploads\/2024\/09\/pexels-digitalbuggu-167538-scaled.jpg","contentUrl":"https:\/\/nosrevolutions.fr\/wp-content\/uploads\/2024\/09\/pexels-digitalbuggu-167538-scaled.jpg","width":2560,"height":1707},{"@type":"BreadcrumbList","@id":"https:\/\/nosrevolutions.fr\/2024\/09\/30\/aux-etats-generaux-de-linformation-pas-touche-aux-oligarques-des-medias\/#breadcrumb","itemListElement":[{"@type":"ListItem","position":1,"name":"Accueil","item":"https:\/\/nosrevolutions.fr\/"},{"@type":"ListItem","position":2,"name":"Aux \u00c9tats g\u00e9n\u00e9raux de l\u2019information, pas touche aux oligarques des m\u00e9dias !"}]},{"@type":"WebSite","@id":"https:\/\/nosrevolutions.fr\/#website","url":"https:\/\/nosrevolutions.fr\/","name":"Nos R\u00e9volutions","description":"Communisme et mouvement social","publisher":{"@id":"https:\/\/nosrevolutions.fr\/#organization"},"potentialAction":[{"@type":"SearchAction","target":{"@type":"EntryPoint","urlTemplate":"https:\/\/nosrevolutions.fr\/?s={search_term_string}"},"query-input":{"@type":"PropertyValueSpecification","valueRequired":true,"valueName":"search_term_string"}}],"inLanguage":"en-GB"},{"@type":"Organization","@id":"https:\/\/nosrevolutions.fr\/#organization","name":"Nos R\u00e9volutions","url":"https:\/\/nosrevolutions.fr\/","logo":{"@type":"ImageObject","inLanguage":"en-GB","@id":"https:\/\/nosrevolutions.fr\/#\/schema\/logo\/image\/","url":"https:\/\/nosrevolutions.fr\/wp-content\/uploads\/2022\/09\/nrs_logo_noir.png","contentUrl":"https:\/\/nosrevolutions.fr\/wp-content\/uploads\/2022\/09\/nrs_logo_noir.png","width":2000,"height":501,"caption":"Nos R\u00e9volutions"},"image":{"@id":"https:\/\/nosrevolutions.fr\/#\/schema\/logo\/image\/"},"sameAs":["https:\/\/x.com\/NosRevolutions"]},{"@type":"Person","@id":"https:\/\/nosrevolutions.fr\/#\/schema\/person\/8c468d72c09d01b9f55ed5f05ed42494","name":"Patrick le Hyaric","image":{"@type":"ImageObject","inLanguage":"en-GB","@id":"https:\/\/secure.gravatar.com\/avatar\/f5ed45644d7558a1b6777fbf6067479e91917fbf3acb31e3e6c55a4c469bb685?s=96&d=mm&r=g","url":"https:\/\/secure.gravatar.com\/avatar\/f5ed45644d7558a1b6777fbf6067479e91917fbf3acb31e3e6c55a4c469bb685?s=96&d=mm&r=g","contentUrl":"https:\/\/secure.gravatar.com\/avatar\/f5ed45644d7558a1b6777fbf6067479e91917fbf3acb31e3e6c55a4c469bb685?s=96&d=mm&r=g","caption":"Patrick le Hyaric"},"url":"https:\/\/nosrevolutions.fr\/en\/author\/patricklehyaric\/"}]}},"_links":{"self":[{"href":"https:\/\/nosrevolutions.fr\/en\/wp-json\/wp\/v2\/posts\/4305","targetHints":{"allow":["GET"]}}],"collection":[{"href":"https:\/\/nosrevolutions.fr\/en\/wp-json\/wp\/v2\/posts"}],"about":[{"href":"https:\/\/nosrevolutions.fr\/en\/wp-json\/wp\/v2\/types\/post"}],"author":[{"embeddable":true,"href":"https:\/\/nosrevolutions.fr\/en\/wp-json\/wp\/v2\/users\/16"}],"replies":[{"embeddable":true,"href":"https:\/\/nosrevolutions.fr\/en\/wp-json\/wp\/v2\/comments?post=4305"}],"version-history":[{"count":3,"href":"https:\/\/nosrevolutions.fr\/en\/wp-json\/wp\/v2\/posts\/4305\/revisions"}],"predecessor-version":[{"id":5009,"href":"https:\/\/nosrevolutions.fr\/en\/wp-json\/wp\/v2\/posts\/4305\/revisions\/5009"}],"wp:featuredmedia":[{"embeddable":true,"href":"https:\/\/nosrevolutions.fr\/en\/wp-json\/wp\/v2\/media\/4306"}],"wp:attachment":[{"href":"https:\/\/nosrevolutions.fr\/en\/wp-json\/wp\/v2\/media?parent=4305"}],"wp:term":[{"taxonomy":"category","embeddable":true,"href":"https:\/\/nosrevolutions.fr\/en\/wp-json\/wp\/v2\/categories?post=4305"},{"taxonomy":"post_tag","embeddable":true,"href":"https:\/\/nosrevolutions.fr\/en\/wp-json\/wp\/v2\/tags?post=4305"}],"curies":[{"name":"wp","href":"https:\/\/api.w.org\/{rel}","templated":true}]}}