{"id":4219,"date":"2024-08-26T09:31:54","date_gmt":"2024-08-26T07:31:54","guid":{"rendered":"https:\/\/nosrevolutions.fr\/?p=4219"},"modified":"2025-05-21T17:09:40","modified_gmt":"2025-05-21T15:09:40","slug":"proche-orient-les-hypocrites-a-loeuvre","status":"publish","type":"post","link":"https:\/\/nosrevolutions.fr\/en\/2024\/08\/26\/proche-orient-les-hypocrites-a-loeuvre\/","title":{"rendered":"Proche Orient : Les hypocrites \u00e0 l&rsquo;\u0153uvre"},"content":{"rendered":"<p><em>Cet article du 24 ao\u00fbt 2024<\/em> <em>is excerpted from Patrick Le Hyaric\u2019s weekly letter. Click <a href=\"http:\/\/r.lettre.patrick-le-hyaric.fr\/mk\/mr\/sh\/1t6AVsd2XFnIGDU3lOXKIKQqjpFhE9\/wdzE_zMYe0KI\">here<\/a> to read the full letter for this week, and <a href=\"https:\/\/patrick-le-hyaric.fr\/la-lettre-de-patrick-le-hyaric\/\">here<\/a> to subscribe to it<\/em>.<\/p>\n\n\n\n<p id=\"block-0e955a0e-d89b-407d-9914-d611eb02cdf9\">Les d\u00e9placements r\u00e9guliers des ministres des pays occidentaux, dont ceux du secr\u00e9taire d&rsquo;\u00c9tat am\u00e9ricain Antony Blinken au Proche-Orient, s&rsquo;apparentent \u00e0 de la com\u00e9die politique ou \u00e0 des somnif\u00e8res pour l\u2019opinion mondiale. Pendant qu\u2019est r\u00e9p\u00e9t\u00e9 \u00e0 l\u2019envie toujours le m\u00eame chapelet de mots sur la s\u00e9curit\u00e9 et de la fin de la guerre, des tonnes de bombes s&rsquo;abattent sur la population de Gaza.<\/p>\n\n\n\n<p>Cet ignoble d\u00e9luge de fer et de feu br\u00fble tout sur son passage et allonge sans fin l\u2019horrible liste des morts et des bless\u00e9s. \u00c0 ce jour, 80 % du territoire est d\u00e9truit. Le minist\u00e8re de la Sant\u00e9 du gouvernement du Hamas annonce 44 123 morts, tandis que la revue \u00ab The Lancet \u00bb avec d\u2019autres agences officielles annonce un total de 140 000 tu\u00e9s et 350 000 bless\u00e9s. Et on ne mesure pas les d\u00e9g\u00e2ts irr\u00e9m\u00e9diables que laissent ces massacres et ces destructions sur des milliers d\u2019enfants et d\u2019adolescents traumatis\u00e9s \u00e0 jamais.<\/p>\n\n\n\n<p><strong>Au fait, comment doit-on qualifier un gouvernement qui, au pr\u00e9texte de d\u00e9truire le Hamas, a tu\u00e9 au moins 2000 nourrissons \u00e0 Gaza ?<\/strong><\/p>\n\n\n\n<p>Comment doit-on qualifier un gouvernement qui a fait d\u00e9verser 70 000 tonnes de bombes sur une bande de terre, v\u00e9ritable prison \u00e0 ciel ouvert, dont la longueur n\u2019exc\u00e8de pas 50 km et la largeur 10 km ?<\/p>\n\n\n\n<p>Oui, 70 000 tonnes de bombes.<\/p>\n\n\n\n<p>Comment, dans nos chancelleries, peut-on rester plus longtemps insensible \u00e0 la longue chronique des horreurs perp\u00e9tr\u00e9es par un \u00c9tat bombardant sans discernement des lieux d\u2019humanit\u00e9 tels les \u00e9coles et les h\u00f4pitaux ?<\/p>\n\n\n\n<p><strong>Le pouvoir isra\u00e9lien ne peut perp\u00e9trer ce carnage qu\u2019avec le silence, la complicit\u00e9 et l\u2019appui des puissances occidentales.<\/strong>&nbsp;Elles savent certes mimer l\u2019\u00e9motion, avec des tr\u00e9molos dans la voix pour r\u00e9p\u00e9ter tel un mantra la \u00ab solution \u00e0 deux \u00c9tats \u00bb, sans jamais rien faire pour qu\u2019elle advienne. Plus hypocrites encore, ceux qui chuchotent, qu\u2019ils reconna\u00eetront l\u2019\u00c9tat palestinien \u00ab en temps voulu \u00bb.<\/p>\n\n\n\n<p>Quel est ce temps ? Et voulu par qui ? Puisqu\u2019ils n\u2019ignorent pas que le parlement isra\u00e9lien a vot\u00e9, le 18 juillet dernier, un texte ou il est \u00e9crit, en violation du droit international : \u00ab Isra\u00ebl s\u2019opposera \u00e0 la cr\u00e9ation d\u2019un \u00c9tat Palestinien \u00e0 l\u2019ouest du Jourdain \u00bb.<\/p>\n\n\n\n<p><strong>Alors ? Pour inverser les logiques colonisatrices et guerri\u00e8res actuelles et pour refonder les bases d\u2019une nouvelle n\u00e9gociation \u00e0 partir du droit international sous garantie des Nations Unis, une strat\u00e9gie nouvelle doit \u00eatre mise en \u0153uvre : reconna\u00eetre d\u00e8s maintenant l\u2019\u00c9tat palestinien<\/strong>. C\u2019est le moment de la reconnaissance. Il y a urgence. Les actions pour que les institutions fran\u00e7aises reconnaissent un \u00c9tat pour les Palestiniens doivent s\u2019amplifier. Elles doivent d\u2019un m\u00eame pas, pousser les institutions europ\u00e9ennes \u00e0 prendre des initiatives en faveur d\u2019un cessez-le-feu et de l\u2019arr\u00eat de la colonisation de la Cisjordanie.<\/p>\n\n\n\n<p>Dans cette aire, ces derniers mois, plus de 600 Palestiniens ont \u00e9t\u00e9 tu\u00e9s par des colons sous l\u2019\u0153il bienveillant de la police et de l\u2019arm\u00e9e isra\u00e9lienne. Selon l\u2019association Peace-Now, la surface des terres vol\u00e9es par les colons depuis le d\u00e9but du mandat de ce gouvernement isra\u00e9lien est trois fois sup\u00e9rieure \u00e0 celle des trois d\u00e9cennies pr\u00e9c\u00e9dentes. Le nombre d\u2019avant-postes de colonies en pr\u00e9paration a augment\u00e9 d\u2019un quart ces derniers mois.<\/p>\n\n\n\n<p>La preuve de l\u2019hypocrisie vient encore d\u2019\u00eatre administr\u00e9e ces jours derniers o\u00f9 simultan\u00e9ment le pouvoir am\u00e9ricain dirig\u00e9 par les d\u00e9mocrates, d\u00e9cide de fournir 50 avions de type F15 au gouvernement isra\u00e9lien et missionne Antony Blinken pour un d\u00e9placement diplomatique en Isra\u00ebl et dans plusieurs capitales arabes pr\u00e9tendument pour rechercher une solution de paix.<\/p>\n\n\n\n<p>S\u2019int\u00e9resser \u00e0 cette mission revient \u00e0 d\u00e9voiler la duplicit\u00e9 du pouvoir nord-am\u00e9ricain. Le secr\u00e9taire d\u2019\u00c9tat am\u00e9ricain organise des discussions non pas sur le plan pr\u00e9sent\u00e9 par M. Biden au d\u00e9but du mois de juin dernier. Ce plan en trois phases approuv\u00e9 par le conseil de s\u00e9curit\u00e9 de l\u2019ONU visait sans attendre, un cessez-le-feu temporaire et la lib\u00e9ration d\u2019un certain nombre d\u2019otages isra\u00e9liens et de prisonniers palestiniens.<\/p>\n\n\n\n<p>Puis, dans une seconde phase, il \u00e9tait pr\u00e9vu la lib\u00e9ration de tous les otages et d\u2019un autre groupe de prisonniers palestiniens dans lequel figurait le nom de Marwan Barghouti, le retrait complet de l\u2019arm\u00e9e isra\u00e9lienne de l\u2019enclave palestinienne et une cessation permanente des hostilit\u00e9s. La troisi\u00e8me phase, enfin, d\u00e9crivait les modalit\u00e9s de reconstruction de tout le territoire de Gaza.<\/p>\n\n\n\n<p>Ce plan n\u2019\u00e9tait-il que de la poudre aux yeux pour rassurer la jeunesse am\u00e9ricaine qui r\u00e9clame actions apr\u00e8s actions la fin du carnage \u00e0 Gaza avec les munitions de leur pays ? Toujours est-il que le Premier ministre isra\u00e9lien a pr\u00e9sent\u00e9 en juillet une sorte de contre-plan. Celui-ci n\u2019a pas \u00e9t\u00e9 approuv\u00e9 par le Conseil de s\u00e9curit\u00e9 de l\u2019ONU.<\/p>\n\n\n\n<p>Non seulement, il n\u2019y est pas question de cessez-le-feu permanent, mais il pr\u00e9voit qu\u2019\u00e0 tout moment Isra\u00ebl peut reprendre les hostilit\u00e9s et continuer \u00e0 occuper militairement une grande partie de l\u2019enclave palestinienne notamment entre la fronti\u00e8re de l\u2019Egypte et la bande de Gaza en contradiction avec les accords du Caire, et le maintien d\u2019Est en Ouest d\u2019une large bande de terre coupant de facto en deux parties la bande de Gaza.<\/p>\n\n\n\n<p>Or, qu\u2019a fait la Maison-Blanche ?&nbsp;<strong>Elle n\u2019a pas engag\u00e9 la discussion \u00e0 partir du plan Biden, mais en reprenant mot pour mot celui de Netanyahou pendant que ce dernier multiplie les offensives terrestres et a\u00e9riennes sur les villes de Khan Youn\u00e8s, Nousseirat et Deir el Balah.<\/strong>&nbsp;On apprend depuis par le journal Isra\u00e9lien Haaretz que cette hypocrite strat\u00e9gie a \u00e9t\u00e9 arrang\u00e9 d\u2019un commun accord entre dirigeants am\u00e9ricains et Isra\u00e9liens.<\/p>\n\n\n\n<p>Autrement dit, les Am\u00e9ricains s\u2019alignent sur les conditions du gouvernement d\u2019ultra-droite fascisante isra\u00e9lien particuli\u00e8rement sur le rejet d\u2019un cessez le feu permanent, le retrait complet de Gaza et sur le contenu de l\u2019\u00e9change de prisonniers pour \u00e9viter la lib\u00e9ration de parlementaires et de responsables politiques, dont Marwan Barghouti. Bref tout a \u00e9t\u00e9 organis\u00e9 pour pr\u00e9parer un \u00e9chec diplomatique, qui permettra de justifier la poursuite du carnage \u00e0 Gaza. Par la m\u00eame occasion il s\u2019agit d\u2019une mesure de protection pour le gouvernement d\u2019extr\u00eame droite Isra\u00e9lienne menac\u00e9 par la justice de leur pays et la justice internationale. Peut-\u00eatre, est-ce aussi le moyen de valoriser le Hamas contre l\u2019autorit\u00e9 Palestinienne et l\u2019organisation de lib\u00e9ration de la Palestine. Une strat\u00e9gie qui justifie tout et qui \u00e9crase un peu plus un peuple entier : Le peuple Palestinien. Mieux encore ! On apprend que plusieurs pays occidentaux dont la France font pression sur la cour p\u00e9nale internationale pour emp\u00eacher la d\u00e9livrance d\u2019un mandat d\u2019arr\u00eat contre Netanyahou et Galant. Ah, qu\u2019ils sont beau ces d\u00e9fenseurs de la d\u00e9mocratie et de la paix !<\/p>\n\n\n\n<p>Le double langage des dirigeants am\u00e9ricains, inquiets pour leurs int\u00e9r\u00eats dans la r\u00e9gion apr\u00e8s les violations de souverainet\u00e9 dont l\u2019assassinat \u00e0 T\u00e9h\u00e9ran du chef politique du Hamas, et de l\u2019un de ceux du Hezbollah \u00e0 Beyrouth, v\u00e9ritables m\u00e8ches d\u2019une conflagration r\u00e9gionale, les perdra.<\/p>\n\n\n\n<p><strong>C\u2019est un comble qu\u2019un gouvernement d\u00e9mocrate que certains qualifient de \u00ab gauche \u00bb puisse \u00e0 ce point soutenir un pouvoir supr\u00e9maciste et fascisant \u00e0 Tel-Aviv.<\/strong>&nbsp;Seule la haine des Arabes, les int\u00e9r\u00eats g\u00e9opolitiques et celles de grandes firmes capitalistes de l\u2019\u00e9nergie, du transport de marchandises et profiteuse de la colonisation, peuvent expliquer l\u2019impunit\u00e9 accord\u00e9e au pouvoir isra\u00e9lien.<\/p>\n\n\n\n<p><strong>D\u00e8s lors que les \u00c9tats-Unis d\u00e9cideraient de cesser les livraisons d\u2019armes au pouvoir isra\u00e9lien, que l&rsquo;Union europ\u00e9enne mettrait fin \u00e0 l\u2019accord d\u2019association qui la lie \u00e0 Isra\u00ebl, les dirigeants de Tel-Aviv seraient contraint de revoir leur strat\u00e9gie mortif\u00e8re, n\u00e9faste aussi \u00e0 la soci\u00e9t\u00e9 isra\u00e9lienne, tout en la pla\u00e7ant dans une ins\u00e9curit\u00e9 toujours plus grande<\/strong>. \u00c0 l\u2019image des jeunes d\u00e9mocrates et d\u2019une large partie de la jeunesse juive aux \u00c9tats-Unis, le mouvement mondial pour faire respecter le droit international doit se faire entendre avec plus de vigueur et de d\u00e9termination encore. Paix, justice, d\u00e9colonisation, un \u00c9tat pour les Palestiniens comme pour les Isra\u00e9liens, voil\u00e0 ce qui devrait guider les diplomaties occidentales.<\/p>\n\n\n\n<p>Image d&rsquo;illustration : par <a href=\"https:\/\/www.farsnews.ir\/photo\/14020725000202\/%D8%B9%DA%A9%D8%B3%D9%87%D8%A7%DB%8C-%D8%A7%D8%AE%D8%AA%D8%B5%D8%A7%D8%B5%DB%8C-%D9%81%D8%A7%D8%B1%D8%B3-%D8%A7%D8%B2-%D8%BA%D8%B2%D9%87\">Saleh Najm and Anas Sharif<\/a>, publi\u00e9e le 17 octobre 2023, Creative Commons Attribution 4.0 International License.<\/p>","protected":false},"excerpt":{"rendered":"<p>Cet article du 24 ao\u00fbt 2024 est extrait de la lettre hebdomadaire de Patrick Le Hyaric. Cliquez ici pour lire la lettre de la semaine, et ici pour vous y [&hellip;]<\/p>\n","protected":false},"author":16,"featured_media":4220,"comment_status":"closed","ping_status":"closed","sticky":false,"template":"","format":"standard","meta":{"_EventAllDay":false,"_EventTimezone":"","_EventStartDate":"","_EventEndDate":"","_EventStartDateUTC":"","_EventEndDateUTC":"","_EventShowMap":false,"_EventShowMapLink":false,"_EventURL":"","_EventCost":"","_EventCostDescription":"","_EventCurrencySymbol":"","_EventCurrencyCode":"","_EventCurrencyPosition":"","_EventDateTimeSeparator":"","_EventTimeRangeSeparator":"","_EventOrganizerID":[],"_EventVenueID":[],"_OrganizerEmail":"","_OrganizerPhone":"","_OrganizerWebsite":"","_VenueAddress":"","_VenueCity":"","_VenueCountry":"","_VenueProvince":"","_VenueState":"","_VenueZip":"","_VenuePhone":"","_VenueURL":"","_VenueStateProvince":"","_VenueLat":"","_VenueLng":"","_VenueShowMap":false,"_VenueShowMapLink":false,"footnotes":""},"categories":[13],"tags":[15],"class_list":["post-4219","post","type-post","status-publish","format-standard","has-post-thumbnail","hentry","category-articles","tag-international"],"yoast_head":"<!-- This site is optimized with the Yoast SEO plugin v27.4 - https:\/\/yoast.com\/product\/yoast-seo-wordpress\/ -->\n<title>Proche Orient : Les hypocrites \u00e0 l&#039;\u0153uvre - Nos R\u00e9volutions<\/title>\n<meta name=\"robots\" content=\"index, follow, max-snippet:-1, max-image-preview:large, max-video-preview:-1\" \/>\n<link rel=\"canonical\" href=\"https:\/\/nosrevolutions.fr\/en\/2024\/08\/26\/proche-orient-les-hypocrites-a-loeuvre\/\" \/>\n<meta property=\"og:locale\" content=\"en_GB\" \/>\n<meta property=\"og:type\" content=\"article\" \/>\n<meta property=\"og:title\" content=\"Proche Orient : Les hypocrites \u00e0 l&#039;\u0153uvre - Nos R\u00e9volutions\" \/>\n<meta property=\"og:description\" content=\"Cet article du 24 ao\u00fbt 2024 est extrait de la lettre hebdomadaire de Patrick Le Hyaric. Cliquez ici pour lire la lettre de la semaine, et ici pour vous y [&hellip;]\" \/>\n<meta property=\"og:url\" content=\"https:\/\/nosrevolutions.fr\/en\/2024\/08\/26\/proche-orient-les-hypocrites-a-loeuvre\/\" \/>\n<meta property=\"og:site_name\" content=\"Nos R\u00e9volutions\" \/>\n<meta property=\"article:published_time\" content=\"2024-08-26T07:31:54+00:00\" \/>\n<meta property=\"article:modified_time\" content=\"2025-05-21T15:09:40+00:00\" \/>\n<meta property=\"og:image\" content=\"https:\/\/nosrevolutions.fr\/wp-content\/uploads\/2024\/08\/Fars_Photo_of_Destruction_in_Gaza_Strip_during_2023_War_18.jpg\" \/>\n\t<meta property=\"og:image:width\" content=\"1050\" \/>\n\t<meta property=\"og:image:height\" content=\"700\" \/>\n\t<meta property=\"og:image:type\" content=\"image\/jpeg\" \/>\n<meta name=\"author\" content=\"Patrick le Hyaric\" \/>\n<meta name=\"twitter:card\" content=\"summary_large_image\" \/>\n<meta name=\"twitter:creator\" content=\"@NosRevolutions\" \/>\n<meta name=\"twitter:site\" content=\"@NosRevolutions\" \/>\n<meta name=\"twitter:label1\" content=\"Written by\" \/>\n\t<meta name=\"twitter:data1\" content=\"Patrick le Hyaric\" \/>\n\t<meta name=\"twitter:label2\" content=\"Estimated reading time\" \/>\n\t<meta name=\"twitter:data2\" content=\"7 minutes\" \/>\n<script type=\"application\/ld+json\" class=\"yoast-schema-graph\">{\"@context\":\"https:\\\/\\\/schema.org\",\"@graph\":[{\"@type\":\"Article\",\"@id\":\"https:\\\/\\\/nosrevolutions.fr\\\/2024\\\/08\\\/26\\\/proche-orient-les-hypocrites-a-loeuvre\\\/#article\",\"isPartOf\":{\"@id\":\"https:\\\/\\\/nosrevolutions.fr\\\/2024\\\/08\\\/26\\\/proche-orient-les-hypocrites-a-loeuvre\\\/\"},\"author\":{\"name\":\"Patrick le Hyaric\",\"@id\":\"https:\\\/\\\/nosrevolutions.fr\\\/#\\\/schema\\\/person\\\/8c468d72c09d01b9f55ed5f05ed42494\"},\"headline\":\"Proche Orient : Les hypocrites \u00e0 l&rsquo;\u0153uvre\",\"datePublished\":\"2024-08-26T07:31:54+00:00\",\"dateModified\":\"2025-05-21T15:09:40+00:00\",\"mainEntityOfPage\":{\"@id\":\"https:\\\/\\\/nosrevolutions.fr\\\/2024\\\/08\\\/26\\\/proche-orient-les-hypocrites-a-loeuvre\\\/\"},\"wordCount\":1514,\"publisher\":{\"@id\":\"https:\\\/\\\/nosrevolutions.fr\\\/#organization\"},\"image\":{\"@id\":\"https:\\\/\\\/nosrevolutions.fr\\\/2024\\\/08\\\/26\\\/proche-orient-les-hypocrites-a-loeuvre\\\/#primaryimage\"},\"thumbnailUrl\":\"https:\\\/\\\/nosrevolutions.fr\\\/wp-content\\\/uploads\\\/2024\\\/08\\\/Fars_Photo_of_Destruction_in_Gaza_Strip_during_2023_War_18.jpg\",\"keywords\":[\"International\"],\"articleSection\":[\"Articles\"],\"inLanguage\":\"en-GB\"},{\"@type\":\"WebPage\",\"@id\":\"https:\\\/\\\/nosrevolutions.fr\\\/2024\\\/08\\\/26\\\/proche-orient-les-hypocrites-a-loeuvre\\\/\",\"url\":\"https:\\\/\\\/nosrevolutions.fr\\\/2024\\\/08\\\/26\\\/proche-orient-les-hypocrites-a-loeuvre\\\/\",\"name\":\"Proche Orient : Les hypocrites \u00e0 l'\u0153uvre - Nos R\u00e9volutions\",\"isPartOf\":{\"@id\":\"https:\\\/\\\/nosrevolutions.fr\\\/#website\"},\"primaryImageOfPage\":{\"@id\":\"https:\\\/\\\/nosrevolutions.fr\\\/2024\\\/08\\\/26\\\/proche-orient-les-hypocrites-a-loeuvre\\\/#primaryimage\"},\"image\":{\"@id\":\"https:\\\/\\\/nosrevolutions.fr\\\/2024\\\/08\\\/26\\\/proche-orient-les-hypocrites-a-loeuvre\\\/#primaryimage\"},\"thumbnailUrl\":\"https:\\\/\\\/nosrevolutions.fr\\\/wp-content\\\/uploads\\\/2024\\\/08\\\/Fars_Photo_of_Destruction_in_Gaza_Strip_during_2023_War_18.jpg\",\"datePublished\":\"2024-08-26T07:31:54+00:00\",\"dateModified\":\"2025-05-21T15:09:40+00:00\",\"breadcrumb\":{\"@id\":\"https:\\\/\\\/nosrevolutions.fr\\\/2024\\\/08\\\/26\\\/proche-orient-les-hypocrites-a-loeuvre\\\/#breadcrumb\"},\"inLanguage\":\"en-GB\",\"potentialAction\":[{\"@type\":\"ReadAction\",\"target\":[\"https:\\\/\\\/nosrevolutions.fr\\\/2024\\\/08\\\/26\\\/proche-orient-les-hypocrites-a-loeuvre\\\/\"]}]},{\"@type\":\"ImageObject\",\"inLanguage\":\"en-GB\",\"@id\":\"https:\\\/\\\/nosrevolutions.fr\\\/2024\\\/08\\\/26\\\/proche-orient-les-hypocrites-a-loeuvre\\\/#primaryimage\",\"url\":\"https:\\\/\\\/nosrevolutions.fr\\\/wp-content\\\/uploads\\\/2024\\\/08\\\/Fars_Photo_of_Destruction_in_Gaza_Strip_during_2023_War_18.jpg\",\"contentUrl\":\"https:\\\/\\\/nosrevolutions.fr\\\/wp-content\\\/uploads\\\/2024\\\/08\\\/Fars_Photo_of_Destruction_in_Gaza_Strip_during_2023_War_18.jpg\",\"width\":1050,\"height\":700},{\"@type\":\"BreadcrumbList\",\"@id\":\"https:\\\/\\\/nosrevolutions.fr\\\/2024\\\/08\\\/26\\\/proche-orient-les-hypocrites-a-loeuvre\\\/#breadcrumb\",\"itemListElement\":[{\"@type\":\"ListItem\",\"position\":1,\"name\":\"Accueil\",\"item\":\"https:\\\/\\\/nosrevolutions.fr\\\/\"},{\"@type\":\"ListItem\",\"position\":2,\"name\":\"Proche Orient : Les hypocrites \u00e0 l&rsquo;\u0153uvre\"}]},{\"@type\":\"WebSite\",\"@id\":\"https:\\\/\\\/nosrevolutions.fr\\\/#website\",\"url\":\"https:\\\/\\\/nosrevolutions.fr\\\/\",\"name\":\"Nos R\u00e9volutions\",\"description\":\"Communisme et mouvement social\",\"publisher\":{\"@id\":\"https:\\\/\\\/nosrevolutions.fr\\\/#organization\"},\"potentialAction\":[{\"@type\":\"SearchAction\",\"target\":{\"@type\":\"EntryPoint\",\"urlTemplate\":\"https:\\\/\\\/nosrevolutions.fr\\\/?s={search_term_string}\"},\"query-input\":{\"@type\":\"PropertyValueSpecification\",\"valueRequired\":true,\"valueName\":\"search_term_string\"}}],\"inLanguage\":\"en-GB\"},{\"@type\":\"Organization\",\"@id\":\"https:\\\/\\\/nosrevolutions.fr\\\/#organization\",\"name\":\"Nos R\u00e9volutions\",\"url\":\"https:\\\/\\\/nosrevolutions.fr\\\/\",\"logo\":{\"@type\":\"ImageObject\",\"inLanguage\":\"en-GB\",\"@id\":\"https:\\\/\\\/nosrevolutions.fr\\\/#\\\/schema\\\/logo\\\/image\\\/\",\"url\":\"https:\\\/\\\/nosrevolutions.fr\\\/wp-content\\\/uploads\\\/2022\\\/09\\\/nrs_logo_noir.png\",\"contentUrl\":\"https:\\\/\\\/nosrevolutions.fr\\\/wp-content\\\/uploads\\\/2022\\\/09\\\/nrs_logo_noir.png\",\"width\":2000,\"height\":501,\"caption\":\"Nos R\u00e9volutions\"},\"image\":{\"@id\":\"https:\\\/\\\/nosrevolutions.fr\\\/#\\\/schema\\\/logo\\\/image\\\/\"},\"sameAs\":[\"https:\\\/\\\/x.com\\\/NosRevolutions\"]},{\"@type\":\"Person\",\"@id\":\"https:\\\/\\\/nosrevolutions.fr\\\/#\\\/schema\\\/person\\\/8c468d72c09d01b9f55ed5f05ed42494\",\"name\":\"Patrick le Hyaric\",\"image\":{\"@type\":\"ImageObject\",\"inLanguage\":\"en-GB\",\"@id\":\"https:\\\/\\\/secure.gravatar.com\\\/avatar\\\/f5ed45644d7558a1b6777fbf6067479e91917fbf3acb31e3e6c55a4c469bb685?s=96&d=mm&r=g\",\"url\":\"https:\\\/\\\/secure.gravatar.com\\\/avatar\\\/f5ed45644d7558a1b6777fbf6067479e91917fbf3acb31e3e6c55a4c469bb685?s=96&d=mm&r=g\",\"contentUrl\":\"https:\\\/\\\/secure.gravatar.com\\\/avatar\\\/f5ed45644d7558a1b6777fbf6067479e91917fbf3acb31e3e6c55a4c469bb685?s=96&d=mm&r=g\",\"caption\":\"Patrick le Hyaric\"},\"url\":\"https:\\\/\\\/nosrevolutions.fr\\\/en\\\/author\\\/patricklehyaric\\\/\"}]}<\/script>\n<!-- \/ Yoast SEO plugin. -->","yoast_head_json":{"title":"Proche Orient : Les hypocrites \u00e0 l'\u0153uvre - Nos R\u00e9volutions","robots":{"index":"index","follow":"follow","max-snippet":"max-snippet:-1","max-image-preview":"max-image-preview:large","max-video-preview":"max-video-preview:-1"},"canonical":"https:\/\/nosrevolutions.fr\/en\/2024\/08\/26\/proche-orient-les-hypocrites-a-loeuvre\/","og_locale":"en_GB","og_type":"article","og_title":"Proche Orient : Les hypocrites \u00e0 l'\u0153uvre - Nos R\u00e9volutions","og_description":"Cet article du 24 ao\u00fbt 2024 est extrait de la lettre hebdomadaire de Patrick Le Hyaric. Cliquez ici pour lire la lettre de la semaine, et ici pour vous y [&hellip;]","og_url":"https:\/\/nosrevolutions.fr\/en\/2024\/08\/26\/proche-orient-les-hypocrites-a-loeuvre\/","og_site_name":"Nos R\u00e9volutions","article_published_time":"2024-08-26T07:31:54+00:00","article_modified_time":"2025-05-21T15:09:40+00:00","og_image":[{"width":1050,"height":700,"url":"https:\/\/nosrevolutions.fr\/wp-content\/uploads\/2024\/08\/Fars_Photo_of_Destruction_in_Gaza_Strip_during_2023_War_18.jpg","type":"image\/jpeg"}],"author":"Patrick le Hyaric","twitter_card":"summary_large_image","twitter_creator":"@NosRevolutions","twitter_site":"@NosRevolutions","twitter_misc":{"Written by":"Patrick le Hyaric","Estimated reading time":"7 minutes"},"schema":{"@context":"https:\/\/schema.org","@graph":[{"@type":"Article","@id":"https:\/\/nosrevolutions.fr\/2024\/08\/26\/proche-orient-les-hypocrites-a-loeuvre\/#article","isPartOf":{"@id":"https:\/\/nosrevolutions.fr\/2024\/08\/26\/proche-orient-les-hypocrites-a-loeuvre\/"},"author":{"name":"Patrick le Hyaric","@id":"https:\/\/nosrevolutions.fr\/#\/schema\/person\/8c468d72c09d01b9f55ed5f05ed42494"},"headline":"Proche Orient : Les hypocrites \u00e0 l&rsquo;\u0153uvre","datePublished":"2024-08-26T07:31:54+00:00","dateModified":"2025-05-21T15:09:40+00:00","mainEntityOfPage":{"@id":"https:\/\/nosrevolutions.fr\/2024\/08\/26\/proche-orient-les-hypocrites-a-loeuvre\/"},"wordCount":1514,"publisher":{"@id":"https:\/\/nosrevolutions.fr\/#organization"},"image":{"@id":"https:\/\/nosrevolutions.fr\/2024\/08\/26\/proche-orient-les-hypocrites-a-loeuvre\/#primaryimage"},"thumbnailUrl":"https:\/\/nosrevolutions.fr\/wp-content\/uploads\/2024\/08\/Fars_Photo_of_Destruction_in_Gaza_Strip_during_2023_War_18.jpg","keywords":["International"],"articleSection":["Articles"],"inLanguage":"en-GB"},{"@type":"WebPage","@id":"https:\/\/nosrevolutions.fr\/2024\/08\/26\/proche-orient-les-hypocrites-a-loeuvre\/","url":"https:\/\/nosrevolutions.fr\/2024\/08\/26\/proche-orient-les-hypocrites-a-loeuvre\/","name":"Proche Orient : Les hypocrites \u00e0 l'\u0153uvre - Nos R\u00e9volutions","isPartOf":{"@id":"https:\/\/nosrevolutions.fr\/#website"},"primaryImageOfPage":{"@id":"https:\/\/nosrevolutions.fr\/2024\/08\/26\/proche-orient-les-hypocrites-a-loeuvre\/#primaryimage"},"image":{"@id":"https:\/\/nosrevolutions.fr\/2024\/08\/26\/proche-orient-les-hypocrites-a-loeuvre\/#primaryimage"},"thumbnailUrl":"https:\/\/nosrevolutions.fr\/wp-content\/uploads\/2024\/08\/Fars_Photo_of_Destruction_in_Gaza_Strip_during_2023_War_18.jpg","datePublished":"2024-08-26T07:31:54+00:00","dateModified":"2025-05-21T15:09:40+00:00","breadcrumb":{"@id":"https:\/\/nosrevolutions.fr\/2024\/08\/26\/proche-orient-les-hypocrites-a-loeuvre\/#breadcrumb"},"inLanguage":"en-GB","potentialAction":[{"@type":"ReadAction","target":["https:\/\/nosrevolutions.fr\/2024\/08\/26\/proche-orient-les-hypocrites-a-loeuvre\/"]}]},{"@type":"ImageObject","inLanguage":"en-GB","@id":"https:\/\/nosrevolutions.fr\/2024\/08\/26\/proche-orient-les-hypocrites-a-loeuvre\/#primaryimage","url":"https:\/\/nosrevolutions.fr\/wp-content\/uploads\/2024\/08\/Fars_Photo_of_Destruction_in_Gaza_Strip_during_2023_War_18.jpg","contentUrl":"https:\/\/nosrevolutions.fr\/wp-content\/uploads\/2024\/08\/Fars_Photo_of_Destruction_in_Gaza_Strip_during_2023_War_18.jpg","width":1050,"height":700},{"@type":"BreadcrumbList","@id":"https:\/\/nosrevolutions.fr\/2024\/08\/26\/proche-orient-les-hypocrites-a-loeuvre\/#breadcrumb","itemListElement":[{"@type":"ListItem","position":1,"name":"Accueil","item":"https:\/\/nosrevolutions.fr\/"},{"@type":"ListItem","position":2,"name":"Proche Orient : Les hypocrites \u00e0 l&rsquo;\u0153uvre"}]},{"@type":"WebSite","@id":"https:\/\/nosrevolutions.fr\/#website","url":"https:\/\/nosrevolutions.fr\/","name":"Nos R\u00e9volutions","description":"Communisme et mouvement social","publisher":{"@id":"https:\/\/nosrevolutions.fr\/#organization"},"potentialAction":[{"@type":"SearchAction","target":{"@type":"EntryPoint","urlTemplate":"https:\/\/nosrevolutions.fr\/?s={search_term_string}"},"query-input":{"@type":"PropertyValueSpecification","valueRequired":true,"valueName":"search_term_string"}}],"inLanguage":"en-GB"},{"@type":"Organization","@id":"https:\/\/nosrevolutions.fr\/#organization","name":"Nos R\u00e9volutions","url":"https:\/\/nosrevolutions.fr\/","logo":{"@type":"ImageObject","inLanguage":"en-GB","@id":"https:\/\/nosrevolutions.fr\/#\/schema\/logo\/image\/","url":"https:\/\/nosrevolutions.fr\/wp-content\/uploads\/2022\/09\/nrs_logo_noir.png","contentUrl":"https:\/\/nosrevolutions.fr\/wp-content\/uploads\/2022\/09\/nrs_logo_noir.png","width":2000,"height":501,"caption":"Nos R\u00e9volutions"},"image":{"@id":"https:\/\/nosrevolutions.fr\/#\/schema\/logo\/image\/"},"sameAs":["https:\/\/x.com\/NosRevolutions"]},{"@type":"Person","@id":"https:\/\/nosrevolutions.fr\/#\/schema\/person\/8c468d72c09d01b9f55ed5f05ed42494","name":"Patrick le Hyaric","image":{"@type":"ImageObject","inLanguage":"en-GB","@id":"https:\/\/secure.gravatar.com\/avatar\/f5ed45644d7558a1b6777fbf6067479e91917fbf3acb31e3e6c55a4c469bb685?s=96&d=mm&r=g","url":"https:\/\/secure.gravatar.com\/avatar\/f5ed45644d7558a1b6777fbf6067479e91917fbf3acb31e3e6c55a4c469bb685?s=96&d=mm&r=g","contentUrl":"https:\/\/secure.gravatar.com\/avatar\/f5ed45644d7558a1b6777fbf6067479e91917fbf3acb31e3e6c55a4c469bb685?s=96&d=mm&r=g","caption":"Patrick le Hyaric"},"url":"https:\/\/nosrevolutions.fr\/en\/author\/patricklehyaric\/"}]}},"_links":{"self":[{"href":"https:\/\/nosrevolutions.fr\/en\/wp-json\/wp\/v2\/posts\/4219","targetHints":{"allow":["GET"]}}],"collection":[{"href":"https:\/\/nosrevolutions.fr\/en\/wp-json\/wp\/v2\/posts"}],"about":[{"href":"https:\/\/nosrevolutions.fr\/en\/wp-json\/wp\/v2\/types\/post"}],"author":[{"embeddable":true,"href":"https:\/\/nosrevolutions.fr\/en\/wp-json\/wp\/v2\/users\/16"}],"replies":[{"embeddable":true,"href":"https:\/\/nosrevolutions.fr\/en\/wp-json\/wp\/v2\/comments?post=4219"}],"version-history":[{"count":4,"href":"https:\/\/nosrevolutions.fr\/en\/wp-json\/wp\/v2\/posts\/4219\/revisions"}],"predecessor-version":[{"id":4989,"href":"https:\/\/nosrevolutions.fr\/en\/wp-json\/wp\/v2\/posts\/4219\/revisions\/4989"}],"wp:featuredmedia":[{"embeddable":true,"href":"https:\/\/nosrevolutions.fr\/en\/wp-json\/wp\/v2\/media\/4220"}],"wp:attachment":[{"href":"https:\/\/nosrevolutions.fr\/en\/wp-json\/wp\/v2\/media?parent=4219"}],"wp:term":[{"taxonomy":"category","embeddable":true,"href":"https:\/\/nosrevolutions.fr\/en\/wp-json\/wp\/v2\/categories?post=4219"},{"taxonomy":"post_tag","embeddable":true,"href":"https:\/\/nosrevolutions.fr\/en\/wp-json\/wp\/v2\/tags?post=4219"}],"curies":[{"name":"wp","href":"https:\/\/api.w.org\/{rel}","templated":true}]}}