{"id":4180,"date":"2024-08-05T05:00:00","date_gmt":"2024-08-05T03:00:00","guid":{"rendered":"https:\/\/nosrevolutions.fr\/?p=4180"},"modified":"2025-05-21T17:09:16","modified_gmt":"2025-05-21T15:09:16","slug":"les-contrastes","status":"publish","type":"post","link":"https:\/\/nosrevolutions.fr\/en\/2024\/08\/05\/les-contrastes\/","title":{"rendered":"Les contrastes"},"content":{"rendered":"<p><em>Cet article du 3 ao\u00fbt 2024<\/em> <em>is excerpted from Patrick Le Hyaric\u2019s weekly letter. Click <a href=\"http:\/\/r.lettre.patrick-le-hyaric.fr\/mk\/mr\/sh\/1t6AVsd2XFnIGDU3lOXKIKQqjpFhE9\/wdzE_zMYe0KI\">here<\/a> to read the full letter for this week, and <a href=\"https:\/\/my.sendinblue.com\/users\/subscribe\/js_id\/2u1dh\/id\/2\">here<\/a> to subscribe to it<\/em>.<\/p>\n\n\n\n<p><\/p>\n\n\n\n<p><strong>Les cris de joie, la fraternisation entre les athl\u00e8tes et les citoyens de pays venus du monde entier \u00e0 Paris, l\u2019\u00e9clat des m\u00e9dailles ne peuvent cacher les turbulences du monde.<\/strong><\/p>\n\n\n\n<p><strong>De retour d\u2019un voyage aux \u00c9tats-Unis o\u00f9 il a rencontr\u00e9 J. Biden et les dirigeants am\u00e9ricains, le Premier ministre isra\u00e9lien en plein milieu des Jeux olympiques a d\u00e9cid\u00e9 de frapper fort au Liban, en Iran en assassinant des responsables du Hezbollah et du Hamas, et d\u00e9clenchant des attaques arm\u00e9es contre des groupes chiites en Irak et contre les Houthis du Y\u00e9men<\/strong>. La tuerie de treize jeunes Druzes sur le plateau du Golan annex\u00e9 par Isra\u00ebl, justifie de part de son gouvernement la r\u00e9plique contre l\u2019un des principaux dirigeants du Hezbollah. L\u2019ancien Premier ministre palestinien, puis dirigeant de Gaza et membre de la direction du Hamas est assassin\u00e9 quelques heures apr\u00e8s sa participation \u00e0 l\u2019investiture du nouveau pr\u00e9sident iranien, au c\u0153ur de T\u00e9h\u00e9ran dans la r\u00e9sidence o\u00f9 il logeait. Or, Isma\u00ebl Haniyeh \u00e9tait l\u2019un des n\u00e9gociateurs pour la lib\u00e9ration des otages isra\u00e9liens et des conditions d\u2019un cessez-le-feu ou de la paix \u00e0 Gaza. Proc\u00e9der ainsi alors que Haniyeh comme Netanyahou font l\u2019objet d\u2019une demande de poursuite devant le tribunal international, revient \u00e0 se faire justice soit m\u00eame et \u00e0 remettre en cause la vie des otages.<\/p>\n\n\n\n<p><strong>Les flammes ainsi entretenues au Proche-Orient prennent en plein Jeux olympiques un caract\u00e8re tr\u00e8s pr\u00e9occupant pour la paix dans la r\u00e9gion, mais au-del\u00e0 pour la paix mondiale loin des valeurs proclam\u00e9es de l\u2019Olympisme.<\/strong><\/p>\n\n\n\n<p>Elles br\u00fblent les espoirs de solutions diplomatiques et nourrissent toujours plus les int\u00e9grismes sous les yeux des pays occidentaux qui laissent faire tout en armant l\u2019\u00c9tat d\u2019Isra\u00ebl. <strong>Le Pr\u00e9sident fran\u00e7ais et son gouvernement ultra-minoritaire trouvent le temps et les moyens de briser la ligne historique de la France \u00e0 propos du Sahara occidental, mais n\u2019ont pas la force de peser pour qu\u2019il soit mis fin au sc\u00e9nario du pire.<\/strong><\/p>\n\n\n\n<p>Le voyage du Premier ministre isra\u00e9lien aux \u00c9tats-Unis lui a-t-il permis d\u2019obtenir un blanc-seing pour poursuivre voir \u00e9largir la guerre ? Il a lieu presque au m\u00eame moment o\u00f9 <strong>sous l\u2019\u00e9gide de la Chine, les diff\u00e9rentes factions palestiniennes se sont engag\u00e9es sur la voie d\u2019une unit\u00e9 palestinienne et de la reconnaissance par Isma\u00ebl Haniyeh du projet de construction d\u2019un \u00c9tat palestinien \u00ab\u00a0dans les fronti\u00e8res de 1967\u00a0\u00bb<\/strong>. Cette formulation constitue un pas vers la reconnaissance de l\u2019\u00c9tat d\u2019Isra\u00ebl par le Hamas. On n&rsquo;en \u00e9tait pas l\u00e0. L\u2019attentat contre le chef politique du Hamas ne fera que radicaliser encore les plus radicaux-int\u00e9gristes. \u00c9tait-ce le but poursuivi par le Premier ministre isra\u00e9lien ? Il est urgent qu\u2019\u00e0 l\u2019image de la c\u00e9r\u00e9monie d\u2019ouverture des Jeux Olympiques et du d\u00e9roulement des jeux eux-m\u00eames, les peuples poussent les dirigeants de ce monde vers la paix, le respect, la solidarit\u00e9.<br><br><strong>Le contraste \u00e9tait, en effet, saisissant entre les beaut\u00e9s de la grande f\u00eate du sport mondial et le crat\u00e8re br\u00fblant de ce monde fractur\u00e9, d\u00e9chir\u00e9 par ses guerres sanglantes en Ukraine, \u00e0 Gaza ou au Soudan, par le pillage ininterrompu des richesses par des minorit\u00e9s de poss\u00e9dants quand la famine s\u00e8me la mort et augmente le nombre de d\u00e9plac\u00e9s<\/strong>. Les Jeux Olympiques, trop enserr\u00e9s dans la loi de l\u2019argent, devraient \u00eatre ce moment de fraternit\u00e9 mondiale et de paix, une respiration utile pour r\u00e9veiller les consciences et poser des actes forts pour des projets communs et un monde meilleur.<\/p>\n\n\n\n<h4 class=\"wp-block-heading\"><strong>Entendre l\u2019aspiration \u00e0 vivre ensemble<\/strong><\/h4>\n\n\n\n<p>Les grands de ce monde feraient bien d\u2019entendre l\u2019aspiration \u00e0 cette envie d\u2019\u00eatre ensemble par-del\u00e0 la diversit\u00e9 qui s\u2019affiche dans les rues et dans les stades. Il y a tant de d\u00e9fis \u00e0 relever en commun\u202f: ceux de la sant\u00e9, des combats contre les d\u00e9r\u00e8glements climatiques, les s\u00e9curit\u00e9s alimentaires et sociales \u00e0 b\u00e2tir partout, de la paix.<br><br><strong>Mais la tr\u00eave olympique n\u2019est pas plus respect\u00e9e que les r\u00e9solutions de l\u2019ONU<\/strong>. Pourtant, la France qui accueille ces jeux devrait se saisir du moment pour faire valoir un grand projet de paix, de s\u00e9curit\u00e9 humaine et de justice. Elle ne le fait pas, car elle est align\u00e9e sur l\u2019imperium nord-am\u00e9ricain, trop enserr\u00e9e dans les guerres intra-capitalistes ou prime le pillage des ressources et l\u2019exploitation du travail et de la nature.<br><br><strong>C\u2019est pourtant cette France en mouvement, fi\u00e8re de sa diversit\u00e9, audacieuse et fraternelle, p\u00e9trie d\u2019id\u00e9es r\u00e9publicaines, de bienveillance et de g\u00e9n\u00e9rosit\u00e9, qui est entr\u00e9e dans plus d\u2019un milliard de foyers \u00e0 travers les \u00e9crans de t\u00e9l\u00e9vision lors de l\u2019ouverture de ces Jeux olympiques.<\/strong><\/p>\n\n\n\n<h4 class=\"wp-block-heading\"><strong>La France-monde<\/strong><\/h4>\n\n\n\n<p>Loin d\u2019une France rance, \u00ab\u202f\u00e9ternelle\u202f\u00bb, monochrome, souill\u00e9e des crachats de haine, abaiss\u00e9e par la concurrence de tous contre tous et les divisions, p\u00e9trifi\u00e9e dans la peur de l\u2019autre et noy\u00e9e dans les torrents de propagande r\u00e9actionnaire, <strong>la fantasque et fantastique c\u00e9r\u00e9monie d\u2019ouverture des Olympiades a port\u00e9 la r\u00e9alit\u00e9 d\u2019une soci\u00e9t\u00e9 libre, dr\u00f4le, ouverte et solidaire, aussi tol\u00e9rante que rebelle<\/strong>. Elle a \u00e9t\u00e9 l\u2019histoire en mouvement non pas pour figer une identit\u00e9 excluante, mais pour porter un projet d\u2019\u00e9mancipation commun, port\u00e9 par les r\u00e9cits de nos diversit\u00e9s et l\u2019affirmation du vivre-ensemble. Une France accueillante devenant monde. Une France qui revendique d\u2019\u00eatre enrichie par le monde.<br><br><strong>Les messages de la c\u00e9r\u00e9monie d\u2019ouverture peuvent ouvrir les yeux, retisser des fils d\u2019unit\u00e9 contre les divisions. En faisant applaudir notre beau et puissant triptyque Libert\u00e9, \u00c9galit\u00e9, Fraternit\u00e9, ils ont fait mesurer les chemins \u00e0 parcourir, l\u2019ampleur des combats nouveaux \u00e0 mener.<\/strong><br><br><strong>Mais, Libert\u00e9\u202f?<\/strong> Des militants \u00e9taient arr\u00eat\u00e9s et plac\u00e9 en garde \u00e0 vue pour avoir d\u00e9pos\u00e9 des autocollants critiquant les JO, d\u2019autres interdits depuis des jours de brandir le drapeau palestinien, et des militants syndicaux sont, chaque jour, toujours inqui\u00e9t\u00e9s pour simplement d\u00e9fendre les droits des travailleurs.<br><br><strong>Mais, \u00c9galit\u00e9\u202f?<\/strong> Les co\u00fbts prohibitifs des places ont exclu beaucoup de passionn\u00e9s du sport et de voisins des installations olympiques. Et ceux qui gagnent chaque mois mille SMIC refusent que deux millions de personnes -en g\u00e9n\u00e9ral des femmes &#8211; puissent simplement gagner 200 \u20ac mensuels de plus.<br><br><strong>Mais, Fraternit\u00e9\u202f? <\/strong>De nombreuses personnes sans domicile fixe ou de r\u00e9fugi\u00e9s ont \u00e9t\u00e9 chass\u00e9s de la capitale, des r\u00e9sidences \u00e9tudiantes ont \u00e9t\u00e9 r\u00e9quisitionn\u00e9es et tous ces ouvriers qui ont construit m\u00e9tros et b\u00e2timents pour les Jeux olympiques n\u2019ont pas un regard, pas un mot de remerciement.<br><br>Quant \u00e0 l\u2019inclusion\u202f? Difficile de s\u2019en r\u00e9clamer quand la pr\u00e9carit\u00e9 galope, quand le nombre des priv\u00e9s d&rsquo;un travail stable et convenablement r\u00e9mun\u00e9r\u00e9 ne diminue pas, quand les normes d\u2019acc\u00e8s handicap\u00e9 ont \u00e9t\u00e9 supprim\u00e9es, quand la gauche a d\u00fb batailler ferme pour emp\u00eacher la conjugalisation du calcul de l\u2019allocation adulte handicap\u00e9.<\/p>\n\n\n\n<h4 class=\"wp-block-heading\"><strong>Une France en m\u00e9tamorphose s\u2019enrichissant de sa pluralit\u00e9 et de sa diversit\u00e9<\/strong><\/h4>\n\n\n\n<p>Pourtant, les symboles du spectacle d\u2019ouverture ont \u00e9t\u00e9 assez puissants pour faire projet. L\u2019hymne \u00e0 l\u2019amour chant\u00e9 par C\u00e9line Dion est bien le message dont le monde a tant besoin. La force de l\u2019ensemble constitu\u00e9 par Aya Nakamura sortant de l\u2019Acad\u00e9mie fran\u00e7aise pour chanter avec la Garde r\u00e9publicaine dit tout d\u2019une France en m\u00e9tamorphose s\u2019enrichissant de sa pluralit\u00e9. La voix d\u2019Axelle Saint-Cirel a port\u00e9 la Marseillaise en incandescence au c\u0153ur de Paris sous la pluie, comme un message au monde.<\/p>\n\n\n\n<p>Pourtant, le symbole de l\u2019\u00e9galit\u00e9 et de la diversit\u00e9 a saut\u00e9 aux yeux d\u00e8s les premi\u00e8res secondes de l\u2019ouverture de la c\u00e9r\u00e9monie avec le Franco-marocain Jamel Debbouze et le Franco-Alg\u00e9rien Zinedine Zidane. Il s\u2019est prolong\u00e9 avec sa cl\u00f4ture anim\u00e9e par deux Guadeloup\u00e9ens carib\u00e9ens Marie-Jos\u00e9e Perec et Teddy Riner.<br><br><strong>Un ab\u00eeme s\u00e9pare le message de l\u2019ouverture des jeux, v\u00e9ritable et \u00e9mouvant hymne \u00e0 l\u2019audace, \u00e0 la cr\u00e9ativit\u00e9, \u00e0 la diversit\u00e9 et \u00e0 la mondialit\u00e9, et la cynique strat\u00e9gie macroniste de p\u00eache aux voix<\/strong>. N\u2019\u00e9tais-ce pas M. Macron lui-m\u00eame qui, \u00e9voquant le programme du Nouveau Front populaire lors de l\u2019entre-deux tours des l\u00e9gislatives, reprenait \u00e0 son compte le vocable inf\u00e2mant \u00ab d\u2019immigrationiste \u00bb, emprunt\u00e9 \u00e0 Jean-Marie le Pen ? N\u2019\u00e9tait-ce pas lui encore qui, au m\u00eame moment, moquait la gauche de vouloir instaurer \u201cle changement de sexe en mairie\u201d, alors qu\u2019il d\u00e9fendait la mesure en 2022 dans le magazine T\u00eatu ?<br><br><strong>Et comment serait trait\u00e9e Olympe de Gouges aujourd\u2019hui\u202f? Louise Michel, qui a pris les armes contre les injustices du gouvernement lors de la Commune de Paris, ne serait-elle pas aujourd\u2019hui clou\u00e9e au pilori par des accusations de \u00ab\u202fviolence\u202f\u00bb\u202f? Comment seraient trait\u00e9s les combats de Gis\u00e8le Halimi contre les violences coloniales en Alg\u00e9rie par un pouvoir qui d\u00e9roule sans broncher le tapis rouge aux repr\u00e9sentants de l\u2019\u00e9tat colonial isra\u00e9lien ou quand on tue et emprisonne des militants kanaks\u202f?<\/strong><\/p>\n\n\n\n<h4 class=\"wp-block-heading\"><strong>L\u2019insupportable double face du pr\u00e9sident<\/strong><\/h4>\n\n\n\n<p><strong>Au fait, si l\u2019extr\u00eame-droite s\u2019\u00e9tait par malheur install\u00e9e dans les minist\u00e8res, nos athl\u00e8tes aux pr\u00e9noms consid\u00e9r\u00e9s comme \u00ab non-conformes \u00bb, aux noms consid\u00e9r\u00e9s \u00ab d\u2019ailleurs \u00bb, \u00ab les binationaux \u00bb qui se font remettre leurs m\u00e9dailles sous le drapeau fran\u00e7ais volant au son de notre hymne national auraient-ils d\u00fb renoncer \u00e0 la comp\u00e9tition ? <\/strong>Et, combien de m\u00e9dailles afficherait alors la France ? \u00c0 lire les commentaires d\u2019intellectuels m\u00e9diatiques et de certains m\u00e9dias depuis quelques jours contre \u00ab la diversit\u00e9, \u00bb on pourrait le croire. C\u2019est dire leur d\u00e9phasage ! Pire, il est insupportable que Thomas Jolly, Patrick Boucheron et toute l\u2019\u00e9quipe de cr\u00e9atrices et cr\u00e9ateurs soient ainsi insult\u00e9, d\u00e9nigr\u00e9s, vilipend\u00e9s dans une certaine presse et sur les r\u00e9seaux \u00ab a-sociaux \u00bb. Un communiste, un progressiste ne peut que leur manifester son soutien et ses f\u00e9licitations contre la r\u00e9action brune et noire.<br><br><strong>La c\u00e9r\u00e9monie d\u2019ouverture a montr\u00e9 qu\u2019il n\u2019\u00e9tait pas n\u00e9cessaire de rev\u00eatir les habits clinquants des ma\u00eetres du \u00ab\u00a0showbiz\u00a0\u00bb\u202fpour rassembler, unifier, communier ensemble autour de notre histoire et de nos valeurs fondamentales<\/strong>. Elle a constitu\u00e9 un puissant bol d\u2019air qui pourrait devenir le signal d\u2019une contre-offensive des id\u00e9es et valeurs progressistes. Pour cela, il faut la nourrir de multiples fa\u00e7ons dans les d\u00e9bats et les cr\u00e9ations culturelles, dans des \u00e9v\u00e9nements comme la prochaine F\u00eate de l\u2019Humanit\u00e9.<br><br><strong>Comme lors de la panth\u00e9onisation de Missiak et M\u00e9lin\u00e9e Manouchian, tel Janus, E. Macron tente de faire croire qu\u2019il s\u2019agit l\u00e0 de son r\u00e9cit, de son histoire, de son projet alors que ses choix sont \u00e0 l\u2019oppos\u00e9 de ce qui transpire de cette c\u00e9r\u00e9monie d\u2019ouverture<\/strong>. Il convient donc de d\u00e9chirer le paravent que d\u2019aucuns s\u2019\u00e9vertuent \u00e0 dresser \u00e0 partir de cette cr\u00e9ation de haute qualit\u00e9 pour prot\u00e9ger les puissants et \u00e9teindre les rougeoyants feux de l\u2019actualit\u00e9 dont la caract\u00e9ristique principale est une lutte de classe acharn\u00e9e men\u00e9e par les poss\u00e9dants pour ignorer que le Nouveau Front populaire est la force qui a envoy\u00e9 le plus de d\u00e9put\u00e9\u00b7es \u00e0 l\u2019Assembl\u00e9e nationale.<\/p>\n\n\n\n<h4 class=\"wp-block-heading\"><strong>Reprendre le fil des combats \u00e9mancipateurs<\/strong><\/h4>\n\n\n\n<p>En ce sens, il est erron\u00e9 de tracer un trait d\u2019\u00e9quivalence entre ce spectacle et \u00ab\u202fle front r\u00e9publicain\u202f\u00bb qui a repouss\u00e9 la France des anti-Lumi\u00e8res lors de l\u2019entre-deux tours des \u00e9lections l\u00e9gislatives. Cette tentative vise \u00e0 pousser un quelconque compromis d\u2019une fraction de la gauche avec le pr\u00e9sident. Sur quelle base\u202f? <strong>Le pr\u00e9sident a r\u00e9pondu la veille des jeux\u202f: il ne souhaite m\u00eame pas une discussion avec Lucie Castets, parce que son choix est fait. Il veut gouverner \u00e0 droite avec la droite. Il veut absolument poursuivre la politique qu\u2019il m\u00e8ne contre les travailleuses et travailleurs, les priv\u00e9s d\u2019emploi, les services publics depuis 2017<\/strong>. Refaire sans cesse ce qui a \u00e9t\u00e9 fait tourner pr\u00e9cis\u00e9ment le dos aux valeurs port\u00e9es par la c\u00e9r\u00e9monie d\u2019ouverture. C\u2019est cette fermeture et l\u2019obsession de servir les puissants et les dominants \u00ab\u202fquoi qu\u2019il en co\u00fbte\u202f\u00bb qui permet \u00e0 l\u2019universalisme de subir les assauts d&rsquo;un flanc ultra droitier d\u2019un c\u00f4t\u00e9, et des conservatismes nationalistes et religieux de l\u2019autre. Voil\u00e0 qui \u00e9largit sans cesse le lit du fleuve qui m\u00e8ne vers une extr\u00eame droite garante des int\u00e9r\u00eats d&rsquo;une haute bourgeoisie qui s&rsquo;assure les voix des plus d\u00e9munies.<br><br>La seule mani\u00e8re d\u2019\u00eatre fid\u00e8le \u00e0 ce message est de cultiver \u00ab\u202fl\u2019en commun\u202f\u00bb, de respecter le suffrage et de permettre au peuple de d\u00e9cider la mani\u00e8re dont il veut exercer sa souverainet\u00e9, lui donner la libert\u00e9 de b\u00e2tir par lui-m\u00eame la Constitution de demain, pour permettre de pousser plus avant l\u2019\u00e9mancipation et la solidarit\u00e9 internationaliste, le combat contre toutes les assignations et tous les carcans. <strong>Reprendre donc le fil des combats r\u00e9volutionnaires et \u00e9mancipateurs du peuple fran\u00e7ais. Voil\u00e0 ce que l\u2019on entendait lors de cette grandiose c\u00e9r\u00e9monie d\u2019ouverture.<\/strong><\/p>\n\n\n\n<p><\/p>\n\n\n\n<hr class=\"wp-block-separator has-alpha-channel-opacity\"\/>\n\n\n\n<p>Image d&rsquo;illustration : \u00ab\u00a0JO PARIS 2024 OPENING CEREMONY USA BOAT\u00a0\u00bb, photographie du 26 juillet 2024 par <a href=\"https:\/\/commons.wikimedia.org\/wiki\/File:JO_PARIS_2024_OPENING_CEREMONY_USA_BOAT_(53884057166).jpg\">\u00c9ric Salard<\/a> (<a href=\"https:\/\/creativecommons.org\/licenses\/by-sa\/2.0\/deed.en\">CC BY-SA 2.0<\/a>)<\/p>\n\n\n\n<p><\/p>","protected":false},"excerpt":{"rendered":"<p>Cet article du 3 ao\u00fbt 2024 est extrait de la lettre hebdomadaire de Patrick Le Hyaric. Cliquez ici pour lire la lettre de la semaine, et ici pour vous y [&hellip;]<\/p>\n","protected":false},"author":16,"featured_media":4181,"comment_status":"closed","ping_status":"closed","sticky":false,"template":"","format":"standard","meta":{"_EventAllDay":false,"_EventTimezone":"","_EventStartDate":"","_EventEndDate":"","_EventStartDateUTC":"","_EventEndDateUTC":"","_EventShowMap":false,"_EventShowMapLink":false,"_EventURL":"","_EventCost":"","_EventCostDescription":"","_EventCurrencySymbol":"","_EventCurrencyCode":"","_EventCurrencyPosition":"","_EventDateTimeSeparator":"","_EventTimeRangeSeparator":"","_EventOrganizerID":[],"_EventVenueID":[],"_OrganizerEmail":"","_OrganizerPhone":"","_OrganizerWebsite":"","_VenueAddress":"","_VenueCity":"","_VenueCountry":"","_VenueProvince":"","_VenueState":"","_VenueZip":"","_VenuePhone":"","_VenueURL":"","_VenueStateProvince":"","_VenueLat":"","_VenueLng":"","_VenueShowMap":false,"_VenueShowMapLink":false,"footnotes":""},"categories":[13],"tags":[30],"class_list":["post-4180","post","type-post","status-publish","format-standard","has-post-thumbnail","hentry","category-articles","tag-culture"],"yoast_head":"<!-- This site is optimized with the Yoast SEO plugin v27.4 - https:\/\/yoast.com\/product\/yoast-seo-wordpress\/ -->\n<title>Les contrastes - Nos R\u00e9volutions<\/title>\n<meta name=\"robots\" content=\"index, follow, max-snippet:-1, max-image-preview:large, max-video-preview:-1\" \/>\n<link rel=\"canonical\" href=\"https:\/\/nosrevolutions.fr\/en\/2024\/08\/05\/les-contrastes\/\" \/>\n<meta property=\"og:locale\" content=\"en_GB\" \/>\n<meta property=\"og:type\" content=\"article\" \/>\n<meta property=\"og:title\" content=\"Les contrastes - Nos R\u00e9volutions\" \/>\n<meta property=\"og:description\" content=\"Cet article du 3 ao\u00fbt 2024 est extrait de la lettre hebdomadaire de Patrick Le Hyaric. Cliquez ici pour lire la lettre de la semaine, et ici pour vous y [&hellip;]\" \/>\n<meta property=\"og:url\" content=\"https:\/\/nosrevolutions.fr\/en\/2024\/08\/05\/les-contrastes\/\" \/>\n<meta property=\"og:site_name\" content=\"Nos R\u00e9volutions\" \/>\n<meta property=\"article:published_time\" content=\"2024-08-05T03:00:00+00:00\" \/>\n<meta property=\"article:modified_time\" content=\"2025-05-21T15:09:16+00:00\" \/>\n<meta property=\"og:image\" content=\"https:\/\/nosrevolutions.fr\/wp-content\/uploads\/2024\/08\/JO_PARIS_2024_OPENING_CEREMONY_USA_BOAT_53884057166-scaled.jpg\" \/>\n\t<meta property=\"og:image:width\" content=\"2560\" \/>\n\t<meta property=\"og:image:height\" content=\"1470\" \/>\n\t<meta property=\"og:image:type\" content=\"image\/jpeg\" \/>\n<meta name=\"author\" content=\"Patrick le Hyaric\" \/>\n<meta name=\"twitter:card\" content=\"summary_large_image\" \/>\n<meta name=\"twitter:creator\" content=\"@NosRevolutions\" \/>\n<meta name=\"twitter:site\" content=\"@NosRevolutions\" \/>\n<meta name=\"twitter:label1\" content=\"Written by\" \/>\n\t<meta name=\"twitter:data1\" content=\"Patrick le Hyaric\" \/>\n\t<meta name=\"twitter:label2\" content=\"Estimated reading time\" \/>\n\t<meta name=\"twitter:data2\" content=\"11 minutes\" \/>\n<script type=\"application\/ld+json\" class=\"yoast-schema-graph\">{\"@context\":\"https:\\\/\\\/schema.org\",\"@graph\":[{\"@type\":\"Article\",\"@id\":\"https:\\\/\\\/nosrevolutions.fr\\\/2024\\\/08\\\/05\\\/les-contrastes\\\/#article\",\"isPartOf\":{\"@id\":\"https:\\\/\\\/nosrevolutions.fr\\\/2024\\\/08\\\/05\\\/les-contrastes\\\/\"},\"author\":{\"name\":\"Patrick le Hyaric\",\"@id\":\"https:\\\/\\\/nosrevolutions.fr\\\/#\\\/schema\\\/person\\\/8c468d72c09d01b9f55ed5f05ed42494\"},\"headline\":\"Les contrastes\",\"datePublished\":\"2024-08-05T03:00:00+00:00\",\"dateModified\":\"2025-05-21T15:09:16+00:00\",\"mainEntityOfPage\":{\"@id\":\"https:\\\/\\\/nosrevolutions.fr\\\/2024\\\/08\\\/05\\\/les-contrastes\\\/\"},\"wordCount\":2359,\"publisher\":{\"@id\":\"https:\\\/\\\/nosrevolutions.fr\\\/#organization\"},\"image\":{\"@id\":\"https:\\\/\\\/nosrevolutions.fr\\\/2024\\\/08\\\/05\\\/les-contrastes\\\/#primaryimage\"},\"thumbnailUrl\":\"https:\\\/\\\/nosrevolutions.fr\\\/wp-content\\\/uploads\\\/2024\\\/08\\\/JO_PARIS_2024_OPENING_CEREMONY_USA_BOAT_53884057166-scaled.jpg\",\"keywords\":[\"Culture\"],\"articleSection\":[\"Articles\"],\"inLanguage\":\"en-GB\"},{\"@type\":\"WebPage\",\"@id\":\"https:\\\/\\\/nosrevolutions.fr\\\/2024\\\/08\\\/05\\\/les-contrastes\\\/\",\"url\":\"https:\\\/\\\/nosrevolutions.fr\\\/2024\\\/08\\\/05\\\/les-contrastes\\\/\",\"name\":\"Les contrastes - Nos R\u00e9volutions\",\"isPartOf\":{\"@id\":\"https:\\\/\\\/nosrevolutions.fr\\\/#website\"},\"primaryImageOfPage\":{\"@id\":\"https:\\\/\\\/nosrevolutions.fr\\\/2024\\\/08\\\/05\\\/les-contrastes\\\/#primaryimage\"},\"image\":{\"@id\":\"https:\\\/\\\/nosrevolutions.fr\\\/2024\\\/08\\\/05\\\/les-contrastes\\\/#primaryimage\"},\"thumbnailUrl\":\"https:\\\/\\\/nosrevolutions.fr\\\/wp-content\\\/uploads\\\/2024\\\/08\\\/JO_PARIS_2024_OPENING_CEREMONY_USA_BOAT_53884057166-scaled.jpg\",\"datePublished\":\"2024-08-05T03:00:00+00:00\",\"dateModified\":\"2025-05-21T15:09:16+00:00\",\"breadcrumb\":{\"@id\":\"https:\\\/\\\/nosrevolutions.fr\\\/2024\\\/08\\\/05\\\/les-contrastes\\\/#breadcrumb\"},\"inLanguage\":\"en-GB\",\"potentialAction\":[{\"@type\":\"ReadAction\",\"target\":[\"https:\\\/\\\/nosrevolutions.fr\\\/2024\\\/08\\\/05\\\/les-contrastes\\\/\"]}]},{\"@type\":\"ImageObject\",\"inLanguage\":\"en-GB\",\"@id\":\"https:\\\/\\\/nosrevolutions.fr\\\/2024\\\/08\\\/05\\\/les-contrastes\\\/#primaryimage\",\"url\":\"https:\\\/\\\/nosrevolutions.fr\\\/wp-content\\\/uploads\\\/2024\\\/08\\\/JO_PARIS_2024_OPENING_CEREMONY_USA_BOAT_53884057166-scaled.jpg\",\"contentUrl\":\"https:\\\/\\\/nosrevolutions.fr\\\/wp-content\\\/uploads\\\/2024\\\/08\\\/JO_PARIS_2024_OPENING_CEREMONY_USA_BOAT_53884057166-scaled.jpg\",\"width\":2560,\"height\":1470},{\"@type\":\"BreadcrumbList\",\"@id\":\"https:\\\/\\\/nosrevolutions.fr\\\/2024\\\/08\\\/05\\\/les-contrastes\\\/#breadcrumb\",\"itemListElement\":[{\"@type\":\"ListItem\",\"position\":1,\"name\":\"Accueil\",\"item\":\"https:\\\/\\\/nosrevolutions.fr\\\/\"},{\"@type\":\"ListItem\",\"position\":2,\"name\":\"Les contrastes\"}]},{\"@type\":\"WebSite\",\"@id\":\"https:\\\/\\\/nosrevolutions.fr\\\/#website\",\"url\":\"https:\\\/\\\/nosrevolutions.fr\\\/\",\"name\":\"Nos R\u00e9volutions\",\"description\":\"Communisme et mouvement social\",\"publisher\":{\"@id\":\"https:\\\/\\\/nosrevolutions.fr\\\/#organization\"},\"potentialAction\":[{\"@type\":\"SearchAction\",\"target\":{\"@type\":\"EntryPoint\",\"urlTemplate\":\"https:\\\/\\\/nosrevolutions.fr\\\/?s={search_term_string}\"},\"query-input\":{\"@type\":\"PropertyValueSpecification\",\"valueRequired\":true,\"valueName\":\"search_term_string\"}}],\"inLanguage\":\"en-GB\"},{\"@type\":\"Organization\",\"@id\":\"https:\\\/\\\/nosrevolutions.fr\\\/#organization\",\"name\":\"Nos R\u00e9volutions\",\"url\":\"https:\\\/\\\/nosrevolutions.fr\\\/\",\"logo\":{\"@type\":\"ImageObject\",\"inLanguage\":\"en-GB\",\"@id\":\"https:\\\/\\\/nosrevolutions.fr\\\/#\\\/schema\\\/logo\\\/image\\\/\",\"url\":\"https:\\\/\\\/nosrevolutions.fr\\\/wp-content\\\/uploads\\\/2022\\\/09\\\/nrs_logo_noir.png\",\"contentUrl\":\"https:\\\/\\\/nosrevolutions.fr\\\/wp-content\\\/uploads\\\/2022\\\/09\\\/nrs_logo_noir.png\",\"width\":2000,\"height\":501,\"caption\":\"Nos R\u00e9volutions\"},\"image\":{\"@id\":\"https:\\\/\\\/nosrevolutions.fr\\\/#\\\/schema\\\/logo\\\/image\\\/\"},\"sameAs\":[\"https:\\\/\\\/x.com\\\/NosRevolutions\"]},{\"@type\":\"Person\",\"@id\":\"https:\\\/\\\/nosrevolutions.fr\\\/#\\\/schema\\\/person\\\/8c468d72c09d01b9f55ed5f05ed42494\",\"name\":\"Patrick le Hyaric\",\"image\":{\"@type\":\"ImageObject\",\"inLanguage\":\"en-GB\",\"@id\":\"https:\\\/\\\/secure.gravatar.com\\\/avatar\\\/f5ed45644d7558a1b6777fbf6067479e91917fbf3acb31e3e6c55a4c469bb685?s=96&d=mm&r=g\",\"url\":\"https:\\\/\\\/secure.gravatar.com\\\/avatar\\\/f5ed45644d7558a1b6777fbf6067479e91917fbf3acb31e3e6c55a4c469bb685?s=96&d=mm&r=g\",\"contentUrl\":\"https:\\\/\\\/secure.gravatar.com\\\/avatar\\\/f5ed45644d7558a1b6777fbf6067479e91917fbf3acb31e3e6c55a4c469bb685?s=96&d=mm&r=g\",\"caption\":\"Patrick le Hyaric\"},\"url\":\"https:\\\/\\\/nosrevolutions.fr\\\/en\\\/author\\\/patricklehyaric\\\/\"}]}<\/script>\n<!-- \/ Yoast SEO plugin. -->","yoast_head_json":{"title":"Les contrastes - Nos R\u00e9volutions","robots":{"index":"index","follow":"follow","max-snippet":"max-snippet:-1","max-image-preview":"max-image-preview:large","max-video-preview":"max-video-preview:-1"},"canonical":"https:\/\/nosrevolutions.fr\/en\/2024\/08\/05\/les-contrastes\/","og_locale":"en_GB","og_type":"article","og_title":"Les contrastes - Nos R\u00e9volutions","og_description":"Cet article du 3 ao\u00fbt 2024 est extrait de la lettre hebdomadaire de Patrick Le Hyaric. Cliquez ici pour lire la lettre de la semaine, et ici pour vous y [&hellip;]","og_url":"https:\/\/nosrevolutions.fr\/en\/2024\/08\/05\/les-contrastes\/","og_site_name":"Nos R\u00e9volutions","article_published_time":"2024-08-05T03:00:00+00:00","article_modified_time":"2025-05-21T15:09:16+00:00","og_image":[{"width":2560,"height":1470,"url":"https:\/\/nosrevolutions.fr\/wp-content\/uploads\/2024\/08\/JO_PARIS_2024_OPENING_CEREMONY_USA_BOAT_53884057166-scaled.jpg","type":"image\/jpeg"}],"author":"Patrick le Hyaric","twitter_card":"summary_large_image","twitter_creator":"@NosRevolutions","twitter_site":"@NosRevolutions","twitter_misc":{"Written by":"Patrick le Hyaric","Estimated reading time":"11 minutes"},"schema":{"@context":"https:\/\/schema.org","@graph":[{"@type":"Article","@id":"https:\/\/nosrevolutions.fr\/2024\/08\/05\/les-contrastes\/#article","isPartOf":{"@id":"https:\/\/nosrevolutions.fr\/2024\/08\/05\/les-contrastes\/"},"author":{"name":"Patrick le Hyaric","@id":"https:\/\/nosrevolutions.fr\/#\/schema\/person\/8c468d72c09d01b9f55ed5f05ed42494"},"headline":"Les contrastes","datePublished":"2024-08-05T03:00:00+00:00","dateModified":"2025-05-21T15:09:16+00:00","mainEntityOfPage":{"@id":"https:\/\/nosrevolutions.fr\/2024\/08\/05\/les-contrastes\/"},"wordCount":2359,"publisher":{"@id":"https:\/\/nosrevolutions.fr\/#organization"},"image":{"@id":"https:\/\/nosrevolutions.fr\/2024\/08\/05\/les-contrastes\/#primaryimage"},"thumbnailUrl":"https:\/\/nosrevolutions.fr\/wp-content\/uploads\/2024\/08\/JO_PARIS_2024_OPENING_CEREMONY_USA_BOAT_53884057166-scaled.jpg","keywords":["Culture"],"articleSection":["Articles"],"inLanguage":"en-GB"},{"@type":"WebPage","@id":"https:\/\/nosrevolutions.fr\/2024\/08\/05\/les-contrastes\/","url":"https:\/\/nosrevolutions.fr\/2024\/08\/05\/les-contrastes\/","name":"Les contrastes - Nos R\u00e9volutions","isPartOf":{"@id":"https:\/\/nosrevolutions.fr\/#website"},"primaryImageOfPage":{"@id":"https:\/\/nosrevolutions.fr\/2024\/08\/05\/les-contrastes\/#primaryimage"},"image":{"@id":"https:\/\/nosrevolutions.fr\/2024\/08\/05\/les-contrastes\/#primaryimage"},"thumbnailUrl":"https:\/\/nosrevolutions.fr\/wp-content\/uploads\/2024\/08\/JO_PARIS_2024_OPENING_CEREMONY_USA_BOAT_53884057166-scaled.jpg","datePublished":"2024-08-05T03:00:00+00:00","dateModified":"2025-05-21T15:09:16+00:00","breadcrumb":{"@id":"https:\/\/nosrevolutions.fr\/2024\/08\/05\/les-contrastes\/#breadcrumb"},"inLanguage":"en-GB","potentialAction":[{"@type":"ReadAction","target":["https:\/\/nosrevolutions.fr\/2024\/08\/05\/les-contrastes\/"]}]},{"@type":"ImageObject","inLanguage":"en-GB","@id":"https:\/\/nosrevolutions.fr\/2024\/08\/05\/les-contrastes\/#primaryimage","url":"https:\/\/nosrevolutions.fr\/wp-content\/uploads\/2024\/08\/JO_PARIS_2024_OPENING_CEREMONY_USA_BOAT_53884057166-scaled.jpg","contentUrl":"https:\/\/nosrevolutions.fr\/wp-content\/uploads\/2024\/08\/JO_PARIS_2024_OPENING_CEREMONY_USA_BOAT_53884057166-scaled.jpg","width":2560,"height":1470},{"@type":"BreadcrumbList","@id":"https:\/\/nosrevolutions.fr\/2024\/08\/05\/les-contrastes\/#breadcrumb","itemListElement":[{"@type":"ListItem","position":1,"name":"Accueil","item":"https:\/\/nosrevolutions.fr\/"},{"@type":"ListItem","position":2,"name":"Les contrastes"}]},{"@type":"WebSite","@id":"https:\/\/nosrevolutions.fr\/#website","url":"https:\/\/nosrevolutions.fr\/","name":"Nos R\u00e9volutions","description":"Communisme et mouvement social","publisher":{"@id":"https:\/\/nosrevolutions.fr\/#organization"},"potentialAction":[{"@type":"SearchAction","target":{"@type":"EntryPoint","urlTemplate":"https:\/\/nosrevolutions.fr\/?s={search_term_string}"},"query-input":{"@type":"PropertyValueSpecification","valueRequired":true,"valueName":"search_term_string"}}],"inLanguage":"en-GB"},{"@type":"Organization","@id":"https:\/\/nosrevolutions.fr\/#organization","name":"Nos R\u00e9volutions","url":"https:\/\/nosrevolutions.fr\/","logo":{"@type":"ImageObject","inLanguage":"en-GB","@id":"https:\/\/nosrevolutions.fr\/#\/schema\/logo\/image\/","url":"https:\/\/nosrevolutions.fr\/wp-content\/uploads\/2022\/09\/nrs_logo_noir.png","contentUrl":"https:\/\/nosrevolutions.fr\/wp-content\/uploads\/2022\/09\/nrs_logo_noir.png","width":2000,"height":501,"caption":"Nos R\u00e9volutions"},"image":{"@id":"https:\/\/nosrevolutions.fr\/#\/schema\/logo\/image\/"},"sameAs":["https:\/\/x.com\/NosRevolutions"]},{"@type":"Person","@id":"https:\/\/nosrevolutions.fr\/#\/schema\/person\/8c468d72c09d01b9f55ed5f05ed42494","name":"Patrick le Hyaric","image":{"@type":"ImageObject","inLanguage":"en-GB","@id":"https:\/\/secure.gravatar.com\/avatar\/f5ed45644d7558a1b6777fbf6067479e91917fbf3acb31e3e6c55a4c469bb685?s=96&d=mm&r=g","url":"https:\/\/secure.gravatar.com\/avatar\/f5ed45644d7558a1b6777fbf6067479e91917fbf3acb31e3e6c55a4c469bb685?s=96&d=mm&r=g","contentUrl":"https:\/\/secure.gravatar.com\/avatar\/f5ed45644d7558a1b6777fbf6067479e91917fbf3acb31e3e6c55a4c469bb685?s=96&d=mm&r=g","caption":"Patrick le Hyaric"},"url":"https:\/\/nosrevolutions.fr\/en\/author\/patricklehyaric\/"}]}},"_links":{"self":[{"href":"https:\/\/nosrevolutions.fr\/en\/wp-json\/wp\/v2\/posts\/4180","targetHints":{"allow":["GET"]}}],"collection":[{"href":"https:\/\/nosrevolutions.fr\/en\/wp-json\/wp\/v2\/posts"}],"about":[{"href":"https:\/\/nosrevolutions.fr\/en\/wp-json\/wp\/v2\/types\/post"}],"author":[{"embeddable":true,"href":"https:\/\/nosrevolutions.fr\/en\/wp-json\/wp\/v2\/users\/16"}],"replies":[{"embeddable":true,"href":"https:\/\/nosrevolutions.fr\/en\/wp-json\/wp\/v2\/comments?post=4180"}],"version-history":[{"count":2,"href":"https:\/\/nosrevolutions.fr\/en\/wp-json\/wp\/v2\/posts\/4180\/revisions"}],"predecessor-version":[{"id":4985,"href":"https:\/\/nosrevolutions.fr\/en\/wp-json\/wp\/v2\/posts\/4180\/revisions\/4985"}],"wp:featuredmedia":[{"embeddable":true,"href":"https:\/\/nosrevolutions.fr\/en\/wp-json\/wp\/v2\/media\/4181"}],"wp:attachment":[{"href":"https:\/\/nosrevolutions.fr\/en\/wp-json\/wp\/v2\/media?parent=4180"}],"wp:term":[{"taxonomy":"category","embeddable":true,"href":"https:\/\/nosrevolutions.fr\/en\/wp-json\/wp\/v2\/categories?post=4180"},{"taxonomy":"post_tag","embeddable":true,"href":"https:\/\/nosrevolutions.fr\/en\/wp-json\/wp\/v2\/tags?post=4180"}],"curies":[{"name":"wp","href":"https:\/\/api.w.org\/{rel}","templated":true}]}}