{"id":4071,"date":"2024-07-02T15:47:43","date_gmt":"2024-07-02T13:47:43","guid":{"rendered":"https:\/\/nosrevolutions.fr\/?p=4071"},"modified":"2025-05-21T17:04:27","modified_gmt":"2025-05-21T15:04:27","slug":"pour-ne-pas-brader-des-siecles-de-conquetes-republicaines","status":"publish","type":"post","link":"https:\/\/nosrevolutions.fr\/en\/2024\/07\/02\/pour-ne-pas-brader-des-siecles-de-conquetes-republicaines\/","title":{"rendered":"Pour ne pas brader des si\u00e8cles de conqu\u00eates r\u00e9publicaines"},"content":{"rendered":"<p><em>Cet article du 2 juillet 2024<\/em> <em>is excerpted from Patrick Le Hyaric\u2019s weekly letter. Click <a href=\"https:\/\/my.sendinblue.com\/users\/subscribe\/js_id\/2u1dh\/id\/2\">here<\/a> to subscribe to it<\/em>.<\/p>\n\n\n\n<p><strong>Tout d\u00e9mocrate, tout humaniste, tout r\u00e9publicain est plac\u00e9 au pied d\u2019un mur \u00e9pais et sombre<\/strong>&nbsp;: emp\u00eacher quoi qu\u2019il en co\u00fbte de laisser advenir le pire dimanche prochain. Emp\u00eacher l\u2019extr\u00eame-droite de conqu\u00e9rir la majorit\u00e9 des si\u00e8ges \u00e0 l&rsquo;Assembl\u00e9e nationale et d\u2019occuper les minist\u00e8res.<\/p>\n\n\n\n<p><strong>Personne ne doit perdre de vue la port\u00e9e du moment historique en cours<\/strong>. Le brouhaha des invectives, des mensonges et des chiffres qui volent en escadrilles ne sert qu\u2019\u00e0 cacher la gravit\u00e9 du moment.<\/p>\n\n\n\n<p><strong>En effet, ce n\u2019est pas une simple alternance qui peut sortir des urnes dimanche prochain. C\u2019est un point de bascule sans retour \u00e0 long terme.<\/strong><\/p>\n\n\n\n<p>Les d\u00e9mocrates, les r\u00e9publicains, les humanistes ont donc l\u2019immense responsabilit\u00e9 de construire une solide, plurielle et fraternelle cha\u00eene pour emp\u00eacher la chute dans l\u2019ab\u00eeme d\u2019une \u00e8re politique brune de la France des solidarit\u00e9s, de la g\u00e9n\u00e9rosit\u00e9, de la culture et du travail.<\/p>\n\n\n\n<p>Notre France, cette France des lumi\u00e8res et de la R\u00e9sistance, \u00ab&nbsp;celle de trente-six \u00e0 soixante-huit chandelles&nbsp;\u00bb peut pour la premi\u00e8re fois par la voie des urnes se jeter dans la gueule du monstre. <strong>Ses m\u00e2choires broieraient un \u00e0 un ses conquis sociaux et d\u00e9mocratiques, ses libert\u00e9s, sa culture, sa justice, son \u00e9cole, ses \u00e9quipes de recherche, ses obligations pour pr\u00e9server le climat, son ouverture au monde<\/strong>. Bref, tous les \u00e9l\u00e9ments constitutifs de sa r\u00e9publique forg\u00e9s au cours de dizaines d\u2019ann\u00e9es de mobilisations et de controverses d\u00e9mocratiques.<\/p>\n\n\n\n<p><strong>Voil\u00e0 qui change la nature m\u00eame du vote de dimanche prochain<\/strong>. Ce second tour pour l\u2019\u00e9lection de l&rsquo;Assembl\u00e9e nationale prend le caract\u00e8re d\u2019un r\u00e9f\u00e9rendum pour d\u00e9fendre et sauvegarder la r\u00e9publique en emp\u00eachant une victoire de l\u2019extr\u00eame droite.<\/p>\n\n\n\n<p>Oh, certes en \u00e9coutant ses responsables tout est calme, tout est rassurant, tout est polic\u00e9. <strong>Les march\u00e9s financiers qui ont salu\u00e9 leur performance \u00e9lectorale en disent long sur leur pr\u00e9f\u00e9rence<\/strong>. Ils ont rassembl\u00e9 9 377 123 millions d\u2019\u00e9lectrices et d\u2019\u00e9lecteurs sur le nom de leurs candidats dont une bonne partie d\u2019entre eux n\u2019a m\u00eame pas fait campagne. Mais avec 8&nbsp;974&nbsp;563 voix le nouveau Front populaire n\u2019est qu\u2019\u00e0 400&nbsp;000 voix de ce r\u00e9sultat.<\/p>\n\n\n\n<p><strong>S\u2019ils ont rassembl\u00e9 un tiers de l\u2019\u00e9lectorat, cela veut aussi dire que deux tiers n\u2019ont pas vot\u00e9 pour eux.<\/strong><\/p>\n\n\n\n<p>Ceux qui depuis des semaines ont fait profession de tirer un trait d\u2019\u00e9galit\u00e9 entre l\u2019extr\u00eame-droite antir\u00e9publicaine et la coalition des gauches et des \u00e9cologistes ont soit perdu la t\u00eate, soit souhaitent ouvertement la victoire d\u2019une force fond\u00e9e par des Waffens-SS et comptant toujours dans ses rangs des n\u00e9o-nazis. Se placent-ils en h\u00e9ritier de ceux qui en 1936 affirmaient droit dans leurs bottes&nbsp;\u00ab&nbsp;Plut\u00f4t Hitler que le Front populaire&nbsp;\u00bb&nbsp;?<\/p>\n\n\n\n<p><strong>Le Front populaire d\u2019aujourd\u2019hui est l\u2019alternative progressiste, sociale, d\u00e9mocratique, \u00e9cologique pour battre cette extr\u00eame droite et offrir une perspective de mieux vivre, d\u2019un nouveau pouvoir de vivre, tant malmen\u00e9 depuis des ann\u00e9es.<\/strong><\/p>\n\n\n\n<p><strong>Fid\u00e8le aux id\u00e9aux de la R\u00e9sistance et de la France solidaire, les forces du nouveau Front populaire n\u2019h\u00e9sitent pas, ne tergiversent pas<\/strong>&nbsp;: ils se d\u00e9sistent et soutiennent &#8211; au nom de La R\u00e9publique &#8211; toutes les candidates et candidats qui peuvent emp\u00eacher l\u2019\u00e9lection d\u2019un parlementaire d\u2019extr\u00eame-droite.<\/p>\n\n\n\n<p>Il en co\u00fbte certes, \u00e0 des militants de gauche, \u00e0 des progressistes, \u00e0 des militants syndicaux ou associatifs de voter pour des candidats de la macronie ou de droite qui ont recul\u00e9 l\u2019\u00e2ge de d\u00e9part en retraite, d\u00e9structur\u00e9 le droit \u00e0 l\u2019assurance-ch\u00f4mage ou ont utilis\u00e9 les longs canifs contre le Code du travail. Mais ils vont \u00e0 l\u2019essentiel. <strong>L\u2019essentiel est de pr\u00eater l\u2019oreille pour entendre sous les nouveaux discours lisses du RN\/FN les messages cod\u00e9s d\u2019une extr\u00eame-droite la plus brutale, la plus autoritaire, la plus antisociale, la plus anti-\u00e9cologique.<\/strong><\/p>\n\n\n\n<p>Pr\u00eatons en m\u00eame temps, attention au tableau de notre pays que d\u00e9peint Mme Le Pen&nbsp;: le pays serait ruin\u00e9, au bord de la faillite, dit-elle pour mieux faire demain accepter une cure d\u2019aust\u00e9rit\u00e9 sans pr\u00e9c\u00e9dent.<\/p>\n\n\n\n<p>Derri\u00e8re l\u2019id\u00e9e de rapprocher le salaire net du salaire brut, il y a la suppression des cotisations sociales qui conduit \u00e0 la fin de la S\u00e9curit\u00e9 Sociale et du syst\u00e8me de retraite par r\u00e9partition pour offrir la sant\u00e9 et la protection sociale de chacune et de chacun aux assurances priv\u00e9s et aux fonds de pension.<\/p>\n\n\n\n<p><strong>Et pour mieux justifier des d\u00e9rogations au droit commun et pouvoir imposer des dispositions exceptionnelles, ils agitent le mensonge de villes en voie d\u2019islamisation et sous la coupe de dealers<\/strong>. Leurs attaques contre l\u2019audiovisuel public cachent mal leur haine du pluralisme, leur critique de la justice, de la Cour europ\u00e9enne des Droits de l\u2019Homme et de l\u2019Onu pr\u00e9pare leur rejet de \u00ab&nbsp;l\u2019\u00c9tat de droit&nbsp;\u00bb.<\/p>\n\n\n\n<p>Pour mieux tromper son monde, voici que le sieur Bardella tout en contr\u00f4le de sa raide posture et de ses mots annon\u00e9s se pr\u00e9sente en \u00ab&nbsp;candidat de la raison&nbsp;\u00bb, avec \u00ab&nbsp;un programme raisonnable&nbsp;\u00bb, qui n\u2019apportera rien \u00e0 ceux qui croient voter pour une quelconque am\u00e9lioration de leur vie quotidienne. <strong>En v\u00e9rit\u00e9 matraquer plus pauvre que soit ne nous rendra pas plus riches<\/strong>. Par contre, il se fait fort de prot\u00e9ger les 500 familles qui ont accumul\u00e9 ces derni\u00e8res ann\u00e9es 1200 milliards d\u2019euros et les march\u00e9s financiers. Voil\u00e0 ce que signifie&nbsp;\u00ab&nbsp;candidat de la raison&nbsp;\u00bb.<\/p>\n\n\n\n<p>Rien pour am\u00e9liorer les bas salaires, rien pour les prix plancher agricoles, rien pour le travail et l\u2019emploi. <strong>Aux manettes du gouvernement, le RN\/FN sera un \u00e9l\u00e9ment suppl\u00e9mentaire du rapport de force en faveur des puissances industrielles et financi\u00e8res qui auront carte blanche pour exploiter toujours plus les travailleuses et les travailleurs et r\u00e9duire leurs droits.<\/strong><\/p>\n\n\n\n<p><strong>Quand on veut exclure les binationaux, quand on remet en cause le droit du sol, au nom du \u00ab&nbsp;bon sens&nbsp;\u00bb quand on pr\u00f4ne la \u00ab&nbsp;pr\u00e9f\u00e9rence nationale&nbsp;\u00bb maquill\u00e9e en priorit\u00e9 nationale, on veut entailler notre Constitution, dont son pr\u00e9ambule de 1946 et tourner le dos \u00e0 la R\u00e9publique<\/strong>. Pourquoi, par une inversion des responsabilit\u00e9s et des valeurs, avoir cach\u00e9 que le programme du RN\/FN est antir\u00e9publicain&nbsp;? La conception r\u00e9publicaine de la citoyennet\u00e9 fran\u00e7aise est depuis tr\u00e8s longtemps le contraire de la mesure de la quantit\u00e9 de sang \u00ab&nbsp;fran\u00e7ais&nbsp;\u00bb qui circule dans nos veines et art\u00e8res. Derri\u00e8re le vernis et les costumes se cachent bien une conception raciale de l\u2019\u00eatre humain.<\/p>\n\n\n\n<p>Au galimatias \u00e9conomique et social, aux promesses \u00e9lectorales \u00e0 g\u00e9om\u00e9trie variable, \u00e0 la contestation, des modifications climatiques, \u00e0 l\u2019anti-progressisme s\u2019ajoute la remise en cause des m\u00e9canismes de solidarit\u00e9 et le retour au pire&nbsp;: l\u2019obsession nativiste de la puret\u00e9 biologique du peuple. Ceci doit rappeler quelque chose \u00e0 tous les humanistes par-del\u00e0 leurs opinions.<\/p>\n\n\n\n<p><strong>Dimanche, faisons front d\u00e9mocratique et r\u00e9publicain<\/strong>. Emp\u00eachons la bascule qui ouvrirait la sombre voie du bradage de si\u00e8cles de conqu\u00eates r\u00e9publicaines et au nationalisme x\u00e9nophobe, raciste et antis\u00e9mite.<\/p>\n\n\n\n<p><strong>Contrairement \u00e0 ce que pensent certains, ce ne serait pas un essai. Incapable d\u2019am\u00e9liorer la vie des gens et de sortir le pays de l\u2019orni\u00e8re, ils r\u00e9clameront dans trois ans les pleins pouvoirs.<\/strong><\/p>\n\n\n\n<p>Dimanche est jour de mobilisation pour la R\u00e9publique sociale et la\u00efque, d\u00e9mocratique et \u00e9cologique.<\/p>\n\n\n\n<p><\/p>\n\n\n\n<hr class=\"wp-block-separator has-alpha-channel-opacity\"\/>\n\n\n\n<p>Image d&rsquo;illustration : \u00ab\u00a0Point presse de Jordan Bardella devant le commissariat de Saint-Denis apr\u00e8s les incidents du stade de France\u00a0\u00bb, photographie du 30 mai 2022 par <a href=\"https:\/\/commons.wikimedia.org\/wiki\/File:Jordan_Bardella_commissariat_stdenis_05_2022.jpg\">BootEXE<\/a> (<a href=\"https:\/\/creativecommons.org\/licenses\/by-sa\/4.0\/deed.en\">CC BY-SA 4.0<\/a>)<\/p>","protected":false},"excerpt":{"rendered":"<p>Cet article du 2 juillet 2024 est extrait de la lettre hebdomadaire de Patrick Le Hyaric. Cliquez ici pour vous y abonner. Tout d\u00e9mocrate, tout humaniste, tout r\u00e9publicain est plac\u00e9 [&hellip;]<\/p>\n","protected":false},"author":16,"featured_media":4072,"comment_status":"closed","ping_status":"closed","sticky":false,"template":"","format":"standard","meta":{"_EventAllDay":false,"_EventTimezone":"","_EventStartDate":"","_EventEndDate":"","_EventStartDateUTC":"","_EventEndDateUTC":"","_EventShowMap":false,"_EventShowMapLink":false,"_EventURL":"","_EventCost":"","_EventCostDescription":"","_EventCurrencySymbol":"","_EventCurrencyCode":"","_EventCurrencyPosition":"","_EventDateTimeSeparator":"","_EventTimeRangeSeparator":"","_EventOrganizerID":[],"_EventVenueID":[],"_OrganizerEmail":"","_OrganizerPhone":"","_OrganizerWebsite":"","_VenueAddress":"","_VenueCity":"","_VenueCountry":"","_VenueProvince":"","_VenueState":"","_VenueZip":"","_VenuePhone":"","_VenueURL":"","_VenueStateProvince":"","_VenueLat":"","_VenueLng":"","_VenueShowMap":false,"_VenueShowMapLink":false,"footnotes":""},"categories":[13],"tags":[31],"class_list":["post-4071","post","type-post","status-publish","format-standard","has-post-thumbnail","hentry","category-articles","tag-extreme-droite"],"yoast_head":"<!-- This site is optimized with the Yoast SEO plugin v27.4 - https:\/\/yoast.com\/product\/yoast-seo-wordpress\/ -->\n<title>Pour ne pas brader des si\u00e8cles de conqu\u00eates r\u00e9publicaines - Nos R\u00e9volutions<\/title>\n<meta name=\"robots\" content=\"index, follow, max-snippet:-1, max-image-preview:large, max-video-preview:-1\" \/>\n<link rel=\"canonical\" href=\"https:\/\/nosrevolutions.fr\/en\/2024\/07\/02\/pour-ne-pas-brader-des-siecles-de-conquetes-republicaines\/\" \/>\n<meta property=\"og:locale\" content=\"en_GB\" \/>\n<meta property=\"og:type\" content=\"article\" \/>\n<meta property=\"og:title\" content=\"Pour ne pas brader des si\u00e8cles de conqu\u00eates r\u00e9publicaines - Nos R\u00e9volutions\" \/>\n<meta property=\"og:description\" content=\"Cet article du 2 juillet 2024 est extrait de la lettre hebdomadaire de Patrick Le Hyaric. Cliquez ici pour vous y abonner. Tout d\u00e9mocrate, tout humaniste, tout r\u00e9publicain est plac\u00e9 [&hellip;]\" \/>\n<meta property=\"og:url\" content=\"https:\/\/nosrevolutions.fr\/en\/2024\/07\/02\/pour-ne-pas-brader-des-siecles-de-conquetes-republicaines\/\" \/>\n<meta property=\"og:site_name\" content=\"Nos R\u00e9volutions\" \/>\n<meta property=\"article:published_time\" content=\"2024-07-02T13:47:43+00:00\" \/>\n<meta property=\"article:modified_time\" content=\"2025-05-21T15:04:27+00:00\" \/>\n<meta property=\"og:image\" content=\"https:\/\/nosrevolutions.fr\/wp-content\/uploads\/2024\/07\/Jordan_Bardella_commissariat_stdenis_05_2022.jpg\" \/>\n\t<meta property=\"og:image:width\" content=\"1365\" \/>\n\t<meta property=\"og:image:height\" content=\"1117\" \/>\n\t<meta property=\"og:image:type\" content=\"image\/jpeg\" \/>\n<meta name=\"author\" content=\"Patrick le Hyaric\" \/>\n<meta name=\"twitter:card\" content=\"summary_large_image\" \/>\n<meta name=\"twitter:creator\" content=\"@NosRevolutions\" \/>\n<meta name=\"twitter:site\" content=\"@NosRevolutions\" \/>\n<meta name=\"twitter:label1\" content=\"Written by\" \/>\n\t<meta name=\"twitter:data1\" content=\"Patrick le Hyaric\" \/>\n\t<meta name=\"twitter:label2\" content=\"Estimated reading time\" \/>\n\t<meta name=\"twitter:data2\" content=\"7 minutes\" \/>\n<script type=\"application\/ld+json\" class=\"yoast-schema-graph\">{\"@context\":\"https:\\\/\\\/schema.org\",\"@graph\":[{\"@type\":\"Article\",\"@id\":\"https:\\\/\\\/nosrevolutions.fr\\\/2024\\\/07\\\/02\\\/pour-ne-pas-brader-des-siecles-de-conquetes-republicaines\\\/#article\",\"isPartOf\":{\"@id\":\"https:\\\/\\\/nosrevolutions.fr\\\/2024\\\/07\\\/02\\\/pour-ne-pas-brader-des-siecles-de-conquetes-republicaines\\\/\"},\"author\":{\"name\":\"Patrick le Hyaric\",\"@id\":\"https:\\\/\\\/nosrevolutions.fr\\\/#\\\/schema\\\/person\\\/8c468d72c09d01b9f55ed5f05ed42494\"},\"headline\":\"Pour ne pas brader des si\u00e8cles de conqu\u00eates r\u00e9publicaines\",\"datePublished\":\"2024-07-02T13:47:43+00:00\",\"dateModified\":\"2025-05-21T15:04:27+00:00\",\"mainEntityOfPage\":{\"@id\":\"https:\\\/\\\/nosrevolutions.fr\\\/2024\\\/07\\\/02\\\/pour-ne-pas-brader-des-siecles-de-conquetes-republicaines\\\/\"},\"wordCount\":1386,\"publisher\":{\"@id\":\"https:\\\/\\\/nosrevolutions.fr\\\/#organization\"},\"image\":{\"@id\":\"https:\\\/\\\/nosrevolutions.fr\\\/2024\\\/07\\\/02\\\/pour-ne-pas-brader-des-siecles-de-conquetes-republicaines\\\/#primaryimage\"},\"thumbnailUrl\":\"https:\\\/\\\/nosrevolutions.fr\\\/wp-content\\\/uploads\\\/2024\\\/07\\\/Jordan_Bardella_commissariat_stdenis_05_2022.jpg\",\"keywords\":[\"Extr\u00eame-droite\"],\"articleSection\":[\"Articles\"],\"inLanguage\":\"en-GB\"},{\"@type\":\"WebPage\",\"@id\":\"https:\\\/\\\/nosrevolutions.fr\\\/2024\\\/07\\\/02\\\/pour-ne-pas-brader-des-siecles-de-conquetes-republicaines\\\/\",\"url\":\"https:\\\/\\\/nosrevolutions.fr\\\/2024\\\/07\\\/02\\\/pour-ne-pas-brader-des-siecles-de-conquetes-republicaines\\\/\",\"name\":\"Pour ne pas brader des si\u00e8cles de conqu\u00eates r\u00e9publicaines - Nos R\u00e9volutions\",\"isPartOf\":{\"@id\":\"https:\\\/\\\/nosrevolutions.fr\\\/#website\"},\"primaryImageOfPage\":{\"@id\":\"https:\\\/\\\/nosrevolutions.fr\\\/2024\\\/07\\\/02\\\/pour-ne-pas-brader-des-siecles-de-conquetes-republicaines\\\/#primaryimage\"},\"image\":{\"@id\":\"https:\\\/\\\/nosrevolutions.fr\\\/2024\\\/07\\\/02\\\/pour-ne-pas-brader-des-siecles-de-conquetes-republicaines\\\/#primaryimage\"},\"thumbnailUrl\":\"https:\\\/\\\/nosrevolutions.fr\\\/wp-content\\\/uploads\\\/2024\\\/07\\\/Jordan_Bardella_commissariat_stdenis_05_2022.jpg\",\"datePublished\":\"2024-07-02T13:47:43+00:00\",\"dateModified\":\"2025-05-21T15:04:27+00:00\",\"breadcrumb\":{\"@id\":\"https:\\\/\\\/nosrevolutions.fr\\\/2024\\\/07\\\/02\\\/pour-ne-pas-brader-des-siecles-de-conquetes-republicaines\\\/#breadcrumb\"},\"inLanguage\":\"en-GB\",\"potentialAction\":[{\"@type\":\"ReadAction\",\"target\":[\"https:\\\/\\\/nosrevolutions.fr\\\/2024\\\/07\\\/02\\\/pour-ne-pas-brader-des-siecles-de-conquetes-republicaines\\\/\"]}]},{\"@type\":\"ImageObject\",\"inLanguage\":\"en-GB\",\"@id\":\"https:\\\/\\\/nosrevolutions.fr\\\/2024\\\/07\\\/02\\\/pour-ne-pas-brader-des-siecles-de-conquetes-republicaines\\\/#primaryimage\",\"url\":\"https:\\\/\\\/nosrevolutions.fr\\\/wp-content\\\/uploads\\\/2024\\\/07\\\/Jordan_Bardella_commissariat_stdenis_05_2022.jpg\",\"contentUrl\":\"https:\\\/\\\/nosrevolutions.fr\\\/wp-content\\\/uploads\\\/2024\\\/07\\\/Jordan_Bardella_commissariat_stdenis_05_2022.jpg\",\"width\":1365,\"height\":1117},{\"@type\":\"BreadcrumbList\",\"@id\":\"https:\\\/\\\/nosrevolutions.fr\\\/2024\\\/07\\\/02\\\/pour-ne-pas-brader-des-siecles-de-conquetes-republicaines\\\/#breadcrumb\",\"itemListElement\":[{\"@type\":\"ListItem\",\"position\":1,\"name\":\"Accueil\",\"item\":\"https:\\\/\\\/nosrevolutions.fr\\\/\"},{\"@type\":\"ListItem\",\"position\":2,\"name\":\"Pour ne pas brader des si\u00e8cles de conqu\u00eates r\u00e9publicaines\"}]},{\"@type\":\"WebSite\",\"@id\":\"https:\\\/\\\/nosrevolutions.fr\\\/#website\",\"url\":\"https:\\\/\\\/nosrevolutions.fr\\\/\",\"name\":\"Nos R\u00e9volutions\",\"description\":\"Communisme et mouvement social\",\"publisher\":{\"@id\":\"https:\\\/\\\/nosrevolutions.fr\\\/#organization\"},\"potentialAction\":[{\"@type\":\"SearchAction\",\"target\":{\"@type\":\"EntryPoint\",\"urlTemplate\":\"https:\\\/\\\/nosrevolutions.fr\\\/?s={search_term_string}\"},\"query-input\":{\"@type\":\"PropertyValueSpecification\",\"valueRequired\":true,\"valueName\":\"search_term_string\"}}],\"inLanguage\":\"en-GB\"},{\"@type\":\"Organization\",\"@id\":\"https:\\\/\\\/nosrevolutions.fr\\\/#organization\",\"name\":\"Nos R\u00e9volutions\",\"url\":\"https:\\\/\\\/nosrevolutions.fr\\\/\",\"logo\":{\"@type\":\"ImageObject\",\"inLanguage\":\"en-GB\",\"@id\":\"https:\\\/\\\/nosrevolutions.fr\\\/#\\\/schema\\\/logo\\\/image\\\/\",\"url\":\"https:\\\/\\\/nosrevolutions.fr\\\/wp-content\\\/uploads\\\/2022\\\/09\\\/nrs_logo_noir.png\",\"contentUrl\":\"https:\\\/\\\/nosrevolutions.fr\\\/wp-content\\\/uploads\\\/2022\\\/09\\\/nrs_logo_noir.png\",\"width\":2000,\"height\":501,\"caption\":\"Nos R\u00e9volutions\"},\"image\":{\"@id\":\"https:\\\/\\\/nosrevolutions.fr\\\/#\\\/schema\\\/logo\\\/image\\\/\"},\"sameAs\":[\"https:\\\/\\\/x.com\\\/NosRevolutions\"]},{\"@type\":\"Person\",\"@id\":\"https:\\\/\\\/nosrevolutions.fr\\\/#\\\/schema\\\/person\\\/8c468d72c09d01b9f55ed5f05ed42494\",\"name\":\"Patrick le Hyaric\",\"image\":{\"@type\":\"ImageObject\",\"inLanguage\":\"en-GB\",\"@id\":\"https:\\\/\\\/secure.gravatar.com\\\/avatar\\\/f5ed45644d7558a1b6777fbf6067479e91917fbf3acb31e3e6c55a4c469bb685?s=96&d=mm&r=g\",\"url\":\"https:\\\/\\\/secure.gravatar.com\\\/avatar\\\/f5ed45644d7558a1b6777fbf6067479e91917fbf3acb31e3e6c55a4c469bb685?s=96&d=mm&r=g\",\"contentUrl\":\"https:\\\/\\\/secure.gravatar.com\\\/avatar\\\/f5ed45644d7558a1b6777fbf6067479e91917fbf3acb31e3e6c55a4c469bb685?s=96&d=mm&r=g\",\"caption\":\"Patrick le Hyaric\"},\"url\":\"https:\\\/\\\/nosrevolutions.fr\\\/en\\\/author\\\/patricklehyaric\\\/\"}]}<\/script>\n<!-- \/ Yoast SEO plugin. -->","yoast_head_json":{"title":"Pour ne pas brader des si\u00e8cles de conqu\u00eates r\u00e9publicaines - Nos R\u00e9volutions","robots":{"index":"index","follow":"follow","max-snippet":"max-snippet:-1","max-image-preview":"max-image-preview:large","max-video-preview":"max-video-preview:-1"},"canonical":"https:\/\/nosrevolutions.fr\/en\/2024\/07\/02\/pour-ne-pas-brader-des-siecles-de-conquetes-republicaines\/","og_locale":"en_GB","og_type":"article","og_title":"Pour ne pas brader des si\u00e8cles de conqu\u00eates r\u00e9publicaines - Nos R\u00e9volutions","og_description":"Cet article du 2 juillet 2024 est extrait de la lettre hebdomadaire de Patrick Le Hyaric. Cliquez ici pour vous y abonner. Tout d\u00e9mocrate, tout humaniste, tout r\u00e9publicain est plac\u00e9 [&hellip;]","og_url":"https:\/\/nosrevolutions.fr\/en\/2024\/07\/02\/pour-ne-pas-brader-des-siecles-de-conquetes-republicaines\/","og_site_name":"Nos R\u00e9volutions","article_published_time":"2024-07-02T13:47:43+00:00","article_modified_time":"2025-05-21T15:04:27+00:00","og_image":[{"width":1365,"height":1117,"url":"https:\/\/nosrevolutions.fr\/wp-content\/uploads\/2024\/07\/Jordan_Bardella_commissariat_stdenis_05_2022.jpg","type":"image\/jpeg"}],"author":"Patrick le Hyaric","twitter_card":"summary_large_image","twitter_creator":"@NosRevolutions","twitter_site":"@NosRevolutions","twitter_misc":{"Written by":"Patrick le Hyaric","Estimated reading time":"7 minutes"},"schema":{"@context":"https:\/\/schema.org","@graph":[{"@type":"Article","@id":"https:\/\/nosrevolutions.fr\/2024\/07\/02\/pour-ne-pas-brader-des-siecles-de-conquetes-republicaines\/#article","isPartOf":{"@id":"https:\/\/nosrevolutions.fr\/2024\/07\/02\/pour-ne-pas-brader-des-siecles-de-conquetes-republicaines\/"},"author":{"name":"Patrick le Hyaric","@id":"https:\/\/nosrevolutions.fr\/#\/schema\/person\/8c468d72c09d01b9f55ed5f05ed42494"},"headline":"Pour ne pas brader des si\u00e8cles de conqu\u00eates r\u00e9publicaines","datePublished":"2024-07-02T13:47:43+00:00","dateModified":"2025-05-21T15:04:27+00:00","mainEntityOfPage":{"@id":"https:\/\/nosrevolutions.fr\/2024\/07\/02\/pour-ne-pas-brader-des-siecles-de-conquetes-republicaines\/"},"wordCount":1386,"publisher":{"@id":"https:\/\/nosrevolutions.fr\/#organization"},"image":{"@id":"https:\/\/nosrevolutions.fr\/2024\/07\/02\/pour-ne-pas-brader-des-siecles-de-conquetes-republicaines\/#primaryimage"},"thumbnailUrl":"https:\/\/nosrevolutions.fr\/wp-content\/uploads\/2024\/07\/Jordan_Bardella_commissariat_stdenis_05_2022.jpg","keywords":["Extr\u00eame-droite"],"articleSection":["Articles"],"inLanguage":"en-GB"},{"@type":"WebPage","@id":"https:\/\/nosrevolutions.fr\/2024\/07\/02\/pour-ne-pas-brader-des-siecles-de-conquetes-republicaines\/","url":"https:\/\/nosrevolutions.fr\/2024\/07\/02\/pour-ne-pas-brader-des-siecles-de-conquetes-republicaines\/","name":"Pour ne pas brader des si\u00e8cles de conqu\u00eates r\u00e9publicaines - Nos R\u00e9volutions","isPartOf":{"@id":"https:\/\/nosrevolutions.fr\/#website"},"primaryImageOfPage":{"@id":"https:\/\/nosrevolutions.fr\/2024\/07\/02\/pour-ne-pas-brader-des-siecles-de-conquetes-republicaines\/#primaryimage"},"image":{"@id":"https:\/\/nosrevolutions.fr\/2024\/07\/02\/pour-ne-pas-brader-des-siecles-de-conquetes-republicaines\/#primaryimage"},"thumbnailUrl":"https:\/\/nosrevolutions.fr\/wp-content\/uploads\/2024\/07\/Jordan_Bardella_commissariat_stdenis_05_2022.jpg","datePublished":"2024-07-02T13:47:43+00:00","dateModified":"2025-05-21T15:04:27+00:00","breadcrumb":{"@id":"https:\/\/nosrevolutions.fr\/2024\/07\/02\/pour-ne-pas-brader-des-siecles-de-conquetes-republicaines\/#breadcrumb"},"inLanguage":"en-GB","potentialAction":[{"@type":"ReadAction","target":["https:\/\/nosrevolutions.fr\/2024\/07\/02\/pour-ne-pas-brader-des-siecles-de-conquetes-republicaines\/"]}]},{"@type":"ImageObject","inLanguage":"en-GB","@id":"https:\/\/nosrevolutions.fr\/2024\/07\/02\/pour-ne-pas-brader-des-siecles-de-conquetes-republicaines\/#primaryimage","url":"https:\/\/nosrevolutions.fr\/wp-content\/uploads\/2024\/07\/Jordan_Bardella_commissariat_stdenis_05_2022.jpg","contentUrl":"https:\/\/nosrevolutions.fr\/wp-content\/uploads\/2024\/07\/Jordan_Bardella_commissariat_stdenis_05_2022.jpg","width":1365,"height":1117},{"@type":"BreadcrumbList","@id":"https:\/\/nosrevolutions.fr\/2024\/07\/02\/pour-ne-pas-brader-des-siecles-de-conquetes-republicaines\/#breadcrumb","itemListElement":[{"@type":"ListItem","position":1,"name":"Accueil","item":"https:\/\/nosrevolutions.fr\/"},{"@type":"ListItem","position":2,"name":"Pour ne pas brader des si\u00e8cles de conqu\u00eates r\u00e9publicaines"}]},{"@type":"WebSite","@id":"https:\/\/nosrevolutions.fr\/#website","url":"https:\/\/nosrevolutions.fr\/","name":"Nos R\u00e9volutions","description":"Communisme et mouvement social","publisher":{"@id":"https:\/\/nosrevolutions.fr\/#organization"},"potentialAction":[{"@type":"SearchAction","target":{"@type":"EntryPoint","urlTemplate":"https:\/\/nosrevolutions.fr\/?s={search_term_string}"},"query-input":{"@type":"PropertyValueSpecification","valueRequired":true,"valueName":"search_term_string"}}],"inLanguage":"en-GB"},{"@type":"Organization","@id":"https:\/\/nosrevolutions.fr\/#organization","name":"Nos R\u00e9volutions","url":"https:\/\/nosrevolutions.fr\/","logo":{"@type":"ImageObject","inLanguage":"en-GB","@id":"https:\/\/nosrevolutions.fr\/#\/schema\/logo\/image\/","url":"https:\/\/nosrevolutions.fr\/wp-content\/uploads\/2022\/09\/nrs_logo_noir.png","contentUrl":"https:\/\/nosrevolutions.fr\/wp-content\/uploads\/2022\/09\/nrs_logo_noir.png","width":2000,"height":501,"caption":"Nos R\u00e9volutions"},"image":{"@id":"https:\/\/nosrevolutions.fr\/#\/schema\/logo\/image\/"},"sameAs":["https:\/\/x.com\/NosRevolutions"]},{"@type":"Person","@id":"https:\/\/nosrevolutions.fr\/#\/schema\/person\/8c468d72c09d01b9f55ed5f05ed42494","name":"Patrick le Hyaric","image":{"@type":"ImageObject","inLanguage":"en-GB","@id":"https:\/\/secure.gravatar.com\/avatar\/f5ed45644d7558a1b6777fbf6067479e91917fbf3acb31e3e6c55a4c469bb685?s=96&d=mm&r=g","url":"https:\/\/secure.gravatar.com\/avatar\/f5ed45644d7558a1b6777fbf6067479e91917fbf3acb31e3e6c55a4c469bb685?s=96&d=mm&r=g","contentUrl":"https:\/\/secure.gravatar.com\/avatar\/f5ed45644d7558a1b6777fbf6067479e91917fbf3acb31e3e6c55a4c469bb685?s=96&d=mm&r=g","caption":"Patrick le Hyaric"},"url":"https:\/\/nosrevolutions.fr\/en\/author\/patricklehyaric\/"}]}},"_links":{"self":[{"href":"https:\/\/nosrevolutions.fr\/en\/wp-json\/wp\/v2\/posts\/4071","targetHints":{"allow":["GET"]}}],"collection":[{"href":"https:\/\/nosrevolutions.fr\/en\/wp-json\/wp\/v2\/posts"}],"about":[{"href":"https:\/\/nosrevolutions.fr\/en\/wp-json\/wp\/v2\/types\/post"}],"author":[{"embeddable":true,"href":"https:\/\/nosrevolutions.fr\/en\/wp-json\/wp\/v2\/users\/16"}],"replies":[{"embeddable":true,"href":"https:\/\/nosrevolutions.fr\/en\/wp-json\/wp\/v2\/comments?post=4071"}],"version-history":[{"count":2,"href":"https:\/\/nosrevolutions.fr\/en\/wp-json\/wp\/v2\/posts\/4071\/revisions"}],"predecessor-version":[{"id":4970,"href":"https:\/\/nosrevolutions.fr\/en\/wp-json\/wp\/v2\/posts\/4071\/revisions\/4970"}],"wp:featuredmedia":[{"embeddable":true,"href":"https:\/\/nosrevolutions.fr\/en\/wp-json\/wp\/v2\/media\/4072"}],"wp:attachment":[{"href":"https:\/\/nosrevolutions.fr\/en\/wp-json\/wp\/v2\/media?parent=4071"}],"wp:term":[{"taxonomy":"category","embeddable":true,"href":"https:\/\/nosrevolutions.fr\/en\/wp-json\/wp\/v2\/categories?post=4071"},{"taxonomy":"post_tag","embeddable":true,"href":"https:\/\/nosrevolutions.fr\/en\/wp-json\/wp\/v2\/tags?post=4071"}],"curies":[{"name":"wp","href":"https:\/\/api.w.org\/{rel}","templated":true}]}}