{"id":3850,"date":"2024-04-24T05:00:00","date_gmt":"2024-04-24T03:00:00","guid":{"rendered":"https:\/\/nosrevolutions.fr\/?p=3850"},"modified":"2025-05-21T17:01:59","modified_gmt":"2025-05-21T15:01:59","slug":"edito-statut-de-la-fonction-publique-le-gouvernement-attaque","status":"publish","type":"post","link":"https:\/\/nosrevolutions.fr\/en\/2024\/04\/24\/edito-statut-de-la-fonction-publique-le-gouvernement-attaque\/","title":{"rendered":"\u00c9DITO. Statut de la fonction publique, le gouvernement attaque !"},"content":{"rendered":"\n<p><\/p>\n\n\n\n<p>Le 9 avril, le Ministre de la Transformation et de la Fonction publiques a d\u00e9clar\u00e9 dans <em>Le Parisien<\/em> vouloir \u00ab\u00a0<em>leve[r] le tabou du licenciement dans la fonction publique<\/em>\u201d. Depuis, Stanislas Gu\u00e9rini multiplie les d\u00e9clarations. Licenciement, r\u00e9mun\u00e9rations, fin des trois cat\u00e9gories\u2026 <strong>Le message est tr\u00e8s clair : il s&rsquo;agit de mettre un terme au statut de fonctionnaire.<\/strong><\/p>\n\n\n\n<p>Nous ne le r\u00e9p\u00e9terons jamais assez, <strong>le service public c\u2019est le patrimoine de celles et ceux qui n\u2019en ont pas<\/strong>. Le statut du fonctionnaire est le garant d\u2019un service public ambitieux et de qualit\u00e9. Ce statut est un ensemble de droits et de devoirs qui visent \u00e0 soutenir l\u2019int\u00e9r\u00eat g\u00e9n\u00e9ral.<\/p>\n\n\n\n<p><strong>Pour cela de nombreuses responsabilit\u00e9s leurs incombent, parmi lesquelles :<\/strong><br>&#8211; assurer la neutralit\u00e9 du service ;<br>&#8211; garantir l&rsquo;\u00e9galit\u00e9 de traitement ;<br>&#8211; se conformer aux instructions hi\u00e9rarchiques, sauf lorsque l&rsquo;instruction donn\u00e9e est manifestement ill\u00e9gale et peut gravement compromettre l&rsquo;int\u00e9r\u00eat public ;<br>&#8211; transmettre sans d\u00e9lai les crimes et d\u00e9lits dont ils ont connaissance dans l&rsquo;exercice de leurs fonctions au Procureur de la R\u00e9publique ;<\/p>\n\n\n\n<p><strong>Les fonctionnaires sont \u00e9galement soumis \u00e0 diverses r\u00e8gles, concernant par exemple leur lieu d\u2019affectation, et ils ne peuvent n\u00e9gocier leur salaire<\/strong> qui est soumis \u00e0 des grilles indiciaires. Les fonctionnaires ne sont pas salari\u00e9\u00b7es, mais bien agent\u00b7es de la fonction publique.<\/p>\n\n\n\n<p>Ils et elles sont m\u00e9decins, infirmier\u00b7es, enseignant\u00b7es, policier\u00b7es, comptables, juristes, secr\u00e9taires, travaillent dans le soin, l\u2019\u00e9ducation ou l\u2019administration\u2026 Tous ces m\u00e9tiers sont indispensables \u00e0 l&rsquo;int\u00e9r\u00eat g\u00e9n\u00e9ral. Ils et elles sont \u00e9galement les premiers et les premi\u00e8res sollicit\u00e9\u00b7es en p\u00e9riode de crise pour r\u00e9pondre aux besoins des populations, comme nous l\u2019avons vu r\u00e9cemment avec la crise Covid.<\/p>\n\n\n\n<p><strong>En contrepartie des devoirs qui leur incombent, le statut prot\u00e8ge les fonctionnaires<\/strong>, notamment gr\u00e2ce \u00e0 un syst\u00e8me leur garantissant une carri\u00e8re couvrant l\u2019ensemble de leur vie professionnelle.<\/p>\n\n\n\n<p>Le statut de la fonction publique est constitutif de notre nation et de nos services publics, en leur permettant de se d\u00e9gager des lois du march\u00e9. Il organise aussi l\u2019\u00e9quilibre entre le principe d\u2019unit\u00e9 de la R\u00e9publique et celui de libre administration des collectivit\u00e9s territoriales.&nbsp;<\/p>\n\n\n\n<p><strong>Il est le fruit des conquis sociaux, en particulier \u00e0 la sortie de la Seconde guerre mondiale, et a \u00e9t\u00e9 l\u2019un des outils de la reconstruction de la France<\/strong>. On le doit essentiellement \u00e0 l&rsquo;action minist\u00e9rielle de deux communistes, Maurice Thorez avec la cr\u00e9ation du statut g\u00e9n\u00e9ral des fonctionnaires en 1946, puis Anicet le Pors, qui unifia les trois fonctions publiques en 1983.&nbsp;<\/p>\n\n\n\n<p>C\u2019est ce statut g\u00e9n\u00e9ral des fonctionnaires qui est attaqu\u00e9 depuis 40 ans par les diff\u00e9rents gouvernements en parall\u00e8le de la casse des services publics, l\u2019affaiblissement de l\u2019un se r\u00e9percutant sur l\u2019autre.&nbsp;<\/p>\n\n\n\n<p>Les derni\u00e8res d\u00e9clarations de l\u2019actuel ministre s\u2019inscrivent pleinement dans cette strat\u00e9gie d\u2019attaque frontale du statut. <strong>Apr\u00e8s les r\u00e9formes engag\u00e9es pendant le premier quinquennat Macron, il ne s\u2019agit pas de petites phrases prononc\u00e9es \u00e0 la l\u00e9g\u00e8re, mais bien d\u2019une nouvelle \u00e9tape de casse du statut qui est annonc\u00e9e<\/strong>.<\/p>\n\n\n\n<p>Le \u201cfonctionnaire <em>bashing<\/em>\u201d des derni\u00e8res d\u00e9cennies a eu pour cons\u00e9quence d\u2019affaiblir lourdement le service public. La r\u00e9p\u00e9tition et l\u2019usage&nbsp;syst\u00e9matique des pr\u00e9jug\u00e9s concernant les fonctionnaires interroge, et on peut se demander si cet affaiblissement est une cons\u00e9quence ou un objectif du discours des gouvernements successifs.<\/p>\n\n\n\n<p>Alors que nous avons tellement de d\u00e9fis \u00e0 relever, que nous manquons de professeurs dans nos \u00e9coles, de personnels soignants comme administratifs dans nos h\u00f4pitaux, d\u2019agents d\u2019accueil dans nos administrations\u2026 Cette nouvelle annonce fait craindre le pire tant sur la d\u00e9gradation annonc\u00e9e du service que sur les conditions de travail et de pr\u00e9carisation des femmes et hommes qui s\u2019engagent chaque jour pour l\u2019int\u00e9r\u00eat commun.<\/p>\n\n\n\n<p>Les services publics n\u2019ont pas besoin de plus de \u201cflexibilit\u00e9\u201d, ni de plus d\u2019agilit\u00e9 ! Les services publics ont besoin de plus de moyens ! <strong>Les services publics ont besoin de politiques publiques au service de l&rsquo;int\u00e9r\u00eat g\u00e9n\u00e9ral : les fonctionnaires y retrouveront le sens de leur m\u00e9tier et de leurs missions.<\/strong><\/p>\n\n\n\n<p><\/p>\n\n\n\n<hr class=\"wp-block-separator has-alpha-channel-opacity\"\/>\n\n\n\n<p>Image d&rsquo;illustration : \u00ab\u00a0Forum de l&rsquo;Emploi public \u00e0 l\u2019\u00c9cole polytechnique. Stanislas Gu\u00e9rini, Ministre de la Transformation et de la Fonction Publiques \u00a9 <a href=\"https:\/\/www.flickr.com\/photos\/117994717@N06\/52812203850\">\u00c9cole polytechnique \/ Institut Polytechnique de Paris<\/a> \/ J. Barande\u00a0\u00bb (<a href=\"https:\/\/creativecommons.org\/licenses\/by-sa\/2.0\/\">CC BY-SA 2.0<\/a>)<\/p>\n","protected":false},"excerpt":{"rendered":"<p>Le 9 avril, le Ministre de la Transformation et de la Fonction publiques a d\u00e9clar\u00e9 dans Le Parisien vouloir \u00ab\u00a0leve[r] le tabou du licenciement dans la fonction publique\u201d. Depuis, Stanislas [&hellip;]<\/p>\n","protected":false},"author":17,"featured_media":3851,"comment_status":"closed","ping_status":"closed","sticky":false,"template":"","format":"standard","meta":{"_EventAllDay":false,"_EventTimezone":"","_EventStartDate":"","_EventEndDate":"","_EventStartDateUTC":"","_EventEndDateUTC":"","_EventShowMap":false,"_EventShowMapLink":false,"_EventURL":"","_EventCost":"","_EventCostDescription":"","_EventCurrencySymbol":"","_EventCurrencyCode":"","_EventCurrencyPosition":"","_EventDateTimeSeparator":"","_EventTimeRangeSeparator":"","_EventOrganizerID":[],"_EventVenueID":[],"_OrganizerEmail":"","_OrganizerPhone":"","_OrganizerWebsite":"","_VenueAddress":"","_VenueCity":"","_VenueCountry":"","_VenueProvince":"","_VenueState":"","_VenueZip":"","_VenuePhone":"","_VenueURL":"","_VenueStateProvince":"","_VenueLat":"","_VenueLng":"","_VenueShowMap":false,"_VenueShowMapLink":false,"footnotes":""},"categories":[12],"tags":[38],"class_list":["post-3850","post","type-post","status-publish","format-standard","has-post-thumbnail","hentry","category-edito","tag-gouvernement"],"yoast_head":"<!-- This site is optimized with the Yoast SEO plugin v27.4 - https:\/\/yoast.com\/product\/yoast-seo-wordpress\/ -->\n<title>\u00c9DITO. Statut de la fonction publique, le gouvernement attaque ! - Nos R\u00e9volutions<\/title>\n<meta name=\"robots\" content=\"index, follow, max-snippet:-1, max-image-preview:large, max-video-preview:-1\" \/>\n<link rel=\"canonical\" href=\"https:\/\/nosrevolutions.fr\/en\/2024\/04\/24\/edito-statut-de-la-fonction-publique-le-gouvernement-attaque\/\" \/>\n<meta property=\"og:locale\" content=\"en_GB\" \/>\n<meta property=\"og:type\" content=\"article\" \/>\n<meta property=\"og:title\" content=\"\u00c9DITO. Statut de la fonction publique, le gouvernement attaque ! - Nos R\u00e9volutions\" \/>\n<meta property=\"og:description\" content=\"Le 9 avril, le Ministre de la Transformation et de la Fonction publiques a d\u00e9clar\u00e9 dans Le Parisien vouloir \u00ab\u00a0leve[r] le tabou du licenciement dans la fonction publique\u201d. Depuis, Stanislas [&hellip;]\" \/>\n<meta property=\"og:url\" content=\"https:\/\/nosrevolutions.fr\/en\/2024\/04\/24\/edito-statut-de-la-fonction-publique-le-gouvernement-attaque\/\" \/>\n<meta property=\"og:site_name\" content=\"Nos R\u00e9volutions\" \/>\n<meta property=\"article:published_time\" content=\"2024-04-24T03:00:00+00:00\" \/>\n<meta property=\"article:modified_time\" content=\"2025-05-21T15:01:59+00:00\" \/>\n<meta property=\"og:image\" content=\"https:\/\/nosrevolutions.fr\/wp-content\/uploads\/2024\/04\/52812203850_c3f3489956_o-scaled.jpg\" \/>\n\t<meta property=\"og:image:width\" content=\"2560\" \/>\n\t<meta property=\"og:image:height\" content=\"1707\" \/>\n\t<meta property=\"og:image:type\" content=\"image\/jpeg\" \/>\n<meta name=\"author\" content=\"Aur\u00e9lie Biancarelli\" \/>\n<meta name=\"twitter:card\" content=\"summary_large_image\" \/>\n<meta name=\"twitter:creator\" content=\"@NosRevolutions\" \/>\n<meta name=\"twitter:site\" content=\"@NosRevolutions\" \/>\n<meta name=\"twitter:label1\" content=\"Written by\" \/>\n\t<meta name=\"twitter:data1\" content=\"Aur\u00e9lie Biancarelli\" \/>\n\t<meta name=\"twitter:label2\" content=\"Estimated reading time\" \/>\n\t<meta name=\"twitter:data2\" content=\"4 minutes\" \/>\n<script type=\"application\/ld+json\" class=\"yoast-schema-graph\">{\"@context\":\"https:\\\/\\\/schema.org\",\"@graph\":[{\"@type\":\"Article\",\"@id\":\"https:\\\/\\\/nosrevolutions.fr\\\/2024\\\/04\\\/24\\\/edito-statut-de-la-fonction-publique-le-gouvernement-attaque\\\/#article\",\"isPartOf\":{\"@id\":\"https:\\\/\\\/nosrevolutions.fr\\\/2024\\\/04\\\/24\\\/edito-statut-de-la-fonction-publique-le-gouvernement-attaque\\\/\"},\"author\":{\"name\":\"Aur\u00e9lie Biancarelli\",\"@id\":\"https:\\\/\\\/nosrevolutions.fr\\\/#\\\/schema\\\/person\\\/c658a618c09d613ae466b1354e63d051\"},\"headline\":\"\u00c9DITO. Statut de la fonction publique, le gouvernement attaque !\",\"datePublished\":\"2024-04-24T03:00:00+00:00\",\"dateModified\":\"2025-05-21T15:01:59+00:00\",\"mainEntityOfPage\":{\"@id\":\"https:\\\/\\\/nosrevolutions.fr\\\/2024\\\/04\\\/24\\\/edito-statut-de-la-fonction-publique-le-gouvernement-attaque\\\/\"},\"wordCount\":793,\"publisher\":{\"@id\":\"https:\\\/\\\/nosrevolutions.fr\\\/#organization\"},\"image\":{\"@id\":\"https:\\\/\\\/nosrevolutions.fr\\\/2024\\\/04\\\/24\\\/edito-statut-de-la-fonction-publique-le-gouvernement-attaque\\\/#primaryimage\"},\"thumbnailUrl\":\"https:\\\/\\\/nosrevolutions.fr\\\/wp-content\\\/uploads\\\/2024\\\/04\\\/52812203850_c3f3489956_o-scaled.jpg\",\"keywords\":[\"Gouvernement\"],\"articleSection\":[\"\u00c9ditos\"],\"inLanguage\":\"en-GB\"},{\"@type\":\"WebPage\",\"@id\":\"https:\\\/\\\/nosrevolutions.fr\\\/2024\\\/04\\\/24\\\/edito-statut-de-la-fonction-publique-le-gouvernement-attaque\\\/\",\"url\":\"https:\\\/\\\/nosrevolutions.fr\\\/2024\\\/04\\\/24\\\/edito-statut-de-la-fonction-publique-le-gouvernement-attaque\\\/\",\"name\":\"\u00c9DITO. Statut de la fonction publique, le gouvernement attaque ! - Nos R\u00e9volutions\",\"isPartOf\":{\"@id\":\"https:\\\/\\\/nosrevolutions.fr\\\/#website\"},\"primaryImageOfPage\":{\"@id\":\"https:\\\/\\\/nosrevolutions.fr\\\/2024\\\/04\\\/24\\\/edito-statut-de-la-fonction-publique-le-gouvernement-attaque\\\/#primaryimage\"},\"image\":{\"@id\":\"https:\\\/\\\/nosrevolutions.fr\\\/2024\\\/04\\\/24\\\/edito-statut-de-la-fonction-publique-le-gouvernement-attaque\\\/#primaryimage\"},\"thumbnailUrl\":\"https:\\\/\\\/nosrevolutions.fr\\\/wp-content\\\/uploads\\\/2024\\\/04\\\/52812203850_c3f3489956_o-scaled.jpg\",\"datePublished\":\"2024-04-24T03:00:00+00:00\",\"dateModified\":\"2025-05-21T15:01:59+00:00\",\"breadcrumb\":{\"@id\":\"https:\\\/\\\/nosrevolutions.fr\\\/2024\\\/04\\\/24\\\/edito-statut-de-la-fonction-publique-le-gouvernement-attaque\\\/#breadcrumb\"},\"inLanguage\":\"en-GB\",\"potentialAction\":[{\"@type\":\"ReadAction\",\"target\":[\"https:\\\/\\\/nosrevolutions.fr\\\/2024\\\/04\\\/24\\\/edito-statut-de-la-fonction-publique-le-gouvernement-attaque\\\/\"]}]},{\"@type\":\"ImageObject\",\"inLanguage\":\"en-GB\",\"@id\":\"https:\\\/\\\/nosrevolutions.fr\\\/2024\\\/04\\\/24\\\/edito-statut-de-la-fonction-publique-le-gouvernement-attaque\\\/#primaryimage\",\"url\":\"https:\\\/\\\/nosrevolutions.fr\\\/wp-content\\\/uploads\\\/2024\\\/04\\\/52812203850_c3f3489956_o-scaled.jpg\",\"contentUrl\":\"https:\\\/\\\/nosrevolutions.fr\\\/wp-content\\\/uploads\\\/2024\\\/04\\\/52812203850_c3f3489956_o-scaled.jpg\",\"width\":2560,\"height\":1707,\"caption\":\"Forum de l'emploi public \u00e0 l'Ecole polytechnique\"},{\"@type\":\"BreadcrumbList\",\"@id\":\"https:\\\/\\\/nosrevolutions.fr\\\/2024\\\/04\\\/24\\\/edito-statut-de-la-fonction-publique-le-gouvernement-attaque\\\/#breadcrumb\",\"itemListElement\":[{\"@type\":\"ListItem\",\"position\":1,\"name\":\"Accueil\",\"item\":\"https:\\\/\\\/nosrevolutions.fr\\\/\"},{\"@type\":\"ListItem\",\"position\":2,\"name\":\"\u00c9DITO. Statut de la fonction publique, le gouvernement attaque !\"}]},{\"@type\":\"WebSite\",\"@id\":\"https:\\\/\\\/nosrevolutions.fr\\\/#website\",\"url\":\"https:\\\/\\\/nosrevolutions.fr\\\/\",\"name\":\"Nos R\u00e9volutions\",\"description\":\"Communisme et mouvement social\",\"publisher\":{\"@id\":\"https:\\\/\\\/nosrevolutions.fr\\\/#organization\"},\"potentialAction\":[{\"@type\":\"SearchAction\",\"target\":{\"@type\":\"EntryPoint\",\"urlTemplate\":\"https:\\\/\\\/nosrevolutions.fr\\\/?s={search_term_string}\"},\"query-input\":{\"@type\":\"PropertyValueSpecification\",\"valueRequired\":true,\"valueName\":\"search_term_string\"}}],\"inLanguage\":\"en-GB\"},{\"@type\":\"Organization\",\"@id\":\"https:\\\/\\\/nosrevolutions.fr\\\/#organization\",\"name\":\"Nos R\u00e9volutions\",\"url\":\"https:\\\/\\\/nosrevolutions.fr\\\/\",\"logo\":{\"@type\":\"ImageObject\",\"inLanguage\":\"en-GB\",\"@id\":\"https:\\\/\\\/nosrevolutions.fr\\\/#\\\/schema\\\/logo\\\/image\\\/\",\"url\":\"https:\\\/\\\/nosrevolutions.fr\\\/wp-content\\\/uploads\\\/2022\\\/09\\\/nrs_logo_noir.png\",\"contentUrl\":\"https:\\\/\\\/nosrevolutions.fr\\\/wp-content\\\/uploads\\\/2022\\\/09\\\/nrs_logo_noir.png\",\"width\":2000,\"height\":501,\"caption\":\"Nos R\u00e9volutions\"},\"image\":{\"@id\":\"https:\\\/\\\/nosrevolutions.fr\\\/#\\\/schema\\\/logo\\\/image\\\/\"},\"sameAs\":[\"https:\\\/\\\/x.com\\\/NosRevolutions\"]},{\"@type\":\"Person\",\"@id\":\"https:\\\/\\\/nosrevolutions.fr\\\/#\\\/schema\\\/person\\\/c658a618c09d613ae466b1354e63d051\",\"name\":\"Aur\u00e9lie Biancarelli\",\"image\":{\"@type\":\"ImageObject\",\"inLanguage\":\"en-GB\",\"@id\":\"https:\\\/\\\/secure.gravatar.com\\\/avatar\\\/7d3e5391a6e628fa15d7e6e1882c16230c332b4ded8a66a3e875795e5398f86c?s=96&d=mm&r=g\",\"url\":\"https:\\\/\\\/secure.gravatar.com\\\/avatar\\\/7d3e5391a6e628fa15d7e6e1882c16230c332b4ded8a66a3e875795e5398f86c?s=96&d=mm&r=g\",\"contentUrl\":\"https:\\\/\\\/secure.gravatar.com\\\/avatar\\\/7d3e5391a6e628fa15d7e6e1882c16230c332b4ded8a66a3e875795e5398f86c?s=96&d=mm&r=g\",\"caption\":\"Aur\u00e9lie Biancarelli\"},\"url\":\"https:\\\/\\\/nosrevolutions.fr\\\/en\\\/author\\\/aureliebiancarelli\\\/\"}]}<\/script>\n<!-- \/ Yoast SEO plugin. -->","yoast_head_json":{"title":"\u00c9DITO. Statut de la fonction publique, le gouvernement attaque ! - Nos R\u00e9volutions","robots":{"index":"index","follow":"follow","max-snippet":"max-snippet:-1","max-image-preview":"max-image-preview:large","max-video-preview":"max-video-preview:-1"},"canonical":"https:\/\/nosrevolutions.fr\/en\/2024\/04\/24\/edito-statut-de-la-fonction-publique-le-gouvernement-attaque\/","og_locale":"en_GB","og_type":"article","og_title":"\u00c9DITO. Statut de la fonction publique, le gouvernement attaque ! - Nos R\u00e9volutions","og_description":"Le 9 avril, le Ministre de la Transformation et de la Fonction publiques a d\u00e9clar\u00e9 dans Le Parisien vouloir \u00ab\u00a0leve[r] le tabou du licenciement dans la fonction publique\u201d. Depuis, Stanislas [&hellip;]","og_url":"https:\/\/nosrevolutions.fr\/en\/2024\/04\/24\/edito-statut-de-la-fonction-publique-le-gouvernement-attaque\/","og_site_name":"Nos R\u00e9volutions","article_published_time":"2024-04-24T03:00:00+00:00","article_modified_time":"2025-05-21T15:01:59+00:00","og_image":[{"width":2560,"height":1707,"url":"https:\/\/nosrevolutions.fr\/wp-content\/uploads\/2024\/04\/52812203850_c3f3489956_o-scaled.jpg","type":"image\/jpeg"}],"author":"Aur\u00e9lie Biancarelli","twitter_card":"summary_large_image","twitter_creator":"@NosRevolutions","twitter_site":"@NosRevolutions","twitter_misc":{"Written by":"Aur\u00e9lie Biancarelli","Estimated reading time":"4 minutes"},"schema":{"@context":"https:\/\/schema.org","@graph":[{"@type":"Article","@id":"https:\/\/nosrevolutions.fr\/2024\/04\/24\/edito-statut-de-la-fonction-publique-le-gouvernement-attaque\/#article","isPartOf":{"@id":"https:\/\/nosrevolutions.fr\/2024\/04\/24\/edito-statut-de-la-fonction-publique-le-gouvernement-attaque\/"},"author":{"name":"Aur\u00e9lie Biancarelli","@id":"https:\/\/nosrevolutions.fr\/#\/schema\/person\/c658a618c09d613ae466b1354e63d051"},"headline":"\u00c9DITO. Statut de la fonction publique, le gouvernement attaque !","datePublished":"2024-04-24T03:00:00+00:00","dateModified":"2025-05-21T15:01:59+00:00","mainEntityOfPage":{"@id":"https:\/\/nosrevolutions.fr\/2024\/04\/24\/edito-statut-de-la-fonction-publique-le-gouvernement-attaque\/"},"wordCount":793,"publisher":{"@id":"https:\/\/nosrevolutions.fr\/#organization"},"image":{"@id":"https:\/\/nosrevolutions.fr\/2024\/04\/24\/edito-statut-de-la-fonction-publique-le-gouvernement-attaque\/#primaryimage"},"thumbnailUrl":"https:\/\/nosrevolutions.fr\/wp-content\/uploads\/2024\/04\/52812203850_c3f3489956_o-scaled.jpg","keywords":["Gouvernement"],"articleSection":["\u00c9ditos"],"inLanguage":"en-GB"},{"@type":"WebPage","@id":"https:\/\/nosrevolutions.fr\/2024\/04\/24\/edito-statut-de-la-fonction-publique-le-gouvernement-attaque\/","url":"https:\/\/nosrevolutions.fr\/2024\/04\/24\/edito-statut-de-la-fonction-publique-le-gouvernement-attaque\/","name":"\u00c9DITO. Statut de la fonction publique, le gouvernement attaque ! - Nos R\u00e9volutions","isPartOf":{"@id":"https:\/\/nosrevolutions.fr\/#website"},"primaryImageOfPage":{"@id":"https:\/\/nosrevolutions.fr\/2024\/04\/24\/edito-statut-de-la-fonction-publique-le-gouvernement-attaque\/#primaryimage"},"image":{"@id":"https:\/\/nosrevolutions.fr\/2024\/04\/24\/edito-statut-de-la-fonction-publique-le-gouvernement-attaque\/#primaryimage"},"thumbnailUrl":"https:\/\/nosrevolutions.fr\/wp-content\/uploads\/2024\/04\/52812203850_c3f3489956_o-scaled.jpg","datePublished":"2024-04-24T03:00:00+00:00","dateModified":"2025-05-21T15:01:59+00:00","breadcrumb":{"@id":"https:\/\/nosrevolutions.fr\/2024\/04\/24\/edito-statut-de-la-fonction-publique-le-gouvernement-attaque\/#breadcrumb"},"inLanguage":"en-GB","potentialAction":[{"@type":"ReadAction","target":["https:\/\/nosrevolutions.fr\/2024\/04\/24\/edito-statut-de-la-fonction-publique-le-gouvernement-attaque\/"]}]},{"@type":"ImageObject","inLanguage":"en-GB","@id":"https:\/\/nosrevolutions.fr\/2024\/04\/24\/edito-statut-de-la-fonction-publique-le-gouvernement-attaque\/#primaryimage","url":"https:\/\/nosrevolutions.fr\/wp-content\/uploads\/2024\/04\/52812203850_c3f3489956_o-scaled.jpg","contentUrl":"https:\/\/nosrevolutions.fr\/wp-content\/uploads\/2024\/04\/52812203850_c3f3489956_o-scaled.jpg","width":2560,"height":1707,"caption":"Forum de l'emploi public \u00e0 l'Ecole polytechnique"},{"@type":"BreadcrumbList","@id":"https:\/\/nosrevolutions.fr\/2024\/04\/24\/edito-statut-de-la-fonction-publique-le-gouvernement-attaque\/#breadcrumb","itemListElement":[{"@type":"ListItem","position":1,"name":"Accueil","item":"https:\/\/nosrevolutions.fr\/"},{"@type":"ListItem","position":2,"name":"\u00c9DITO. Statut de la fonction publique, le gouvernement attaque !"}]},{"@type":"WebSite","@id":"https:\/\/nosrevolutions.fr\/#website","url":"https:\/\/nosrevolutions.fr\/","name":"Nos R\u00e9volutions","description":"Communisme et mouvement social","publisher":{"@id":"https:\/\/nosrevolutions.fr\/#organization"},"potentialAction":[{"@type":"SearchAction","target":{"@type":"EntryPoint","urlTemplate":"https:\/\/nosrevolutions.fr\/?s={search_term_string}"},"query-input":{"@type":"PropertyValueSpecification","valueRequired":true,"valueName":"search_term_string"}}],"inLanguage":"en-GB"},{"@type":"Organization","@id":"https:\/\/nosrevolutions.fr\/#organization","name":"Nos R\u00e9volutions","url":"https:\/\/nosrevolutions.fr\/","logo":{"@type":"ImageObject","inLanguage":"en-GB","@id":"https:\/\/nosrevolutions.fr\/#\/schema\/logo\/image\/","url":"https:\/\/nosrevolutions.fr\/wp-content\/uploads\/2022\/09\/nrs_logo_noir.png","contentUrl":"https:\/\/nosrevolutions.fr\/wp-content\/uploads\/2022\/09\/nrs_logo_noir.png","width":2000,"height":501,"caption":"Nos R\u00e9volutions"},"image":{"@id":"https:\/\/nosrevolutions.fr\/#\/schema\/logo\/image\/"},"sameAs":["https:\/\/x.com\/NosRevolutions"]},{"@type":"Person","@id":"https:\/\/nosrevolutions.fr\/#\/schema\/person\/c658a618c09d613ae466b1354e63d051","name":"Aur\u00e9lie Biancarelli","image":{"@type":"ImageObject","inLanguage":"en-GB","@id":"https:\/\/secure.gravatar.com\/avatar\/7d3e5391a6e628fa15d7e6e1882c16230c332b4ded8a66a3e875795e5398f86c?s=96&d=mm&r=g","url":"https:\/\/secure.gravatar.com\/avatar\/7d3e5391a6e628fa15d7e6e1882c16230c332b4ded8a66a3e875795e5398f86c?s=96&d=mm&r=g","contentUrl":"https:\/\/secure.gravatar.com\/avatar\/7d3e5391a6e628fa15d7e6e1882c16230c332b4ded8a66a3e875795e5398f86c?s=96&d=mm&r=g","caption":"Aur\u00e9lie Biancarelli"},"url":"https:\/\/nosrevolutions.fr\/en\/author\/aureliebiancarelli\/"}]}},"_links":{"self":[{"href":"https:\/\/nosrevolutions.fr\/en\/wp-json\/wp\/v2\/posts\/3850","targetHints":{"allow":["GET"]}}],"collection":[{"href":"https:\/\/nosrevolutions.fr\/en\/wp-json\/wp\/v2\/posts"}],"about":[{"href":"https:\/\/nosrevolutions.fr\/en\/wp-json\/wp\/v2\/types\/post"}],"author":[{"embeddable":true,"href":"https:\/\/nosrevolutions.fr\/en\/wp-json\/wp\/v2\/users\/17"}],"replies":[{"embeddable":true,"href":"https:\/\/nosrevolutions.fr\/en\/wp-json\/wp\/v2\/comments?post=3850"}],"version-history":[{"count":2,"href":"https:\/\/nosrevolutions.fr\/en\/wp-json\/wp\/v2\/posts\/3850\/revisions"}],"predecessor-version":[{"id":4960,"href":"https:\/\/nosrevolutions.fr\/en\/wp-json\/wp\/v2\/posts\/3850\/revisions\/4960"}],"wp:featuredmedia":[{"embeddable":true,"href":"https:\/\/nosrevolutions.fr\/en\/wp-json\/wp\/v2\/media\/3851"}],"wp:attachment":[{"href":"https:\/\/nosrevolutions.fr\/en\/wp-json\/wp\/v2\/media?parent=3850"}],"wp:term":[{"taxonomy":"category","embeddable":true,"href":"https:\/\/nosrevolutions.fr\/en\/wp-json\/wp\/v2\/categories?post=3850"},{"taxonomy":"post_tag","embeddable":true,"href":"https:\/\/nosrevolutions.fr\/en\/wp-json\/wp\/v2\/tags?post=3850"}],"curies":[{"name":"wp","href":"https:\/\/api.w.org\/{rel}","templated":true}]}}