{"id":3847,"date":"2024-04-22T05:00:00","date_gmt":"2024-04-22T03:00:00","guid":{"rendered":"https:\/\/nosrevolutions.fr\/?p=3847"},"modified":"2025-05-21T17:01:52","modified_gmt":"2025-05-21T15:01:52","slug":"le-tonnerre-des-guerres-continue-de-dechirer-notre-humanite","status":"publish","type":"post","link":"https:\/\/nosrevolutions.fr\/en\/2024\/04\/22\/le-tonnerre-des-guerres-continue-de-dechirer-notre-humanite\/","title":{"rendered":"Le tonnerre des guerres continue de d\u00e9chirer notre humanit\u00e9"},"content":{"rendered":"<p><em>Cet article du 20 avril 2024<\/em> <em>is excerpted from Patrick Le Hyaric\u2019s weekly letter. Click <a href=\"http:\/\/r.lettre.patrick-le-hyaric.fr\/mk\/mr\/sh\/1t6AVsd2XFnIG8W9447T5NGi0CDpOz\/AibCs5InRZ8j\">here<\/a><\/em> <em>pour lire la lettre de la semaine et <a href=\"https:\/\/my.sendinblue.com\/users\/subscribe\/js_id\/2u1dh\/id\/2\">here<\/a> to subscribe to it<\/em>.<\/p>\n\n\n\n<p><\/p>\n\n\n\n<p>Les attaques de la Russie sur les populations et infrastructures ukrainiennes continuent alors que le Congr\u00e8s am\u00e9ricain est en passe de voter un nouveau lot de cr\u00e9dits pour armer l\u2019Ukraine apr\u00e8s les engagements de l&rsquo;Union europ\u00e9enne \u00e0 le faire. <strong>La seule lueur vient de la rencontre r\u00e9cente entre le chancelier allemand et le pr\u00e9sident chinois qui ont ensemble d\u00e9clar\u00e9 soutenir et participer \u00e0 la conf\u00e9rence pour la paix <\/strong>qui pourrait se tenir les 15 et 16 juin prochains en Suisse. Dans un texte publi\u00e9 \u00e0 cette occasion, la Chine a appel\u00e9 au dialogue, s\u2019est oppos\u00e9e \u00e0 tout recours \u00e0 l\u2019arme nucl\u00e9aire et a exhort\u00e9 au respect de l\u2019int\u00e9grit\u00e9 territoriale \u00ab de tous les pays \u00bb. La diplomatie fran\u00e7aise gagnerait en cr\u00e9dit si elle s\u2019engageait activement dans cette voie afin de favoriser le dialogue et un cessez-le-feu.<\/p>\n\n\n\n<h4 class=\"wp-block-heading\"><strong>Au Proche et Moyen-Orient, la question se pose de savoir si nous ne sommes pas d\u00e9j\u00e0 dans l\u2019escalade.<\/strong><\/h4>\n\n\n\n<p>Des boutefeux s\u2019agitent comme des mannequins secou\u00e9s par les vents sur nos \u00e9crans dans le but de conditionner les populations. Ils le font sans nuance, sans expliquer les complexit\u00e9s. Au fond ils prennent partie. Align\u00e9 sur un camp, ils font de toute personne, tout militant prenant partie pour la paix ou pour la cause palestinienne des adversaires ou des ennemis qu\u2019il faut faire taire.<\/p>\n\n\n\n<p><strong>Ils n\u2019ont pas h\u00e9sit\u00e9 \u00e0 qualifier l\u2019attaque de l\u2019arm\u00e9e isra\u00e9lienne le 2 avril sur la mission consulaire de l\u2019ambassade d\u2019Iran \u00e0 Damas \u00ab d\u2019attaque attribu\u00e9e \u00e0 Isra\u00ebl \u00bb<\/strong>. Pourquoi un tel mensonge. Il y a bien eu six missiles tir\u00e9s par des avions chasseurs F-35 de l\u2019arm\u00e9e isra\u00e9lienne sur le b\u00e2timent iranien r\u00e9duit \u00e0 un amas de ruines \u00e0 Damas. Treize repr\u00e9sentants iraniens, dont sept officiers y ont \u00e9t\u00e9 tu\u00e9s. L\u2019arm\u00e9e isra\u00e9lienne est coutumi\u00e8re de telles attaques dans la r\u00e9gion. L\u2019attaque contre un b\u00e2timent diplomatique d\u2019un pays est une atteinte au droit international tel que codifi\u00e9 par un trait\u00e9 international datant de l\u2019ann\u00e9e 1963.<\/p>\n\n\n\n<p>La r\u00e9action de l\u2019Iran avec une pluie de drones et de missiles doit tout autant \u00eatre condamn\u00e9e fermement. Le droit de se faire justice soi-m\u00eame ou le droit \u00e0 la riposte ou \u00e0 l\u2019autod\u00e9fense n\u2019existe pas dans le droit international.<\/p>\n\n\n\n<p><strong>Seul le Conseil de s\u00e9curit\u00e9 de l\u2019ONU peut d\u00e9cider les formes et le niveau d\u2019une r\u00e9plique<\/strong>. Ceci \u00e9tait vrai au lendemain des crimes terroristes du Hamas contre des familles isra\u00e9liennes. Cela l\u2019est tout autant pour l\u2019agression d\u00e9cid\u00e9e par le pouvoir iranien. La qualification et les sanctions de ces deux actes guerriers &#8211; le bombardement d\u2019une annexe d\u2019ambassade \u00e0 Damas pour Isra\u00ebl et la r\u00e9plique a\u00e9rienne de l\u2019Iran doit \u00eatre mis au d\u00e9bat et au jugement du Conseil de s\u00e9curit\u00e9 de l\u2019ONU dont le r\u00f4le est de chercher \u00e0 r\u00e9gler des diff\u00e9rents par la voie diplomatique.<\/p>\n\n\n\n<p><strong>L\u2019offensive iranienne a \u00e9t\u00e9 \u00e0 juste titre largement condamn\u00e9e. Rien de tel d\u00e9but avril contre l\u2019attaque isra\u00e9lienne. Pourquoi toujours ce deux poids, deux mesures ? <\/strong>Au contraire, la contre-offensive isra\u00e9lienne au petit matin du 19 avril a \u00e9t\u00e9 justifi\u00e9e par les fauteurs de guerre qui passent une bonne partie de leur temps \u00e0 discr\u00e9diter l\u2019Organisation des Nations Unies. L\u2019ambiance cr\u00e9e autour de ces deux attaques \u2013iranienne puis isra\u00e9lienne au-dessus d\u2019une base militaire d\u2019Ispahan \u2013 est curieuse, ambigu\u00eb, inqui\u00e9tante.<\/p>\n\n\n\n<h4 class=\"wp-block-heading\"><strong>La militarisation de la r\u00e9gion et ces \u00ab tests guerriers \u00bb portent en eux de lourds dangers au d\u00e9triment de tous les peuples du Proche et du Moyen-Orient.<\/strong><\/h4>\n\n\n\n<p>Les d\u00e9s\u00e9quilibres dans les condamnations jettent aussi de l\u2019huile sur un engrenage dangereux, dont on ne sait pas o\u00f9 il peut mener le Moyen-Orient et au-del\u00e0 le monde entier. Tout doit donc \u00eatre fait pour enrayer cet engrenage dangereux au lieu de clamer comme le font les \u00c9tats-Unis leur \u00ab soutien in\u00e9branlable \u00bb au pouvoir de droite extr\u00eame isra\u00e9lien qui, pendant ce temps continue de d\u00e9truire Gaza, \u00e0 commettre des crimes de masse et \u00e0 affamer la population palestinienne alors que la colonisation s\u2019acc\u00e9l\u00e8re et que les ge\u00f4les isra\u00e9liennes s\u2019emplissent de prisonniers politiques palestiniens.<\/p>\n\n\n\n<p><strong>Nombreux sont celles et ceux qui aujourd\u2019hui font valoir \u2013 \u00e0 juste raison \u2013 que le Premier ministre isra\u00e9lien tente d&rsquo;\u00e9largir le spectre de la guerre \u00e0 la seule fin de rester au pouvoir le plus longtemps possible<\/strong>. Avec son acte guerrier l\u2019Iran aura r\u00e9ussi \u00e0 sortir Netanyahu de l\u2019isolement international dans lequel il commen\u00e7ait \u00e0 se trouver. Il est clair \u00e9galement que cet \u00e9pisode de confrontation permet de camoufler les crimes commis \u00e0 Gaza et de chercher \u00e0 f\u00e9d\u00e9rer autour de lui les capitales occidentales qui se pr\u00eatent malheureusement bien au jeu<sup data-fn=\"92749ff5-9993-4a9a-a27e-4656733babd4\" class=\"fn\"><a href=\"#92749ff5-9993-4a9a-a27e-4656733babd4\" id=\"92749ff5-9993-4a9a-a27e-4656733babd4-link\">1<\/a><\/sup>.<\/p>\n\n\n\n<h4 class=\"wp-block-heading\"><strong>Or, l\u2019urgence d\u2019initiatives politiques audacieuses frappe \u00e0 la porte.<\/strong><\/h4>\n\n\n\n<p><strong>D\u2019abord faire respecter les recommandations de la Cour internationale de justice et faire appliquer la derni\u00e8re r\u00e9solution du Conseil de s\u00e9curit\u00e9 pour un cessez-le-feu imm\u00e9diat \u00e0 Gaza, la lib\u00e9ration des otages et de prisonniers politiques palestiniens, dont Marwan Barghouti, le d\u00e9blocage imm\u00e9diat de l\u2019aide humanitaire<\/strong>. Avec l\u2019ONU, la reconnaissance de deux \u00c9tats vivant c\u00f4te \u00e0 c\u00f4te et en s\u00e9curit\u00e9 doit devenir un processus de travail. La demande d\u2019arr\u00eat de fourniture d\u2019armes \u00e0 Isra\u00ebl et la mise en sommeil de l\u2019accord d\u2019association Union-Europ\u00e9enne &#8211; Isra\u00ebl doivent devenir des objectifs politique mis entre les mains des peuples. De m\u00eame des initiatives devraient se d\u00e9multiplier aupr\u00e8s du pr\u00e9sident de la R\u00e9publique fran\u00e7aise pour qu\u2019il reconnaisse officiellement l\u2019\u00c9tat de Palestine. Le gouvernement espagnol joue un r\u00f4le positif en reconnaissant l\u2019\u00c9tat de Palestine et en demandant \u00e0 d\u2019autres pays europ\u00e9en de faire de m\u00eame. <strong>L\u2019imp\u00e9rialisme nord-am\u00e9ricain a une nouvelle fois montr\u00e9 son vrai visage et ses vrais objectifs en opposant son veto contre l\u2019admission \u00e0 part enti\u00e8re de la Palestine aux Nations Unies.<\/strong><\/p>\n\n\n\n<p><strong>Les interdits, dans notre pays des r\u00e9unions qui demandent l\u2019application du droit international participent de la m\u00eame d\u00e9marche : \u00e9touffer la solidarit\u00e9 avec un peuple colonis\u00e9, martyris\u00e9, \u00e9cras\u00e9 par les armes occidentales, affam\u00e9.<\/strong><\/p>\n\n\n\n<p>Ils s\u2018encha\u00eenent dans un climat naus\u00e9abond et sur la base de l\u2019organisation d\u2019un dangereux confusionnisme. Soutenir les enfants de Gaza ne fait pas de nous des antis\u00e9mites. Critiquer, condamner l\u2019extr\u00eame droite et les supr\u00e9matistes au pouvoir \u00e0 Tel-Aviv non plus ! Ces condamnations ne signifient pas que nous souhaiterions la disparition d\u2019Isra\u00ebl. Agir pour la Paix en Ukraine, ne fait pas de nous des partisans de Poutine. Alerter sur la survie du genre humain ne fait pas de nous des \u00ab \u00e9co-terroristes \u00bb. <strong>Cette pression r\u00e9actionnaire, qui se d\u00e9veloppe, vise \u00e0 \u00e9touffer les d\u00e9bats et les actions<\/strong>. Que l\u2019on puisse interdire des conf\u00e9rences de Jean-Luc M\u00e9lenchon, convoquer Rima Hassan pr\u00e9tendument pour des faits commis en novembre, condamner des dirigeants d\u00e9partementaux de la CGT pour des tracts, interdire des d\u00e9bats organis\u00e9s par des associations de solidarit\u00e9 avec le peuple palestinien ou des conf\u00e9rences d\u2019organisations communistes avec Salah Hamouri ou encore les manifestations pour la justice et la paix comme au mois d\u2019 octobre dernier nous pousse vers une pente dangereuse, fait franchir \u00e0 notre pays un cap tr\u00e8s inqui\u00e9tant. Pendant ce temps l\u2019extr\u00eame droite Fran\u00e7aise est de multiples fa\u00e7ons blanchie de son antis\u00e9mitisme.<\/p>\n\n\n\n<p><strong>La r\u00e9action rampante veut taire toute opinion non-align\u00e9e loin de ce qu\u2019a d\u00e9fendue la France depuis longtemps<\/strong>, veut faire \u00e9touffer tout d\u00e9bat et toute solidarit\u00e9 afin de pouvoir jeter d\u00e9finitivement aux orties les multiples r\u00e9solutions des Nations Unies reconnaissant deux \u00c9tats : un \u00c9tat Isra\u00e9lien et un \u00c9tat Palestinien. Tel est l\u2019enjeu. Raison de plus pour ne pas baisser la garde \u00e0 l\u2019unisson des jeunesses et de peuples qui \u00e0 travers le monde notamment aux \u00c9tats-Unis manifestent avec force et dans l\u2019unit\u00e9 leur solidarit\u00e9 avec le peuple palestinien.<br><\/p>\n\n\n\n<hr class=\"wp-block-separator has-alpha-channel-opacity\"\/>\n\n\n<ol class=\"wp-block-footnotes\"><li id=\"92749ff5-9993-4a9a-a27e-4656733babd4\">Lire l\u2019article de Francis Wurtz dans l\u2019Humanit\u00e9 Magazine de cette semaine. <a href=\"#92749ff5-9993-4a9a-a27e-4656733babd4-link\" aria-label=\"Jump to footnote reference 1\">\u21a9\ufe0e<\/a><\/li><\/ol>\n\n\n<p>Image d&rsquo;illustration : \u00ab\u00a0Qadr ballistic missile\u00a0\u00bb le 9 mars 2016 par <a href=\"https:\/\/commons.wikimedia.org\/wiki\/File:Qadr_missile_%28Eghtedar-e_Velayat_wargamem,_March_2016%29_01.jpg\">Mahmood Hosseini<\/a> (<a href=\"https:\/\/creativecommons.org\/licenses\/by\/4.0\/deed.en\">CC BY 4.0<\/a>) <\/p>","protected":false},"excerpt":{"rendered":"<p>Cet article du 20 avril 2024 est extrait de la lettre hebdomadaire de Patrick Le Hyaric. Cliquez ici pour lire la lettre de la semaine et ici pour vous y [&hellip;]<\/p>\n","protected":false},"author":16,"featured_media":3848,"comment_status":"closed","ping_status":"closed","sticky":false,"template":"","format":"standard","meta":{"_EventAllDay":false,"_EventTimezone":"","_EventStartDate":"","_EventEndDate":"","_EventStartDateUTC":"","_EventEndDateUTC":"","_EventShowMap":false,"_EventShowMapLink":false,"_EventURL":"","_EventCost":"","_EventCostDescription":"","_EventCurrencySymbol":"","_EventCurrencyCode":"","_EventCurrencyPosition":"","_EventDateTimeSeparator":"","_EventTimeRangeSeparator":"","_EventOrganizerID":[],"_EventVenueID":[],"_OrganizerEmail":"","_OrganizerPhone":"","_OrganizerWebsite":"","_VenueAddress":"","_VenueCity":"","_VenueCountry":"","_VenueProvince":"","_VenueState":"","_VenueZip":"","_VenuePhone":"","_VenueURL":"","_VenueStateProvince":"","_VenueLat":"","_VenueLng":"","_VenueShowMap":false,"_VenueShowMapLink":false,"footnotes":"[{\"content\":\"Lire l\u2019article de Francis Wurtz dans l\u2019Humanit\u00e9 Magazine de cette semaine.\",\"id\":\"92749ff5-9993-4a9a-a27e-4656733babd4\"}]"},"categories":[13],"tags":[15,22],"class_list":["post-3847","post","type-post","status-publish","format-standard","has-post-thumbnail","hentry","category-articles","tag-international","tag-paix"],"yoast_head":"<!-- This site is optimized with the Yoast SEO plugin v27.4 - https:\/\/yoast.com\/product\/yoast-seo-wordpress\/ -->\n<title>Le tonnerre des guerres continue de d\u00e9chirer notre humanit\u00e9 - Nos R\u00e9volutions<\/title>\n<meta name=\"robots\" content=\"index, follow, max-snippet:-1, max-image-preview:large, max-video-preview:-1\" \/>\n<link rel=\"canonical\" href=\"https:\/\/nosrevolutions.fr\/en\/2024\/04\/22\/le-tonnerre-des-guerres-continue-de-dechirer-notre-humanite\/\" \/>\n<meta property=\"og:locale\" content=\"en_GB\" \/>\n<meta property=\"og:type\" content=\"article\" \/>\n<meta property=\"og:title\" content=\"Le tonnerre des guerres continue de d\u00e9chirer notre humanit\u00e9 - Nos R\u00e9volutions\" \/>\n<meta property=\"og:description\" content=\"Cet article du 20 avril 2024 est extrait de la lettre hebdomadaire de Patrick Le Hyaric. Cliquez ici pour lire la lettre de la semaine et ici pour vous y [&hellip;]\" \/>\n<meta property=\"og:url\" content=\"https:\/\/nosrevolutions.fr\/en\/2024\/04\/22\/le-tonnerre-des-guerres-continue-de-dechirer-notre-humanite\/\" \/>\n<meta property=\"og:site_name\" content=\"Nos R\u00e9volutions\" \/>\n<meta property=\"article:published_time\" content=\"2024-04-22T03:00:00+00:00\" \/>\n<meta property=\"article:modified_time\" content=\"2025-05-21T15:01:52+00:00\" \/>\n<meta property=\"og:image\" content=\"https:\/\/nosrevolutions.fr\/wp-content\/uploads\/2024\/04\/Qadr_missile_Eghtedar-e_Velayat_wargamem_March_2016_01.jpg\" \/>\n\t<meta property=\"og:image:width\" content=\"800\" \/>\n\t<meta property=\"og:image:height\" content=\"490\" \/>\n\t<meta property=\"og:image:type\" content=\"image\/jpeg\" \/>\n<meta name=\"author\" content=\"Patrick le Hyaric\" \/>\n<meta name=\"twitter:card\" content=\"summary_large_image\" \/>\n<meta name=\"twitter:creator\" content=\"@NosRevolutions\" \/>\n<meta name=\"twitter:site\" content=\"@NosRevolutions\" \/>\n<meta name=\"twitter:label1\" content=\"Written by\" \/>\n\t<meta name=\"twitter:data1\" content=\"Patrick le Hyaric\" \/>\n\t<meta name=\"twitter:label2\" content=\"Estimated reading time\" \/>\n\t<meta name=\"twitter:data2\" content=\"7 minutes\" \/>\n<script type=\"application\/ld+json\" class=\"yoast-schema-graph\">{\"@context\":\"https:\\\/\\\/schema.org\",\"@graph\":[{\"@type\":\"Article\",\"@id\":\"https:\\\/\\\/nosrevolutions.fr\\\/2024\\\/04\\\/22\\\/le-tonnerre-des-guerres-continue-de-dechirer-notre-humanite\\\/#article\",\"isPartOf\":{\"@id\":\"https:\\\/\\\/nosrevolutions.fr\\\/2024\\\/04\\\/22\\\/le-tonnerre-des-guerres-continue-de-dechirer-notre-humanite\\\/\"},\"author\":{\"name\":\"Patrick le Hyaric\",\"@id\":\"https:\\\/\\\/nosrevolutions.fr\\\/#\\\/schema\\\/person\\\/8c468d72c09d01b9f55ed5f05ed42494\"},\"headline\":\"Le tonnerre des guerres continue de d\u00e9chirer notre humanit\u00e9\",\"datePublished\":\"2024-04-22T03:00:00+00:00\",\"dateModified\":\"2025-05-21T15:01:52+00:00\",\"mainEntityOfPage\":{\"@id\":\"https:\\\/\\\/nosrevolutions.fr\\\/2024\\\/04\\\/22\\\/le-tonnerre-des-guerres-continue-de-dechirer-notre-humanite\\\/\"},\"wordCount\":1445,\"publisher\":{\"@id\":\"https:\\\/\\\/nosrevolutions.fr\\\/#organization\"},\"image\":{\"@id\":\"https:\\\/\\\/nosrevolutions.fr\\\/2024\\\/04\\\/22\\\/le-tonnerre-des-guerres-continue-de-dechirer-notre-humanite\\\/#primaryimage\"},\"thumbnailUrl\":\"https:\\\/\\\/nosrevolutions.fr\\\/wp-content\\\/uploads\\\/2024\\\/04\\\/Qadr_missile_Eghtedar-e_Velayat_wargamem_March_2016_01.jpg\",\"keywords\":[\"International\",\"Paix\"],\"articleSection\":[\"Articles\"],\"inLanguage\":\"en-GB\"},{\"@type\":\"WebPage\",\"@id\":\"https:\\\/\\\/nosrevolutions.fr\\\/2024\\\/04\\\/22\\\/le-tonnerre-des-guerres-continue-de-dechirer-notre-humanite\\\/\",\"url\":\"https:\\\/\\\/nosrevolutions.fr\\\/2024\\\/04\\\/22\\\/le-tonnerre-des-guerres-continue-de-dechirer-notre-humanite\\\/\",\"name\":\"Le tonnerre des guerres continue de d\u00e9chirer notre humanit\u00e9 - Nos R\u00e9volutions\",\"isPartOf\":{\"@id\":\"https:\\\/\\\/nosrevolutions.fr\\\/#website\"},\"primaryImageOfPage\":{\"@id\":\"https:\\\/\\\/nosrevolutions.fr\\\/2024\\\/04\\\/22\\\/le-tonnerre-des-guerres-continue-de-dechirer-notre-humanite\\\/#primaryimage\"},\"image\":{\"@id\":\"https:\\\/\\\/nosrevolutions.fr\\\/2024\\\/04\\\/22\\\/le-tonnerre-des-guerres-continue-de-dechirer-notre-humanite\\\/#primaryimage\"},\"thumbnailUrl\":\"https:\\\/\\\/nosrevolutions.fr\\\/wp-content\\\/uploads\\\/2024\\\/04\\\/Qadr_missile_Eghtedar-e_Velayat_wargamem_March_2016_01.jpg\",\"datePublished\":\"2024-04-22T03:00:00+00:00\",\"dateModified\":\"2025-05-21T15:01:52+00:00\",\"breadcrumb\":{\"@id\":\"https:\\\/\\\/nosrevolutions.fr\\\/2024\\\/04\\\/22\\\/le-tonnerre-des-guerres-continue-de-dechirer-notre-humanite\\\/#breadcrumb\"},\"inLanguage\":\"en-GB\",\"potentialAction\":[{\"@type\":\"ReadAction\",\"target\":[\"https:\\\/\\\/nosrevolutions.fr\\\/2024\\\/04\\\/22\\\/le-tonnerre-des-guerres-continue-de-dechirer-notre-humanite\\\/\"]}]},{\"@type\":\"ImageObject\",\"inLanguage\":\"en-GB\",\"@id\":\"https:\\\/\\\/nosrevolutions.fr\\\/2024\\\/04\\\/22\\\/le-tonnerre-des-guerres-continue-de-dechirer-notre-humanite\\\/#primaryimage\",\"url\":\"https:\\\/\\\/nosrevolutions.fr\\\/wp-content\\\/uploads\\\/2024\\\/04\\\/Qadr_missile_Eghtedar-e_Velayat_wargamem_March_2016_01.jpg\",\"contentUrl\":\"https:\\\/\\\/nosrevolutions.fr\\\/wp-content\\\/uploads\\\/2024\\\/04\\\/Qadr_missile_Eghtedar-e_Velayat_wargamem_March_2016_01.jpg\",\"width\":800,\"height\":490},{\"@type\":\"BreadcrumbList\",\"@id\":\"https:\\\/\\\/nosrevolutions.fr\\\/2024\\\/04\\\/22\\\/le-tonnerre-des-guerres-continue-de-dechirer-notre-humanite\\\/#breadcrumb\",\"itemListElement\":[{\"@type\":\"ListItem\",\"position\":1,\"name\":\"Accueil\",\"item\":\"https:\\\/\\\/nosrevolutions.fr\\\/\"},{\"@type\":\"ListItem\",\"position\":2,\"name\":\"Le tonnerre des guerres continue de d\u00e9chirer notre humanit\u00e9\"}]},{\"@type\":\"WebSite\",\"@id\":\"https:\\\/\\\/nosrevolutions.fr\\\/#website\",\"url\":\"https:\\\/\\\/nosrevolutions.fr\\\/\",\"name\":\"Nos R\u00e9volutions\",\"description\":\"Communisme et mouvement social\",\"publisher\":{\"@id\":\"https:\\\/\\\/nosrevolutions.fr\\\/#organization\"},\"potentialAction\":[{\"@type\":\"SearchAction\",\"target\":{\"@type\":\"EntryPoint\",\"urlTemplate\":\"https:\\\/\\\/nosrevolutions.fr\\\/?s={search_term_string}\"},\"query-input\":{\"@type\":\"PropertyValueSpecification\",\"valueRequired\":true,\"valueName\":\"search_term_string\"}}],\"inLanguage\":\"en-GB\"},{\"@type\":\"Organization\",\"@id\":\"https:\\\/\\\/nosrevolutions.fr\\\/#organization\",\"name\":\"Nos R\u00e9volutions\",\"url\":\"https:\\\/\\\/nosrevolutions.fr\\\/\",\"logo\":{\"@type\":\"ImageObject\",\"inLanguage\":\"en-GB\",\"@id\":\"https:\\\/\\\/nosrevolutions.fr\\\/#\\\/schema\\\/logo\\\/image\\\/\",\"url\":\"https:\\\/\\\/nosrevolutions.fr\\\/wp-content\\\/uploads\\\/2022\\\/09\\\/nrs_logo_noir.png\",\"contentUrl\":\"https:\\\/\\\/nosrevolutions.fr\\\/wp-content\\\/uploads\\\/2022\\\/09\\\/nrs_logo_noir.png\",\"width\":2000,\"height\":501,\"caption\":\"Nos R\u00e9volutions\"},\"image\":{\"@id\":\"https:\\\/\\\/nosrevolutions.fr\\\/#\\\/schema\\\/logo\\\/image\\\/\"},\"sameAs\":[\"https:\\\/\\\/x.com\\\/NosRevolutions\"]},{\"@type\":\"Person\",\"@id\":\"https:\\\/\\\/nosrevolutions.fr\\\/#\\\/schema\\\/person\\\/8c468d72c09d01b9f55ed5f05ed42494\",\"name\":\"Patrick le Hyaric\",\"image\":{\"@type\":\"ImageObject\",\"inLanguage\":\"en-GB\",\"@id\":\"https:\\\/\\\/secure.gravatar.com\\\/avatar\\\/f5ed45644d7558a1b6777fbf6067479e91917fbf3acb31e3e6c55a4c469bb685?s=96&d=mm&r=g\",\"url\":\"https:\\\/\\\/secure.gravatar.com\\\/avatar\\\/f5ed45644d7558a1b6777fbf6067479e91917fbf3acb31e3e6c55a4c469bb685?s=96&d=mm&r=g\",\"contentUrl\":\"https:\\\/\\\/secure.gravatar.com\\\/avatar\\\/f5ed45644d7558a1b6777fbf6067479e91917fbf3acb31e3e6c55a4c469bb685?s=96&d=mm&r=g\",\"caption\":\"Patrick le Hyaric\"},\"url\":\"https:\\\/\\\/nosrevolutions.fr\\\/en\\\/author\\\/patricklehyaric\\\/\"}]}<\/script>\n<!-- \/ Yoast SEO plugin. -->","yoast_head_json":{"title":"Le tonnerre des guerres continue de d\u00e9chirer notre humanit\u00e9 - Nos R\u00e9volutions","robots":{"index":"index","follow":"follow","max-snippet":"max-snippet:-1","max-image-preview":"max-image-preview:large","max-video-preview":"max-video-preview:-1"},"canonical":"https:\/\/nosrevolutions.fr\/en\/2024\/04\/22\/le-tonnerre-des-guerres-continue-de-dechirer-notre-humanite\/","og_locale":"en_GB","og_type":"article","og_title":"Le tonnerre des guerres continue de d\u00e9chirer notre humanit\u00e9 - Nos R\u00e9volutions","og_description":"Cet article du 20 avril 2024 est extrait de la lettre hebdomadaire de Patrick Le Hyaric. Cliquez ici pour lire la lettre de la semaine et ici pour vous y [&hellip;]","og_url":"https:\/\/nosrevolutions.fr\/en\/2024\/04\/22\/le-tonnerre-des-guerres-continue-de-dechirer-notre-humanite\/","og_site_name":"Nos R\u00e9volutions","article_published_time":"2024-04-22T03:00:00+00:00","article_modified_time":"2025-05-21T15:01:52+00:00","og_image":[{"width":800,"height":490,"url":"https:\/\/nosrevolutions.fr\/wp-content\/uploads\/2024\/04\/Qadr_missile_Eghtedar-e_Velayat_wargamem_March_2016_01.jpg","type":"image\/jpeg"}],"author":"Patrick le Hyaric","twitter_card":"summary_large_image","twitter_creator":"@NosRevolutions","twitter_site":"@NosRevolutions","twitter_misc":{"Written by":"Patrick le Hyaric","Estimated reading time":"7 minutes"},"schema":{"@context":"https:\/\/schema.org","@graph":[{"@type":"Article","@id":"https:\/\/nosrevolutions.fr\/2024\/04\/22\/le-tonnerre-des-guerres-continue-de-dechirer-notre-humanite\/#article","isPartOf":{"@id":"https:\/\/nosrevolutions.fr\/2024\/04\/22\/le-tonnerre-des-guerres-continue-de-dechirer-notre-humanite\/"},"author":{"name":"Patrick le Hyaric","@id":"https:\/\/nosrevolutions.fr\/#\/schema\/person\/8c468d72c09d01b9f55ed5f05ed42494"},"headline":"Le tonnerre des guerres continue de d\u00e9chirer notre humanit\u00e9","datePublished":"2024-04-22T03:00:00+00:00","dateModified":"2025-05-21T15:01:52+00:00","mainEntityOfPage":{"@id":"https:\/\/nosrevolutions.fr\/2024\/04\/22\/le-tonnerre-des-guerres-continue-de-dechirer-notre-humanite\/"},"wordCount":1445,"publisher":{"@id":"https:\/\/nosrevolutions.fr\/#organization"},"image":{"@id":"https:\/\/nosrevolutions.fr\/2024\/04\/22\/le-tonnerre-des-guerres-continue-de-dechirer-notre-humanite\/#primaryimage"},"thumbnailUrl":"https:\/\/nosrevolutions.fr\/wp-content\/uploads\/2024\/04\/Qadr_missile_Eghtedar-e_Velayat_wargamem_March_2016_01.jpg","keywords":["International","Paix"],"articleSection":["Articles"],"inLanguage":"en-GB"},{"@type":"WebPage","@id":"https:\/\/nosrevolutions.fr\/2024\/04\/22\/le-tonnerre-des-guerres-continue-de-dechirer-notre-humanite\/","url":"https:\/\/nosrevolutions.fr\/2024\/04\/22\/le-tonnerre-des-guerres-continue-de-dechirer-notre-humanite\/","name":"Le tonnerre des guerres continue de d\u00e9chirer notre humanit\u00e9 - Nos R\u00e9volutions","isPartOf":{"@id":"https:\/\/nosrevolutions.fr\/#website"},"primaryImageOfPage":{"@id":"https:\/\/nosrevolutions.fr\/2024\/04\/22\/le-tonnerre-des-guerres-continue-de-dechirer-notre-humanite\/#primaryimage"},"image":{"@id":"https:\/\/nosrevolutions.fr\/2024\/04\/22\/le-tonnerre-des-guerres-continue-de-dechirer-notre-humanite\/#primaryimage"},"thumbnailUrl":"https:\/\/nosrevolutions.fr\/wp-content\/uploads\/2024\/04\/Qadr_missile_Eghtedar-e_Velayat_wargamem_March_2016_01.jpg","datePublished":"2024-04-22T03:00:00+00:00","dateModified":"2025-05-21T15:01:52+00:00","breadcrumb":{"@id":"https:\/\/nosrevolutions.fr\/2024\/04\/22\/le-tonnerre-des-guerres-continue-de-dechirer-notre-humanite\/#breadcrumb"},"inLanguage":"en-GB","potentialAction":[{"@type":"ReadAction","target":["https:\/\/nosrevolutions.fr\/2024\/04\/22\/le-tonnerre-des-guerres-continue-de-dechirer-notre-humanite\/"]}]},{"@type":"ImageObject","inLanguage":"en-GB","@id":"https:\/\/nosrevolutions.fr\/2024\/04\/22\/le-tonnerre-des-guerres-continue-de-dechirer-notre-humanite\/#primaryimage","url":"https:\/\/nosrevolutions.fr\/wp-content\/uploads\/2024\/04\/Qadr_missile_Eghtedar-e_Velayat_wargamem_March_2016_01.jpg","contentUrl":"https:\/\/nosrevolutions.fr\/wp-content\/uploads\/2024\/04\/Qadr_missile_Eghtedar-e_Velayat_wargamem_March_2016_01.jpg","width":800,"height":490},{"@type":"BreadcrumbList","@id":"https:\/\/nosrevolutions.fr\/2024\/04\/22\/le-tonnerre-des-guerres-continue-de-dechirer-notre-humanite\/#breadcrumb","itemListElement":[{"@type":"ListItem","position":1,"name":"Accueil","item":"https:\/\/nosrevolutions.fr\/"},{"@type":"ListItem","position":2,"name":"Le tonnerre des guerres continue de d\u00e9chirer notre humanit\u00e9"}]},{"@type":"WebSite","@id":"https:\/\/nosrevolutions.fr\/#website","url":"https:\/\/nosrevolutions.fr\/","name":"Nos R\u00e9volutions","description":"Communisme et mouvement social","publisher":{"@id":"https:\/\/nosrevolutions.fr\/#organization"},"potentialAction":[{"@type":"SearchAction","target":{"@type":"EntryPoint","urlTemplate":"https:\/\/nosrevolutions.fr\/?s={search_term_string}"},"query-input":{"@type":"PropertyValueSpecification","valueRequired":true,"valueName":"search_term_string"}}],"inLanguage":"en-GB"},{"@type":"Organization","@id":"https:\/\/nosrevolutions.fr\/#organization","name":"Nos R\u00e9volutions","url":"https:\/\/nosrevolutions.fr\/","logo":{"@type":"ImageObject","inLanguage":"en-GB","@id":"https:\/\/nosrevolutions.fr\/#\/schema\/logo\/image\/","url":"https:\/\/nosrevolutions.fr\/wp-content\/uploads\/2022\/09\/nrs_logo_noir.png","contentUrl":"https:\/\/nosrevolutions.fr\/wp-content\/uploads\/2022\/09\/nrs_logo_noir.png","width":2000,"height":501,"caption":"Nos R\u00e9volutions"},"image":{"@id":"https:\/\/nosrevolutions.fr\/#\/schema\/logo\/image\/"},"sameAs":["https:\/\/x.com\/NosRevolutions"]},{"@type":"Person","@id":"https:\/\/nosrevolutions.fr\/#\/schema\/person\/8c468d72c09d01b9f55ed5f05ed42494","name":"Patrick le Hyaric","image":{"@type":"ImageObject","inLanguage":"en-GB","@id":"https:\/\/secure.gravatar.com\/avatar\/f5ed45644d7558a1b6777fbf6067479e91917fbf3acb31e3e6c55a4c469bb685?s=96&d=mm&r=g","url":"https:\/\/secure.gravatar.com\/avatar\/f5ed45644d7558a1b6777fbf6067479e91917fbf3acb31e3e6c55a4c469bb685?s=96&d=mm&r=g","contentUrl":"https:\/\/secure.gravatar.com\/avatar\/f5ed45644d7558a1b6777fbf6067479e91917fbf3acb31e3e6c55a4c469bb685?s=96&d=mm&r=g","caption":"Patrick le Hyaric"},"url":"https:\/\/nosrevolutions.fr\/en\/author\/patricklehyaric\/"}]}},"_links":{"self":[{"href":"https:\/\/nosrevolutions.fr\/en\/wp-json\/wp\/v2\/posts\/3847","targetHints":{"allow":["GET"]}}],"collection":[{"href":"https:\/\/nosrevolutions.fr\/en\/wp-json\/wp\/v2\/posts"}],"about":[{"href":"https:\/\/nosrevolutions.fr\/en\/wp-json\/wp\/v2\/types\/post"}],"author":[{"embeddable":true,"href":"https:\/\/nosrevolutions.fr\/en\/wp-json\/wp\/v2\/users\/16"}],"replies":[{"embeddable":true,"href":"https:\/\/nosrevolutions.fr\/en\/wp-json\/wp\/v2\/comments?post=3847"}],"version-history":[{"count":2,"href":"https:\/\/nosrevolutions.fr\/en\/wp-json\/wp\/v2\/posts\/3847\/revisions"}],"predecessor-version":[{"id":4959,"href":"https:\/\/nosrevolutions.fr\/en\/wp-json\/wp\/v2\/posts\/3847\/revisions\/4959"}],"wp:featuredmedia":[{"embeddable":true,"href":"https:\/\/nosrevolutions.fr\/en\/wp-json\/wp\/v2\/media\/3848"}],"wp:attachment":[{"href":"https:\/\/nosrevolutions.fr\/en\/wp-json\/wp\/v2\/media?parent=3847"}],"wp:term":[{"taxonomy":"category","embeddable":true,"href":"https:\/\/nosrevolutions.fr\/en\/wp-json\/wp\/v2\/categories?post=3847"},{"taxonomy":"post_tag","embeddable":true,"href":"https:\/\/nosrevolutions.fr\/en\/wp-json\/wp\/v2\/tags?post=3847"}],"curies":[{"name":"wp","href":"https:\/\/api.w.org\/{rel}","templated":true}]}}