{"id":3820,"date":"2024-04-11T22:53:58","date_gmt":"2024-04-11T20:53:58","guid":{"rendered":"https:\/\/nosrevolutions.fr\/?p=3820"},"modified":"2025-05-21T16:56:58","modified_gmt":"2025-05-21T14:56:58","slug":"edito-refuser-le-feuilleton-macabre-de-cnews","status":"publish","type":"post","link":"https:\/\/nosrevolutions.fr\/en\/2024\/04\/11\/edito-refuser-le-feuilleton-macabre-de-cnews\/","title":{"rendered":"\u00c9DITO. Refuser le feuilleton macabre de CNews"},"content":{"rendered":"<p><\/p>\n\n\n\n<p><strong>Cela fait maintenant quelques ann\u00e9es que la France est sous la pression permanente de Cnews, et que ses \u00e9ditorialistes vautr\u00e9s dans les refrains de l\u2019extr\u00eame-droite battent la mesure du d\u00e9bat public<\/strong>. Un coup de pression aux responsables politiques apr\u00e8s l\u2019autre, en <em>prime time<\/em>, ces \u00e9quipes de propagande r\u00e9ussissent \u00e0 faire de chaque fait divers correspondant \u00e0 leur agenda un \u00ab fait de soci\u00e9t\u00e9 \u00bb, appelant une l\u00e9gislation d\u00e9di\u00e9e.<\/p>\n\n\n\n<p><strong>Depuis quelques jours, une succession de crimes impliquant des enfants ont choqu\u00e9 le pays <\/strong>: \u00e0 Romans-sur-Is\u00e8re, Viry-Ch\u00e2tillon, Montpellier ou encore Rantigny. Et pour cause, ces \u00e9v\u00e9nements tragiques ont \u00e9t\u00e9 relay\u00e9s et mis en d\u00e9bat en direct pendant des journ\u00e9es enti\u00e8res, sur un m\u00eame refrain :<em> <\/em>\" <em>C&rsquo;est un processus d&rsquo;ensauvagement, de d\u00e9cadence<\/em> \u00bb<sup data-fn=\"14e622d2-a403-4ee0-8721-cbbcc36b1ecd\" class=\"fn\"><a id=\"14e622d2-a403-4ee0-8721-cbbcc36b1ecd-link\" href=\"#14e622d2-a403-4ee0-8721-cbbcc36b1ecd\">1<\/a><\/sup>. Ainsi les familles et la religion, autrement dit les quartiers populaires et les musulman\u00b7es, seraient responsables de l\u2019effondrement civilisationnel au nom duquel cette presse raciste pr\u00e9tend mettre tout le personnel politique au pas.&nbsp;<\/p>\n\n\n\n<p><strong>Or le discours de l\u2019extr\u00eame-droite sur la d\u00e9g\u00e9n\u00e9rescence civilisationnelle de la France, sous le coup de la violence des immigr\u00e9s, ne passe pas l\u2019\u00e9preuve du r\u00e9el<\/strong> : notre soci\u00e9t\u00e9 est de moins en moins violente<sup data-fn=\"7c56f70f-7e5d-4087-ac13-6fc826faa6a7\" class=\"fn\"><a href=\"#7c56f70f-7e5d-4087-ac13-6fc826faa6a7\" id=\"7c56f70f-7e5d-4087-ac13-6fc826faa6a7-link\">2<\/a><\/sup> et l\u2019ins\u00e9curit\u00e9 n\u2019augmente pas en France<sup data-fn=\"42a49505-d3cc-47b3-9b02-e80363390942\" class=\"fn\"><a href=\"#42a49505-d3cc-47b3-9b02-e80363390942\" id=\"42a49505-d3cc-47b3-9b02-e80363390942-link\">3<\/a><\/sup>. Le bal des responsables politiques n\u2019en finit pourtant pas sur le plateau de Cnews, au rythme des injonctions \u00e0 condamner les violences et \u00e0 prendre des mesures l\u00e9gales radicales. La mobilisation du sentiment d\u2019ins\u00e9curit\u00e9 g\u00e9n\u00e9r\u00e9 par le flot ininterrompu de propagande contre les classes populaires permet de justifier un climat d\u2019\u201d\u00e9tat d\u2019urgence\u201d permanent et une r\u00e9pression de plus en plus violente et autoritaire.<\/p>\n\n\n\n<p>Finalement, <strong>le plus frappant est de constater combien les drames humains qui se jouent et la gravit\u00e9 des situations personnelles importent peu \u00e0 ces petits commentateurs<\/strong>, au-del\u00e0 de l\u2019usage politicien qu\u2019ils peuvent en faire. Face \u00e0 cela, la gauche ne peut se permettre de renvoyer cette m\u00eame image naus\u00e9abonde, en utilisant les m\u00eames mots et les m\u00eames logiques pour parler de la mort de ces jeunes.<\/p>\n\n\n\n<p><strong>La soci\u00e9t\u00e9 fran\u00e7aise, brutalis\u00e9e par des d\u00e9cennies de n\u00e9olib\u00e9ralisme puis par deux ann\u00e9es de pand\u00e9mie, semble \u00eatre ab\u00eem\u00e9e jusque dans ses rapports humains les plus \u00e9l\u00e9mentaires<\/strong>, et les plus jeunes y sont malheureusement les plus expos\u00e9s. Face au pourrissement politique, civique et social dans laquelle la bourgeoisie entra\u00eene notre pays, c\u2019est bien un tout autre ordre social qu\u2019il faut faire advenir\u2026 contre Cnews et tous les charognards du m\u00eame acabit.<\/p>\n\n\n\n<p><\/p>\n\n\n\n<hr class=\"wp-block-separator has-alpha-channel-opacity\"\/>\n\n\n<ol class=\"wp-block-footnotes\"><li id=\"14e622d2-a403-4ee0-8721-cbbcc36b1ecd\">https:\/\/www.cnews.fr\/france\/2024-04-10\/adolescent-tue-romans-sur-isere-cest-un-processus-densauvagement-de-decadence <a href=\"#14e622d2-a403-4ee0-8721-cbbcc36b1ecd-link\" aria-label=\"Jump to footnote reference 1\">\u21a9\ufe0e<\/a><\/li><li id=\"7c56f70f-7e5d-4087-ac13-6fc826faa6a7\">Mucchielli, Laurent. \u00ab Une soci\u00e9t\u00e9 plus violente ? Une analyse socio-historique des violences interpersonnelles en france, des ann\u00e9es 1970 \u00e0 nos jours \u00bb, <em>D\u00e9viance et Soci\u00e9t\u00e9<\/em>, vol. 32, no. 2, 2008, pp. 115-147. <a href=\"#7c56f70f-7e5d-4087-ac13-6fc826faa6a7-link\" aria-label=\"Jump to footnote reference 2\">\u21a9\ufe0e<\/a><\/li><li id=\"42a49505-d3cc-47b3-9b02-e80363390942\">https:\/\/www.observationsociete.fr\/modes-de-vie\/divers-tendances_conditions\/evolutioninsecurite\/ <a href=\"#42a49505-d3cc-47b3-9b02-e80363390942-link\" aria-label=\"Jump to footnote reference 3\">\u21a9\ufe0e<\/a><\/li><\/ol>\n\n\n<p>Image d&rsquo;illustration : \u00ab\u00a0Paris rue Ordener\u00a0\u00bb, photographie par <a href=\"https:\/\/www.flickr.com\/photos\/jmenj\/47953463623\/in\/photolist-2g4u34z-2oBQjPR-2pCgoer-frj2pV-4DRFLd-34zwmt-2pBtjYM-2jMSbqY-25mfwC2-rkY38f-y8xodd-4na8Wi-Dk3xZ4-bkWZ5J-4nee1Q-6VeoHU-4na9et-jiyxvi-bVRLZG-UwEWPs-26Y16K2-2pafJUc-4na9hF-4na9f8-4neeho-2adbFFh-mG5z65-2ihH5rU-HTEoHR-2hZyoLK-HTEnNz-S7oYL9-HTEnvv-HtbvgW-HtbvBA-UGaNG4-Htbzks-Htbw8W-2jMhPuS-HtbyMo-HTEmSB-HMizTF-HMiCNi-HTEo44-4na9gB-2hpydf4-2kHH4FD-2e6gJHi-2evMtvb-2piWyhd\">Jeanne Menjoulet<\/a> (<a href=\"https:\/\/creativecommons.org\/licenses\/by\/2.0\/\">CC BY 2.0<\/a>)<\/p>","protected":false},"excerpt":{"rendered":"<p>Cela fait maintenant quelques ann\u00e9es que la France est sous la pression permanente de Cnews, et que ses \u00e9ditorialistes vautr\u00e9s dans les refrains de l\u2019extr\u00eame-droite battent la mesure du d\u00e9bat [&hellip;]<\/p>\n","protected":false},"author":2,"featured_media":3823,"comment_status":"closed","ping_status":"closed","sticky":false,"template":"","format":"standard","meta":{"_EventAllDay":false,"_EventTimezone":"","_EventStartDate":"","_EventEndDate":"","_EventStartDateUTC":"","_EventEndDateUTC":"","_EventShowMap":false,"_EventShowMapLink":false,"_EventURL":"","_EventCost":"","_EventCostDescription":"","_EventCurrencySymbol":"","_EventCurrencyCode":"","_EventCurrencyPosition":"","_EventDateTimeSeparator":"","_EventTimeRangeSeparator":"","_EventOrganizerID":[],"_EventVenueID":[],"_OrganizerEmail":"","_OrganizerPhone":"","_OrganizerWebsite":"","_VenueAddress":"","_VenueCity":"","_VenueCountry":"","_VenueProvince":"","_VenueState":"","_VenueZip":"","_VenuePhone":"","_VenueURL":"","_VenueStateProvince":"","_VenueLat":"","_VenueLng":"","_VenueShowMap":false,"_VenueShowMapLink":false,"footnotes":"[{\"content\":\"https:\/\/www.cnews.fr\/france\/2024-04-10\/adolescent-tue-romans-sur-isere-cest-un-processus-densauvagement-de-decadence\",\"id\":\"14e622d2-a403-4ee0-8721-cbbcc36b1ecd\"},{\"content\":\"Mucchielli, Laurent. \u00ab Une soci\u00e9t\u00e9 plus violente ? Une analyse socio-historique des violences interpersonnelles en france, des ann\u00e9es 1970 \u00e0 nos jours \u00bb, <em>D\u00e9viance et Soci\u00e9t\u00e9<\/em>, vol. 32, no. 2, 2008, pp. 115-147.\",\"id\":\"7c56f70f-7e5d-4087-ac13-6fc826faa6a7\"},{\"content\":\"https:\/\/www.observationsociete.fr\/modes-de-vie\/divers-tendances_conditions\/evolutioninsecurite\/\",\"id\":\"42a49505-d3cc-47b3-9b02-e80363390942\"}]"},"categories":[12],"tags":[31],"class_list":["post-3820","post","type-post","status-publish","format-standard","has-post-thumbnail","hentry","category-edito","tag-extreme-droite"],"yoast_head":"<!-- This site is optimized with the Yoast SEO plugin v27.4 - https:\/\/yoast.com\/product\/yoast-seo-wordpress\/ -->\n<title>\u00c9DITO. Refuser le feuilleton macabre de CNews - Nos R\u00e9volutions<\/title>\n<meta name=\"robots\" content=\"index, follow, max-snippet:-1, max-image-preview:large, max-video-preview:-1\" \/>\n<link rel=\"canonical\" href=\"https:\/\/nosrevolutions.fr\/en\/2024\/04\/11\/edito-refuser-le-feuilleton-macabre-de-cnews\/\" \/>\n<meta property=\"og:locale\" content=\"en_GB\" \/>\n<meta property=\"og:type\" content=\"article\" \/>\n<meta property=\"og:title\" content=\"\u00c9DITO. Refuser le feuilleton macabre de CNews - Nos R\u00e9volutions\" \/>\n<meta property=\"og:description\" content=\"Cela fait maintenant quelques ann\u00e9es que la France est sous la pression permanente de Cnews, et que ses \u00e9ditorialistes vautr\u00e9s dans les refrains de l\u2019extr\u00eame-droite battent la mesure du d\u00e9bat [&hellip;]\" \/>\n<meta property=\"og:url\" content=\"https:\/\/nosrevolutions.fr\/en\/2024\/04\/11\/edito-refuser-le-feuilleton-macabre-de-cnews\/\" \/>\n<meta property=\"og:site_name\" content=\"Nos R\u00e9volutions\" \/>\n<meta property=\"article:published_time\" content=\"2024-04-11T20:53:58+00:00\" \/>\n<meta property=\"article:modified_time\" content=\"2025-05-21T14:56:58+00:00\" \/>\n<meta property=\"og:image\" content=\"https:\/\/nosrevolutions.fr\/wp-content\/uploads\/2024\/04\/47953463623_9daeac4444_o-scaled.jpg\" \/>\n\t<meta property=\"og:image:width\" content=\"2560\" \/>\n\t<meta property=\"og:image:height\" content=\"1920\" \/>\n\t<meta property=\"og:image:type\" content=\"image\/jpeg\" \/>\n<meta name=\"author\" content=\"Ana\u00efs Fley\" \/>\n<meta name=\"twitter:card\" content=\"summary_large_image\" \/>\n<meta name=\"twitter:creator\" content=\"@NosRevolutions\" \/>\n<meta name=\"twitter:site\" content=\"@NosRevolutions\" \/>\n<meta name=\"twitter:label1\" content=\"Written by\" \/>\n\t<meta name=\"twitter:data1\" content=\"Ana\u00efs Fley\" \/>\n\t<meta name=\"twitter:label2\" content=\"Estimated reading time\" \/>\n\t<meta name=\"twitter:data2\" content=\"3 minutes\" \/>\n<script type=\"application\/ld+json\" class=\"yoast-schema-graph\">{\"@context\":\"https:\\\/\\\/schema.org\",\"@graph\":[{\"@type\":\"Article\",\"@id\":\"https:\\\/\\\/nosrevolutions.fr\\\/2024\\\/04\\\/11\\\/edito-refuser-le-feuilleton-macabre-de-cnews\\\/#article\",\"isPartOf\":{\"@id\":\"https:\\\/\\\/nosrevolutions.fr\\\/2024\\\/04\\\/11\\\/edito-refuser-le-feuilleton-macabre-de-cnews\\\/\"},\"author\":{\"name\":\"Ana\u00efs Fley\",\"@id\":\"https:\\\/\\\/nosrevolutions.fr\\\/#\\\/schema\\\/person\\\/a6def5dcf768cbe3bf19ce01fd5a5e9a\"},\"headline\":\"\u00c9DITO. Refuser le feuilleton macabre de CNews\",\"datePublished\":\"2024-04-11T20:53:58+00:00\",\"dateModified\":\"2025-05-21T14:56:58+00:00\",\"mainEntityOfPage\":{\"@id\":\"https:\\\/\\\/nosrevolutions.fr\\\/2024\\\/04\\\/11\\\/edito-refuser-le-feuilleton-macabre-de-cnews\\\/\"},\"wordCount\":470,\"publisher\":{\"@id\":\"https:\\\/\\\/nosrevolutions.fr\\\/#organization\"},\"image\":{\"@id\":\"https:\\\/\\\/nosrevolutions.fr\\\/2024\\\/04\\\/11\\\/edito-refuser-le-feuilleton-macabre-de-cnews\\\/#primaryimage\"},\"thumbnailUrl\":\"https:\\\/\\\/nosrevolutions.fr\\\/wp-content\\\/uploads\\\/2024\\\/04\\\/47953463623_9daeac4444_o-scaled.jpg\",\"keywords\":[\"Extr\u00eame-droite\"],\"articleSection\":[\"\u00c9ditos\"],\"inLanguage\":\"en-GB\"},{\"@type\":\"WebPage\",\"@id\":\"https:\\\/\\\/nosrevolutions.fr\\\/2024\\\/04\\\/11\\\/edito-refuser-le-feuilleton-macabre-de-cnews\\\/\",\"url\":\"https:\\\/\\\/nosrevolutions.fr\\\/2024\\\/04\\\/11\\\/edito-refuser-le-feuilleton-macabre-de-cnews\\\/\",\"name\":\"\u00c9DITO. Refuser le feuilleton macabre de CNews - Nos R\u00e9volutions\",\"isPartOf\":{\"@id\":\"https:\\\/\\\/nosrevolutions.fr\\\/#website\"},\"primaryImageOfPage\":{\"@id\":\"https:\\\/\\\/nosrevolutions.fr\\\/2024\\\/04\\\/11\\\/edito-refuser-le-feuilleton-macabre-de-cnews\\\/#primaryimage\"},\"image\":{\"@id\":\"https:\\\/\\\/nosrevolutions.fr\\\/2024\\\/04\\\/11\\\/edito-refuser-le-feuilleton-macabre-de-cnews\\\/#primaryimage\"},\"thumbnailUrl\":\"https:\\\/\\\/nosrevolutions.fr\\\/wp-content\\\/uploads\\\/2024\\\/04\\\/47953463623_9daeac4444_o-scaled.jpg\",\"datePublished\":\"2024-04-11T20:53:58+00:00\",\"dateModified\":\"2025-05-21T14:56:58+00:00\",\"breadcrumb\":{\"@id\":\"https:\\\/\\\/nosrevolutions.fr\\\/2024\\\/04\\\/11\\\/edito-refuser-le-feuilleton-macabre-de-cnews\\\/#breadcrumb\"},\"inLanguage\":\"en-GB\",\"potentialAction\":[{\"@type\":\"ReadAction\",\"target\":[\"https:\\\/\\\/nosrevolutions.fr\\\/2024\\\/04\\\/11\\\/edito-refuser-le-feuilleton-macabre-de-cnews\\\/\"]}]},{\"@type\":\"ImageObject\",\"inLanguage\":\"en-GB\",\"@id\":\"https:\\\/\\\/nosrevolutions.fr\\\/2024\\\/04\\\/11\\\/edito-refuser-le-feuilleton-macabre-de-cnews\\\/#primaryimage\",\"url\":\"https:\\\/\\\/nosrevolutions.fr\\\/wp-content\\\/uploads\\\/2024\\\/04\\\/47953463623_9daeac4444_o-scaled.jpg\",\"contentUrl\":\"https:\\\/\\\/nosrevolutions.fr\\\/wp-content\\\/uploads\\\/2024\\\/04\\\/47953463623_9daeac4444_o-scaled.jpg\",\"width\":2560,\"height\":1920},{\"@type\":\"BreadcrumbList\",\"@id\":\"https:\\\/\\\/nosrevolutions.fr\\\/2024\\\/04\\\/11\\\/edito-refuser-le-feuilleton-macabre-de-cnews\\\/#breadcrumb\",\"itemListElement\":[{\"@type\":\"ListItem\",\"position\":1,\"name\":\"Accueil\",\"item\":\"https:\\\/\\\/nosrevolutions.fr\\\/\"},{\"@type\":\"ListItem\",\"position\":2,\"name\":\"\u00c9DITO. Refuser le feuilleton macabre de CNews\"}]},{\"@type\":\"WebSite\",\"@id\":\"https:\\\/\\\/nosrevolutions.fr\\\/#website\",\"url\":\"https:\\\/\\\/nosrevolutions.fr\\\/\",\"name\":\"Nos R\u00e9volutions\",\"description\":\"Communisme et mouvement social\",\"publisher\":{\"@id\":\"https:\\\/\\\/nosrevolutions.fr\\\/#organization\"},\"potentialAction\":[{\"@type\":\"SearchAction\",\"target\":{\"@type\":\"EntryPoint\",\"urlTemplate\":\"https:\\\/\\\/nosrevolutions.fr\\\/?s={search_term_string}\"},\"query-input\":{\"@type\":\"PropertyValueSpecification\",\"valueRequired\":true,\"valueName\":\"search_term_string\"}}],\"inLanguage\":\"en-GB\"},{\"@type\":\"Organization\",\"@id\":\"https:\\\/\\\/nosrevolutions.fr\\\/#organization\",\"name\":\"Nos R\u00e9volutions\",\"url\":\"https:\\\/\\\/nosrevolutions.fr\\\/\",\"logo\":{\"@type\":\"ImageObject\",\"inLanguage\":\"en-GB\",\"@id\":\"https:\\\/\\\/nosrevolutions.fr\\\/#\\\/schema\\\/logo\\\/image\\\/\",\"url\":\"https:\\\/\\\/nosrevolutions.fr\\\/wp-content\\\/uploads\\\/2022\\\/09\\\/nrs_logo_noir.png\",\"contentUrl\":\"https:\\\/\\\/nosrevolutions.fr\\\/wp-content\\\/uploads\\\/2022\\\/09\\\/nrs_logo_noir.png\",\"width\":2000,\"height\":501,\"caption\":\"Nos R\u00e9volutions\"},\"image\":{\"@id\":\"https:\\\/\\\/nosrevolutions.fr\\\/#\\\/schema\\\/logo\\\/image\\\/\"},\"sameAs\":[\"https:\\\/\\\/x.com\\\/NosRevolutions\"]},{\"@type\":\"Person\",\"@id\":\"https:\\\/\\\/nosrevolutions.fr\\\/#\\\/schema\\\/person\\\/a6def5dcf768cbe3bf19ce01fd5a5e9a\",\"name\":\"Ana\u00efs Fley\",\"image\":{\"@type\":\"ImageObject\",\"inLanguage\":\"en-GB\",\"@id\":\"https:\\\/\\\/secure.gravatar.com\\\/avatar\\\/0e907aa50c7f388f4850d6a294a94a837a2f2a75cd85c13dfa1991772b76d536?s=96&d=mm&r=g\",\"url\":\"https:\\\/\\\/secure.gravatar.com\\\/avatar\\\/0e907aa50c7f388f4850d6a294a94a837a2f2a75cd85c13dfa1991772b76d536?s=96&d=mm&r=g\",\"contentUrl\":\"https:\\\/\\\/secure.gravatar.com\\\/avatar\\\/0e907aa50c7f388f4850d6a294a94a837a2f2a75cd85c13dfa1991772b76d536?s=96&d=mm&r=g\",\"caption\":\"Ana\u00efs Fley\"},\"url\":\"https:\\\/\\\/nosrevolutions.fr\\\/en\\\/author\\\/anaisfley\\\/\"}]}<\/script>\n<!-- \/ Yoast SEO plugin. -->","yoast_head_json":{"title":"\u00c9DITO. Refuser le feuilleton macabre de CNews - Nos R\u00e9volutions","robots":{"index":"index","follow":"follow","max-snippet":"max-snippet:-1","max-image-preview":"max-image-preview:large","max-video-preview":"max-video-preview:-1"},"canonical":"https:\/\/nosrevolutions.fr\/en\/2024\/04\/11\/edito-refuser-le-feuilleton-macabre-de-cnews\/","og_locale":"en_GB","og_type":"article","og_title":"\u00c9DITO. Refuser le feuilleton macabre de CNews - Nos R\u00e9volutions","og_description":"Cela fait maintenant quelques ann\u00e9es que la France est sous la pression permanente de Cnews, et que ses \u00e9ditorialistes vautr\u00e9s dans les refrains de l\u2019extr\u00eame-droite battent la mesure du d\u00e9bat [&hellip;]","og_url":"https:\/\/nosrevolutions.fr\/en\/2024\/04\/11\/edito-refuser-le-feuilleton-macabre-de-cnews\/","og_site_name":"Nos R\u00e9volutions","article_published_time":"2024-04-11T20:53:58+00:00","article_modified_time":"2025-05-21T14:56:58+00:00","og_image":[{"width":2560,"height":1920,"url":"https:\/\/nosrevolutions.fr\/wp-content\/uploads\/2024\/04\/47953463623_9daeac4444_o-scaled.jpg","type":"image\/jpeg"}],"author":"Ana\u00efs Fley","twitter_card":"summary_large_image","twitter_creator":"@NosRevolutions","twitter_site":"@NosRevolutions","twitter_misc":{"Written by":"Ana\u00efs Fley","Estimated reading time":"3 minutes"},"schema":{"@context":"https:\/\/schema.org","@graph":[{"@type":"Article","@id":"https:\/\/nosrevolutions.fr\/2024\/04\/11\/edito-refuser-le-feuilleton-macabre-de-cnews\/#article","isPartOf":{"@id":"https:\/\/nosrevolutions.fr\/2024\/04\/11\/edito-refuser-le-feuilleton-macabre-de-cnews\/"},"author":{"name":"Ana\u00efs Fley","@id":"https:\/\/nosrevolutions.fr\/#\/schema\/person\/a6def5dcf768cbe3bf19ce01fd5a5e9a"},"headline":"\u00c9DITO. Refuser le feuilleton macabre de CNews","datePublished":"2024-04-11T20:53:58+00:00","dateModified":"2025-05-21T14:56:58+00:00","mainEntityOfPage":{"@id":"https:\/\/nosrevolutions.fr\/2024\/04\/11\/edito-refuser-le-feuilleton-macabre-de-cnews\/"},"wordCount":470,"publisher":{"@id":"https:\/\/nosrevolutions.fr\/#organization"},"image":{"@id":"https:\/\/nosrevolutions.fr\/2024\/04\/11\/edito-refuser-le-feuilleton-macabre-de-cnews\/#primaryimage"},"thumbnailUrl":"https:\/\/nosrevolutions.fr\/wp-content\/uploads\/2024\/04\/47953463623_9daeac4444_o-scaled.jpg","keywords":["Extr\u00eame-droite"],"articleSection":["\u00c9ditos"],"inLanguage":"en-GB"},{"@type":"WebPage","@id":"https:\/\/nosrevolutions.fr\/2024\/04\/11\/edito-refuser-le-feuilleton-macabre-de-cnews\/","url":"https:\/\/nosrevolutions.fr\/2024\/04\/11\/edito-refuser-le-feuilleton-macabre-de-cnews\/","name":"\u00c9DITO. Refuser le feuilleton macabre de CNews - Nos R\u00e9volutions","isPartOf":{"@id":"https:\/\/nosrevolutions.fr\/#website"},"primaryImageOfPage":{"@id":"https:\/\/nosrevolutions.fr\/2024\/04\/11\/edito-refuser-le-feuilleton-macabre-de-cnews\/#primaryimage"},"image":{"@id":"https:\/\/nosrevolutions.fr\/2024\/04\/11\/edito-refuser-le-feuilleton-macabre-de-cnews\/#primaryimage"},"thumbnailUrl":"https:\/\/nosrevolutions.fr\/wp-content\/uploads\/2024\/04\/47953463623_9daeac4444_o-scaled.jpg","datePublished":"2024-04-11T20:53:58+00:00","dateModified":"2025-05-21T14:56:58+00:00","breadcrumb":{"@id":"https:\/\/nosrevolutions.fr\/2024\/04\/11\/edito-refuser-le-feuilleton-macabre-de-cnews\/#breadcrumb"},"inLanguage":"en-GB","potentialAction":[{"@type":"ReadAction","target":["https:\/\/nosrevolutions.fr\/2024\/04\/11\/edito-refuser-le-feuilleton-macabre-de-cnews\/"]}]},{"@type":"ImageObject","inLanguage":"en-GB","@id":"https:\/\/nosrevolutions.fr\/2024\/04\/11\/edito-refuser-le-feuilleton-macabre-de-cnews\/#primaryimage","url":"https:\/\/nosrevolutions.fr\/wp-content\/uploads\/2024\/04\/47953463623_9daeac4444_o-scaled.jpg","contentUrl":"https:\/\/nosrevolutions.fr\/wp-content\/uploads\/2024\/04\/47953463623_9daeac4444_o-scaled.jpg","width":2560,"height":1920},{"@type":"BreadcrumbList","@id":"https:\/\/nosrevolutions.fr\/2024\/04\/11\/edito-refuser-le-feuilleton-macabre-de-cnews\/#breadcrumb","itemListElement":[{"@type":"ListItem","position":1,"name":"Accueil","item":"https:\/\/nosrevolutions.fr\/"},{"@type":"ListItem","position":2,"name":"\u00c9DITO. Refuser le feuilleton macabre de CNews"}]},{"@type":"WebSite","@id":"https:\/\/nosrevolutions.fr\/#website","url":"https:\/\/nosrevolutions.fr\/","name":"Nos R\u00e9volutions","description":"Communisme et mouvement social","publisher":{"@id":"https:\/\/nosrevolutions.fr\/#organization"},"potentialAction":[{"@type":"SearchAction","target":{"@type":"EntryPoint","urlTemplate":"https:\/\/nosrevolutions.fr\/?s={search_term_string}"},"query-input":{"@type":"PropertyValueSpecification","valueRequired":true,"valueName":"search_term_string"}}],"inLanguage":"en-GB"},{"@type":"Organization","@id":"https:\/\/nosrevolutions.fr\/#organization","name":"Nos R\u00e9volutions","url":"https:\/\/nosrevolutions.fr\/","logo":{"@type":"ImageObject","inLanguage":"en-GB","@id":"https:\/\/nosrevolutions.fr\/#\/schema\/logo\/image\/","url":"https:\/\/nosrevolutions.fr\/wp-content\/uploads\/2022\/09\/nrs_logo_noir.png","contentUrl":"https:\/\/nosrevolutions.fr\/wp-content\/uploads\/2022\/09\/nrs_logo_noir.png","width":2000,"height":501,"caption":"Nos R\u00e9volutions"},"image":{"@id":"https:\/\/nosrevolutions.fr\/#\/schema\/logo\/image\/"},"sameAs":["https:\/\/x.com\/NosRevolutions"]},{"@type":"Person","@id":"https:\/\/nosrevolutions.fr\/#\/schema\/person\/a6def5dcf768cbe3bf19ce01fd5a5e9a","name":"Ana\u00efs Fley","image":{"@type":"ImageObject","inLanguage":"en-GB","@id":"https:\/\/secure.gravatar.com\/avatar\/0e907aa50c7f388f4850d6a294a94a837a2f2a75cd85c13dfa1991772b76d536?s=96&d=mm&r=g","url":"https:\/\/secure.gravatar.com\/avatar\/0e907aa50c7f388f4850d6a294a94a837a2f2a75cd85c13dfa1991772b76d536?s=96&d=mm&r=g","contentUrl":"https:\/\/secure.gravatar.com\/avatar\/0e907aa50c7f388f4850d6a294a94a837a2f2a75cd85c13dfa1991772b76d536?s=96&d=mm&r=g","caption":"Ana\u00efs Fley"},"url":"https:\/\/nosrevolutions.fr\/en\/author\/anaisfley\/"}]}},"_links":{"self":[{"href":"https:\/\/nosrevolutions.fr\/en\/wp-json\/wp\/v2\/posts\/3820","targetHints":{"allow":["GET"]}}],"collection":[{"href":"https:\/\/nosrevolutions.fr\/en\/wp-json\/wp\/v2\/posts"}],"about":[{"href":"https:\/\/nosrevolutions.fr\/en\/wp-json\/wp\/v2\/types\/post"}],"author":[{"embeddable":true,"href":"https:\/\/nosrevolutions.fr\/en\/wp-json\/wp\/v2\/users\/2"}],"replies":[{"embeddable":true,"href":"https:\/\/nosrevolutions.fr\/en\/wp-json\/wp\/v2\/comments?post=3820"}],"version-history":[{"count":2,"href":"https:\/\/nosrevolutions.fr\/en\/wp-json\/wp\/v2\/posts\/3820\/revisions"}],"predecessor-version":[{"id":4942,"href":"https:\/\/nosrevolutions.fr\/en\/wp-json\/wp\/v2\/posts\/3820\/revisions\/4942"}],"wp:featuredmedia":[{"embeddable":true,"href":"https:\/\/nosrevolutions.fr\/en\/wp-json\/wp\/v2\/media\/3823"}],"wp:attachment":[{"href":"https:\/\/nosrevolutions.fr\/en\/wp-json\/wp\/v2\/media?parent=3820"}],"wp:term":[{"taxonomy":"category","embeddable":true,"href":"https:\/\/nosrevolutions.fr\/en\/wp-json\/wp\/v2\/categories?post=3820"},{"taxonomy":"post_tag","embeddable":true,"href":"https:\/\/nosrevolutions.fr\/en\/wp-json\/wp\/v2\/tags?post=3820"}],"curies":[{"name":"wp","href":"https:\/\/api.w.org\/{rel}","templated":true}]}}