{"id":3690,"date":"2024-02-23T15:21:10","date_gmt":"2024-02-23T14:21:10","guid":{"rendered":"https:\/\/nosrevolutions.fr\/?p=3690"},"modified":"2025-05-21T16:54:14","modified_gmt":"2025-05-21T14:54:14","slug":"en-debat-marine-le-pen-interdite-de-pantheon-mais-pas-delysee","status":"publish","type":"post","link":"https:\/\/nosrevolutions.fr\/en\/2024\/02\/23\/en-debat-marine-le-pen-interdite-de-pantheon-mais-pas-delysee\/","title":{"rendered":"En d\u00e9bat. Marine Le Pen interdite de Panth\u00e9on, mais pas d\u2019\u00c9lys\u00e9e\u00a0?"},"content":{"rendered":"<p>Apr\u00e8s une semaine de d\u00e9bats et d\u2019\u00e9v\u00e9nements autour de la panth\u00e9onisation de Missak et M\u00e9lin\u00e9e Manouchian, reconnaissons que <strong>la nature du d\u00e9bat public en France est assez curieuse<\/strong>.<\/p>\n\n\n\n<p>Ces derniers jours, on a entendu <strong>beaucoup de protestations (\u00f4 combien justifi\u00e9es !) sur la pr\u00e9sence de Le Pen et ses amis \u00e0 la c\u00e9r\u00e9monie d\u2019entr\u00e9e des Manouchian au Panth\u00e9on<\/strong>. C&rsquo;est effectivement une honte. La m\u00e9moire de la r\u00e9sistance communiste n\u2019avait pas \u00e0 \u00eatre ab\u00eem\u00e9e par la pr\u00e9sence des responsables du RN, qui sont d\u2019authentiques descendants politiques des collaborationnistes.<\/p>\n\n\n\n<p>Marine Le Pen a confirm\u00e9 une fois de plus sa honteuse filiation, en d\u00e9clarant&nbsp;: \u00ab&nbsp;<em>Vous savez, j\u2019ai \u00e9videmment quelques liens familiaux avec la L\u00e9gion \u00e9trang\u00e8re, donc que des \u00e9trangers soient venus tout au long de notre histoire se battre pour d\u00e9fendre notre pays est une \u00e9vidence<\/em> \" <strong>Une r\u00e9f\u00e9rence \u00e0 peine voil\u00e9e aux sanglantes activit\u00e9s de Jean-Marie Le Pen pendant la guerre d\u2019Alg\u00e9rie<\/strong><sup data-fn=\"0c7bb1ec-2a00-4701-9a6e-35932d6a9ea2\" class=\"fn\"><a href=\"#0c7bb1ec-2a00-4701-9a6e-35932d6a9ea2\" id=\"0c7bb1ec-2a00-4701-9a6e-35932d6a9ea2-link\">1<\/a><\/sup><strong>&nbsp;! <\/strong>La d\u00e9put\u00e9e d\u2019extr\u00eame-droite n\u2019a pas pu s\u2019emp\u00eacher de tenter de salir la m\u00e9moire des r\u00e9sistants, en la m\u00e9langeant \u00e0 celle d\u2019un tortionnaire.<\/p>\n\n\n\n<p>En ce sens, les appels \u00e0 chasser l\u2019extr\u00eame-droite du Panth\u00e9on \u00e9taient parfaitement l\u00e9gitimes. En revanche <strong>depuis des mois, ce m\u00eame parti est plac\u00e9 syst\u00e9matiquement en premi\u00e8re position des sondages des europ\u00e9ennes<\/strong>&nbsp;; pour ne parler que de ces \u00e9lections. On n\u2019entend pas grand monde s\u2019indigner contre cette situation, ni tenter d\u2019agir dessus. Comme si la lutte contre l\u2019extr\u00eame-droite se limitait aux comm\u00e9morations m\u00e9morielles&nbsp;!<\/p>\n\n\n\n<p><strong>Peut-\u00eatre les forces de gauche pourraient-elles se r\u00e9unir en urgence pour \u00e9tablir une strat\u00e9gie visant \u00e0 passer devant le RN ?<\/strong> Elles le peuvent encore et puisque c\u2019est assez facile \u00e0 r\u00e9aliser, il s\u2019agit d\u2019une question de pure volont\u00e9.<br><br><strong>Peut-\u00eatre, au final, que tout n&rsquo;est pas qu&rsquo;affaire de symboles, que tout ne se passe pas au Panth\u00e9on, et que les strat\u00e9gies politiques ont des cons\u00e9quences mat\u00e9rielles ?<\/strong><br><br>Ainsi \u00e0 la veille m\u00eame de la c\u00e9r\u00e9monie Manouchian, Le Pen et Bardella ont eu un \u00e9trange d\u00e9jeuner avec la direction de l&rsquo;AFD. Il s\u2019agit d\u2019un parti d&rsquo;extr\u00eame-droite allemand qui programme tranquillement la d\u00e9portation forc\u00e9e de 2 millions d&rsquo;Allemands s&rsquo;il parvenait au pouvoir. Un d\u00e9tail, sans doute&nbsp;? \u00ab <em>On a \u00e9chang\u00e9 sur pleins de questions, on a les m\u00eames solutions<\/em> \u00bb a indiqu\u00e9 la sinistre pr\u00e9sidente de ce parti au sujet de Le Pen-Bardella. <strong>Voici donc une indication du niveau des \u00ab\u00a0cons\u00e9quences mat\u00e9rielles\u00a0\u00bb \u00e0 prendre en compte, lorsqu\u2019on parle de l\u2019extr\u00eame-droite<\/strong>.<br><br><strong>Esp\u00e9rons donc que les belles c\u00e9r\u00e9monies du 21 f\u00e9vrier 2024 aient ouvert les yeux et les oreilles<\/strong>, et que chacun, parmi la gauche et les progressistes, va r\u00e9fl\u00e9chir \u00e0 comment mieux faire pour contrer les dangereux personnages du Rassemblement national, et le dangereux gouvernement qui les nourrit depuis trop longtemps. Ne jamais d\u00e9sesp\u00e9rer !<\/p>\n\n\n\n<p><\/p>\n\n\n\n<hr class=\"wp-block-separator has-alpha-channel-opacity\"\/>\n\n\n<ol class=\"wp-block-footnotes\"><li id=\"0c7bb1ec-2a00-4701-9a6e-35932d6a9ea2\"><a href=\"https:\/\/blogs.mediapart.fr\/histoire-coloniale-et-postcoloniale\/blog\/220224\/manouchian-marine-le-pen-et-la-legion-etrangere-0\">https:\/\/blogs.mediapart.fr\/histoire-coloniale-et-postcoloniale\/blog\/220224\/manouchian-marine-le-pen-et-la-legion-etrangere-0<\/a> <a href=\"#0c7bb1ec-2a00-4701-9a6e-35932d6a9ea2-link\" aria-label=\"Jump to footnote reference 1\">\u21a9\ufe0e<\/a><\/li><\/ol>\n\n\n<p>Image d\u2019illustration&nbsp;: Le Panth\u00e9on, le 8 mai 2017, par <a href=\"https:\/\/commons.wikimedia.org\/wiki\/File:Panth%C3%A9on_@_Paris_%2833725509613%29.jpg\">Guilhem Vellut<\/a> (<a href=\"https:\/\/creativecommons.org\/licenses\/by\/2.0\/deed.en\">CC BY 2.0<\/a>)<\/p>","protected":false},"excerpt":{"rendered":"<p>Apr\u00e8s une semaine de d\u00e9bats et d\u2019\u00e9v\u00e9nements autour de la panth\u00e9onisation de Missak et M\u00e9lin\u00e9e Manouchian, reconnaissons que la nature du d\u00e9bat public en France est assez curieuse. Ces derniers [&hellip;]<\/p>\n","protected":false},"author":6,"featured_media":3691,"comment_status":"closed","ping_status":"closed","sticky":false,"template":"","format":"standard","meta":{"_EventAllDay":false,"_EventTimezone":"","_EventStartDate":"","_EventEndDate":"","_EventStartDateUTC":"","_EventEndDateUTC":"","_EventShowMap":false,"_EventShowMapLink":false,"_EventURL":"","_EventCost":"","_EventCostDescription":"","_EventCurrencySymbol":"","_EventCurrencyCode":"","_EventCurrencyPosition":"","_EventDateTimeSeparator":"","_EventTimeRangeSeparator":"","_EventOrganizerID":[],"_EventVenueID":[],"_OrganizerEmail":"","_OrganizerPhone":"","_OrganizerWebsite":"","_VenueAddress":"","_VenueCity":"","_VenueCountry":"","_VenueProvince":"","_VenueState":"","_VenueZip":"","_VenuePhone":"","_VenueURL":"","_VenueStateProvince":"","_VenueLat":"","_VenueLng":"","_VenueShowMap":false,"_VenueShowMapLink":false,"footnotes":"[{\"content\":\"<a href=\\\"https:\/\/blogs.mediapart.fr\/histoire-coloniale-et-postcoloniale\/blog\/220224\/manouchian-marine-le-pen-et-la-legion-etrangere-0\\\">https:\/\/blogs.mediapart.fr\/histoire-coloniale-et-postcoloniale\/blog\/220224\/manouchian-marine-le-pen-et-la-legion-etrangere-0<\/a>\",\"id\":\"0c7bb1ec-2a00-4701-9a6e-35932d6a9ea2\"}]"},"categories":[35],"tags":[50,31,55],"class_list":["post-3690","post","type-post","status-publish","format-standard","has-post-thumbnail","hentry","category-en-debat","tag-europe","tag-extreme-droite","tag-memoire"],"yoast_head":"<!-- This site is optimized with the Yoast SEO plugin v27.4 - https:\/\/yoast.com\/product\/yoast-seo-wordpress\/ -->\n<title>En d\u00e9bat. Marine Le Pen interdite de Panth\u00e9on, mais pas d\u2019\u00c9lys\u00e9e\u00a0? - Nos R\u00e9volutions<\/title>\n<meta name=\"robots\" content=\"index, follow, max-snippet:-1, max-image-preview:large, max-video-preview:-1\" \/>\n<link rel=\"canonical\" href=\"https:\/\/nosrevolutions.fr\/en\/2024\/02\/23\/en-debat-marine-le-pen-interdite-de-pantheon-mais-pas-delysee\/\" \/>\n<meta property=\"og:locale\" content=\"en_GB\" \/>\n<meta property=\"og:type\" content=\"article\" \/>\n<meta property=\"og:title\" content=\"En d\u00e9bat. Marine Le Pen interdite de Panth\u00e9on, mais pas d\u2019\u00c9lys\u00e9e\u00a0? - Nos R\u00e9volutions\" \/>\n<meta property=\"og:description\" content=\"Apr\u00e8s une semaine de d\u00e9bats et d\u2019\u00e9v\u00e9nements autour de la panth\u00e9onisation de Missak et M\u00e9lin\u00e9e Manouchian, reconnaissons que la nature du d\u00e9bat public en France est assez curieuse. Ces derniers [&hellip;]\" \/>\n<meta property=\"og:url\" content=\"https:\/\/nosrevolutions.fr\/en\/2024\/02\/23\/en-debat-marine-le-pen-interdite-de-pantheon-mais-pas-delysee\/\" \/>\n<meta property=\"og:site_name\" content=\"Nos R\u00e9volutions\" \/>\n<meta property=\"article:published_time\" content=\"2024-02-23T14:21:10+00:00\" \/>\n<meta property=\"article:modified_time\" content=\"2025-05-21T14:54:14+00:00\" \/>\n<meta property=\"og:image\" content=\"https:\/\/nosrevolutions.fr\/wp-content\/uploads\/2024\/02\/Pantheon_@_Paris_33725509613-scaled.jpg\" \/>\n\t<meta property=\"og:image:width\" content=\"2560\" \/>\n\t<meta property=\"og:image:height\" content=\"1707\" \/>\n\t<meta property=\"og:image:type\" content=\"image\/jpeg\" \/>\n<meta name=\"author\" content=\"Antoine Guerreiro\" \/>\n<meta name=\"twitter:card\" content=\"summary_large_image\" \/>\n<meta name=\"twitter:creator\" content=\"@NosRevolutions\" \/>\n<meta name=\"twitter:site\" content=\"@NosRevolutions\" \/>\n<meta name=\"twitter:label1\" content=\"Written by\" \/>\n\t<meta name=\"twitter:data1\" content=\"Antoine Guerreiro\" \/>\n\t<meta name=\"twitter:label2\" content=\"Estimated reading time\" \/>\n\t<meta name=\"twitter:data2\" content=\"3 minutes\" \/>\n<script type=\"application\/ld+json\" class=\"yoast-schema-graph\">{\"@context\":\"https:\\\/\\\/schema.org\",\"@graph\":[{\"@type\":\"Article\",\"@id\":\"https:\\\/\\\/nosrevolutions.fr\\\/2024\\\/02\\\/23\\\/en-debat-marine-le-pen-interdite-de-pantheon-mais-pas-delysee\\\/#article\",\"isPartOf\":{\"@id\":\"https:\\\/\\\/nosrevolutions.fr\\\/2024\\\/02\\\/23\\\/en-debat-marine-le-pen-interdite-de-pantheon-mais-pas-delysee\\\/\"},\"author\":{\"name\":\"Antoine Guerreiro\",\"@id\":\"https:\\\/\\\/nosrevolutions.fr\\\/#\\\/schema\\\/person\\\/2977bb272c78143a1fc6eb101f6fe408\"},\"headline\":\"En d\u00e9bat. Marine Le Pen interdite de Panth\u00e9on, mais pas d\u2019\u00c9lys\u00e9e\u00a0?\",\"datePublished\":\"2024-02-23T14:21:10+00:00\",\"dateModified\":\"2025-05-21T14:54:14+00:00\",\"mainEntityOfPage\":{\"@id\":\"https:\\\/\\\/nosrevolutions.fr\\\/2024\\\/02\\\/23\\\/en-debat-marine-le-pen-interdite-de-pantheon-mais-pas-delysee\\\/\"},\"wordCount\":563,\"publisher\":{\"@id\":\"https:\\\/\\\/nosrevolutions.fr\\\/#organization\"},\"image\":{\"@id\":\"https:\\\/\\\/nosrevolutions.fr\\\/2024\\\/02\\\/23\\\/en-debat-marine-le-pen-interdite-de-pantheon-mais-pas-delysee\\\/#primaryimage\"},\"thumbnailUrl\":\"https:\\\/\\\/nosrevolutions.fr\\\/wp-content\\\/uploads\\\/2024\\\/02\\\/Pantheon_@_Paris_33725509613-scaled.jpg\",\"keywords\":[\"Europe\",\"Extr\u00eame-droite\",\"M\u00e9moire\"],\"articleSection\":[\"En d\u00e9bat\"],\"inLanguage\":\"en-GB\"},{\"@type\":\"WebPage\",\"@id\":\"https:\\\/\\\/nosrevolutions.fr\\\/2024\\\/02\\\/23\\\/en-debat-marine-le-pen-interdite-de-pantheon-mais-pas-delysee\\\/\",\"url\":\"https:\\\/\\\/nosrevolutions.fr\\\/2024\\\/02\\\/23\\\/en-debat-marine-le-pen-interdite-de-pantheon-mais-pas-delysee\\\/\",\"name\":\"En d\u00e9bat. Marine Le Pen interdite de Panth\u00e9on, mais pas d\u2019\u00c9lys\u00e9e\u00a0? - Nos R\u00e9volutions\",\"isPartOf\":{\"@id\":\"https:\\\/\\\/nosrevolutions.fr\\\/#website\"},\"primaryImageOfPage\":{\"@id\":\"https:\\\/\\\/nosrevolutions.fr\\\/2024\\\/02\\\/23\\\/en-debat-marine-le-pen-interdite-de-pantheon-mais-pas-delysee\\\/#primaryimage\"},\"image\":{\"@id\":\"https:\\\/\\\/nosrevolutions.fr\\\/2024\\\/02\\\/23\\\/en-debat-marine-le-pen-interdite-de-pantheon-mais-pas-delysee\\\/#primaryimage\"},\"thumbnailUrl\":\"https:\\\/\\\/nosrevolutions.fr\\\/wp-content\\\/uploads\\\/2024\\\/02\\\/Pantheon_@_Paris_33725509613-scaled.jpg\",\"datePublished\":\"2024-02-23T14:21:10+00:00\",\"dateModified\":\"2025-05-21T14:54:14+00:00\",\"breadcrumb\":{\"@id\":\"https:\\\/\\\/nosrevolutions.fr\\\/2024\\\/02\\\/23\\\/en-debat-marine-le-pen-interdite-de-pantheon-mais-pas-delysee\\\/#breadcrumb\"},\"inLanguage\":\"en-GB\",\"potentialAction\":[{\"@type\":\"ReadAction\",\"target\":[\"https:\\\/\\\/nosrevolutions.fr\\\/2024\\\/02\\\/23\\\/en-debat-marine-le-pen-interdite-de-pantheon-mais-pas-delysee\\\/\"]}]},{\"@type\":\"ImageObject\",\"inLanguage\":\"en-GB\",\"@id\":\"https:\\\/\\\/nosrevolutions.fr\\\/2024\\\/02\\\/23\\\/en-debat-marine-le-pen-interdite-de-pantheon-mais-pas-delysee\\\/#primaryimage\",\"url\":\"https:\\\/\\\/nosrevolutions.fr\\\/wp-content\\\/uploads\\\/2024\\\/02\\\/Pantheon_@_Paris_33725509613-scaled.jpg\",\"contentUrl\":\"https:\\\/\\\/nosrevolutions.fr\\\/wp-content\\\/uploads\\\/2024\\\/02\\\/Pantheon_@_Paris_33725509613-scaled.jpg\",\"width\":2560,\"height\":1707},{\"@type\":\"BreadcrumbList\",\"@id\":\"https:\\\/\\\/nosrevolutions.fr\\\/2024\\\/02\\\/23\\\/en-debat-marine-le-pen-interdite-de-pantheon-mais-pas-delysee\\\/#breadcrumb\",\"itemListElement\":[{\"@type\":\"ListItem\",\"position\":1,\"name\":\"Accueil\",\"item\":\"https:\\\/\\\/nosrevolutions.fr\\\/\"},{\"@type\":\"ListItem\",\"position\":2,\"name\":\"En d\u00e9bat. Marine Le Pen interdite de Panth\u00e9on, mais pas d\u2019\u00c9lys\u00e9e\u00a0?\"}]},{\"@type\":\"WebSite\",\"@id\":\"https:\\\/\\\/nosrevolutions.fr\\\/#website\",\"url\":\"https:\\\/\\\/nosrevolutions.fr\\\/\",\"name\":\"Nos R\u00e9volutions\",\"description\":\"Communisme et mouvement social\",\"publisher\":{\"@id\":\"https:\\\/\\\/nosrevolutions.fr\\\/#organization\"},\"potentialAction\":[{\"@type\":\"SearchAction\",\"target\":{\"@type\":\"EntryPoint\",\"urlTemplate\":\"https:\\\/\\\/nosrevolutions.fr\\\/?s={search_term_string}\"},\"query-input\":{\"@type\":\"PropertyValueSpecification\",\"valueRequired\":true,\"valueName\":\"search_term_string\"}}],\"inLanguage\":\"en-GB\"},{\"@type\":\"Organization\",\"@id\":\"https:\\\/\\\/nosrevolutions.fr\\\/#organization\",\"name\":\"Nos R\u00e9volutions\",\"url\":\"https:\\\/\\\/nosrevolutions.fr\\\/\",\"logo\":{\"@type\":\"ImageObject\",\"inLanguage\":\"en-GB\",\"@id\":\"https:\\\/\\\/nosrevolutions.fr\\\/#\\\/schema\\\/logo\\\/image\\\/\",\"url\":\"https:\\\/\\\/nosrevolutions.fr\\\/wp-content\\\/uploads\\\/2022\\\/09\\\/nrs_logo_noir.png\",\"contentUrl\":\"https:\\\/\\\/nosrevolutions.fr\\\/wp-content\\\/uploads\\\/2022\\\/09\\\/nrs_logo_noir.png\",\"width\":2000,\"height\":501,\"caption\":\"Nos R\u00e9volutions\"},\"image\":{\"@id\":\"https:\\\/\\\/nosrevolutions.fr\\\/#\\\/schema\\\/logo\\\/image\\\/\"},\"sameAs\":[\"https:\\\/\\\/x.com\\\/NosRevolutions\"]},{\"@type\":\"Person\",\"@id\":\"https:\\\/\\\/nosrevolutions.fr\\\/#\\\/schema\\\/person\\\/2977bb272c78143a1fc6eb101f6fe408\",\"name\":\"Antoine Guerreiro\",\"image\":{\"@type\":\"ImageObject\",\"inLanguage\":\"en-GB\",\"@id\":\"https:\\\/\\\/secure.gravatar.com\\\/avatar\\\/cd298415dc8a39d778eb54789ecbb30699bb6c417d819ad0c91e83f2ab091dd6?s=96&d=mm&r=g\",\"url\":\"https:\\\/\\\/secure.gravatar.com\\\/avatar\\\/cd298415dc8a39d778eb54789ecbb30699bb6c417d819ad0c91e83f2ab091dd6?s=96&d=mm&r=g\",\"contentUrl\":\"https:\\\/\\\/secure.gravatar.com\\\/avatar\\\/cd298415dc8a39d778eb54789ecbb30699bb6c417d819ad0c91e83f2ab091dd6?s=96&d=mm&r=g\",\"caption\":\"Antoine Guerreiro\"},\"url\":\"https:\\\/\\\/nosrevolutions.fr\\\/en\\\/author\\\/antoineguerreiro\\\/\"}]}<\/script>\n<!-- \/ Yoast SEO plugin. -->","yoast_head_json":{"title":"En d\u00e9bat. Marine Le Pen interdite de Panth\u00e9on, mais pas d\u2019\u00c9lys\u00e9e\u00a0? - Nos R\u00e9volutions","robots":{"index":"index","follow":"follow","max-snippet":"max-snippet:-1","max-image-preview":"max-image-preview:large","max-video-preview":"max-video-preview:-1"},"canonical":"https:\/\/nosrevolutions.fr\/en\/2024\/02\/23\/en-debat-marine-le-pen-interdite-de-pantheon-mais-pas-delysee\/","og_locale":"en_GB","og_type":"article","og_title":"En d\u00e9bat. Marine Le Pen interdite de Panth\u00e9on, mais pas d\u2019\u00c9lys\u00e9e\u00a0? - Nos R\u00e9volutions","og_description":"Apr\u00e8s une semaine de d\u00e9bats et d\u2019\u00e9v\u00e9nements autour de la panth\u00e9onisation de Missak et M\u00e9lin\u00e9e Manouchian, reconnaissons que la nature du d\u00e9bat public en France est assez curieuse. Ces derniers [&hellip;]","og_url":"https:\/\/nosrevolutions.fr\/en\/2024\/02\/23\/en-debat-marine-le-pen-interdite-de-pantheon-mais-pas-delysee\/","og_site_name":"Nos R\u00e9volutions","article_published_time":"2024-02-23T14:21:10+00:00","article_modified_time":"2025-05-21T14:54:14+00:00","og_image":[{"width":2560,"height":1707,"url":"https:\/\/nosrevolutions.fr\/wp-content\/uploads\/2024\/02\/Pantheon_@_Paris_33725509613-scaled.jpg","type":"image\/jpeg"}],"author":"Antoine Guerreiro","twitter_card":"summary_large_image","twitter_creator":"@NosRevolutions","twitter_site":"@NosRevolutions","twitter_misc":{"Written by":"Antoine Guerreiro","Estimated reading time":"3 minutes"},"schema":{"@context":"https:\/\/schema.org","@graph":[{"@type":"Article","@id":"https:\/\/nosrevolutions.fr\/2024\/02\/23\/en-debat-marine-le-pen-interdite-de-pantheon-mais-pas-delysee\/#article","isPartOf":{"@id":"https:\/\/nosrevolutions.fr\/2024\/02\/23\/en-debat-marine-le-pen-interdite-de-pantheon-mais-pas-delysee\/"},"author":{"name":"Antoine Guerreiro","@id":"https:\/\/nosrevolutions.fr\/#\/schema\/person\/2977bb272c78143a1fc6eb101f6fe408"},"headline":"En d\u00e9bat. Marine Le Pen interdite de Panth\u00e9on, mais pas d\u2019\u00c9lys\u00e9e\u00a0?","datePublished":"2024-02-23T14:21:10+00:00","dateModified":"2025-05-21T14:54:14+00:00","mainEntityOfPage":{"@id":"https:\/\/nosrevolutions.fr\/2024\/02\/23\/en-debat-marine-le-pen-interdite-de-pantheon-mais-pas-delysee\/"},"wordCount":563,"publisher":{"@id":"https:\/\/nosrevolutions.fr\/#organization"},"image":{"@id":"https:\/\/nosrevolutions.fr\/2024\/02\/23\/en-debat-marine-le-pen-interdite-de-pantheon-mais-pas-delysee\/#primaryimage"},"thumbnailUrl":"https:\/\/nosrevolutions.fr\/wp-content\/uploads\/2024\/02\/Pantheon_@_Paris_33725509613-scaled.jpg","keywords":["Europe","Extr\u00eame-droite","M\u00e9moire"],"articleSection":["En d\u00e9bat"],"inLanguage":"en-GB"},{"@type":"WebPage","@id":"https:\/\/nosrevolutions.fr\/2024\/02\/23\/en-debat-marine-le-pen-interdite-de-pantheon-mais-pas-delysee\/","url":"https:\/\/nosrevolutions.fr\/2024\/02\/23\/en-debat-marine-le-pen-interdite-de-pantheon-mais-pas-delysee\/","name":"En d\u00e9bat. Marine Le Pen interdite de Panth\u00e9on, mais pas d\u2019\u00c9lys\u00e9e\u00a0? - Nos R\u00e9volutions","isPartOf":{"@id":"https:\/\/nosrevolutions.fr\/#website"},"primaryImageOfPage":{"@id":"https:\/\/nosrevolutions.fr\/2024\/02\/23\/en-debat-marine-le-pen-interdite-de-pantheon-mais-pas-delysee\/#primaryimage"},"image":{"@id":"https:\/\/nosrevolutions.fr\/2024\/02\/23\/en-debat-marine-le-pen-interdite-de-pantheon-mais-pas-delysee\/#primaryimage"},"thumbnailUrl":"https:\/\/nosrevolutions.fr\/wp-content\/uploads\/2024\/02\/Pantheon_@_Paris_33725509613-scaled.jpg","datePublished":"2024-02-23T14:21:10+00:00","dateModified":"2025-05-21T14:54:14+00:00","breadcrumb":{"@id":"https:\/\/nosrevolutions.fr\/2024\/02\/23\/en-debat-marine-le-pen-interdite-de-pantheon-mais-pas-delysee\/#breadcrumb"},"inLanguage":"en-GB","potentialAction":[{"@type":"ReadAction","target":["https:\/\/nosrevolutions.fr\/2024\/02\/23\/en-debat-marine-le-pen-interdite-de-pantheon-mais-pas-delysee\/"]}]},{"@type":"ImageObject","inLanguage":"en-GB","@id":"https:\/\/nosrevolutions.fr\/2024\/02\/23\/en-debat-marine-le-pen-interdite-de-pantheon-mais-pas-delysee\/#primaryimage","url":"https:\/\/nosrevolutions.fr\/wp-content\/uploads\/2024\/02\/Pantheon_@_Paris_33725509613-scaled.jpg","contentUrl":"https:\/\/nosrevolutions.fr\/wp-content\/uploads\/2024\/02\/Pantheon_@_Paris_33725509613-scaled.jpg","width":2560,"height":1707},{"@type":"BreadcrumbList","@id":"https:\/\/nosrevolutions.fr\/2024\/02\/23\/en-debat-marine-le-pen-interdite-de-pantheon-mais-pas-delysee\/#breadcrumb","itemListElement":[{"@type":"ListItem","position":1,"name":"Accueil","item":"https:\/\/nosrevolutions.fr\/"},{"@type":"ListItem","position":2,"name":"En d\u00e9bat. Marine Le Pen interdite de Panth\u00e9on, mais pas d\u2019\u00c9lys\u00e9e\u00a0?"}]},{"@type":"WebSite","@id":"https:\/\/nosrevolutions.fr\/#website","url":"https:\/\/nosrevolutions.fr\/","name":"Nos R\u00e9volutions","description":"Communisme et mouvement social","publisher":{"@id":"https:\/\/nosrevolutions.fr\/#organization"},"potentialAction":[{"@type":"SearchAction","target":{"@type":"EntryPoint","urlTemplate":"https:\/\/nosrevolutions.fr\/?s={search_term_string}"},"query-input":{"@type":"PropertyValueSpecification","valueRequired":true,"valueName":"search_term_string"}}],"inLanguage":"en-GB"},{"@type":"Organization","@id":"https:\/\/nosrevolutions.fr\/#organization","name":"Nos R\u00e9volutions","url":"https:\/\/nosrevolutions.fr\/","logo":{"@type":"ImageObject","inLanguage":"en-GB","@id":"https:\/\/nosrevolutions.fr\/#\/schema\/logo\/image\/","url":"https:\/\/nosrevolutions.fr\/wp-content\/uploads\/2022\/09\/nrs_logo_noir.png","contentUrl":"https:\/\/nosrevolutions.fr\/wp-content\/uploads\/2022\/09\/nrs_logo_noir.png","width":2000,"height":501,"caption":"Nos R\u00e9volutions"},"image":{"@id":"https:\/\/nosrevolutions.fr\/#\/schema\/logo\/image\/"},"sameAs":["https:\/\/x.com\/NosRevolutions"]},{"@type":"Person","@id":"https:\/\/nosrevolutions.fr\/#\/schema\/person\/2977bb272c78143a1fc6eb101f6fe408","name":"Antoine Guerreiro","image":{"@type":"ImageObject","inLanguage":"en-GB","@id":"https:\/\/secure.gravatar.com\/avatar\/cd298415dc8a39d778eb54789ecbb30699bb6c417d819ad0c91e83f2ab091dd6?s=96&d=mm&r=g","url":"https:\/\/secure.gravatar.com\/avatar\/cd298415dc8a39d778eb54789ecbb30699bb6c417d819ad0c91e83f2ab091dd6?s=96&d=mm&r=g","contentUrl":"https:\/\/secure.gravatar.com\/avatar\/cd298415dc8a39d778eb54789ecbb30699bb6c417d819ad0c91e83f2ab091dd6?s=96&d=mm&r=g","caption":"Antoine Guerreiro"},"url":"https:\/\/nosrevolutions.fr\/en\/author\/antoineguerreiro\/"}]}},"_links":{"self":[{"href":"https:\/\/nosrevolutions.fr\/en\/wp-json\/wp\/v2\/posts\/3690","targetHints":{"allow":["GET"]}}],"collection":[{"href":"https:\/\/nosrevolutions.fr\/en\/wp-json\/wp\/v2\/posts"}],"about":[{"href":"https:\/\/nosrevolutions.fr\/en\/wp-json\/wp\/v2\/types\/post"}],"author":[{"embeddable":true,"href":"https:\/\/nosrevolutions.fr\/en\/wp-json\/wp\/v2\/users\/6"}],"replies":[{"embeddable":true,"href":"https:\/\/nosrevolutions.fr\/en\/wp-json\/wp\/v2\/comments?post=3690"}],"version-history":[{"count":4,"href":"https:\/\/nosrevolutions.fr\/en\/wp-json\/wp\/v2\/posts\/3690\/revisions"}],"predecessor-version":[{"id":4926,"href":"https:\/\/nosrevolutions.fr\/en\/wp-json\/wp\/v2\/posts\/3690\/revisions\/4926"}],"wp:featuredmedia":[{"embeddable":true,"href":"https:\/\/nosrevolutions.fr\/en\/wp-json\/wp\/v2\/media\/3691"}],"wp:attachment":[{"href":"https:\/\/nosrevolutions.fr\/en\/wp-json\/wp\/v2\/media?parent=3690"}],"wp:term":[{"taxonomy":"category","embeddable":true,"href":"https:\/\/nosrevolutions.fr\/en\/wp-json\/wp\/v2\/categories?post=3690"},{"taxonomy":"post_tag","embeddable":true,"href":"https:\/\/nosrevolutions.fr\/en\/wp-json\/wp\/v2\/tags?post=3690"}],"curies":[{"name":"wp","href":"https:\/\/api.w.org\/{rel}","templated":true}]}}