{"id":3644,"date":"2024-02-07T10:58:45","date_gmt":"2024-02-07T09:58:45","guid":{"rendered":"https:\/\/nosrevolutions.fr\/?p=3644"},"modified":"2025-05-21T16:52:05","modified_gmt":"2025-05-21T14:52:05","slug":"edito-contre-lecole-privee-la-gauche-doit-repasser-a-loffensive","status":"publish","type":"post","link":"https:\/\/nosrevolutions.fr\/en\/2024\/02\/07\/edito-contre-lecole-privee-la-gauche-doit-repasser-a-loffensive\/","title":{"rendered":"\u00c9DITO. Contre l\u2019\u00e9cole priv\u00e9e, la gauche doit repasser \u00e0 l\u2019offensive"},"content":{"rendered":"<p><strong>Ces derniers jours se sont tenues de grandes manifestations \u00e0 l\u2019appel des principaux syndicats enseignants<\/strong>, exigeant de meilleurs salaires et conditions de travail, mais d\u00e9non\u00e7ant aussi la posture de d\u00e9fense forcen\u00e9e de l\u2019\u00e9cole priv\u00e9e par la nouvelle ministre de l\u2019\u00c9ducation, Am\u00e9lie Oud\u00e9a-Cast\u00e9ra.<\/p>\n\n\n\n<p>Enseignant\u00b7es, parents et \u00e9l\u00e8ves sont les premier\u00b7es \u00e0 \u00eatre l\u00e9gitimement inquiets du maintien, \u00e0 terme, de la continuit\u00e9 du service public d\u2019\u00e9ducation. Au-del\u00e0 de la communaut\u00e9 \u00e9ducative, la question de l\u2019\u00e9cole priv\u00e9e est un vrai d\u00e9bat qui concerne toute la soci\u00e9t\u00e9&nbsp;: <strong>peut-on faire nation ensemble, dans un pays o\u00f9 nos enfants ne grandissent pas ensemble&nbsp;?<\/strong><\/p>\n\n\n\n<p><strong>Le refus de la marchandisation de l\u2019\u00e9ducation, et donc la fin de l\u2019\u00e9cole priv\u00e9e, a toujours \u00e9t\u00e9 un cheval de bataille de la gauche et des mouvements progressistes en France<\/strong>. On ne peut donc que s\u2019inqui\u00e9ter des positions prises par de nombreux parlementaires, en rupture avec ces engagements historiques et les revendications actuelles des mouvements sociaux.<\/p>\n\n\n\n<p>Cosign\u00e9e par 50 s\u00e9nateurs socialistes, \u00e9cologistes et communistes, <strong>une r\u00e9cente proposition de loi<\/strong><sup data-fn=\"e924e20e-9490-49cb-b376-a79293174e27\" class=\"fn\"><a href=\"#e924e20e-9490-49cb-b376-a79293174e27\" id=\"e924e20e-9490-49cb-b376-a79293174e27-link\">1<\/a><\/sup><strong> d\u00e9pos\u00e9e \u00e0 la Chambre haute vise \u00e0 conditionner le financement public aux \u00e9coles priv\u00e9s au respect de crit\u00e8res de \u00ab&nbsp;mixit\u00e9 sociale&nbsp;\u00bb<\/strong>.<\/p>\n\n\n\n<p>Cette proposition parlementaire marque le renoncement pur et simple \u00e0 la revendication de fin du financement public de l\u2019\u00e9cole priv\u00e9e&nbsp;; son initiateur, le s\u00e9nateur Pierre Ouzoulias, consid\u00e8re que cette position est en \u00ab \u00e9chec strat\u00e9gique \u00bb<sup data-fn=\"a2c90c53-effa-4369-88df-fe1fd3d39460\" class=\"fn\"><a href=\"#a2c90c53-effa-4369-88df-fe1fd3d39460\" id=\"a2c90c53-effa-4369-88df-fe1fd3d39460-link\">2<\/a><\/sup>. Face \u00e0 la p\u00e9nurie d\u2019enseignant\u00b7es faisant craindre \u00e0 terme un \u00ab d\u00e9sert d\u2019\u00e9ducation \u00bb dans notre pays, <strong>une partie de la gauche semble donc d\u00e9sormais penser que la bataille pour l\u2019\u00e9cole publique est perdue, et que l\u2019\u00e9ducation priv\u00e9e pourrait jouer un r\u00f4le vertueux dans la \u00ab&nbsp;mixit\u00e9 sociale&nbsp;\u00bb<\/strong>.<\/p>\n\n\n\n<p>Or rappelons les faits&nbsp;: <strong>l\u2019enseignement priv\u00e9 accueille d\u00e9j\u00e0 des boursiers, mais les places r\u00e9serv\u00e9es \u00e0 ces derniers ne sont pas pourvues<\/strong> en raison du co\u00fbt pour certaines familles d\u2019exercer leur droit d\u2019inscription. Entrer dans une logique d\u2019objectifs sociaux pour l\u2019\u00e9cole priv\u00e9e risquerait donc de donner un coup d\u2019acc\u00e9l\u00e9rateur aux financements d\u2019\u00c9tat au priv\u00e9 pour financer les frais annexes (transports, cantine\u2026).<\/p>\n\n\n\n<p>Rappelons, aussi, que <strong>l\u2019organisation de l\u2019entre-soi et du tri scolaire, le s\u00e9paratisme social, est au fondement de l\u2019existence d\u2019\u00e9coles priv\u00e9es, c\u2019est leur raison d\u2019\u00eatre<\/strong>. Tout comme l\u2019est la critique r\u00e9guli\u00e8re de l\u2019\u00e9cole publique, autour de l\u2019id\u00e9e qu\u2019il existerait des \u00e9coles publiques de mauvaise qualit\u00e9 qu\u2019il s\u2019agirait d\u2019\u00e9viter&nbsp;; c\u2019est d\u2019ailleurs bien ce qui a choqu\u00e9 dans le discours de la ministre.<\/p>\n\n\n\n<p>Si la gauche renonce \u00e0 contester le financement de l\u2019enseignement priv\u00e9, elle se met alors \u00e0 <strong>prot\u00e9ger et l\u00e9gitimer un privil\u00e8ge de classe, celui de choisir la \u00ab&nbsp;bonne sp\u00e9cialit\u00e9&nbsp;\u00bb, le \u00ab&nbsp;bon \u00e9tablissement&nbsp;\u00bb priv\u00e9<\/strong>. Ce alors m\u00eame que d\u00e9j\u00e0 dans le public, les strat\u00e9gies de contournement de la carte scolaire cassent le service public d\u2019\u00e9ducation. Tout cela constitue une maltraitance de plus contre les enseignant\u00b7es qui, impuissant\u00b7es, assistent \u00e0 l\u2019\u00e9miettement du secteur public d\u2019\u00e9ducation.<\/p>\n\n\n\n<p><strong>Tandis que l\u2019extr\u00eame-droite souhaite ouvrir l\u2019\u00e9cole publique \u00e0 la concurrence avec l\u2019instauration de \u00ab&nbsp;ch\u00e8ques \u00e9ducation&nbsp;\u00bb et que les macronistes s\u2019appr\u00eatent \u00e0 la lib\u00e9raliser un peu plus, il est grand temps que la gauche se ressaisisse.<\/strong><\/p>\n\n\n\n<p><strong>Pour les savoirs comme pour les richesses, nous ne pouvons nous contenter de revendiquer un partage plus juste&nbsp;: la fa\u00e7on m\u00eame de les produire et les diffuser doit radicalement changer afin de permettre une prise de pouvoir collective<\/strong>. Les forces progressistes doivent mener une bataille r\u00e9solue et ambitieuse de d\u00e9fense de l\u2019\u00e9cole publique, en exigeant clairement le red\u00e9ploiement vers le public des 13 milliards d\u2019euros actuellement accord\u00e9s au priv\u00e9.<\/p>\n\n\n\n<p><strong>Il s\u2019agit d\u2019une n\u00e9cessit\u00e9, d\u2019une obligation et d\u2019une urgence pour rompre le consensus apparent autour de la \u00ab&nbsp;libert\u00e9 d\u2019enseignement&nbsp;\u00bb<\/strong>. C\u2019est l\u2019objectif d\u2019\u00e9galit\u00e9 et de r\u00e9ussite de tou\u00b7tes qu\u2019il s\u2019agit aujourd\u2019hui de porter.<\/p>\n\n\n\n<p><\/p>\n\n\n\n<hr class=\"wp-block-separator has-alpha-channel-opacity\"\/>\n\n\n<ol class=\"wp-block-footnotes\"><li id=\"e924e20e-9490-49cb-b376-a79293174e27\"><a href=\"https:\/\/www.publicsenat.fr\/actualites\/politique\/ecole-le-senateur-pierre-ouzoulias-souhaite-conditionner-les-financements-du\">https:\/\/www.publicsenat.fr\/actualites\/politique\/ecole-le-senateur-pierre-ouzoulias-souhaite-conditionner-les-financements-du<\/a> <a href=\"#e924e20e-9490-49cb-b376-a79293174e27-link\" aria-label=\"Jump to footnote reference 1\">\u21a9\ufe0e<\/a><\/li><li id=\"a2c90c53-effa-4369-88df-fe1fd3d39460\"><a href=\"https:\/\/blogs.mediapart.fr\/pierre-ouzoulias\/blog\/050224\/exiger-la-fin-du-financement-public-de-l-ecole-privee-anatomie-d-un-echec\">https:\/\/blogs.mediapart.fr\/pierre-ouzoulias\/blog\/050224\/exiger-la-fin-du-financement-public-de-l-ecole-privee-anatomie-d-un-echec<\/a> <a href=\"#a2c90c53-effa-4369-88df-fe1fd3d39460-link\" aria-label=\"Jump to footnote reference 2\">\u21a9\ufe0e<\/a><\/li><\/ol>\n\n\n<p>Image d&rsquo;illustration : Am\u00e9lie Oud\u00e9a-Cast\u00e9ra le 7 novembre 2017 au Web Summit, par <a href=\"https:\/\/www.flickr.com\/photos\/websummit\/38208405602\">Web Summit<\/a> (<a href=\"https:\/\/creativecommons.org\/licenses\/by\/2.0\/\">CC BY 2.0<\/a>)<\/p>","protected":false},"excerpt":{"rendered":"<p>Ces derniers jours se sont tenues de grandes manifestations \u00e0 l\u2019appel des principaux syndicats enseignants, exigeant de meilleurs salaires et conditions de travail, mais d\u00e9non\u00e7ant aussi la posture de d\u00e9fense [&hellip;]<\/p>\n","protected":false},"author":26,"featured_media":3645,"comment_status":"closed","ping_status":"closed","sticky":false,"template":"","format":"standard","meta":{"_EventAllDay":false,"_EventTimezone":"","_EventStartDate":"","_EventEndDate":"","_EventStartDateUTC":"","_EventEndDateUTC":"","_EventShowMap":false,"_EventShowMapLink":false,"_EventURL":"","_EventCost":"","_EventCostDescription":"","_EventCurrencySymbol":"","_EventCurrencyCode":"","_EventCurrencyPosition":"","_EventDateTimeSeparator":"","_EventTimeRangeSeparator":"","_EventOrganizerID":[],"_EventVenueID":[],"_OrganizerEmail":"","_OrganizerPhone":"","_OrganizerWebsite":"","_VenueAddress":"","_VenueCity":"","_VenueCountry":"","_VenueProvince":"","_VenueState":"","_VenueZip":"","_VenuePhone":"","_VenueURL":"","_VenueStateProvince":"","_VenueLat":"","_VenueLng":"","_VenueShowMap":false,"_VenueShowMapLink":false,"footnotes":"[{\"content\":\"<a href=\\\"https:\/\/www.publicsenat.fr\/actualites\/politique\/ecole-le-senateur-pierre-ouzoulias-souhaite-conditionner-les-financements-du\\\">https:\/\/www.publicsenat.fr\/actualites\/politique\/ecole-le-senateur-pierre-ouzoulias-souhaite-conditionner-les-financements-du<\/a>\",\"id\":\"e924e20e-9490-49cb-b376-a79293174e27\"},{\"content\":\"<a href=\\\"https:\/\/blogs.mediapart.fr\/pierre-ouzoulias\/blog\/050224\/exiger-la-fin-du-financement-public-de-l-ecole-privee-anatomie-d-un-echec\\\">https:\/\/blogs.mediapart.fr\/pierre-ouzoulias\/blog\/050224\/exiger-la-fin-du-financement-public-de-l-ecole-privee-anatomie-d-un-echec<\/a>\",\"id\":\"a2c90c53-effa-4369-88df-fe1fd3d39460\"}]"},"categories":[12],"tags":[37],"class_list":["post-3644","post","type-post","status-publish","format-standard","has-post-thumbnail","hentry","category-edito","tag-education"],"yoast_head":"<!-- This site is optimized with the Yoast SEO plugin v27.4 - https:\/\/yoast.com\/product\/yoast-seo-wordpress\/ -->\n<title>\u00c9DITO. Contre l\u2019\u00e9cole priv\u00e9e, la gauche doit repasser \u00e0 l\u2019offensive - Nos R\u00e9volutions<\/title>\n<meta name=\"robots\" content=\"index, follow, max-snippet:-1, max-image-preview:large, max-video-preview:-1\" \/>\n<link rel=\"canonical\" href=\"https:\/\/nosrevolutions.fr\/en\/2024\/02\/07\/edito-contre-lecole-privee-la-gauche-doit-repasser-a-loffensive\/\" \/>\n<meta property=\"og:locale\" content=\"en_GB\" \/>\n<meta property=\"og:type\" content=\"article\" \/>\n<meta property=\"og:title\" content=\"\u00c9DITO. Contre l\u2019\u00e9cole priv\u00e9e, la gauche doit repasser \u00e0 l\u2019offensive - Nos R\u00e9volutions\" \/>\n<meta property=\"og:description\" content=\"Ces derniers jours se sont tenues de grandes manifestations \u00e0 l\u2019appel des principaux syndicats enseignants, exigeant de meilleurs salaires et conditions de travail, mais d\u00e9non\u00e7ant aussi la posture de d\u00e9fense [&hellip;]\" \/>\n<meta property=\"og:url\" content=\"https:\/\/nosrevolutions.fr\/en\/2024\/02\/07\/edito-contre-lecole-privee-la-gauche-doit-repasser-a-loffensive\/\" \/>\n<meta property=\"og:site_name\" content=\"Nos R\u00e9volutions\" \/>\n<meta property=\"article:published_time\" content=\"2024-02-07T09:58:45+00:00\" \/>\n<meta property=\"article:modified_time\" content=\"2025-05-21T14:52:05+00:00\" \/>\n<meta property=\"og:image\" content=\"https:\/\/nosrevolutions.fr\/wp-content\/uploads\/2024\/02\/38208405602_11b79f078d_o-scaled.jpg\" \/>\n\t<meta property=\"og:image:width\" content=\"2560\" \/>\n\t<meta property=\"og:image:height\" content=\"1663\" \/>\n\t<meta property=\"og:image:type\" content=\"image\/jpeg\" \/>\n<meta name=\"author\" content=\"Juan Francisco Cohu\" \/>\n<meta name=\"twitter:card\" content=\"summary_large_image\" \/>\n<meta name=\"twitter:creator\" content=\"@NosRevolutions\" \/>\n<meta name=\"twitter:site\" content=\"@NosRevolutions\" \/>\n<meta name=\"twitter:label1\" content=\"Written by\" \/>\n\t<meta name=\"twitter:data1\" content=\"Juan Francisco Cohu\" \/>\n\t<meta name=\"twitter:label2\" content=\"Estimated reading time\" \/>\n\t<meta name=\"twitter:data2\" content=\"4 minutes\" \/>\n<script type=\"application\/ld+json\" class=\"yoast-schema-graph\">{\"@context\":\"https:\\\/\\\/schema.org\",\"@graph\":[{\"@type\":\"Article\",\"@id\":\"https:\\\/\\\/nosrevolutions.fr\\\/2024\\\/02\\\/07\\\/edito-contre-lecole-privee-la-gauche-doit-repasser-a-loffensive\\\/#article\",\"isPartOf\":{\"@id\":\"https:\\\/\\\/nosrevolutions.fr\\\/2024\\\/02\\\/07\\\/edito-contre-lecole-privee-la-gauche-doit-repasser-a-loffensive\\\/\"},\"author\":{\"name\":\"Juan Francisco Cohu\",\"@id\":\"https:\\\/\\\/nosrevolutions.fr\\\/#\\\/schema\\\/person\\\/d5cb8dcbc5fec108e5174208e6c8964c\"},\"headline\":\"\u00c9DITO. Contre l\u2019\u00e9cole priv\u00e9e, la gauche doit repasser \u00e0 l\u2019offensive\",\"datePublished\":\"2024-02-07T09:58:45+00:00\",\"dateModified\":\"2025-05-21T14:52:05+00:00\",\"mainEntityOfPage\":{\"@id\":\"https:\\\/\\\/nosrevolutions.fr\\\/2024\\\/02\\\/07\\\/edito-contre-lecole-privee-la-gauche-doit-repasser-a-loffensive\\\/\"},\"wordCount\":751,\"publisher\":{\"@id\":\"https:\\\/\\\/nosrevolutions.fr\\\/#organization\"},\"image\":{\"@id\":\"https:\\\/\\\/nosrevolutions.fr\\\/2024\\\/02\\\/07\\\/edito-contre-lecole-privee-la-gauche-doit-repasser-a-loffensive\\\/#primaryimage\"},\"thumbnailUrl\":\"https:\\\/\\\/nosrevolutions.fr\\\/wp-content\\\/uploads\\\/2024\\\/02\\\/38208405602_11b79f078d_o-scaled.jpg\",\"keywords\":[\"\u00c9ducation\"],\"articleSection\":[\"\u00c9ditos\"],\"inLanguage\":\"en-GB\"},{\"@type\":\"WebPage\",\"@id\":\"https:\\\/\\\/nosrevolutions.fr\\\/2024\\\/02\\\/07\\\/edito-contre-lecole-privee-la-gauche-doit-repasser-a-loffensive\\\/\",\"url\":\"https:\\\/\\\/nosrevolutions.fr\\\/2024\\\/02\\\/07\\\/edito-contre-lecole-privee-la-gauche-doit-repasser-a-loffensive\\\/\",\"name\":\"\u00c9DITO. Contre l\u2019\u00e9cole priv\u00e9e, la gauche doit repasser \u00e0 l\u2019offensive - Nos R\u00e9volutions\",\"isPartOf\":{\"@id\":\"https:\\\/\\\/nosrevolutions.fr\\\/#website\"},\"primaryImageOfPage\":{\"@id\":\"https:\\\/\\\/nosrevolutions.fr\\\/2024\\\/02\\\/07\\\/edito-contre-lecole-privee-la-gauche-doit-repasser-a-loffensive\\\/#primaryimage\"},\"image\":{\"@id\":\"https:\\\/\\\/nosrevolutions.fr\\\/2024\\\/02\\\/07\\\/edito-contre-lecole-privee-la-gauche-doit-repasser-a-loffensive\\\/#primaryimage\"},\"thumbnailUrl\":\"https:\\\/\\\/nosrevolutions.fr\\\/wp-content\\\/uploads\\\/2024\\\/02\\\/38208405602_11b79f078d_o-scaled.jpg\",\"datePublished\":\"2024-02-07T09:58:45+00:00\",\"dateModified\":\"2025-05-21T14:52:05+00:00\",\"breadcrumb\":{\"@id\":\"https:\\\/\\\/nosrevolutions.fr\\\/2024\\\/02\\\/07\\\/edito-contre-lecole-privee-la-gauche-doit-repasser-a-loffensive\\\/#breadcrumb\"},\"inLanguage\":\"en-GB\",\"potentialAction\":[{\"@type\":\"ReadAction\",\"target\":[\"https:\\\/\\\/nosrevolutions.fr\\\/2024\\\/02\\\/07\\\/edito-contre-lecole-privee-la-gauche-doit-repasser-a-loffensive\\\/\"]}]},{\"@type\":\"ImageObject\",\"inLanguage\":\"en-GB\",\"@id\":\"https:\\\/\\\/nosrevolutions.fr\\\/2024\\\/02\\\/07\\\/edito-contre-lecole-privee-la-gauche-doit-repasser-a-loffensive\\\/#primaryimage\",\"url\":\"https:\\\/\\\/nosrevolutions.fr\\\/wp-content\\\/uploads\\\/2024\\\/02\\\/38208405602_11b79f078d_o-scaled.jpg\",\"contentUrl\":\"https:\\\/\\\/nosrevolutions.fr\\\/wp-content\\\/uploads\\\/2024\\\/02\\\/38208405602_11b79f078d_o-scaled.jpg\",\"width\":2560,\"height\":1663,\"caption\":\"7 November 2017; Am\u00e9lie Oud\u00e9a-Castera, CMO &amp; CDO, AXA Group, on the PandaConf Stage during the opening day of Web Summit 2017 at Altice Arena in Lisbon. Photo by Sam Barnes\\\/Web Summit via Sportsfile\"},{\"@type\":\"BreadcrumbList\",\"@id\":\"https:\\\/\\\/nosrevolutions.fr\\\/2024\\\/02\\\/07\\\/edito-contre-lecole-privee-la-gauche-doit-repasser-a-loffensive\\\/#breadcrumb\",\"itemListElement\":[{\"@type\":\"ListItem\",\"position\":1,\"name\":\"Accueil\",\"item\":\"https:\\\/\\\/nosrevolutions.fr\\\/\"},{\"@type\":\"ListItem\",\"position\":2,\"name\":\"\u00c9DITO. Contre l\u2019\u00e9cole priv\u00e9e, la gauche doit repasser \u00e0 l\u2019offensive\"}]},{\"@type\":\"WebSite\",\"@id\":\"https:\\\/\\\/nosrevolutions.fr\\\/#website\",\"url\":\"https:\\\/\\\/nosrevolutions.fr\\\/\",\"name\":\"Nos R\u00e9volutions\",\"description\":\"Communisme et mouvement social\",\"publisher\":{\"@id\":\"https:\\\/\\\/nosrevolutions.fr\\\/#organization\"},\"potentialAction\":[{\"@type\":\"SearchAction\",\"target\":{\"@type\":\"EntryPoint\",\"urlTemplate\":\"https:\\\/\\\/nosrevolutions.fr\\\/?s={search_term_string}\"},\"query-input\":{\"@type\":\"PropertyValueSpecification\",\"valueRequired\":true,\"valueName\":\"search_term_string\"}}],\"inLanguage\":\"en-GB\"},{\"@type\":\"Organization\",\"@id\":\"https:\\\/\\\/nosrevolutions.fr\\\/#organization\",\"name\":\"Nos R\u00e9volutions\",\"url\":\"https:\\\/\\\/nosrevolutions.fr\\\/\",\"logo\":{\"@type\":\"ImageObject\",\"inLanguage\":\"en-GB\",\"@id\":\"https:\\\/\\\/nosrevolutions.fr\\\/#\\\/schema\\\/logo\\\/image\\\/\",\"url\":\"https:\\\/\\\/nosrevolutions.fr\\\/wp-content\\\/uploads\\\/2022\\\/09\\\/nrs_logo_noir.png\",\"contentUrl\":\"https:\\\/\\\/nosrevolutions.fr\\\/wp-content\\\/uploads\\\/2022\\\/09\\\/nrs_logo_noir.png\",\"width\":2000,\"height\":501,\"caption\":\"Nos R\u00e9volutions\"},\"image\":{\"@id\":\"https:\\\/\\\/nosrevolutions.fr\\\/#\\\/schema\\\/logo\\\/image\\\/\"},\"sameAs\":[\"https:\\\/\\\/x.com\\\/NosRevolutions\"]},{\"@type\":\"Person\",\"@id\":\"https:\\\/\\\/nosrevolutions.fr\\\/#\\\/schema\\\/person\\\/d5cb8dcbc5fec108e5174208e6c8964c\",\"name\":\"Juan Francisco Cohu\",\"image\":{\"@type\":\"ImageObject\",\"inLanguage\":\"en-GB\",\"@id\":\"https:\\\/\\\/secure.gravatar.com\\\/avatar\\\/fe83fe1f6ca8ac7859d784cacbb260212d6f092f7cc3ba5fe2bd2c2a2bdb45c7?s=96&d=mm&r=g\",\"url\":\"https:\\\/\\\/secure.gravatar.com\\\/avatar\\\/fe83fe1f6ca8ac7859d784cacbb260212d6f092f7cc3ba5fe2bd2c2a2bdb45c7?s=96&d=mm&r=g\",\"contentUrl\":\"https:\\\/\\\/secure.gravatar.com\\\/avatar\\\/fe83fe1f6ca8ac7859d784cacbb260212d6f092f7cc3ba5fe2bd2c2a2bdb45c7?s=96&d=mm&r=g\",\"caption\":\"Juan Francisco Cohu\"},\"url\":\"https:\\\/\\\/nosrevolutions.fr\\\/en\\\/author\\\/juanfransiscocohu\\\/\"}]}<\/script>\n<!-- \/ Yoast SEO plugin. -->","yoast_head_json":{"title":"\u00c9DITO. Contre l\u2019\u00e9cole priv\u00e9e, la gauche doit repasser \u00e0 l\u2019offensive - Nos R\u00e9volutions","robots":{"index":"index","follow":"follow","max-snippet":"max-snippet:-1","max-image-preview":"max-image-preview:large","max-video-preview":"max-video-preview:-1"},"canonical":"https:\/\/nosrevolutions.fr\/en\/2024\/02\/07\/edito-contre-lecole-privee-la-gauche-doit-repasser-a-loffensive\/","og_locale":"en_GB","og_type":"article","og_title":"\u00c9DITO. Contre l\u2019\u00e9cole priv\u00e9e, la gauche doit repasser \u00e0 l\u2019offensive - Nos R\u00e9volutions","og_description":"Ces derniers jours se sont tenues de grandes manifestations \u00e0 l\u2019appel des principaux syndicats enseignants, exigeant de meilleurs salaires et conditions de travail, mais d\u00e9non\u00e7ant aussi la posture de d\u00e9fense [&hellip;]","og_url":"https:\/\/nosrevolutions.fr\/en\/2024\/02\/07\/edito-contre-lecole-privee-la-gauche-doit-repasser-a-loffensive\/","og_site_name":"Nos R\u00e9volutions","article_published_time":"2024-02-07T09:58:45+00:00","article_modified_time":"2025-05-21T14:52:05+00:00","og_image":[{"width":2560,"height":1663,"url":"https:\/\/nosrevolutions.fr\/wp-content\/uploads\/2024\/02\/38208405602_11b79f078d_o-scaled.jpg","type":"image\/jpeg"}],"author":"Juan Francisco Cohu","twitter_card":"summary_large_image","twitter_creator":"@NosRevolutions","twitter_site":"@NosRevolutions","twitter_misc":{"Written by":"Juan Francisco Cohu","Estimated reading time":"4 minutes"},"schema":{"@context":"https:\/\/schema.org","@graph":[{"@type":"Article","@id":"https:\/\/nosrevolutions.fr\/2024\/02\/07\/edito-contre-lecole-privee-la-gauche-doit-repasser-a-loffensive\/#article","isPartOf":{"@id":"https:\/\/nosrevolutions.fr\/2024\/02\/07\/edito-contre-lecole-privee-la-gauche-doit-repasser-a-loffensive\/"},"author":{"name":"Juan Francisco Cohu","@id":"https:\/\/nosrevolutions.fr\/#\/schema\/person\/d5cb8dcbc5fec108e5174208e6c8964c"},"headline":"\u00c9DITO. Contre l\u2019\u00e9cole priv\u00e9e, la gauche doit repasser \u00e0 l\u2019offensive","datePublished":"2024-02-07T09:58:45+00:00","dateModified":"2025-05-21T14:52:05+00:00","mainEntityOfPage":{"@id":"https:\/\/nosrevolutions.fr\/2024\/02\/07\/edito-contre-lecole-privee-la-gauche-doit-repasser-a-loffensive\/"},"wordCount":751,"publisher":{"@id":"https:\/\/nosrevolutions.fr\/#organization"},"image":{"@id":"https:\/\/nosrevolutions.fr\/2024\/02\/07\/edito-contre-lecole-privee-la-gauche-doit-repasser-a-loffensive\/#primaryimage"},"thumbnailUrl":"https:\/\/nosrevolutions.fr\/wp-content\/uploads\/2024\/02\/38208405602_11b79f078d_o-scaled.jpg","keywords":["\u00c9ducation"],"articleSection":["\u00c9ditos"],"inLanguage":"en-GB"},{"@type":"WebPage","@id":"https:\/\/nosrevolutions.fr\/2024\/02\/07\/edito-contre-lecole-privee-la-gauche-doit-repasser-a-loffensive\/","url":"https:\/\/nosrevolutions.fr\/2024\/02\/07\/edito-contre-lecole-privee-la-gauche-doit-repasser-a-loffensive\/","name":"\u00c9DITO. Contre l\u2019\u00e9cole priv\u00e9e, la gauche doit repasser \u00e0 l\u2019offensive - Nos R\u00e9volutions","isPartOf":{"@id":"https:\/\/nosrevolutions.fr\/#website"},"primaryImageOfPage":{"@id":"https:\/\/nosrevolutions.fr\/2024\/02\/07\/edito-contre-lecole-privee-la-gauche-doit-repasser-a-loffensive\/#primaryimage"},"image":{"@id":"https:\/\/nosrevolutions.fr\/2024\/02\/07\/edito-contre-lecole-privee-la-gauche-doit-repasser-a-loffensive\/#primaryimage"},"thumbnailUrl":"https:\/\/nosrevolutions.fr\/wp-content\/uploads\/2024\/02\/38208405602_11b79f078d_o-scaled.jpg","datePublished":"2024-02-07T09:58:45+00:00","dateModified":"2025-05-21T14:52:05+00:00","breadcrumb":{"@id":"https:\/\/nosrevolutions.fr\/2024\/02\/07\/edito-contre-lecole-privee-la-gauche-doit-repasser-a-loffensive\/#breadcrumb"},"inLanguage":"en-GB","potentialAction":[{"@type":"ReadAction","target":["https:\/\/nosrevolutions.fr\/2024\/02\/07\/edito-contre-lecole-privee-la-gauche-doit-repasser-a-loffensive\/"]}]},{"@type":"ImageObject","inLanguage":"en-GB","@id":"https:\/\/nosrevolutions.fr\/2024\/02\/07\/edito-contre-lecole-privee-la-gauche-doit-repasser-a-loffensive\/#primaryimage","url":"https:\/\/nosrevolutions.fr\/wp-content\/uploads\/2024\/02\/38208405602_11b79f078d_o-scaled.jpg","contentUrl":"https:\/\/nosrevolutions.fr\/wp-content\/uploads\/2024\/02\/38208405602_11b79f078d_o-scaled.jpg","width":2560,"height":1663,"caption":"7 November 2017; Am\u00e9lie Oud\u00e9a-Castera, CMO &amp; CDO, AXA Group, on the PandaConf Stage during the opening day of Web Summit 2017 at Altice Arena in Lisbon. Photo by Sam Barnes\/Web Summit via Sportsfile"},{"@type":"BreadcrumbList","@id":"https:\/\/nosrevolutions.fr\/2024\/02\/07\/edito-contre-lecole-privee-la-gauche-doit-repasser-a-loffensive\/#breadcrumb","itemListElement":[{"@type":"ListItem","position":1,"name":"Accueil","item":"https:\/\/nosrevolutions.fr\/"},{"@type":"ListItem","position":2,"name":"\u00c9DITO. Contre l\u2019\u00e9cole priv\u00e9e, la gauche doit repasser \u00e0 l\u2019offensive"}]},{"@type":"WebSite","@id":"https:\/\/nosrevolutions.fr\/#website","url":"https:\/\/nosrevolutions.fr\/","name":"Nos R\u00e9volutions","description":"Communisme et mouvement social","publisher":{"@id":"https:\/\/nosrevolutions.fr\/#organization"},"potentialAction":[{"@type":"SearchAction","target":{"@type":"EntryPoint","urlTemplate":"https:\/\/nosrevolutions.fr\/?s={search_term_string}"},"query-input":{"@type":"PropertyValueSpecification","valueRequired":true,"valueName":"search_term_string"}}],"inLanguage":"en-GB"},{"@type":"Organization","@id":"https:\/\/nosrevolutions.fr\/#organization","name":"Nos R\u00e9volutions","url":"https:\/\/nosrevolutions.fr\/","logo":{"@type":"ImageObject","inLanguage":"en-GB","@id":"https:\/\/nosrevolutions.fr\/#\/schema\/logo\/image\/","url":"https:\/\/nosrevolutions.fr\/wp-content\/uploads\/2022\/09\/nrs_logo_noir.png","contentUrl":"https:\/\/nosrevolutions.fr\/wp-content\/uploads\/2022\/09\/nrs_logo_noir.png","width":2000,"height":501,"caption":"Nos R\u00e9volutions"},"image":{"@id":"https:\/\/nosrevolutions.fr\/#\/schema\/logo\/image\/"},"sameAs":["https:\/\/x.com\/NosRevolutions"]},{"@type":"Person","@id":"https:\/\/nosrevolutions.fr\/#\/schema\/person\/d5cb8dcbc5fec108e5174208e6c8964c","name":"Juan Francisco Cohu","image":{"@type":"ImageObject","inLanguage":"en-GB","@id":"https:\/\/secure.gravatar.com\/avatar\/fe83fe1f6ca8ac7859d784cacbb260212d6f092f7cc3ba5fe2bd2c2a2bdb45c7?s=96&d=mm&r=g","url":"https:\/\/secure.gravatar.com\/avatar\/fe83fe1f6ca8ac7859d784cacbb260212d6f092f7cc3ba5fe2bd2c2a2bdb45c7?s=96&d=mm&r=g","contentUrl":"https:\/\/secure.gravatar.com\/avatar\/fe83fe1f6ca8ac7859d784cacbb260212d6f092f7cc3ba5fe2bd2c2a2bdb45c7?s=96&d=mm&r=g","caption":"Juan Francisco Cohu"},"url":"https:\/\/nosrevolutions.fr\/en\/author\/juanfransiscocohu\/"}]}},"_links":{"self":[{"href":"https:\/\/nosrevolutions.fr\/en\/wp-json\/wp\/v2\/posts\/3644","targetHints":{"allow":["GET"]}}],"collection":[{"href":"https:\/\/nosrevolutions.fr\/en\/wp-json\/wp\/v2\/posts"}],"about":[{"href":"https:\/\/nosrevolutions.fr\/en\/wp-json\/wp\/v2\/types\/post"}],"author":[{"embeddable":true,"href":"https:\/\/nosrevolutions.fr\/en\/wp-json\/wp\/v2\/users\/26"}],"replies":[{"embeddable":true,"href":"https:\/\/nosrevolutions.fr\/en\/wp-json\/wp\/v2\/comments?post=3644"}],"version-history":[{"count":2,"href":"https:\/\/nosrevolutions.fr\/en\/wp-json\/wp\/v2\/posts\/3644\/revisions"}],"predecessor-version":[{"id":4923,"href":"https:\/\/nosrevolutions.fr\/en\/wp-json\/wp\/v2\/posts\/3644\/revisions\/4923"}],"wp:featuredmedia":[{"embeddable":true,"href":"https:\/\/nosrevolutions.fr\/en\/wp-json\/wp\/v2\/media\/3645"}],"wp:attachment":[{"href":"https:\/\/nosrevolutions.fr\/en\/wp-json\/wp\/v2\/media?parent=3644"}],"wp:term":[{"taxonomy":"category","embeddable":true,"href":"https:\/\/nosrevolutions.fr\/en\/wp-json\/wp\/v2\/categories?post=3644"},{"taxonomy":"post_tag","embeddable":true,"href":"https:\/\/nosrevolutions.fr\/en\/wp-json\/wp\/v2\/tags?post=3644"}],"curies":[{"name":"wp","href":"https:\/\/api.w.org\/{rel}","templated":true}]}}