{"id":321,"date":"2023-02-17T15:59:04","date_gmt":"2023-02-17T14:59:04","guid":{"rendered":"https:\/\/nosrevolutions.fr\/?p=321"},"modified":"2025-05-21T16:35:01","modified_gmt":"2025-05-21T14:35:01","slug":"reforme-des-retraites-mais-qui-soutient-encore-macron","status":"publish","type":"post","link":"https:\/\/nosrevolutions.fr\/en\/2023\/02\/17\/reforme-des-retraites-mais-qui-soutient-encore-macron\/","title":{"rendered":"R\u00e9forme des retraites : mais qui soutient encore Macron ?"},"content":{"rendered":"<h6 class=\"wp-block-heading\">Le top des soutiens \u00e0 la r\u00e9forme du gouvernement<\/h6>\n\n\n\n<p>Le 14 f\u00e9vrier, jour de la Saint Valentin, Emmanuel Macron a d\u00fb pousser un \u00ab\u00a0ouf\u00a0\u00bb de soulagement. Le bureau politique des R\u00e9publicains s\u2019est tr\u00e8s largement prononc\u00e9 pour le soutien \u00e0 la r\u00e9forme des retraites. Malgr\u00e9 cette union des droites, des voix pourraient manquer lors du vote \u00e0 l\u2019assembl\u00e9e, notamment celles des d\u00e9put\u00e9s Rapha\u00ebl Schellenberger et Aur\u00e9lien Pradi\u00e9 qui r\u00e9servent toujours leurs votes.<\/p>\n\n\n\n<p>Cette position des R\u00e9publicains est une bonne nouvelle pour le gouvernement tant depuis 3 semaines, l\u2019opposition \u00e0 la r\u00e9forme des retraites ne cesse de grandir. Plus de 70 % des fran\u00e7ais soutiennent les manifestations. Depuis 1995, tr\u00e8s peu de mobilisations sociales ont d\u00e9pass\u00e9 1 million de personnes dans la rue, celle-ci pour plus de 2 millions \u00e0 d\u00e9filer dans la rue chaque semaine. Elle s\u2019\u00e9tend \u00e0 de nouvelles cat\u00e9gories comme la jeunesse, et va s\u2019intensifier d\u00e8s le 7 mars.<\/p>\n\n\n\n<p>Les R\u00e9publicains mis \u00e0 part, qui soutient encore Macron&nbsp;? Petite galerie de portraits de celles et ceux qui d\u00e9fendent la r\u00e9forme.<\/p>\n\n\n\n<p><\/p>\n\n\n\n<h4 class=\"wp-block-heading has-text-align-center\">Le plus riche&nbsp;: Elon Musk<\/h4>\n\n\n\n<p>Sur Twitter, le richissime Elon Musk a apport\u00e9 son soutien \u00e0 Emmanuel Macron<br>\u00ab\u00a0Macron fait une chose difficile, mais juste\u00a0\u00bb ajoutant \u00ab\u00a0L&rsquo;\u00e2ge de la retraite \u00e0 62 ans a \u00e9t\u00e9 fix\u00e9 alors que l&rsquo;esp\u00e9rance de vie \u00e9tait beaucoup plus courte. Il est impossible pour un petit nombre de travailleurs de faire vivre un nombre massif de retrait\u00e9s\u00a0\u00bb. <\/p>\n\n\n\n<p>Macron et Musk se sont rencontr\u00e9s en d\u00e9cembre 2022, lors de la visite am\u00e9ricaine du pr\u00e9sident de la R\u00e9publique. Visiblement entre le Pr\u00e9sident promoteur de la \u00ab\u00a0<em>strartup nation<\/em>\u00a0\u00bb et le milliardaire soutien de Donald Trump le courant est pass\u00e9. Quand on connait les m\u00e9thodes de management de Musk, il n\u2019y a pas de quoi s\u2019\u00e9tonner \u00e0 ce que les convergences de vues sur les questions sociales avec Emmanuel Macron soient nombreuses.<\/p>\n\n\n\n<p><\/p>\n\n\n\n<h4 class=\"wp-block-heading has-text-align-center\">Le plus ind\u00e9cent&nbsp;: Patrick Pouyann\u00e9<\/h4>\n\n\n\n<p>\u00c0 l\u2019occasion de la publication des b\u00e9n\u00e9fices record du groupe Total, 19,5 milliards d\u2019euros, le PDG de total a pris la parole dans Le Parisien. Il a bien entendu affirm\u00e9 que son groupe ne faisait pas de super profits, mais simplement des profits \u00e9lev\u00e9s.<br>Interrog\u00e9 sur la r\u00e9forme des retraites, il en a profit\u00e9 pour r\u00e9citer quasi mot pour mot les m\u00eames \u00e9l\u00e9ments de langage de Bruno Le Maire&nbsp;: \u00ab\u00a0L\u2019esp\u00e9rance de vie s\u2019est consid\u00e9rablement allong\u00e9e. Si on veut pr\u00e9server le syst\u00e8me par r\u00e9partition, il faut reculer l\u2019\u00e2ge de d\u00e9part \u00e0 la retraite, c\u2019est une question de bon sens, il n\u2019y a pas d\u2019autres solutions\u00a0\u00bb.<\/p>\n\n\n\n<p>On esp\u00e8re au moins que les fiches de Monsieur Pouyann\u00e9 n\u2019ont pas \u00e9t\u00e9 envoy\u00e9es directement par Bercy.<\/p>\n\n\n\n<p><\/p>\n\n\n\n<h4 class=\"wp-block-heading has-text-align-center\">Le plus collabo&nbsp;: Emmanuel Lechypre<\/h4>\n\n\n\n<p>Le 7 f\u00e9vrier dernier BFM TV recevait Philippe Martinez dans l\u2019\u00e9mission 90 Minutes. Face \u00e0 lui l\u2019\u00e9ditorialiste Emmanuel Lechypre se lance dans un num\u00e9ro d\u2019\u00e9quilibriste et tente de justifier la r\u00e9forme du gouvernement par des n\u00e9cessit\u00e9s d\u00e9mographiques. Il cite alors la loi du 14 mars 1941&nbsp;: \u00ab\u00a0Lorsque le nombre des retrait\u00e9s cro\u00eet avec l\u2019\u00e9l\u00e9vation de l\u2019\u00e2ge moyen de la population, le service massif des pensions impose un fardeau insupportable aux \u00e9l\u00e9ments productifs\u00a0\u00bb. L\u2019\u00e9conomiste, sous les yeux m\u00e9dus\u00e9s de Philippe Martinez, vient de prendre en exemple la France de Vichy, provoquant une certaine stupeur en studio.<\/p>\n\n\n\n<p>Peut-\u00eatre qu\u2019Emmanuel Lechypre tentait ainsi d\u2019envoyer des messages \u00e0 la r\u00e9daction de CNews pour se faire d\u00e9baucher. Une chose est s\u00fbre, cette r\u00e9forme est plus proche de l\u2019esprit de 1941 que de celle du CNR qui a mis en place&nbsp;: \u00ab\u00a0une retraite permettant aux vieux travailleurs de finir dignement leurs jours\u00a0\u00bb. Pour Lechypre aucun doute, P\u00e9tain n\u2019est pas loin d\u2019\u00eatre le p\u00e8re de la r\u00e9forme.<\/p>\n\n\n\n<p><\/p>\n\n\n\n<h4 class=\"wp-block-heading has-text-align-center\">Le fils du p\u00e8re de la r\u00e9forme : Eric Zemmour<\/h4>\n\n\n\n<p>Eric Zemmour a revendiqu\u00e9 la paternit\u00e9 du projet de r\u00e9forme des retraites. Il a affirm\u00e9 au micro d\u2019Apolline de Malherbe sur BFM TV, que c\u2019\u00e9tait m\u00eame sa r\u00e9forme. Se prenant pour un d\u00e9put\u00e9, il a indiqu\u00e9 qu\u2019il voterait le texte&nbsp;!<\/p>\n\n\n\n<p>Rien d\u2019\u00e9tonnant \u00e0 ce qu\u2019Eric Zemmour soit le p\u00e8re de la r\u00e9forme, si certains consid\u00e8rent que le Mar\u00e9chal P\u00e9tain en est le grand p\u00e8re.<\/p>\n\n\n\n<p><\/p>\n\n\n\n<h4 class=\"wp-block-heading has-text-align-center\">La plus id\u00e9ologue&nbsp;: Agn\u00e8s Verdier Molini\u00e9<\/h4>\n\n\n\n<p>Chroniqueur est un m\u00e9tier fascinant, Agn\u00e8s Verdier Molini\u00e9 fait partie de ces lib\u00e9raux qui ont micro ouvert sur de tr\u00e8s nombreux plateaux de t\u00e9l\u00e9vision. Celle qui est une lobbyiste assum\u00e9e de la droite lib\u00e9rale a \u00e9t\u00e9 d\u00e9\u00e7ue par son champion Emmanuel Macron&nbsp;: \u00ab\u00a067 ans, \u00e7a aurait \u00e9t\u00e9 vraiment l&rsquo;id\u00e9al, mais 65, on \u00e9tait d&rsquo;accord pour dire que d\u00e9j\u00e0, \u00e7a am\u00e9liore les choses car \u00e0 l&rsquo;horizon 2050, \u00e7a fait un peu plus de 40 milliards&nbsp;d&rsquo;euros d&rsquo;\u00e9conomies et \u00e7a permet vraiment d&rsquo;\u00e9quilibrer le r\u00e9gime tandis que 64, \u00e7a s&rsquo;essouffle tr\u00e8s tr\u00e8s vite, beaucoup trop vite\u00a0\u00bb.<\/p>\n\n\n\n<p>On esp\u00e8re que cette d\u00e9ception sera vite oubli\u00e9e. L\u2019Ifrap dirig\u00e9 par Agn\u00e8s Verdier Molini\u00e9 appelle d\u00e9j\u00e0 \u00e0 durcir la loi immigration inscrite \u00e0 l\u2019agenda parlementaire pour 2023.<\/p>\n\n\n\n<p><\/p>\n\n\n\n<h4 class=\"wp-block-heading has-text-align-center\">La plus opportuniste&nbsp;: Marine le Pen<\/h4>\n\n\n\n<p>Marine le Pen est en fa\u00e7ade oppos\u00e9e \u00e0 la r\u00e9forme des retraites, mais dans les faits c\u2019est un v\u00e9ritable pas de deux qu\u2019elle danse avec le gouvernement. Le Rassemblement National est l\u2019opposition pr\u00e9f\u00e9r\u00e9e des macronistes. La bonne \u00e9l\u00e8ve a m\u00eame vue sa motion r\u00e9f\u00e9rendaire pr\u00e9f\u00e9r\u00e9e \u00e0 celle de la Nupes. Pourtant le RN avait rendu sa copie en retard, la majorit\u00e9 a choisi de lui laisser une chance par un tirage au sort. C\u00f4t\u00e9 amendement le RN n\u2019a d\u00e9pos\u00e9 que 75 amendements sur les 7000 re\u00e7us. Pas d\u2019obstruction, c\u2019est la ligne de conduite du RN.<\/p>\n\n\n\n<p>Heureusement que les syndicats continuent d\u2019exclure le RN des cort\u00e8ges. Le cordon sanitaire ne tient plus que sur sa gauche.<\/p>\n\n\n\n<p><\/p>\n\n\n\n<h4 class=\"wp-block-heading has-text-align-center\">Le plus raciste&nbsp;: Herv\u00e9 Marseille<\/h4>\n\n\n\n<p>Le Pr\u00e9sident de l\u2019UDI, le s\u00e9nateur Herv\u00e9 Marseille s\u2019est l\u00e2ch\u00e9 au micro de Radio J. Pour qualifier les d\u00e9bats houleux qui prenne place \u00e0 l\u2019Assembl\u00e9e nationale. Il a accus\u00e9 la France Insoumise de transformer l\u2019h\u00e9micycle en \u00ab\u00a0camps de gitan\u00a0\u00bb, et ajout\u00e9 \u00ab\u00a0ce n\u2019est pas les Saintes-Maries-de-la-Mer ici\u00a0\u00bb.<\/p>\n\n\n\n<p>Si la droite et les macronistes passent leur temps \u00e0 d\u00e9cr\u00e9dibiliser l\u2019opposition Nupes en surjouant le chahut dans les d\u00e9bats parlementaires, c\u2019est pour mieux mettre en sc\u00e8ne cette opposition qui serait respectable : le RN bien sage et bien poli, autour de Marine Le Pen et de S\u00e9bastien Chenu, vice-pr\u00e9sident de l\u2019Assembl\u00e9e Nationale. Herv\u00e9 Marseille r\u00e9ussit ici la prouesse d\u2019\u00eatre aussi raciste qu\u2019un d\u00e9put\u00e9 RN, c\u2019est une autre strat\u00e9gie pour rendre le RN respectable.<\/p>\n\n\n\n<p>`<\/p>\n\n\n\n<h4 class=\"wp-block-heading has-text-align-center\">Le plus grand retourneur de veste&nbsp;: Olivier Dussopt<\/h4>\n\n\n\n<p>Le ministre du travail Olivier Dussopt a \u00e9t\u00e9 d\u00e9put\u00e9 socialiste. En 2010, il \u00e9tait alors farouchement oppos\u00e9 \u00e0 la r\u00e9forme des retraites. Il d\u00e9clarait m\u00eame pendant une s\u00e9ance de questions au gouvernement&nbsp;:&nbsp;\u00ab\u00a0cette volont\u00e9 de reculer l\u2019\u00e2ge de la retraite est doublement injuste. Elle \u00e9carte d\u2019embl\u00e9e la recherche d\u2019autres recettes notamment la mise en contribution de l\u2019ensemble des revenus et en particulier ceux issus du capital.&nbsp;Entre les niches fiscales et le bouclier du m\u00eame nom beaucoup pourrait \u00eatre fait pour que l\u2019effort ne porte pas une fois de plus sur les seuls salari\u00e9s\u00a0\u00bb.<\/p>\n\n\n\n<p>Alexandria Occasio Cortez portait lors du dernier gala du MET une robe \u00ab\u00a0<em>Tax the rich<\/em>\u00ab\u00a0&#8230; visiblement la m\u00eame inscription se trouve au verso de la veste du Ministre du travail !<\/p>\n\n\n\n<p>Image par <a href=\"https:\/\/commons.wikimedia.org\/wiki\/User:CaptainHaddock\">Remi Jouan<\/a> sous licence <a href=\"https:\/\/commons.wikimedia.org\/wiki\/Commons:GNU_Free_Documentation_License\">GNU Free Documentation License<\/a>, <a href=\"https:\/\/commons.wikimedia.org\/wiki\/File:Emmanuel_Macron_(12).JPG\">Wikimedia Commons<\/a>.<\/p>","protected":false},"excerpt":{"rendered":"<p>Le top des soutiens \u00e0 la r\u00e9forme du gouvernement Le 14 f\u00e9vrier, jour de la Saint Valentin, Emmanuel Macron a d\u00fb pousser un \u00ab\u00a0ouf\u00a0\u00bb de soulagement. Le bureau politique des [&hellip;]<\/p>\n","protected":false},"author":11,"featured_media":880,"comment_status":"closed","ping_status":"closed","sticky":false,"template":"","format":"standard","meta":{"_EventAllDay":false,"_EventTimezone":"","_EventStartDate":"","_EventEndDate":"","_EventStartDateUTC":"","_EventEndDateUTC":"","_EventShowMap":false,"_EventShowMapLink":false,"_EventURL":"","_EventCost":"","_EventCostDescription":"","_EventCurrencySymbol":"","_EventCurrencyCode":"","_EventCurrencyPosition":"","_EventDateTimeSeparator":"","_EventTimeRangeSeparator":"","_EventOrganizerID":[],"_EventVenueID":[],"_OrganizerEmail":"","_OrganizerPhone":"","_OrganizerWebsite":"","_VenueAddress":"","_VenueCity":"","_VenueCountry":"","_VenueProvince":"","_VenueState":"","_VenueZip":"","_VenuePhone":"","_VenueURL":"","_VenueStateProvince":"","_VenueLat":"","_VenueLng":"","_VenueShowMap":false,"_VenueShowMapLink":false,"footnotes":""},"categories":[13],"tags":[],"class_list":["post-321","post","type-post","status-publish","format-standard","has-post-thumbnail","hentry","category-articles"],"yoast_head":"<!-- This site is optimized with the Yoast SEO plugin v27.4 - https:\/\/yoast.com\/product\/yoast-seo-wordpress\/ -->\n<title>R\u00e9forme des retraites : mais qui soutient encore Macron ? - Nos R\u00e9volutions<\/title>\n<meta name=\"robots\" content=\"index, follow, max-snippet:-1, max-image-preview:large, max-video-preview:-1\" \/>\n<link rel=\"canonical\" href=\"https:\/\/nosrevolutions.fr\/en\/2023\/02\/17\/reforme-des-retraites-mais-qui-soutient-encore-macron\/\" \/>\n<meta property=\"og:locale\" content=\"en_GB\" \/>\n<meta property=\"og:type\" content=\"article\" \/>\n<meta property=\"og:title\" content=\"R\u00e9forme des retraites : mais qui soutient encore Macron ? - Nos R\u00e9volutions\" \/>\n<meta property=\"og:description\" content=\"Le top des soutiens \u00e0 la r\u00e9forme du gouvernement Le 14 f\u00e9vrier, jour de la Saint Valentin, Emmanuel Macron a d\u00fb pousser un \u00ab\u00a0ouf\u00a0\u00bb de soulagement. Le bureau politique des [&hellip;]\" \/>\n<meta property=\"og:url\" content=\"https:\/\/nosrevolutions.fr\/en\/2023\/02\/17\/reforme-des-retraites-mais-qui-soutient-encore-macron\/\" \/>\n<meta property=\"og:site_name\" content=\"Nos R\u00e9volutions\" \/>\n<meta property=\"article:published_time\" content=\"2023-02-17T14:59:04+00:00\" \/>\n<meta property=\"article:modified_time\" content=\"2025-05-21T14:35:01+00:00\" \/>\n<meta property=\"og:image\" content=\"https:\/\/nosrevolutions.fr\/wp-content\/uploads\/2023\/02\/Emmanuel_Macron_12.jpg\" \/>\n\t<meta property=\"og:image:width\" content=\"1600\" \/>\n\t<meta property=\"og:image:height\" content=\"1109\" \/>\n\t<meta property=\"og:image:type\" content=\"image\/jpeg\" \/>\n<meta name=\"author\" content=\"Hadrien Bortot\" \/>\n<meta name=\"twitter:card\" content=\"summary_large_image\" \/>\n<meta name=\"twitter:creator\" content=\"@NosRevolutions\" \/>\n<meta name=\"twitter:site\" content=\"@NosRevolutions\" \/>\n<meta name=\"twitter:label1\" content=\"Written by\" \/>\n\t<meta name=\"twitter:data1\" content=\"Hadrien Bortot\" \/>\n\t<meta name=\"twitter:label2\" content=\"Estimated reading time\" \/>\n\t<meta name=\"twitter:data2\" content=\"7 minutes\" \/>\n<script type=\"application\/ld+json\" class=\"yoast-schema-graph\">{\"@context\":\"https:\\\/\\\/schema.org\",\"@graph\":[{\"@type\":\"Article\",\"@id\":\"https:\\\/\\\/nosrevolutions.fr\\\/2023\\\/02\\\/17\\\/reforme-des-retraites-mais-qui-soutient-encore-macron\\\/#article\",\"isPartOf\":{\"@id\":\"https:\\\/\\\/nosrevolutions.fr\\\/2023\\\/02\\\/17\\\/reforme-des-retraites-mais-qui-soutient-encore-macron\\\/\"},\"author\":{\"name\":\"Hadrien Bortot\",\"@id\":\"https:\\\/\\\/nosrevolutions.fr\\\/#\\\/schema\\\/person\\\/113099f0d652b24614d1c08782d69df4\"},\"headline\":\"R\u00e9forme des retraites : mais qui soutient encore Macron ?\",\"datePublished\":\"2023-02-17T14:59:04+00:00\",\"dateModified\":\"2025-05-21T14:35:01+00:00\",\"mainEntityOfPage\":{\"@id\":\"https:\\\/\\\/nosrevolutions.fr\\\/2023\\\/02\\\/17\\\/reforme-des-retraites-mais-qui-soutient-encore-macron\\\/\"},\"wordCount\":1374,\"publisher\":{\"@id\":\"https:\\\/\\\/nosrevolutions.fr\\\/#organization\"},\"image\":{\"@id\":\"https:\\\/\\\/nosrevolutions.fr\\\/2023\\\/02\\\/17\\\/reforme-des-retraites-mais-qui-soutient-encore-macron\\\/#primaryimage\"},\"thumbnailUrl\":\"https:\\\/\\\/nosrevolutions.fr\\\/wp-content\\\/uploads\\\/2023\\\/02\\\/Emmanuel_Macron_12.jpg\",\"articleSection\":[\"Articles\"],\"inLanguage\":\"en-GB\"},{\"@type\":\"WebPage\",\"@id\":\"https:\\\/\\\/nosrevolutions.fr\\\/2023\\\/02\\\/17\\\/reforme-des-retraites-mais-qui-soutient-encore-macron\\\/\",\"url\":\"https:\\\/\\\/nosrevolutions.fr\\\/2023\\\/02\\\/17\\\/reforme-des-retraites-mais-qui-soutient-encore-macron\\\/\",\"name\":\"R\u00e9forme des retraites : mais qui soutient encore Macron ? - Nos R\u00e9volutions\",\"isPartOf\":{\"@id\":\"https:\\\/\\\/nosrevolutions.fr\\\/#website\"},\"primaryImageOfPage\":{\"@id\":\"https:\\\/\\\/nosrevolutions.fr\\\/2023\\\/02\\\/17\\\/reforme-des-retraites-mais-qui-soutient-encore-macron\\\/#primaryimage\"},\"image\":{\"@id\":\"https:\\\/\\\/nosrevolutions.fr\\\/2023\\\/02\\\/17\\\/reforme-des-retraites-mais-qui-soutient-encore-macron\\\/#primaryimage\"},\"thumbnailUrl\":\"https:\\\/\\\/nosrevolutions.fr\\\/wp-content\\\/uploads\\\/2023\\\/02\\\/Emmanuel_Macron_12.jpg\",\"datePublished\":\"2023-02-17T14:59:04+00:00\",\"dateModified\":\"2025-05-21T14:35:01+00:00\",\"breadcrumb\":{\"@id\":\"https:\\\/\\\/nosrevolutions.fr\\\/2023\\\/02\\\/17\\\/reforme-des-retraites-mais-qui-soutient-encore-macron\\\/#breadcrumb\"},\"inLanguage\":\"en-GB\",\"potentialAction\":[{\"@type\":\"ReadAction\",\"target\":[\"https:\\\/\\\/nosrevolutions.fr\\\/2023\\\/02\\\/17\\\/reforme-des-retraites-mais-qui-soutient-encore-macron\\\/\"]}]},{\"@type\":\"ImageObject\",\"inLanguage\":\"en-GB\",\"@id\":\"https:\\\/\\\/nosrevolutions.fr\\\/2023\\\/02\\\/17\\\/reforme-des-retraites-mais-qui-soutient-encore-macron\\\/#primaryimage\",\"url\":\"https:\\\/\\\/nosrevolutions.fr\\\/wp-content\\\/uploads\\\/2023\\\/02\\\/Emmanuel_Macron_12.jpg\",\"contentUrl\":\"https:\\\/\\\/nosrevolutions.fr\\\/wp-content\\\/uploads\\\/2023\\\/02\\\/Emmanuel_Macron_12.jpg\",\"width\":1600,\"height\":1109},{\"@type\":\"BreadcrumbList\",\"@id\":\"https:\\\/\\\/nosrevolutions.fr\\\/2023\\\/02\\\/17\\\/reforme-des-retraites-mais-qui-soutient-encore-macron\\\/#breadcrumb\",\"itemListElement\":[{\"@type\":\"ListItem\",\"position\":1,\"name\":\"Accueil\",\"item\":\"https:\\\/\\\/nosrevolutions.fr\\\/\"},{\"@type\":\"ListItem\",\"position\":2,\"name\":\"R\u00e9forme des retraites : mais qui soutient encore Macron ?\"}]},{\"@type\":\"WebSite\",\"@id\":\"https:\\\/\\\/nosrevolutions.fr\\\/#website\",\"url\":\"https:\\\/\\\/nosrevolutions.fr\\\/\",\"name\":\"Nos R\u00e9volutions\",\"description\":\"Communisme et mouvement social\",\"publisher\":{\"@id\":\"https:\\\/\\\/nosrevolutions.fr\\\/#organization\"},\"potentialAction\":[{\"@type\":\"SearchAction\",\"target\":{\"@type\":\"EntryPoint\",\"urlTemplate\":\"https:\\\/\\\/nosrevolutions.fr\\\/?s={search_term_string}\"},\"query-input\":{\"@type\":\"PropertyValueSpecification\",\"valueRequired\":true,\"valueName\":\"search_term_string\"}}],\"inLanguage\":\"en-GB\"},{\"@type\":\"Organization\",\"@id\":\"https:\\\/\\\/nosrevolutions.fr\\\/#organization\",\"name\":\"Nos R\u00e9volutions\",\"url\":\"https:\\\/\\\/nosrevolutions.fr\\\/\",\"logo\":{\"@type\":\"ImageObject\",\"inLanguage\":\"en-GB\",\"@id\":\"https:\\\/\\\/nosrevolutions.fr\\\/#\\\/schema\\\/logo\\\/image\\\/\",\"url\":\"https:\\\/\\\/nosrevolutions.fr\\\/wp-content\\\/uploads\\\/2022\\\/09\\\/nrs_logo_noir.png\",\"contentUrl\":\"https:\\\/\\\/nosrevolutions.fr\\\/wp-content\\\/uploads\\\/2022\\\/09\\\/nrs_logo_noir.png\",\"width\":2000,\"height\":501,\"caption\":\"Nos R\u00e9volutions\"},\"image\":{\"@id\":\"https:\\\/\\\/nosrevolutions.fr\\\/#\\\/schema\\\/logo\\\/image\\\/\"},\"sameAs\":[\"https:\\\/\\\/x.com\\\/NosRevolutions\"]},{\"@type\":\"Person\",\"@id\":\"https:\\\/\\\/nosrevolutions.fr\\\/#\\\/schema\\\/person\\\/113099f0d652b24614d1c08782d69df4\",\"name\":\"Hadrien Bortot\",\"image\":{\"@type\":\"ImageObject\",\"inLanguage\":\"en-GB\",\"@id\":\"https:\\\/\\\/secure.gravatar.com\\\/avatar\\\/170d3e9c950c9baa9d02ccefd497e8a34b4c0eedc02a1261b974db5d3ec68b3d?s=96&d=mm&r=g\",\"url\":\"https:\\\/\\\/secure.gravatar.com\\\/avatar\\\/170d3e9c950c9baa9d02ccefd497e8a34b4c0eedc02a1261b974db5d3ec68b3d?s=96&d=mm&r=g\",\"contentUrl\":\"https:\\\/\\\/secure.gravatar.com\\\/avatar\\\/170d3e9c950c9baa9d02ccefd497e8a34b4c0eedc02a1261b974db5d3ec68b3d?s=96&d=mm&r=g\",\"caption\":\"Hadrien Bortot\"},\"url\":\"https:\\\/\\\/nosrevolutions.fr\\\/en\\\/author\\\/hadrienbortot\\\/\"}]}<\/script>\n<!-- \/ Yoast SEO plugin. -->","yoast_head_json":{"title":"R\u00e9forme des retraites : mais qui soutient encore Macron ? - Nos R\u00e9volutions","robots":{"index":"index","follow":"follow","max-snippet":"max-snippet:-1","max-image-preview":"max-image-preview:large","max-video-preview":"max-video-preview:-1"},"canonical":"https:\/\/nosrevolutions.fr\/en\/2023\/02\/17\/reforme-des-retraites-mais-qui-soutient-encore-macron\/","og_locale":"en_GB","og_type":"article","og_title":"R\u00e9forme des retraites : mais qui soutient encore Macron ? - Nos R\u00e9volutions","og_description":"Le top des soutiens \u00e0 la r\u00e9forme du gouvernement Le 14 f\u00e9vrier, jour de la Saint Valentin, Emmanuel Macron a d\u00fb pousser un \u00ab\u00a0ouf\u00a0\u00bb de soulagement. Le bureau politique des [&hellip;]","og_url":"https:\/\/nosrevolutions.fr\/en\/2023\/02\/17\/reforme-des-retraites-mais-qui-soutient-encore-macron\/","og_site_name":"Nos R\u00e9volutions","article_published_time":"2023-02-17T14:59:04+00:00","article_modified_time":"2025-05-21T14:35:01+00:00","og_image":[{"width":1600,"height":1109,"url":"https:\/\/nosrevolutions.fr\/wp-content\/uploads\/2023\/02\/Emmanuel_Macron_12.jpg","type":"image\/jpeg"}],"author":"Hadrien Bortot","twitter_card":"summary_large_image","twitter_creator":"@NosRevolutions","twitter_site":"@NosRevolutions","twitter_misc":{"Written by":"Hadrien Bortot","Estimated reading time":"7 minutes"},"schema":{"@context":"https:\/\/schema.org","@graph":[{"@type":"Article","@id":"https:\/\/nosrevolutions.fr\/2023\/02\/17\/reforme-des-retraites-mais-qui-soutient-encore-macron\/#article","isPartOf":{"@id":"https:\/\/nosrevolutions.fr\/2023\/02\/17\/reforme-des-retraites-mais-qui-soutient-encore-macron\/"},"author":{"name":"Hadrien Bortot","@id":"https:\/\/nosrevolutions.fr\/#\/schema\/person\/113099f0d652b24614d1c08782d69df4"},"headline":"R\u00e9forme des retraites : mais qui soutient encore Macron ?","datePublished":"2023-02-17T14:59:04+00:00","dateModified":"2025-05-21T14:35:01+00:00","mainEntityOfPage":{"@id":"https:\/\/nosrevolutions.fr\/2023\/02\/17\/reforme-des-retraites-mais-qui-soutient-encore-macron\/"},"wordCount":1374,"publisher":{"@id":"https:\/\/nosrevolutions.fr\/#organization"},"image":{"@id":"https:\/\/nosrevolutions.fr\/2023\/02\/17\/reforme-des-retraites-mais-qui-soutient-encore-macron\/#primaryimage"},"thumbnailUrl":"https:\/\/nosrevolutions.fr\/wp-content\/uploads\/2023\/02\/Emmanuel_Macron_12.jpg","articleSection":["Articles"],"inLanguage":"en-GB"},{"@type":"WebPage","@id":"https:\/\/nosrevolutions.fr\/2023\/02\/17\/reforme-des-retraites-mais-qui-soutient-encore-macron\/","url":"https:\/\/nosrevolutions.fr\/2023\/02\/17\/reforme-des-retraites-mais-qui-soutient-encore-macron\/","name":"R\u00e9forme des retraites : mais qui soutient encore Macron ? - Nos R\u00e9volutions","isPartOf":{"@id":"https:\/\/nosrevolutions.fr\/#website"},"primaryImageOfPage":{"@id":"https:\/\/nosrevolutions.fr\/2023\/02\/17\/reforme-des-retraites-mais-qui-soutient-encore-macron\/#primaryimage"},"image":{"@id":"https:\/\/nosrevolutions.fr\/2023\/02\/17\/reforme-des-retraites-mais-qui-soutient-encore-macron\/#primaryimage"},"thumbnailUrl":"https:\/\/nosrevolutions.fr\/wp-content\/uploads\/2023\/02\/Emmanuel_Macron_12.jpg","datePublished":"2023-02-17T14:59:04+00:00","dateModified":"2025-05-21T14:35:01+00:00","breadcrumb":{"@id":"https:\/\/nosrevolutions.fr\/2023\/02\/17\/reforme-des-retraites-mais-qui-soutient-encore-macron\/#breadcrumb"},"inLanguage":"en-GB","potentialAction":[{"@type":"ReadAction","target":["https:\/\/nosrevolutions.fr\/2023\/02\/17\/reforme-des-retraites-mais-qui-soutient-encore-macron\/"]}]},{"@type":"ImageObject","inLanguage":"en-GB","@id":"https:\/\/nosrevolutions.fr\/2023\/02\/17\/reforme-des-retraites-mais-qui-soutient-encore-macron\/#primaryimage","url":"https:\/\/nosrevolutions.fr\/wp-content\/uploads\/2023\/02\/Emmanuel_Macron_12.jpg","contentUrl":"https:\/\/nosrevolutions.fr\/wp-content\/uploads\/2023\/02\/Emmanuel_Macron_12.jpg","width":1600,"height":1109},{"@type":"BreadcrumbList","@id":"https:\/\/nosrevolutions.fr\/2023\/02\/17\/reforme-des-retraites-mais-qui-soutient-encore-macron\/#breadcrumb","itemListElement":[{"@type":"ListItem","position":1,"name":"Accueil","item":"https:\/\/nosrevolutions.fr\/"},{"@type":"ListItem","position":2,"name":"R\u00e9forme des retraites : mais qui soutient encore Macron ?"}]},{"@type":"WebSite","@id":"https:\/\/nosrevolutions.fr\/#website","url":"https:\/\/nosrevolutions.fr\/","name":"Nos R\u00e9volutions","description":"Communisme et mouvement social","publisher":{"@id":"https:\/\/nosrevolutions.fr\/#organization"},"potentialAction":[{"@type":"SearchAction","target":{"@type":"EntryPoint","urlTemplate":"https:\/\/nosrevolutions.fr\/?s={search_term_string}"},"query-input":{"@type":"PropertyValueSpecification","valueRequired":true,"valueName":"search_term_string"}}],"inLanguage":"en-GB"},{"@type":"Organization","@id":"https:\/\/nosrevolutions.fr\/#organization","name":"Nos R\u00e9volutions","url":"https:\/\/nosrevolutions.fr\/","logo":{"@type":"ImageObject","inLanguage":"en-GB","@id":"https:\/\/nosrevolutions.fr\/#\/schema\/logo\/image\/","url":"https:\/\/nosrevolutions.fr\/wp-content\/uploads\/2022\/09\/nrs_logo_noir.png","contentUrl":"https:\/\/nosrevolutions.fr\/wp-content\/uploads\/2022\/09\/nrs_logo_noir.png","width":2000,"height":501,"caption":"Nos R\u00e9volutions"},"image":{"@id":"https:\/\/nosrevolutions.fr\/#\/schema\/logo\/image\/"},"sameAs":["https:\/\/x.com\/NosRevolutions"]},{"@type":"Person","@id":"https:\/\/nosrevolutions.fr\/#\/schema\/person\/113099f0d652b24614d1c08782d69df4","name":"Hadrien Bortot","image":{"@type":"ImageObject","inLanguage":"en-GB","@id":"https:\/\/secure.gravatar.com\/avatar\/170d3e9c950c9baa9d02ccefd497e8a34b4c0eedc02a1261b974db5d3ec68b3d?s=96&d=mm&r=g","url":"https:\/\/secure.gravatar.com\/avatar\/170d3e9c950c9baa9d02ccefd497e8a34b4c0eedc02a1261b974db5d3ec68b3d?s=96&d=mm&r=g","contentUrl":"https:\/\/secure.gravatar.com\/avatar\/170d3e9c950c9baa9d02ccefd497e8a34b4c0eedc02a1261b974db5d3ec68b3d?s=96&d=mm&r=g","caption":"Hadrien Bortot"},"url":"https:\/\/nosrevolutions.fr\/en\/author\/hadrienbortot\/"}]}},"_links":{"self":[{"href":"https:\/\/nosrevolutions.fr\/en\/wp-json\/wp\/v2\/posts\/321","targetHints":{"allow":["GET"]}}],"collection":[{"href":"https:\/\/nosrevolutions.fr\/en\/wp-json\/wp\/v2\/posts"}],"about":[{"href":"https:\/\/nosrevolutions.fr\/en\/wp-json\/wp\/v2\/types\/post"}],"author":[{"embeddable":true,"href":"https:\/\/nosrevolutions.fr\/en\/wp-json\/wp\/v2\/users\/11"}],"replies":[{"embeddable":true,"href":"https:\/\/nosrevolutions.fr\/en\/wp-json\/wp\/v2\/comments?post=321"}],"version-history":[{"count":8,"href":"https:\/\/nosrevolutions.fr\/en\/wp-json\/wp\/v2\/posts\/321\/revisions"}],"predecessor-version":[{"id":4845,"href":"https:\/\/nosrevolutions.fr\/en\/wp-json\/wp\/v2\/posts\/321\/revisions\/4845"}],"wp:featuredmedia":[{"embeddable":true,"href":"https:\/\/nosrevolutions.fr\/en\/wp-json\/wp\/v2\/media\/880"}],"wp:attachment":[{"href":"https:\/\/nosrevolutions.fr\/en\/wp-json\/wp\/v2\/media?parent=321"}],"wp:term":[{"taxonomy":"category","embeddable":true,"href":"https:\/\/nosrevolutions.fr\/en\/wp-json\/wp\/v2\/categories?post=321"},{"taxonomy":"post_tag","embeddable":true,"href":"https:\/\/nosrevolutions.fr\/en\/wp-json\/wp\/v2\/tags?post=321"}],"curies":[{"name":"wp","href":"https:\/\/api.w.org\/{rel}","templated":true}]}}